{"id":22588,"date":"2021-07-19T19:11:01","date_gmt":"2021-07-19T22:11:01","guid":{"rendered":"https:\/\/maranhaotv.com.br\/?p=22588"},"modified":"2021-07-19T19:11:01","modified_gmt":"2021-07-19T22:11:01","slug":"prefeitura-de-paco-do-lumiar-ganha-nova-sede-do-prevpaco-e-empossa-novos-conselheiros-previdenciarios","status":"publish","type":"post","link":"https:\/\/maranhaotv.com.br\/index.php\/2021\/07\/19\/prefeitura-de-paco-do-lumiar-ganha-nova-sede-do-prevpaco-e-empossa-novos-conselheiros-previdenciarios\/","title":{"rendered":"Prefeitura de Pa\u00e7o do Lumiar ganha nova sede do PREVPa\u00e7o e empossa novos conselheiros previdenci\u00e1rios"},"content":{"rendered":"\n<p>Por determina\u00e7\u00e3o da Prefeitura de Pa\u00e7o do Lumiar foi dada continuidade aos servi\u00e7os da previd\u00eancia social no munic\u00edpio. A cerim\u00f4nia de inaugura\u00e7\u00e3o aconteceu na manh\u00e3 desta segunda-feira (19) no bairro Maiob\u00e3o.<br>O local oferece e concede aposentadoria nas duas diversas modalidades, al\u00e9m da concess\u00e3o de pens\u00e3o por morte para os dependentes dos segurados pelo PREVPa\u00e7o.<br>O atendimento acontece presencialmente, mediante pr\u00e9vio agendamento por meio do e-mail: atendimentoprevpaco@gmail.com ou no telefone (98) 31998737 e no WhatsApp (98) 989154400.<br>O local conta com espa\u00e7os como sala de reuni\u00e3o, arquivo, almoxarifado, superintend\u00eancia, assessoria jur\u00eddica e muito mais.<\/p>\n\n\n\n<p><br>&#8220;Faz parte do nosso plano de governo melhorar a cada dia a vida dos nossos luminenses, dessa forma hoje estamos entregando a nova sede do PREVPa\u00e7o e empossando o novo conselho previd\u00eanci\u00e1rio para que possamos trabalhar dentro das normas e melhorar o atendimento a cada dia&#8221;, afirmou a prefeita Paula Azevedo.<br>Na ocasi\u00e3o tamb\u00e9m foram empossados os novos conselheiros previdenci\u00e1rios do munic\u00edpio de Pa\u00e7o do Lumiar, que ainda nesta manh\u00e3 se reuniram para definir algumas estrat\u00e9gias em prol da previd\u00eancia social no munic\u00edpio.<\/p>\n\n\n\n<p><br>&#8220;Esse conselho \u00e9 de fundamental import\u00e2ncia para o regime pr\u00f3prio de previd\u00eancia social, pois al\u00e9m de atender uma determina\u00e7\u00e3o da legisla\u00e7\u00e3o, n\u00f3s tamb\u00e9m organizamos a estrutura administrativa do PREVPa\u00e7o. Esses conselheiros empossados representam os  servidores ativos de provimento de cargo efetivo, representam os aposentados e pensionistas e tamb\u00e9m o legislativo&#8221;, ressaltou a superintendente do PREVPa\u00e7o, Maria Jos\u00e9 Marinho de Oliveira.<\/p>\n\n\n\n<figure class=\"wp-block-gallery columns-2 is-cropped wp-block-gallery-1 is-layout-flex wp-block-gallery-is-layout-flex\"><ul class=\"blocks-gallery-grid\"><li class=\"blocks-gallery-item\"><figure><img decoding=\"async\" src=\"https:\/\/maranhaotv.com.br\/wp-content\/uploads\/2021\/07\/IMG-20210719-WA0973.jpg\" data-id=\"22586\" class=\"wp-image-22586\"\/><\/figure><\/li><li class=\"blocks-gallery-item\"><figure><img decoding=\"async\" src=\"https:\/\/maranhaotv.com.br\/wp-content\/uploads\/2021\/07\/IMG-20210719-WA0974.jpg\" data-id=\"22585\" class=\"wp-image-22585\"\/><\/figure><\/li><\/ul><\/figure>\n","protected":false},"excerpt":{"rendered":"<p>Por determina\u00e7\u00e3o da Prefeitura de Pa\u00e7o do Lumiar foi dada continuidade aos servi\u00e7os da previd\u00eancia social no munic\u00edpio. A cerim\u00f4nia<\/p>\n","protected":false},"author":2,"featured_media":22587,"comment_status":"open","ping_status":"open","sticky":false,"template":"","format":"standard","meta":{"colormag_page_container_layout":"default_layout","colormag_page_sidebar_layout":"default_layout","_jetpack_memberships_contains_paid_content":false,"footnotes":""},"categories":[8],"tags":[],"class_list":["post-22588","post","type-post","status-publish","format-standard","has-post-thumbnail","hentry","category-servicos"],"magazineBlocksPostFeaturedMedia":{"thumbnail":false,"medium":false,"medium_large":false,"large":false,"1536x1536":false,"2048x2048":false,"colormag-highlighted-post":false,"colormag-featured-post-medium":false,"colormag-featured-post-small":false,"colormag-featured-image":false,"colormag-default-news":false,"colormag-featured-image-large":false},"magazineBlocksPostAuthor":{"name":"maranhaotv","avatar":"https:\/\/secure.gravatar.com\/avatar\/8fadbca458d4cb68b1dd399ae9a40618d747bb1af65ac9fad21c89220a143eb4?s=96&d=mm&r=g"},"magazineBlocksPostCommentsNumber":"0","magazineBlocksPostExcerpt":"Por determina\u00e7\u00e3o da Prefeitura de Pa\u00e7o do Lumiar foi dada continuidade aos servi\u00e7os da previd\u00eancia social no munic\u00edpio. A cerim\u00f4nia","magazineBlocksPostCategories":["servi\u00e7os"],"magazineBlocksPostViewCount":159,"magazineBlocksPostReadTime":2,"magazine_blocks_featured_image_url":{"full":false,"medium":false,"thumbnail":false},"magazine_blocks_author":{"display_name":"maranhaotv","author_link":"https:\/\/maranhaotv.com.br\/index.php\/author\/maranhaotv\/"},"magazine_blocks_comment":0,"magazine_blocks_author_image":"https:\/\/secure.gravatar.com\/avatar\/8fadbca458d4cb68b1dd399ae9a40618d747bb1af65ac9fad21c89220a143eb4?s=96&d=mm&r=g","magazine_blocks_category":"<a href=\"#\" class=\"category-link category-link-8\">servi\u00e7os<\/a>","yoast_head":"<!-- This site is optimized with the Yoast SEO plugin v27.4 - https:\/\/yoast.com\/product\/yoast-seo-wordpress\/ -->\n<title>Prefeitura de Pa\u00e7o do Lumiar ganha nova sede do PREVPa\u00e7o e empossa novos conselheiros previdenci\u00e1rios - NOT\u00cdCIAS EM TEMPO REAL<\/title>\n<meta name=\"robots\" content=\"index, follow, max-snippet:-1, max-image-preview:large, max-video-preview:-1\" \/>\n<link rel=\"canonical\" href=\"https:\/\/maranhaotv.com.br\/index.php\/2021\/07\/19\/prefeitura-de-paco-do-lumiar-ganha-nova-sede-do-prevpaco-e-empossa-novos-conselheiros-previdenciarios\/\" \/>\n<meta property=\"og:locale\" content=\"pt_BR\" \/>\n<meta property=\"og:type\" content=\"article\" \/>\n<meta property=\"og:title\" content=\"Prefeitura de Pa\u00e7o do Lumiar ganha nova sede do PREVPa\u00e7o e empossa novos conselheiros previdenci\u00e1rios - NOT\u00cdCIAS EM TEMPO REAL\" \/>\n<meta property=\"og:description\" content=\"Por determina\u00e7\u00e3o da Prefeitura de Pa\u00e7o do Lumiar foi dada continuidade aos servi\u00e7os da previd\u00eancia social no munic\u00edpio. A cerim\u00f4nia\" \/>\n<meta property=\"og:url\" content=\"https:\/\/maranhaotv.com.br\/index.php\/2021\/07\/19\/prefeitura-de-paco-do-lumiar-ganha-nova-sede-do-prevpaco-e-empossa-novos-conselheiros-previdenciarios\/\" \/>\n<meta property=\"og:site_name\" content=\"NOT\u00cdCIAS EM TEMPO REAL\" \/>\n<meta property=\"article:publisher\" content=\"https:\/\/www.facebook.com\/maiobaotv\" \/>\n<meta property=\"article:published_time\" content=\"2021-07-19T22:11:01+00:00\" \/>\n<meta name=\"author\" content=\"maranhaotv\" \/>\n<meta name=\"twitter:card\" content=\"summary_large_image\" \/>\n<meta name=\"twitter:creator\" content=\"@sitemaranhaotv\" \/>\n<meta name=\"twitter:site\" content=\"@sitemaranhaotv\" \/>\n<meta name=\"twitter:label1\" content=\"Escrito por\" \/>\n\t<meta name=\"twitter:data1\" content=\"maranhaotv\" \/>\n\t<meta name=\"twitter:label2\" content=\"Est. tempo de leitura\" \/>\n\t<meta name=\"twitter:data2\" content=\"1 minuto\" \/>\n<script type=\"application\/ld+json\" class=\"yoast-schema-graph\">{\"@context\":\"https:\\\/\\\/schema.org\",\"@graph\":[{\"@type\":\"Article\",\"@id\":\"https:\\\/\\\/maranhaotv.com.br\\\/index.php\\\/2021\\\/07\\\/19\\\/prefeitura-de-paco-do-lumiar-ganha-nova-sede-do-prevpaco-e-empossa-novos-conselheiros-previdenciarios\\\/#article\",\"isPartOf\":{\"@id\":\"https:\\\/\\\/maranhaotv.com.br\\\/index.php\\\/2021\\\/07\\\/19\\\/prefeitura-de-paco-do-lumiar-ganha-nova-sede-do-prevpaco-e-empossa-novos-conselheiros-previdenciarios\\\/\"},\"author\":{\"name\":\"maranhaotv\",\"@id\":\"https:\\\/\\\/maranhaotv.com.br\\\/#\\\/schema\\\/person\\\/3d54238e86b20bb5c89ab2fdb8f8829a\"},\"headline\":\"Prefeitura de Pa\u00e7o do Lumiar ganha nova sede do PREVPa\u00e7o e empossa novos conselheiros previdenci\u00e1rios\",\"datePublished\":\"2021-07-19T22:11:01+00:00\",\"mainEntityOfPage\":{\"@id\":\"https:\\\/\\\/maranhaotv.com.br\\\/index.php\\\/2021\\\/07\\\/19\\\/prefeitura-de-paco-do-lumiar-ganha-nova-sede-do-prevpaco-e-empossa-novos-conselheiros-previdenciarios\\\/\"},\"wordCount\":290,\"commentCount\":0,\"publisher\":{\"@id\":\"https:\\\/\\\/maranhaotv.com.br\\\/#organization\"},\"image\":{\"@id\":\"https:\\\/\\\/maranhaotv.com.br\\\/index.php\\\/2021\\\/07\\\/19\\\/prefeitura-de-paco-do-lumiar-ganha-nova-sede-do-prevpaco-e-empossa-novos-conselheiros-previdenciarios\\\/#primaryimage\"},\"thumbnailUrl\":\"\",\"articleSection\":[\"servi\u00e7os\"],\"inLanguage\":\"pt-BR\",\"potentialAction\":[{\"@type\":\"CommentAction\",\"name\":\"Comment\",\"target\":[\"https:\\\/\\\/maranhaotv.com.br\\\/index.php\\\/2021\\\/07\\\/19\\\/prefeitura-de-paco-do-lumiar-ganha-nova-sede-do-prevpaco-e-empossa-novos-conselheiros-previdenciarios\\\/#respond\"]}]},{\"@type\":\"WebPage\",\"@id\":\"https:\\\/\\\/maranhaotv.com.br\\\/index.php\\\/2021\\\/07\\\/19\\\/prefeitura-de-paco-do-lumiar-ganha-nova-sede-do-prevpaco-e-empossa-novos-conselheiros-previdenciarios\\\/\",\"url\":\"https:\\\/\\\/maranhaotv.com.br\\\/index.php\\\/2021\\\/07\\\/19\\\/prefeitura-de-paco-do-lumiar-ganha-nova-sede-do-prevpaco-e-empossa-novos-conselheiros-previdenciarios\\\/\",\"name\":\"Prefeitura de Pa\u00e7o do Lumiar ganha nova sede do PREVPa\u00e7o e empossa novos conselheiros previdenci\u00e1rios - NOT\u00cdCIAS EM TEMPO REAL\",\"isPartOf\":{\"@id\":\"https:\\\/\\\/maranhaotv.com.br\\\/#website\"},\"primaryImageOfPage\":{\"@id\":\"https:\\\/\\\/maranhaotv.com.br\\\/index.php\\\/2021\\\/07\\\/19\\\/prefeitura-de-paco-do-lumiar-ganha-nova-sede-do-prevpaco-e-empossa-novos-conselheiros-previdenciarios\\\/#primaryimage\"},\"image\":{\"@id\":\"https:\\\/\\\/maranhaotv.com.br\\\/index.php\\\/2021\\\/07\\\/19\\\/prefeitura-de-paco-do-lumiar-ganha-nova-sede-do-prevpaco-e-empossa-novos-conselheiros-previdenciarios\\\/#primaryimage\"},\"thumbnailUrl\":\"\",\"datePublished\":\"2021-07-19T22:11:01+00:00\",\"breadcrumb\":{\"@id\":\"https:\\\/\\\/maranhaotv.com.br\\\/index.php\\\/2021\\\/07\\\/19\\\/prefeitura-de-paco-do-lumiar-ganha-nova-sede-do-prevpaco-e-empossa-novos-conselheiros-previdenciarios\\\/#breadcrumb\"},\"inLanguage\":\"pt-BR\",\"potentialAction\":[{\"@type\":\"ReadAction\",\"target\":[\"https:\\\/\\\/maranhaotv.com.br\\\/index.php\\\/2021\\\/07\\\/19\\\/prefeitura-de-paco-do-lumiar-ganha-nova-sede-do-prevpaco-e-empossa-novos-conselheiros-previdenciarios\\\/\"]}]},{\"@type\":\"ImageObject\",\"inLanguage\":\"pt-BR\",\"@id\":\"https:\\\/\\\/maranhaotv.com.br\\\/index.php\\\/2021\\\/07\\\/19\\\/prefeitura-de-paco-do-lumiar-ganha-nova-sede-do-prevpaco-e-empossa-novos-conselheiros-previdenciarios\\\/#primaryimage\",\"url\":\"\",\"contentUrl\":\"\"},{\"@type\":\"BreadcrumbList\",\"@id\":\"https:\\\/\\\/maranhaotv.com.br\\\/index.php\\\/2021\\\/07\\\/19\\\/prefeitura-de-paco-do-lumiar-ganha-nova-sede-do-prevpaco-e-empossa-novos-conselheiros-previdenciarios\\\/#breadcrumb\",\"itemListElement\":[{\"@type\":\"ListItem\",\"position\":1,\"name\":\"In\u00edcio\",\"item\":\"https:\\\/\\\/maranhaotv.com.br\\\/\"},{\"@type\":\"ListItem\",\"position\":2,\"name\":\"Prefeitura de Pa\u00e7o do Lumiar ganha nova sede do PREVPa\u00e7o e empossa novos conselheiros previdenci\u00e1rios\"}]},{\"@type\":\"WebSite\",\"@id\":\"https:\\\/\\\/maranhaotv.com.br\\\/#website\",\"url\":\"https:\\\/\\\/maranhaotv.com.br\\\/\",\"name\":\"Maranh\u00e3oTV\",\"description\":\"\",\"publisher\":{\"@id\":\"https:\\\/\\\/maranhaotv.com.br\\\/#organization\"},\"potentialAction\":[{\"@type\":\"SearchAction\",\"target\":{\"@type\":\"EntryPoint\",\"urlTemplate\":\"https:\\\/\\\/maranhaotv.com.br\\\/?s={search_term_string}\"},\"query-input\":{\"@type\":\"PropertyValueSpecification\",\"valueRequired\":true,\"valueName\":\"search_term_string\"}}],\"inLanguage\":\"pt-BR\"},{\"@type\":\"Organization\",\"@id\":\"https:\\\/\\\/maranhaotv.com.br\\\/#organization\",\"name\":\"Portal de Not\u00edcias\",\"url\":\"https:\\\/\\\/maranhaotv.com.br\\\/\",\"logo\":{\"@type\":\"ImageObject\",\"inLanguage\":\"pt-BR\",\"@id\":\"https:\\\/\\\/maranhaotv.com.br\\\/#\\\/schema\\\/logo\\\/image\\\/\",\"url\":\"https:\\\/\\\/maranhaotv.com.br\\\/wp-content\\\/uploads\\\/2024\\\/05\\\/cropped-cropped-avatar-1.png\",\"contentUrl\":\"https:\\\/\\\/maranhaotv.com.br\\\/wp-content\\\/uploads\\\/2024\\\/05\\\/cropped-cropped-avatar-1.png\",\"width\":792,\"height\":428,\"caption\":\"Portal de Not\u00edcias\"},\"image\":{\"@id\":\"https:\\\/\\\/maranhaotv.com.br\\\/#\\\/schema\\\/logo\\\/image\\\/\"},\"sameAs\":[\"https:\\\/\\\/www.facebook.com\\\/maiobaotv\",\"https:\\\/\\\/x.com\\\/sitemaranhaotv\",\"https:\\\/\\\/www.instagram.com\\\/maranhao.tv\",\"https:\\\/\\\/www.threads.net\\\/@maranhao.tv\"]},{\"@type\":\"Person\",\"@id\":\"https:\\\/\\\/maranhaotv.com.br\\\/#\\\/schema\\\/person\\\/3d54238e86b20bb5c89ab2fdb8f8829a\",\"name\":\"maranhaotv\",\"image\":{\"@type\":\"ImageObject\",\"inLanguage\":\"pt-BR\",\"@id\":\"https:\\\/\\\/secure.gravatar.com\\\/avatar\\\/8fadbca458d4cb68b1dd399ae9a40618d747bb1af65ac9fad21c89220a143eb4?s=96&d=mm&r=g\",\"url\":\"https:\\\/\\\/secure.gravatar.com\\\/avatar\\\/8fadbca458d4cb68b1dd399ae9a40618d747bb1af65ac9fad21c89220a143eb4?s=96&d=mm&r=g\",\"contentUrl\":\"https:\\\/\\\/secure.gravatar.com\\\/avatar\\\/8fadbca458d4cb68b1dd399ae9a40618d747bb1af65ac9fad21c89220a143eb4?s=96&d=mm&r=g\",\"caption\":\"maranhaotv\"},\"sameAs\":[\"https:\\\/\\\/maranhaotv.com.br\\\/\"],\"url\":\"https:\\\/\\\/maranhaotv.com.br\\\/index.php\\\/author\\\/maranhaotv\\\/\"}]}<\/script>\n<!-- \/ Yoast SEO plugin. -->","yoast_head_json":{"title":"Prefeitura de Pa\u00e7o do Lumiar ganha nova sede do PREVPa\u00e7o e empossa novos conselheiros previdenci\u00e1rios - NOT\u00cdCIAS EM TEMPO REAL","robots":{"index":"index","follow":"follow","max-snippet":"max-snippet:-1","max-image-preview":"max-image-preview:large","max-video-preview":"max-video-preview:-1"},"canonical":"https:\/\/maranhaotv.com.br\/index.php\/2021\/07\/19\/prefeitura-de-paco-do-lumiar-ganha-nova-sede-do-prevpaco-e-empossa-novos-conselheiros-previdenciarios\/","og_locale":"pt_BR","og_type":"article","og_title":"Prefeitura de Pa\u00e7o do Lumiar ganha nova sede do PREVPa\u00e7o e empossa novos conselheiros previdenci\u00e1rios - NOT\u00cdCIAS EM TEMPO REAL","og_description":"Por determina\u00e7\u00e3o da Prefeitura de Pa\u00e7o do Lumiar foi dada continuidade aos servi\u00e7os da previd\u00eancia social no munic\u00edpio. A cerim\u00f4nia","og_url":"https:\/\/maranhaotv.com.br\/index.php\/2021\/07\/19\/prefeitura-de-paco-do-lumiar-ganha-nova-sede-do-prevpaco-e-empossa-novos-conselheiros-previdenciarios\/","og_site_name":"NOT\u00cdCIAS EM TEMPO REAL","article_publisher":"https:\/\/www.facebook.com\/maiobaotv","article_published_time":"2021-07-19T22:11:01+00:00","author":"maranhaotv","twitter_card":"summary_large_image","twitter_creator":"@sitemaranhaotv","twitter_site":"@sitemaranhaotv","twitter_misc":{"Escrito por":"maranhaotv","Est. tempo de leitura":"1 minuto"},"schema":{"@context":"https:\/\/schema.org","@graph":[{"@type":"Article","@id":"https:\/\/maranhaotv.com.br\/index.php\/2021\/07\/19\/prefeitura-de-paco-do-lumiar-ganha-nova-sede-do-prevpaco-e-empossa-novos-conselheiros-previdenciarios\/#article","isPartOf":{"@id":"https:\/\/maranhaotv.com.br\/index.php\/2021\/07\/19\/prefeitura-de-paco-do-lumiar-ganha-nova-sede-do-prevpaco-e-empossa-novos-conselheiros-previdenciarios\/"},"author":{"name":"maranhaotv","@id":"https:\/\/maranhaotv.com.br\/#\/schema\/person\/3d54238e86b20bb5c89ab2fdb8f8829a"},"headline":"Prefeitura de Pa\u00e7o do Lumiar ganha nova sede do PREVPa\u00e7o e empossa novos conselheiros previdenci\u00e1rios","datePublished":"2021-07-19T22:11:01+00:00","mainEntityOfPage":{"@id":"https:\/\/maranhaotv.com.br\/index.php\/2021\/07\/19\/prefeitura-de-paco-do-lumiar-ganha-nova-sede-do-prevpaco-e-empossa-novos-conselheiros-previdenciarios\/"},"wordCount":290,"commentCount":0,"publisher":{"@id":"https:\/\/maranhaotv.com.br\/#organization"},"image":{"@id":"https:\/\/maranhaotv.com.br\/index.php\/2021\/07\/19\/prefeitura-de-paco-do-lumiar-ganha-nova-sede-do-prevpaco-e-empossa-novos-conselheiros-previdenciarios\/#primaryimage"},"thumbnailUrl":"","articleSection":["servi\u00e7os"],"inLanguage":"pt-BR","potentialAction":[{"@type":"CommentAction","name":"Comment","target":["https:\/\/maranhaotv.com.br\/index.php\/2021\/07\/19\/prefeitura-de-paco-do-lumiar-ganha-nova-sede-do-prevpaco-e-empossa-novos-conselheiros-previdenciarios\/#respond"]}]},{"@type":"WebPage","@id":"https:\/\/maranhaotv.com.br\/index.php\/2021\/07\/19\/prefeitura-de-paco-do-lumiar-ganha-nova-sede-do-prevpaco-e-empossa-novos-conselheiros-previdenciarios\/","url":"https:\/\/maranhaotv.com.br\/index.php\/2021\/07\/19\/prefeitura-de-paco-do-lumiar-ganha-nova-sede-do-prevpaco-e-empossa-novos-conselheiros-previdenciarios\/","name":"Prefeitura de Pa\u00e7o do Lumiar ganha nova sede do PREVPa\u00e7o e empossa novos conselheiros previdenci\u00e1rios - NOT\u00cdCIAS EM TEMPO REAL","isPartOf":{"@id":"https:\/\/maranhaotv.com.br\/#website"},"primaryImageOfPage":{"@id":"https:\/\/maranhaotv.com.br\/index.php\/2021\/07\/19\/prefeitura-de-paco-do-lumiar-ganha-nova-sede-do-prevpaco-e-empossa-novos-conselheiros-previdenciarios\/#primaryimage"},"image":{"@id":"https:\/\/maranhaotv.com.br\/index.php\/2021\/07\/19\/prefeitura-de-paco-do-lumiar-ganha-nova-sede-do-prevpaco-e-empossa-novos-conselheiros-previdenciarios\/#primaryimage"},"thumbnailUrl":"","datePublished":"2021-07-19T22:11:01+00:00","breadcrumb":{"@id":"https:\/\/maranhaotv.com.br\/index.php\/2021\/07\/19\/prefeitura-de-paco-do-lumiar-ganha-nova-sede-do-prevpaco-e-empossa-novos-conselheiros-previdenciarios\/#breadcrumb"},"inLanguage":"pt-BR","potentialAction":[{"@type":"ReadAction","target":["https:\/\/maranhaotv.com.br\/index.php\/2021\/07\/19\/prefeitura-de-paco-do-lumiar-ganha-nova-sede-do-prevpaco-e-empossa-novos-conselheiros-previdenciarios\/"]}]},{"@type":"ImageObject","inLanguage":"pt-BR","@id":"https:\/\/maranhaotv.com.br\/index.php\/2021\/07\/19\/prefeitura-de-paco-do-lumiar-ganha-nova-sede-do-prevpaco-e-empossa-novos-conselheiros-previdenciarios\/#primaryimage","url":"","contentUrl":""},{"@type":"BreadcrumbList","@id":"https:\/\/maranhaotv.com.br\/index.php\/2021\/07\/19\/prefeitura-de-paco-do-lumiar-ganha-nova-sede-do-prevpaco-e-empossa-novos-conselheiros-previdenciarios\/#breadcrumb","itemListElement":[{"@type":"ListItem","position":1,"name":"In\u00edcio","item":"https:\/\/maranhaotv.com.br\/"},{"@type":"ListItem","position":2,"name":"Prefeitura de Pa\u00e7o do Lumiar ganha nova sede do PREVPa\u00e7o e empossa novos conselheiros previdenci\u00e1rios"}]},{"@type":"WebSite","@id":"https:\/\/maranhaotv.com.br\/#website","url":"https:\/\/maranhaotv.com.br\/","name":"Maranh\u00e3oTV","description":"","publisher":{"@id":"https:\/\/maranhaotv.com.br\/#organization"},"potentialAction":[{"@type":"SearchAction","target":{"@type":"EntryPoint","urlTemplate":"https:\/\/maranhaotv.com.br\/?s={search_term_string}"},"query-input":{"@type":"PropertyValueSpecification","valueRequired":true,"valueName":"search_term_string"}}],"inLanguage":"pt-BR"},{"@type":"Organization","@id":"https:\/\/maranhaotv.com.br\/#organization","name":"Portal de Not\u00edcias","url":"https:\/\/maranhaotv.com.br\/","logo":{"@type":"ImageObject","inLanguage":"pt-BR","@id":"https:\/\/maranhaotv.com.br\/#\/schema\/logo\/image\/","url":"https:\/\/maranhaotv.com.br\/wp-content\/uploads\/2024\/05\/cropped-cropped-avatar-1.png","contentUrl":"https:\/\/maranhaotv.com.br\/wp-content\/uploads\/2024\/05\/cropped-cropped-avatar-1.png","width":792,"height":428,"caption":"Portal de Not\u00edcias"},"image":{"@id":"https:\/\/maranhaotv.com.br\/#\/schema\/logo\/image\/"},"sameAs":["https:\/\/www.facebook.com\/maiobaotv","https:\/\/x.com\/sitemaranhaotv","https:\/\/www.instagram.com\/maranhao.tv","https:\/\/www.threads.net\/@maranhao.tv"]},{"@type":"Person","@id":"https:\/\/maranhaotv.com.br\/#\/schema\/person\/3d54238e86b20bb5c89ab2fdb8f8829a","name":"maranhaotv","image":{"@type":"ImageObject","inLanguage":"pt-BR","@id":"https:\/\/secure.gravatar.com\/avatar\/8fadbca458d4cb68b1dd399ae9a40618d747bb1af65ac9fad21c89220a143eb4?s=96&d=mm&r=g","url":"https:\/\/secure.gravatar.com\/avatar\/8fadbca458d4cb68b1dd399ae9a40618d747bb1af65ac9fad21c89220a143eb4?s=96&d=mm&r=g","contentUrl":"https:\/\/secure.gravatar.com\/avatar\/8fadbca458d4cb68b1dd399ae9a40618d747bb1af65ac9fad21c89220a143eb4?s=96&d=mm&r=g","caption":"maranhaotv"},"sameAs":["https:\/\/maranhaotv.com.br\/"],"url":"https:\/\/maranhaotv.com.br\/index.php\/author\/maranhaotv\/"}]}},"jetpack_featured_media_url":"","jetpack_sharing_enabled":true,"_links":{"self":[{"href":"https:\/\/maranhaotv.com.br\/index.php\/wp-json\/wp\/v2\/posts\/22588","targetHints":{"allow":["GET"]}}],"collection":[{"href":"https:\/\/maranhaotv.com.br\/index.php\/wp-json\/wp\/v2\/posts"}],"about":[{"href":"https:\/\/maranhaotv.com.br\/index.php\/wp-json\/wp\/v2\/types\/post"}],"author":[{"embeddable":true,"href":"https:\/\/maranhaotv.com.br\/index.php\/wp-json\/wp\/v2\/users\/2"}],"replies":[{"embeddable":true,"href":"https:\/\/maranhaotv.com.br\/index.php\/wp-json\/wp\/v2\/comments?post=22588"}],"version-history":[{"count":0,"href":"https:\/\/maranhaotv.com.br\/index.php\/wp-json\/wp\/v2\/posts\/22588\/revisions"}],"wp:featuredmedia":[{"embeddable":true,"href":"https:\/\/maranhaotv.com.br\/index.php\/wp-json\/"}],"wp:attachment":[{"href":"https:\/\/maranhaotv.com.br\/index.php\/wp-json\/wp\/v2\/media?parent=22588"}],"wp:term":[{"taxonomy":"category","embeddable":true,"href":"https:\/\/maranhaotv.com.br\/index.php\/wp-json\/wp\/v2\/categories?post=22588"},{"taxonomy":"post_tag","embeddable":true,"href":"https:\/\/maranhaotv.com.br\/index.php\/wp-json\/wp\/v2\/tags?post=22588"}],"curies":[{"name":"wp","href":"https:\/\/api.w.org\/{rel}","templated":true}]}}