{"id":22608,"date":"2021-07-20T17:39:37","date_gmt":"2021-07-20T20:39:37","guid":{"rendered":"https:\/\/maranhaotv.com.br\/?p=22608"},"modified":"2021-07-20T17:39:37","modified_gmt":"2021-07-20T20:39:37","slug":"assinada-ordem-de-servico-para-asfaltamento-de-ruas-da-vila-sao-jose","status":"publish","type":"post","link":"https:\/\/maranhaotv.com.br\/index.php\/2021\/07\/20\/assinada-ordem-de-servico-para-asfaltamento-de-ruas-da-vila-sao-jose\/","title":{"rendered":"Assinada ordem de servi\u00e7o para asfaltamento de ruas da Vila S\u00e3o Jos\u00e9"},"content":{"rendered":"\n<p>Mais uma obra de revestimento asf\u00e1ltico ser\u00e1 iniciada em Pa\u00e7o do Lumiar. Nesta ter\u00e7a-feira(20), foi assinada a Ordem de Servi\u00e7o que vai garantir 705 metros de asfalto para ruas da Vila S\u00e3o Jos\u00e9 II, come\u00e7ando pela Rua 8, seguindo pela Avenida 03, interligando a Avenida Juscelino Resende e Santa Edwiges, uma obra aguardada por mais de 25 anos pela popula\u00e7\u00e3o e agora se tornar\u00e1 realidade. O trecho \u00e9 um importante corredor de transportes que atende n\u00e3o s\u00f3 a popula\u00e7\u00e3o da Vila S\u00e3o Jos\u00e9, mas tamb\u00e9m da Vila do Povo, Maioba Jenipapeiro e outras localidades.<br><br>Participaram do Ato de Assinatura, a Prefeita de Pa\u00e7o do Lumiar, Paula Azevedo(PCdoB), o Secret\u00e1rio Municipal de Infraestrutura, Walburg Neto, os vereadores Mauro Multibancos(PMB), Mary do Moj\u00f3(PL), Alexsandra Garcia(Rede), Fernandinho(Avante) e Bianca Mendes(PL) e tamb\u00e9m a presidente da Associa\u00e7\u00e3o dos Moradores da Vila S\u00e3o Jos\u00e9 2, Concei\u00e7\u00e3o Pires e tamb\u00e9m a Secret\u00e1ria Municipal de Planejamento, Luana Peixoto, o Secret\u00e1rio Municipal de Ind\u00fastria e Com\u00e9rcio, Diego Ricci e a Chefe de Gabinete de Pa\u00e7o do Lumiar, Gracilda Silva.<br><br>De acordo com a Prefeita Paula Azevedo, as obras na Vila S\u00e3o\u00a0 Jos\u00e9 s\u00e3o apenas parte de um plano de a\u00e7\u00f5es ainda maior: &#8220;N\u00f3s estamos mobilizando a Secretaria Municipal de Infraestrutura para estas obras e n\u00e3o iremos parar aqui, faremos mais pela Vila S\u00e3o Jos\u00e9, assim como estamos praticamente reconstruindo ruas no Alto Paran\u00e3, Mana\u00edra, Tamba\u00fa e tantas outras regi\u00f5es&#8221;, disse ela.<br><br>Para o secret\u00e1rio municipal de infraestrutura, Walburg Neto, as obras s\u00e3o parte de um projeto que tem o objetivo de viabilizar o corredor de transportes na regi\u00e3o: &#8220;N\u00f3s estamos atendendo um trajeto que vai valorizar muito a Vila S\u00e3o Jos\u00e9, pois \u00e9 um corredor estrat\u00e9gico, que desde o in\u00edcio da gest\u00e3o n\u00f3s realizamos revestimento prim\u00e1rio e agora faremos novas obras, incluindo asfaltamento&#8221;, explicou.<\/p>\n\n\n\n<figure class=\"wp-block-gallery columns-2 is-cropped wp-block-gallery-1 is-layout-flex wp-block-gallery-is-layout-flex\"><ul class=\"blocks-gallery-grid\"><li class=\"blocks-gallery-item\"><figure><img decoding=\"async\" src=\"https:\/\/maranhaotv.com.br\/wp-content\/uploads\/2021\/07\/IMG-20210720-WA0561.jpg\" data-id=\"22605\" class=\"wp-image-22605\"\/><\/figure><\/li><li class=\"blocks-gallery-item\"><figure><img decoding=\"async\" src=\"https:\/\/maranhaotv.com.br\/wp-content\/uploads\/2021\/07\/IMG-20210720-WA0562.jpg\" data-id=\"22606\" class=\"wp-image-22606\"\/><\/figure><\/li><\/ul><\/figure>\n","protected":false},"excerpt":{"rendered":"<p>Mais uma obra de revestimento asf\u00e1ltico ser\u00e1 iniciada em Pa\u00e7o do Lumiar. Nesta ter\u00e7a-feira(20), foi assinada a Ordem de Servi\u00e7o<\/p>\n","protected":false},"author":2,"featured_media":22607,"comment_status":"open","ping_status":"open","sticky":false,"template":"","format":"standard","meta":{"colormag_page_container_layout":"default_layout","colormag_page_sidebar_layout":"default_layout","_jetpack_memberships_contains_paid_content":false,"footnotes":""},"categories":[2,6],"tags":[],"class_list":["post-22608","post","type-post","status-publish","format-standard","has-post-thumbnail","hentry","category-noticias","category-politica"],"magazineBlocksPostFeaturedMedia":{"thumbnail":false,"medium":false,"medium_large":false,"large":false,"1536x1536":false,"2048x2048":false,"colormag-highlighted-post":false,"colormag-featured-post-medium":false,"colormag-featured-post-small":false,"colormag-featured-image":false,"colormag-default-news":false,"colormag-featured-image-large":false},"magazineBlocksPostAuthor":{"name":"maranhaotv","avatar":"https:\/\/secure.gravatar.com\/avatar\/8fadbca458d4cb68b1dd399ae9a40618d747bb1af65ac9fad21c89220a143eb4?s=96&d=mm&r=g"},"magazineBlocksPostCommentsNumber":"0","magazineBlocksPostExcerpt":"Mais uma obra de revestimento asf\u00e1ltico ser\u00e1 iniciada em Pa\u00e7o do Lumiar. Nesta ter\u00e7a-feira(20), foi assinada a Ordem de Servi\u00e7o","magazineBlocksPostCategories":["not\u00edcias","pol\u00edtica"],"magazineBlocksPostViewCount":142,"magazineBlocksPostReadTime":2,"magazine_blocks_featured_image_url":{"full":false,"medium":false,"thumbnail":false},"magazine_blocks_author":{"display_name":"maranhaotv","author_link":"https:\/\/maranhaotv.com.br\/index.php\/author\/maranhaotv\/"},"magazine_blocks_comment":0,"magazine_blocks_author_image":"https:\/\/secure.gravatar.com\/avatar\/8fadbca458d4cb68b1dd399ae9a40618d747bb1af65ac9fad21c89220a143eb4?s=96&d=mm&r=g","magazine_blocks_category":"<a href=\"#\" class=\"category-link category-link-2\">not\u00edcias<\/a> <a href=\"#\" class=\"category-link category-link-6\">pol\u00edtica<\/a>","yoast_head":"<!-- This site is optimized with the Yoast SEO plugin v27.4 - https:\/\/yoast.com\/product\/yoast-seo-wordpress\/ -->\n<title>Assinada ordem de servi\u00e7o para asfaltamento de ruas da Vila S\u00e3o Jos\u00e9 - NOT\u00cdCIAS EM TEMPO REAL<\/title>\n<meta name=\"robots\" content=\"index, follow, max-snippet:-1, max-image-preview:large, max-video-preview:-1\" \/>\n<link rel=\"canonical\" href=\"https:\/\/maranhaotv.com.br\/index.php\/2021\/07\/20\/assinada-ordem-de-servico-para-asfaltamento-de-ruas-da-vila-sao-jose\/\" \/>\n<meta property=\"og:locale\" content=\"pt_BR\" \/>\n<meta property=\"og:type\" content=\"article\" \/>\n<meta property=\"og:title\" content=\"Assinada ordem de servi\u00e7o para asfaltamento de ruas da Vila S\u00e3o Jos\u00e9 - NOT\u00cdCIAS EM TEMPO REAL\" \/>\n<meta property=\"og:description\" content=\"Mais uma obra de revestimento asf\u00e1ltico ser\u00e1 iniciada em Pa\u00e7o do Lumiar. Nesta ter\u00e7a-feira(20), foi assinada a Ordem de Servi\u00e7o\" \/>\n<meta property=\"og:url\" content=\"https:\/\/maranhaotv.com.br\/index.php\/2021\/07\/20\/assinada-ordem-de-servico-para-asfaltamento-de-ruas-da-vila-sao-jose\/\" \/>\n<meta property=\"og:site_name\" content=\"NOT\u00cdCIAS EM TEMPO REAL\" \/>\n<meta property=\"article:publisher\" content=\"https:\/\/www.facebook.com\/maiobaotv\" \/>\n<meta property=\"article:published_time\" content=\"2021-07-20T20:39:37+00:00\" \/>\n<meta name=\"author\" content=\"maranhaotv\" \/>\n<meta name=\"twitter:card\" content=\"summary_large_image\" \/>\n<meta name=\"twitter:creator\" content=\"@sitemaranhaotv\" \/>\n<meta name=\"twitter:site\" content=\"@sitemaranhaotv\" \/>\n<meta name=\"twitter:label1\" content=\"Escrito por\" \/>\n\t<meta name=\"twitter:data1\" content=\"maranhaotv\" \/>\n\t<meta name=\"twitter:label2\" content=\"Est. tempo de leitura\" \/>\n\t<meta name=\"twitter:data2\" content=\"2 minutos\" \/>\n<script type=\"application\/ld+json\" class=\"yoast-schema-graph\">{\"@context\":\"https:\\\/\\\/schema.org\",\"@graph\":[{\"@type\":\"Article\",\"@id\":\"https:\\\/\\\/maranhaotv.com.br\\\/index.php\\\/2021\\\/07\\\/20\\\/assinada-ordem-de-servico-para-asfaltamento-de-ruas-da-vila-sao-jose\\\/#article\",\"isPartOf\":{\"@id\":\"https:\\\/\\\/maranhaotv.com.br\\\/index.php\\\/2021\\\/07\\\/20\\\/assinada-ordem-de-servico-para-asfaltamento-de-ruas-da-vila-sao-jose\\\/\"},\"author\":{\"name\":\"maranhaotv\",\"@id\":\"https:\\\/\\\/maranhaotv.com.br\\\/#\\\/schema\\\/person\\\/3d54238e86b20bb5c89ab2fdb8f8829a\"},\"headline\":\"Assinada ordem de servi\u00e7o para asfaltamento de ruas da Vila S\u00e3o Jos\u00e9\",\"datePublished\":\"2021-07-20T20:39:37+00:00\",\"mainEntityOfPage\":{\"@id\":\"https:\\\/\\\/maranhaotv.com.br\\\/index.php\\\/2021\\\/07\\\/20\\\/assinada-ordem-de-servico-para-asfaltamento-de-ruas-da-vila-sao-jose\\\/\"},\"wordCount\":350,\"commentCount\":0,\"publisher\":{\"@id\":\"https:\\\/\\\/maranhaotv.com.br\\\/#organization\"},\"image\":{\"@id\":\"https:\\\/\\\/maranhaotv.com.br\\\/index.php\\\/2021\\\/07\\\/20\\\/assinada-ordem-de-servico-para-asfaltamento-de-ruas-da-vila-sao-jose\\\/#primaryimage\"},\"thumbnailUrl\":\"\",\"articleSection\":[\"not\u00edcias\",\"pol\u00edtica\"],\"inLanguage\":\"pt-BR\",\"potentialAction\":[{\"@type\":\"CommentAction\",\"name\":\"Comment\",\"target\":[\"https:\\\/\\\/maranhaotv.com.br\\\/index.php\\\/2021\\\/07\\\/20\\\/assinada-ordem-de-servico-para-asfaltamento-de-ruas-da-vila-sao-jose\\\/#respond\"]}]},{\"@type\":\"WebPage\",\"@id\":\"https:\\\/\\\/maranhaotv.com.br\\\/index.php\\\/2021\\\/07\\\/20\\\/assinada-ordem-de-servico-para-asfaltamento-de-ruas-da-vila-sao-jose\\\/\",\"url\":\"https:\\\/\\\/maranhaotv.com.br\\\/index.php\\\/2021\\\/07\\\/20\\\/assinada-ordem-de-servico-para-asfaltamento-de-ruas-da-vila-sao-jose\\\/\",\"name\":\"Assinada ordem de servi\u00e7o para asfaltamento de ruas da Vila S\u00e3o Jos\u00e9 - NOT\u00cdCIAS EM TEMPO REAL\",\"isPartOf\":{\"@id\":\"https:\\\/\\\/maranhaotv.com.br\\\/#website\"},\"primaryImageOfPage\":{\"@id\":\"https:\\\/\\\/maranhaotv.com.br\\\/index.php\\\/2021\\\/07\\\/20\\\/assinada-ordem-de-servico-para-asfaltamento-de-ruas-da-vila-sao-jose\\\/#primaryimage\"},\"image\":{\"@id\":\"https:\\\/\\\/maranhaotv.com.br\\\/index.php\\\/2021\\\/07\\\/20\\\/assinada-ordem-de-servico-para-asfaltamento-de-ruas-da-vila-sao-jose\\\/#primaryimage\"},\"thumbnailUrl\":\"\",\"datePublished\":\"2021-07-20T20:39:37+00:00\",\"breadcrumb\":{\"@id\":\"https:\\\/\\\/maranhaotv.com.br\\\/index.php\\\/2021\\\/07\\\/20\\\/assinada-ordem-de-servico-para-asfaltamento-de-ruas-da-vila-sao-jose\\\/#breadcrumb\"},\"inLanguage\":\"pt-BR\",\"potentialAction\":[{\"@type\":\"ReadAction\",\"target\":[\"https:\\\/\\\/maranhaotv.com.br\\\/index.php\\\/2021\\\/07\\\/20\\\/assinada-ordem-de-servico-para-asfaltamento-de-ruas-da-vila-sao-jose\\\/\"]}]},{\"@type\":\"ImageObject\",\"inLanguage\":\"pt-BR\",\"@id\":\"https:\\\/\\\/maranhaotv.com.br\\\/index.php\\\/2021\\\/07\\\/20\\\/assinada-ordem-de-servico-para-asfaltamento-de-ruas-da-vila-sao-jose\\\/#primaryimage\",\"url\":\"\",\"contentUrl\":\"\"},{\"@type\":\"BreadcrumbList\",\"@id\":\"https:\\\/\\\/maranhaotv.com.br\\\/index.php\\\/2021\\\/07\\\/20\\\/assinada-ordem-de-servico-para-asfaltamento-de-ruas-da-vila-sao-jose\\\/#breadcrumb\",\"itemListElement\":[{\"@type\":\"ListItem\",\"position\":1,\"name\":\"In\u00edcio\",\"item\":\"https:\\\/\\\/maranhaotv.com.br\\\/\"},{\"@type\":\"ListItem\",\"position\":2,\"name\":\"Assinada ordem de servi\u00e7o para asfaltamento de ruas da Vila S\u00e3o Jos\u00e9\"}]},{\"@type\":\"WebSite\",\"@id\":\"https:\\\/\\\/maranhaotv.com.br\\\/#website\",\"url\":\"https:\\\/\\\/maranhaotv.com.br\\\/\",\"name\":\"Maranh\u00e3oTV\",\"description\":\"\",\"publisher\":{\"@id\":\"https:\\\/\\\/maranhaotv.com.br\\\/#organization\"},\"potentialAction\":[{\"@type\":\"SearchAction\",\"target\":{\"@type\":\"EntryPoint\",\"urlTemplate\":\"https:\\\/\\\/maranhaotv.com.br\\\/?s={search_term_string}\"},\"query-input\":{\"@type\":\"PropertyValueSpecification\",\"valueRequired\":true,\"valueName\":\"search_term_string\"}}],\"inLanguage\":\"pt-BR\"},{\"@type\":\"Organization\",\"@id\":\"https:\\\/\\\/maranhaotv.com.br\\\/#organization\",\"name\":\"Portal de Not\u00edcias\",\"url\":\"https:\\\/\\\/maranhaotv.com.br\\\/\",\"logo\":{\"@type\":\"ImageObject\",\"inLanguage\":\"pt-BR\",\"@id\":\"https:\\\/\\\/maranhaotv.com.br\\\/#\\\/schema\\\/logo\\\/image\\\/\",\"url\":\"https:\\\/\\\/maranhaotv.com.br\\\/wp-content\\\/uploads\\\/2024\\\/05\\\/cropped-cropped-avatar-1.png\",\"contentUrl\":\"https:\\\/\\\/maranhaotv.com.br\\\/wp-content\\\/uploads\\\/2024\\\/05\\\/cropped-cropped-avatar-1.png\",\"width\":792,\"height\":428,\"caption\":\"Portal de Not\u00edcias\"},\"image\":{\"@id\":\"https:\\\/\\\/maranhaotv.com.br\\\/#\\\/schema\\\/logo\\\/image\\\/\"},\"sameAs\":[\"https:\\\/\\\/www.facebook.com\\\/maiobaotv\",\"https:\\\/\\\/x.com\\\/sitemaranhaotv\",\"https:\\\/\\\/www.instagram.com\\\/maranhao.tv\",\"https:\\\/\\\/www.threads.net\\\/@maranhao.tv\"]},{\"@type\":\"Person\",\"@id\":\"https:\\\/\\\/maranhaotv.com.br\\\/#\\\/schema\\\/person\\\/3d54238e86b20bb5c89ab2fdb8f8829a\",\"name\":\"maranhaotv\",\"image\":{\"@type\":\"ImageObject\",\"inLanguage\":\"pt-BR\",\"@id\":\"https:\\\/\\\/secure.gravatar.com\\\/avatar\\\/8fadbca458d4cb68b1dd399ae9a40618d747bb1af65ac9fad21c89220a143eb4?s=96&d=mm&r=g\",\"url\":\"https:\\\/\\\/secure.gravatar.com\\\/avatar\\\/8fadbca458d4cb68b1dd399ae9a40618d747bb1af65ac9fad21c89220a143eb4?s=96&d=mm&r=g\",\"contentUrl\":\"https:\\\/\\\/secure.gravatar.com\\\/avatar\\\/8fadbca458d4cb68b1dd399ae9a40618d747bb1af65ac9fad21c89220a143eb4?s=96&d=mm&r=g\",\"caption\":\"maranhaotv\"},\"sameAs\":[\"https:\\\/\\\/maranhaotv.com.br\\\/\"],\"url\":\"https:\\\/\\\/maranhaotv.com.br\\\/index.php\\\/author\\\/maranhaotv\\\/\"}]}<\/script>\n<!-- \/ Yoast SEO plugin. -->","yoast_head_json":{"title":"Assinada ordem de servi\u00e7o para asfaltamento de ruas da Vila S\u00e3o Jos\u00e9 - NOT\u00cdCIAS EM TEMPO REAL","robots":{"index":"index","follow":"follow","max-snippet":"max-snippet:-1","max-image-preview":"max-image-preview:large","max-video-preview":"max-video-preview:-1"},"canonical":"https:\/\/maranhaotv.com.br\/index.php\/2021\/07\/20\/assinada-ordem-de-servico-para-asfaltamento-de-ruas-da-vila-sao-jose\/","og_locale":"pt_BR","og_type":"article","og_title":"Assinada ordem de servi\u00e7o para asfaltamento de ruas da Vila S\u00e3o Jos\u00e9 - NOT\u00cdCIAS EM TEMPO REAL","og_description":"Mais uma obra de revestimento asf\u00e1ltico ser\u00e1 iniciada em Pa\u00e7o do Lumiar. Nesta ter\u00e7a-feira(20), foi assinada a Ordem de Servi\u00e7o","og_url":"https:\/\/maranhaotv.com.br\/index.php\/2021\/07\/20\/assinada-ordem-de-servico-para-asfaltamento-de-ruas-da-vila-sao-jose\/","og_site_name":"NOT\u00cdCIAS EM TEMPO REAL","article_publisher":"https:\/\/www.facebook.com\/maiobaotv","article_published_time":"2021-07-20T20:39:37+00:00","author":"maranhaotv","twitter_card":"summary_large_image","twitter_creator":"@sitemaranhaotv","twitter_site":"@sitemaranhaotv","twitter_misc":{"Escrito por":"maranhaotv","Est. tempo de leitura":"2 minutos"},"schema":{"@context":"https:\/\/schema.org","@graph":[{"@type":"Article","@id":"https:\/\/maranhaotv.com.br\/index.php\/2021\/07\/20\/assinada-ordem-de-servico-para-asfaltamento-de-ruas-da-vila-sao-jose\/#article","isPartOf":{"@id":"https:\/\/maranhaotv.com.br\/index.php\/2021\/07\/20\/assinada-ordem-de-servico-para-asfaltamento-de-ruas-da-vila-sao-jose\/"},"author":{"name":"maranhaotv","@id":"https:\/\/maranhaotv.com.br\/#\/schema\/person\/3d54238e86b20bb5c89ab2fdb8f8829a"},"headline":"Assinada ordem de servi\u00e7o para asfaltamento de ruas da Vila S\u00e3o Jos\u00e9","datePublished":"2021-07-20T20:39:37+00:00","mainEntityOfPage":{"@id":"https:\/\/maranhaotv.com.br\/index.php\/2021\/07\/20\/assinada-ordem-de-servico-para-asfaltamento-de-ruas-da-vila-sao-jose\/"},"wordCount":350,"commentCount":0,"publisher":{"@id":"https:\/\/maranhaotv.com.br\/#organization"},"image":{"@id":"https:\/\/maranhaotv.com.br\/index.php\/2021\/07\/20\/assinada-ordem-de-servico-para-asfaltamento-de-ruas-da-vila-sao-jose\/#primaryimage"},"thumbnailUrl":"","articleSection":["not\u00edcias","pol\u00edtica"],"inLanguage":"pt-BR","potentialAction":[{"@type":"CommentAction","name":"Comment","target":["https:\/\/maranhaotv.com.br\/index.php\/2021\/07\/20\/assinada-ordem-de-servico-para-asfaltamento-de-ruas-da-vila-sao-jose\/#respond"]}]},{"@type":"WebPage","@id":"https:\/\/maranhaotv.com.br\/index.php\/2021\/07\/20\/assinada-ordem-de-servico-para-asfaltamento-de-ruas-da-vila-sao-jose\/","url":"https:\/\/maranhaotv.com.br\/index.php\/2021\/07\/20\/assinada-ordem-de-servico-para-asfaltamento-de-ruas-da-vila-sao-jose\/","name":"Assinada ordem de servi\u00e7o para asfaltamento de ruas da Vila S\u00e3o Jos\u00e9 - NOT\u00cdCIAS EM TEMPO REAL","isPartOf":{"@id":"https:\/\/maranhaotv.com.br\/#website"},"primaryImageOfPage":{"@id":"https:\/\/maranhaotv.com.br\/index.php\/2021\/07\/20\/assinada-ordem-de-servico-para-asfaltamento-de-ruas-da-vila-sao-jose\/#primaryimage"},"image":{"@id":"https:\/\/maranhaotv.com.br\/index.php\/2021\/07\/20\/assinada-ordem-de-servico-para-asfaltamento-de-ruas-da-vila-sao-jose\/#primaryimage"},"thumbnailUrl":"","datePublished":"2021-07-20T20:39:37+00:00","breadcrumb":{"@id":"https:\/\/maranhaotv.com.br\/index.php\/2021\/07\/20\/assinada-ordem-de-servico-para-asfaltamento-de-ruas-da-vila-sao-jose\/#breadcrumb"},"inLanguage":"pt-BR","potentialAction":[{"@type":"ReadAction","target":["https:\/\/maranhaotv.com.br\/index.php\/2021\/07\/20\/assinada-ordem-de-servico-para-asfaltamento-de-ruas-da-vila-sao-jose\/"]}]},{"@type":"ImageObject","inLanguage":"pt-BR","@id":"https:\/\/maranhaotv.com.br\/index.php\/2021\/07\/20\/assinada-ordem-de-servico-para-asfaltamento-de-ruas-da-vila-sao-jose\/#primaryimage","url":"","contentUrl":""},{"@type":"BreadcrumbList","@id":"https:\/\/maranhaotv.com.br\/index.php\/2021\/07\/20\/assinada-ordem-de-servico-para-asfaltamento-de-ruas-da-vila-sao-jose\/#breadcrumb","itemListElement":[{"@type":"ListItem","position":1,"name":"In\u00edcio","item":"https:\/\/maranhaotv.com.br\/"},{"@type":"ListItem","position":2,"name":"Assinada ordem de servi\u00e7o para asfaltamento de ruas da Vila S\u00e3o Jos\u00e9"}]},{"@type":"WebSite","@id":"https:\/\/maranhaotv.com.br\/#website","url":"https:\/\/maranhaotv.com.br\/","name":"Maranh\u00e3oTV","description":"","publisher":{"@id":"https:\/\/maranhaotv.com.br\/#organization"},"potentialAction":[{"@type":"SearchAction","target":{"@type":"EntryPoint","urlTemplate":"https:\/\/maranhaotv.com.br\/?s={search_term_string}"},"query-input":{"@type":"PropertyValueSpecification","valueRequired":true,"valueName":"search_term_string"}}],"inLanguage":"pt-BR"},{"@type":"Organization","@id":"https:\/\/maranhaotv.com.br\/#organization","name":"Portal de Not\u00edcias","url":"https:\/\/maranhaotv.com.br\/","logo":{"@type":"ImageObject","inLanguage":"pt-BR","@id":"https:\/\/maranhaotv.com.br\/#\/schema\/logo\/image\/","url":"https:\/\/maranhaotv.com.br\/wp-content\/uploads\/2024\/05\/cropped-cropped-avatar-1.png","contentUrl":"https:\/\/maranhaotv.com.br\/wp-content\/uploads\/2024\/05\/cropped-cropped-avatar-1.png","width":792,"height":428,"caption":"Portal de Not\u00edcias"},"image":{"@id":"https:\/\/maranhaotv.com.br\/#\/schema\/logo\/image\/"},"sameAs":["https:\/\/www.facebook.com\/maiobaotv","https:\/\/x.com\/sitemaranhaotv","https:\/\/www.instagram.com\/maranhao.tv","https:\/\/www.threads.net\/@maranhao.tv"]},{"@type":"Person","@id":"https:\/\/maranhaotv.com.br\/#\/schema\/person\/3d54238e86b20bb5c89ab2fdb8f8829a","name":"maranhaotv","image":{"@type":"ImageObject","inLanguage":"pt-BR","@id":"https:\/\/secure.gravatar.com\/avatar\/8fadbca458d4cb68b1dd399ae9a40618d747bb1af65ac9fad21c89220a143eb4?s=96&d=mm&r=g","url":"https:\/\/secure.gravatar.com\/avatar\/8fadbca458d4cb68b1dd399ae9a40618d747bb1af65ac9fad21c89220a143eb4?s=96&d=mm&r=g","contentUrl":"https:\/\/secure.gravatar.com\/avatar\/8fadbca458d4cb68b1dd399ae9a40618d747bb1af65ac9fad21c89220a143eb4?s=96&d=mm&r=g","caption":"maranhaotv"},"sameAs":["https:\/\/maranhaotv.com.br\/"],"url":"https:\/\/maranhaotv.com.br\/index.php\/author\/maranhaotv\/"}]}},"jetpack_featured_media_url":"","jetpack_sharing_enabled":true,"_links":{"self":[{"href":"https:\/\/maranhaotv.com.br\/index.php\/wp-json\/wp\/v2\/posts\/22608","targetHints":{"allow":["GET"]}}],"collection":[{"href":"https:\/\/maranhaotv.com.br\/index.php\/wp-json\/wp\/v2\/posts"}],"about":[{"href":"https:\/\/maranhaotv.com.br\/index.php\/wp-json\/wp\/v2\/types\/post"}],"author":[{"embeddable":true,"href":"https:\/\/maranhaotv.com.br\/index.php\/wp-json\/wp\/v2\/users\/2"}],"replies":[{"embeddable":true,"href":"https:\/\/maranhaotv.com.br\/index.php\/wp-json\/wp\/v2\/comments?post=22608"}],"version-history":[{"count":0,"href":"https:\/\/maranhaotv.com.br\/index.php\/wp-json\/wp\/v2\/posts\/22608\/revisions"}],"wp:featuredmedia":[{"embeddable":true,"href":"https:\/\/maranhaotv.com.br\/index.php\/wp-json\/"}],"wp:attachment":[{"href":"https:\/\/maranhaotv.com.br\/index.php\/wp-json\/wp\/v2\/media?parent=22608"}],"wp:term":[{"taxonomy":"category","embeddable":true,"href":"https:\/\/maranhaotv.com.br\/index.php\/wp-json\/wp\/v2\/categories?post=22608"},{"taxonomy":"post_tag","embeddable":true,"href":"https:\/\/maranhaotv.com.br\/index.php\/wp-json\/wp\/v2\/tags?post=22608"}],"curies":[{"name":"wp","href":"https:\/\/api.w.org\/{rel}","templated":true}]}}