{"id":22623,"date":"2021-07-20T21:49:44","date_gmt":"2021-07-21T00:49:44","guid":{"rendered":"https:\/\/maranhaotv.com.br\/?p=22623"},"modified":"2021-07-20T21:49:44","modified_gmt":"2021-07-21T00:49:44","slug":"governo-do-maranhao-cumpre-agenda-de-entrega-e-anuncio-de-obras-educacionais-no-sul-do-estado","status":"publish","type":"post","link":"https:\/\/maranhaotv.com.br\/index.php\/2021\/07\/20\/governo-do-maranhao-cumpre-agenda-de-entrega-e-anuncio-de-obras-educacionais-no-sul-do-estado\/","title":{"rendered":"Governo do Maranh\u00e3o cumpre agenda de entrega e an\u00fancio de obras educacionais no Sul do estado"},"content":{"rendered":"\n<p>O Governo do Maranh\u00e3o segue avan\u00e7ando com a\u00e7\u00f5es no \u00e2mbito do Programa Escola Digna. Nesta ter\u00e7a-feira (20), foi a vez dos munic\u00edpios de Alto do Parna\u00edba e Tasso Fragoso receberem a comitiva para a entrega e an\u00fancio de novas obras educacionais.<br \/>Em Alto Parna\u00edba, o Governo entregou a nova e completa Quadra Poliesportiva Jucimar Alves, espa\u00e7o esportivo que agora conta com ampla \u00e1rea de lazer, arquibancadas cobertas, al\u00e9m de vesti\u00e1rios masculino e feminino, garantindo mais conforto e seguran\u00e7a para a pr\u00e1tica esportiva dos alto-parnaibanos.\u201cGostei porque fica melhor \u2018pra\u2019 gente, at\u00e9 porque antes tinham v\u00e1rios malandros aqui e n\u00e3o dava \u2018pra\u2019 gente jogar bola. Agora com essa seguran\u00e7a toda aqui, d\u00e1 \u2018pra\u2019 gente fazer nossas atividades esportivas. Agora tem banheiros! Est\u00e1 cercada, boa e bonita!\u201d, disse o morador Pedro Paulo. Ele em 15 anos e revelou estar contente pelo novo e digno espa\u00e7o que a comunidade recebeu.<br \/>Os secret\u00e1rios de Estado da Educa\u00e7\u00e3o (Seduc), Felipe Camar\u00e3o; e de Desenvolvimento Social (Sedes), M\u00e1rcio Honaiser, representaram o Governo do Maranh\u00e3o durante as agendas na regi\u00e3o Sul do estado. Em 2020 o \u2018Escola Digna\u2019 j\u00e1 havia entregue \u00e0 comunidade de Alto Parna\u00edba a entrega da reforma completa do Centro de Ensino Vitorino Freire e durante a sua fala o secret\u00e1rio da Seduc destacou o retorno ao munic\u00edpio para entregar mais essa importante obra.<\/p>\n\n\n\n<p>\u201cTenho a honra de hoje visitar a escola [CE Vitorino Freire] complemente reconstru\u00edda e climatizada, inclusive com uma quadra poliesportiva digna para os estudantes de Alto Parna\u00edba. Agora, retorno aqui para tamb\u00e9m com alegria entregar essa obra, em parceria com a Prefeitura Municipal, destinando os recursos para a constru\u00e7\u00e3o dessa obra em nome do governo Fl\u00e1vio Dino. Essa quadra que \u00e9 o primeiro gin\u00e1sio poliesportivo coberto da cidade\u201d, enfatizou Felipe Camar\u00e3o.<\/p>\n\n\n\n<p>Constru\u00edda por meio da parceria entre Seduc, Sedes e Prefeitura Municipal de Alto Parna\u00edba, a obra recebeu investimentos da ordem de R$378.905,55 (trezentos e setenta e oito mil, novecentos e cinco reais e cinquenta e cinco centavos), e leva o nome de um dos principais esportistas da cidade, o atleta \u2018Jucimar Alves\u2019. Presente \u00e0 entrega, Jahd Alves, filha do esportista, agradeceu pela homenagem.<\/p>\n\n\n\n<p>\u201cToda a fam\u00edlia est\u00e1 muito feliz! Hoje faz 30 anos que ele morreu e n\u00f3s queremos agradecer profundamente por essa homenagem, depois de tanto tempo do falecimento dele. E agora, com essa lembran\u00e7a, ele ficar\u00e1 para sempre, na quadra mais importante da cidade\u201d, disse Jahd Alves.<\/p>\n\n\n\n<p>\u201cQuero aproveitar a oportunidade para mandar um abra\u00e7o para o nosso governador Fl\u00e1vio Dino. Ele e os nossos secret\u00e1rios Felipe Camar\u00e3o e M\u00e1rcio Honaiser n\u00e3o mediram esfor\u00e7os para liberar o recurso para essa obra e t\u00eam sido grandes parceiros de Alto Parna\u00edba. Para n\u00f3s \u00e9 um motivo de muita alegria, hoje, contarmos com essa bela obra que est\u00e1 sendo entregue\u201d, refor\u00e7ou o prefeito de Alto Parna\u00edba, Itamar Vieira.<\/p>\n\n\n\n<p>Cabe destacar que, ainda em Alto Parna\u00edba, a Seduc entregou aos estudantes da rede municipal de ensino, kits escolares e liter\u00e1rios contendo mais de 3000 itens para alunos e 700 livros, sendo 600 exemplares de literatura brasileira e 100 da literatura maranhense, aproximadamente.<\/p>\n\n\n\n<p>\u201cTamb\u00e9m entregamos aqui kits liter\u00e1rios e kits para os estudantes da rede municipal, contendo mais de 3000 itens. Ou seja, \u00e9 Governo do Estado ajudando a Prefeitura Municipal a desenvolver a educa\u00e7\u00e3o. Esta \u00e9 a miss\u00e3o do Governo Fl\u00e1vio Dino! \u00c9 a miss\u00e3o do Escola Digna!\u201d, destacou Felipe Camar\u00e3o.<\/p>\n\n\n\n<p>Novo Farol do Saber em Tasso Fragoso<\/p>\n\n\n\n<p>Em Tasso Fragoso, o secret\u00e1rio da Seduc, Felipe Camar\u00e3o, assinou Ordem de Servi\u00e7o para a constru\u00e7\u00e3o de um Farol do Saber no munic\u00edpio.<\/p>\n\n\n\n<p>\u201cSeguindo a agenda no Sul do Maranh\u00e3o \u2013 representando o governador Fl\u00e1vio Dino, estamos em Tasso Fragoso, para assinar a Ordem de Servi\u00e7o da constru\u00e7\u00e3o do Farol do Saber da cidade. Mais uma biblioteca p\u00fablica para o estado do Maranh\u00e3o! Muito em breve voltarei, para mais essa importante entrega do Escola Digna. Aproveitando, visitei a nossa escola estadual [CE En\u00e9as Maia Filho], que foi completamente reformada e climatizada. Mais uma Escola Digna entregue pelo Governo Fl\u00e1vio Dino no in\u00edcio deste ano\u201d, expressou Felipe Camar\u00e3o.<\/p>\n\n\n\n<p>A constru\u00e7\u00e3o do novo Farol do Saber tem previs\u00e3o para ser conclu\u00edda em 90 dias e \u00e9 fruto de uma emenda parlamentar do deputado estadual e secret\u00e1rio da Sedes, M\u00e1rcio Honaiser, em parceria com a Seduc. A obra recebe recursos do Tesouro Estadual, da ordem de mais de R$ 300mil.<\/p>\n\n\n\n<p>\u201cFizemos aqui a Ordem de Servi\u00e7o do Farol do Saber de Tasso Fragoso, este equipamento que a cidade n\u00e3o possu\u00eda e que agora, at\u00e9 o final do ano, estar\u00e1 recebendo para \u2013 como o nome j\u00e1 diz \u2013 trazer conhecimento e sabedoria. \u00c9 um local de estudo, de aprofundamento e uma biblioteca p\u00fablica que vai servir a toda a comunidade aqui de Tasso Fragoso\u201d, enfatizou M\u00e1rcio Honaiser.<\/p>\n\n\n\n<p>Tamb\u00e9m presente ao evento de assinatura da Ordem de Servi\u00e7o, o prefeito de Tasso Fragoso, Roberth Coelho, pontuou as a\u00e7\u00f5es do Governo do Estado em parceria com a Prefeitura Municipal que t\u00eam alavancado a melhoria da qualidade de vida dos tassofragossenses.<\/p>\n\n\n\n<p>\u201cGra\u00e7as a Deus estamos sempre conseguindo essa parceria com o Governo do Estado para a melhoria de Tasso Fragoso. N\u00f3s t\u00ednhamos uma car\u00eancia muito grande na infraestrutura, na educa\u00e7\u00e3o, na sa\u00fade e em todas essas \u00e1reas a gente sempre tem tido o apoio do Governo do Maranh\u00e3o. Isso tem sido de suma import\u00e2ncia para os avan\u00e7os da nossa cidade\u201d, afirmou Roberth Coelho.<\/p>\n\n\n\n<p>\u201cA constru\u00e7\u00e3o do Farol do Saber em nossa cidade vai ser de suma import\u00e2ncia, n\u00e3o s\u00f3 para n\u00f3s estudantes do CE En\u00e9as Maia Filho, como para toda a rede de ensino de Tasso Fragoso e tamb\u00e9m para os leitores em geral, pois ser\u00e1 um lugar reservado e muito bem adaptado para todos n\u00f3s. Quero, com alegria, agradecer ao governador Fl\u00e1vio Dino e ao secret\u00e1rio de Educa\u00e7\u00e3o Felipe Camar\u00e3o\u201d, disse a estudante da rede p\u00fablica estadual, L\u00e1ila Sousa Lima.<\/p>\n\n\n\n<p>\u201cA obra de constru\u00e7\u00e3o do Farol do Saber \u00e9 de fundamental import\u00e2ncia para a comunidade Tasso Fragoso. Pois, \u00e9 onde os jovens ter\u00e3o acesso \u00e0s obras liter\u00e1rias e Tasso Fragoso estava precisando de uma obra de tamanha import\u00e2ncia, que foi nos presenteada pelo nosso governador Fl\u00e1vio Dino, por meio do secret\u00e1rio de Educa\u00e7\u00e3o Felipe Camar\u00e3o e Tasso Fragoso s\u00f3 tem a agradecer. A educa\u00e7\u00e3o est\u00e1 tomando novos rumos com a administra\u00e7\u00e3o de Fl\u00e1vio Dino. A educa\u00e7\u00e3o do Maranh\u00e3o est\u00e1 se desenvolvendo e est\u00e1 em destaque a n\u00edvel nacional e essa obra s\u00f3 mostra a responsabilidade e o compromisso que o nosso governador e o nosso secret\u00e1rio de Estado t\u00eam para com a educa\u00e7\u00e3o maranhense\u201d, concluiu Pl\u00e1cido Gomes Alves, gestor geral do CE Eneas Maia Filho.<\/p>\n\n\n\n<figure class=\"wp-block-gallery columns-3 is-cropped wp-block-gallery-1 is-layout-flex wp-block-gallery-is-layout-flex\"><ul class=\"blocks-gallery-grid\"><li class=\"blocks-gallery-item\"><figure><img decoding=\"async\" src=\"https:\/\/maranhaotv.com.br\/wp-content\/uploads\/2021\/07\/IMG-20210720-WA0812.jpg\" data-id=\"22618\" class=\"wp-image-22618\"\/><\/figure><\/li><li class=\"blocks-gallery-item\"><figure><img decoding=\"async\" src=\"https:\/\/maranhaotv.com.br\/wp-content\/uploads\/2021\/07\/IMG-20210720-WA0815.jpg\" data-id=\"22621\" class=\"wp-image-22621\"\/><\/figure><\/li><li class=\"blocks-gallery-item\"><figure><img decoding=\"async\" src=\"https:\/\/maranhaotv.com.br\/wp-content\/uploads\/2021\/07\/IMG-20210720-WA0810.jpg\" data-id=\"22620\" class=\"wp-image-22620\"\/><\/figure><\/li><li class=\"blocks-gallery-item\"><figure><img decoding=\"async\" src=\"https:\/\/maranhaotv.com.br\/wp-content\/uploads\/2021\/07\/IMG-20210720-WA0811.jpg\" data-id=\"22619\" class=\"wp-image-22619\"\/><\/figure><\/li><li class=\"blocks-gallery-item\"><figure><img decoding=\"async\" src=\"https:\/\/maranhaotv.com.br\/wp-content\/uploads\/2021\/07\/IMG-20210720-WA0813.jpg\" data-id=\"22617\" class=\"wp-image-22617\"\/><\/figure><\/li><\/ul><\/figure>\n","protected":false},"excerpt":{"rendered":"<p>O Governo do Maranh\u00e3o segue avan\u00e7ando com a\u00e7\u00f5es no \u00e2mbito do Programa Escola Digna. Nesta ter\u00e7a-feira (20), foi a vez<\/p>\n","protected":false},"author":2,"featured_media":22622,"comment_status":"open","ping_status":"open","sticky":false,"template":"","format":"standard","meta":{"colormag_page_container_layout":"default_layout","colormag_page_sidebar_layout":"default_layout","_jetpack_memberships_contains_paid_content":false,"footnotes":""},"categories":[2,6],"tags":[352],"class_list":["post-22623","post","type-post","status-publish","format-standard","has-post-thumbnail","hentry","category-noticias","category-politica","tag-felipe-camarao"],"magazineBlocksPostFeaturedMedia":{"thumbnail":false,"medium":false,"medium_large":false,"large":false,"1536x1536":false,"2048x2048":false,"colormag-highlighted-post":false,"colormag-featured-post-medium":false,"colormag-featured-post-small":false,"colormag-featured-image":false,"colormag-default-news":false,"colormag-featured-image-large":false},"magazineBlocksPostAuthor":{"name":"maranhaotv","avatar":"https:\/\/secure.gravatar.com\/avatar\/8fadbca458d4cb68b1dd399ae9a40618d747bb1af65ac9fad21c89220a143eb4?s=96&d=mm&r=g"},"magazineBlocksPostCommentsNumber":"0","magazineBlocksPostExcerpt":"O Governo do Maranh\u00e3o segue avan\u00e7ando com a\u00e7\u00f5es no \u00e2mbito do Programa Escola Digna. Nesta ter\u00e7a-feira (20), foi a vez","magazineBlocksPostCategories":["not\u00edcias","pol\u00edtica"],"magazineBlocksPostViewCount":191,"magazineBlocksPostReadTime":7,"magazine_blocks_featured_image_url":{"full":false,"medium":false,"thumbnail":false},"magazine_blocks_author":{"display_name":"maranhaotv","author_link":"https:\/\/maranhaotv.com.br\/index.php\/author\/maranhaotv\/"},"magazine_blocks_comment":0,"magazine_blocks_author_image":"https:\/\/secure.gravatar.com\/avatar\/8fadbca458d4cb68b1dd399ae9a40618d747bb1af65ac9fad21c89220a143eb4?s=96&d=mm&r=g","magazine_blocks_category":"<a href=\"#\" class=\"category-link category-link-2\">not\u00edcias<\/a> <a href=\"#\" class=\"category-link category-link-6\">pol\u00edtica<\/a>","yoast_head":"<!-- This site is optimized with the Yoast SEO plugin v27.4 - https:\/\/yoast.com\/product\/yoast-seo-wordpress\/ -->\n<title>Governo do Maranh\u00e3o cumpre agenda de entrega e an\u00fancio de obras educacionais no Sul do estado - NOT\u00cdCIAS EM TEMPO REAL<\/title>\n<meta name=\"robots\" content=\"index, follow, max-snippet:-1, max-image-preview:large, max-video-preview:-1\" \/>\n<link rel=\"canonical\" href=\"https:\/\/maranhaotv.com.br\/index.php\/2021\/07\/20\/governo-do-maranhao-cumpre-agenda-de-entrega-e-anuncio-de-obras-educacionais-no-sul-do-estado\/\" \/>\n<meta property=\"og:locale\" content=\"pt_BR\" \/>\n<meta property=\"og:type\" content=\"article\" \/>\n<meta property=\"og:title\" content=\"Governo do Maranh\u00e3o cumpre agenda de entrega e an\u00fancio de obras educacionais no Sul do estado - NOT\u00cdCIAS EM TEMPO REAL\" \/>\n<meta property=\"og:description\" content=\"O Governo do Maranh\u00e3o segue avan\u00e7ando com a\u00e7\u00f5es no \u00e2mbito do Programa Escola Digna. Nesta ter\u00e7a-feira (20), foi a vez\" \/>\n<meta property=\"og:url\" content=\"https:\/\/maranhaotv.com.br\/index.php\/2021\/07\/20\/governo-do-maranhao-cumpre-agenda-de-entrega-e-anuncio-de-obras-educacionais-no-sul-do-estado\/\" \/>\n<meta property=\"og:site_name\" content=\"NOT\u00cdCIAS EM TEMPO REAL\" \/>\n<meta property=\"article:publisher\" content=\"https:\/\/www.facebook.com\/maiobaotv\" \/>\n<meta property=\"article:published_time\" content=\"2021-07-21T00:49:44+00:00\" \/>\n<meta name=\"author\" content=\"maranhaotv\" \/>\n<meta name=\"twitter:card\" content=\"summary_large_image\" \/>\n<meta name=\"twitter:creator\" content=\"@sitemaranhaotv\" \/>\n<meta name=\"twitter:site\" content=\"@sitemaranhaotv\" \/>\n<meta name=\"twitter:label1\" content=\"Escrito por\" \/>\n\t<meta name=\"twitter:data1\" content=\"maranhaotv\" \/>\n\t<meta name=\"twitter:label2\" content=\"Est. tempo de leitura\" \/>\n\t<meta name=\"twitter:data2\" content=\"6 minutos\" \/>\n<script type=\"application\/ld+json\" class=\"yoast-schema-graph\">{\"@context\":\"https:\\\/\\\/schema.org\",\"@graph\":[{\"@type\":\"Article\",\"@id\":\"https:\\\/\\\/maranhaotv.com.br\\\/index.php\\\/2021\\\/07\\\/20\\\/governo-do-maranhao-cumpre-agenda-de-entrega-e-anuncio-de-obras-educacionais-no-sul-do-estado\\\/#article\",\"isPartOf\":{\"@id\":\"https:\\\/\\\/maranhaotv.com.br\\\/index.php\\\/2021\\\/07\\\/20\\\/governo-do-maranhao-cumpre-agenda-de-entrega-e-anuncio-de-obras-educacionais-no-sul-do-estado\\\/\"},\"author\":{\"name\":\"maranhaotv\",\"@id\":\"https:\\\/\\\/maranhaotv.com.br\\\/#\\\/schema\\\/person\\\/3d54238e86b20bb5c89ab2fdb8f8829a\"},\"headline\":\"Governo do Maranh\u00e3o cumpre agenda de entrega e an\u00fancio de obras educacionais no Sul do estado\",\"datePublished\":\"2021-07-21T00:49:44+00:00\",\"mainEntityOfPage\":{\"@id\":\"https:\\\/\\\/maranhaotv.com.br\\\/index.php\\\/2021\\\/07\\\/20\\\/governo-do-maranhao-cumpre-agenda-de-entrega-e-anuncio-de-obras-educacionais-no-sul-do-estado\\\/\"},\"wordCount\":1220,\"commentCount\":0,\"publisher\":{\"@id\":\"https:\\\/\\\/maranhaotv.com.br\\\/#organization\"},\"image\":{\"@id\":\"https:\\\/\\\/maranhaotv.com.br\\\/index.php\\\/2021\\\/07\\\/20\\\/governo-do-maranhao-cumpre-agenda-de-entrega-e-anuncio-de-obras-educacionais-no-sul-do-estado\\\/#primaryimage\"},\"thumbnailUrl\":\"\",\"keywords\":[\"Felipe Camar\u00e3o\"],\"articleSection\":[\"not\u00edcias\",\"pol\u00edtica\"],\"inLanguage\":\"pt-BR\",\"potentialAction\":[{\"@type\":\"CommentAction\",\"name\":\"Comment\",\"target\":[\"https:\\\/\\\/maranhaotv.com.br\\\/index.php\\\/2021\\\/07\\\/20\\\/governo-do-maranhao-cumpre-agenda-de-entrega-e-anuncio-de-obras-educacionais-no-sul-do-estado\\\/#respond\"]}]},{\"@type\":\"WebPage\",\"@id\":\"https:\\\/\\\/maranhaotv.com.br\\\/index.php\\\/2021\\\/07\\\/20\\\/governo-do-maranhao-cumpre-agenda-de-entrega-e-anuncio-de-obras-educacionais-no-sul-do-estado\\\/\",\"url\":\"https:\\\/\\\/maranhaotv.com.br\\\/index.php\\\/2021\\\/07\\\/20\\\/governo-do-maranhao-cumpre-agenda-de-entrega-e-anuncio-de-obras-educacionais-no-sul-do-estado\\\/\",\"name\":\"Governo do Maranh\u00e3o cumpre agenda de entrega e an\u00fancio de obras educacionais no Sul do estado - NOT\u00cdCIAS EM TEMPO REAL\",\"isPartOf\":{\"@id\":\"https:\\\/\\\/maranhaotv.com.br\\\/#website\"},\"primaryImageOfPage\":{\"@id\":\"https:\\\/\\\/maranhaotv.com.br\\\/index.php\\\/2021\\\/07\\\/20\\\/governo-do-maranhao-cumpre-agenda-de-entrega-e-anuncio-de-obras-educacionais-no-sul-do-estado\\\/#primaryimage\"},\"image\":{\"@id\":\"https:\\\/\\\/maranhaotv.com.br\\\/index.php\\\/2021\\\/07\\\/20\\\/governo-do-maranhao-cumpre-agenda-de-entrega-e-anuncio-de-obras-educacionais-no-sul-do-estado\\\/#primaryimage\"},\"thumbnailUrl\":\"\",\"datePublished\":\"2021-07-21T00:49:44+00:00\",\"breadcrumb\":{\"@id\":\"https:\\\/\\\/maranhaotv.com.br\\\/index.php\\\/2021\\\/07\\\/20\\\/governo-do-maranhao-cumpre-agenda-de-entrega-e-anuncio-de-obras-educacionais-no-sul-do-estado\\\/#breadcrumb\"},\"inLanguage\":\"pt-BR\",\"potentialAction\":[{\"@type\":\"ReadAction\",\"target\":[\"https:\\\/\\\/maranhaotv.com.br\\\/index.php\\\/2021\\\/07\\\/20\\\/governo-do-maranhao-cumpre-agenda-de-entrega-e-anuncio-de-obras-educacionais-no-sul-do-estado\\\/\"]}]},{\"@type\":\"ImageObject\",\"inLanguage\":\"pt-BR\",\"@id\":\"https:\\\/\\\/maranhaotv.com.br\\\/index.php\\\/2021\\\/07\\\/20\\\/governo-do-maranhao-cumpre-agenda-de-entrega-e-anuncio-de-obras-educacionais-no-sul-do-estado\\\/#primaryimage\",\"url\":\"\",\"contentUrl\":\"\"},{\"@type\":\"BreadcrumbList\",\"@id\":\"https:\\\/\\\/maranhaotv.com.br\\\/index.php\\\/2021\\\/07\\\/20\\\/governo-do-maranhao-cumpre-agenda-de-entrega-e-anuncio-de-obras-educacionais-no-sul-do-estado\\\/#breadcrumb\",\"itemListElement\":[{\"@type\":\"ListItem\",\"position\":1,\"name\":\"In\u00edcio\",\"item\":\"https:\\\/\\\/maranhaotv.com.br\\\/\"},{\"@type\":\"ListItem\",\"position\":2,\"name\":\"Governo do Maranh\u00e3o cumpre agenda de entrega e an\u00fancio de obras educacionais no Sul do estado\"}]},{\"@type\":\"WebSite\",\"@id\":\"https:\\\/\\\/maranhaotv.com.br\\\/#website\",\"url\":\"https:\\\/\\\/maranhaotv.com.br\\\/\",\"name\":\"Maranh\u00e3oTV\",\"description\":\"\",\"publisher\":{\"@id\":\"https:\\\/\\\/maranhaotv.com.br\\\/#organization\"},\"potentialAction\":[{\"@type\":\"SearchAction\",\"target\":{\"@type\":\"EntryPoint\",\"urlTemplate\":\"https:\\\/\\\/maranhaotv.com.br\\\/?s={search_term_string}\"},\"query-input\":{\"@type\":\"PropertyValueSpecification\",\"valueRequired\":true,\"valueName\":\"search_term_string\"}}],\"inLanguage\":\"pt-BR\"},{\"@type\":\"Organization\",\"@id\":\"https:\\\/\\\/maranhaotv.com.br\\\/#organization\",\"name\":\"Portal de Not\u00edcias\",\"url\":\"https:\\\/\\\/maranhaotv.com.br\\\/\",\"logo\":{\"@type\":\"ImageObject\",\"inLanguage\":\"pt-BR\",\"@id\":\"https:\\\/\\\/maranhaotv.com.br\\\/#\\\/schema\\\/logo\\\/image\\\/\",\"url\":\"https:\\\/\\\/maranhaotv.com.br\\\/wp-content\\\/uploads\\\/2024\\\/05\\\/cropped-cropped-avatar-1.png\",\"contentUrl\":\"https:\\\/\\\/maranhaotv.com.br\\\/wp-content\\\/uploads\\\/2024\\\/05\\\/cropped-cropped-avatar-1.png\",\"width\":792,\"height\":428,\"caption\":\"Portal de Not\u00edcias\"},\"image\":{\"@id\":\"https:\\\/\\\/maranhaotv.com.br\\\/#\\\/schema\\\/logo\\\/image\\\/\"},\"sameAs\":[\"https:\\\/\\\/www.facebook.com\\\/maiobaotv\",\"https:\\\/\\\/x.com\\\/sitemaranhaotv\",\"https:\\\/\\\/www.instagram.com\\\/maranhao.tv\",\"https:\\\/\\\/www.threads.net\\\/@maranhao.tv\"]},{\"@type\":\"Person\",\"@id\":\"https:\\\/\\\/maranhaotv.com.br\\\/#\\\/schema\\\/person\\\/3d54238e86b20bb5c89ab2fdb8f8829a\",\"name\":\"maranhaotv\",\"image\":{\"@type\":\"ImageObject\",\"inLanguage\":\"pt-BR\",\"@id\":\"https:\\\/\\\/secure.gravatar.com\\\/avatar\\\/8fadbca458d4cb68b1dd399ae9a40618d747bb1af65ac9fad21c89220a143eb4?s=96&d=mm&r=g\",\"url\":\"https:\\\/\\\/secure.gravatar.com\\\/avatar\\\/8fadbca458d4cb68b1dd399ae9a40618d747bb1af65ac9fad21c89220a143eb4?s=96&d=mm&r=g\",\"contentUrl\":\"https:\\\/\\\/secure.gravatar.com\\\/avatar\\\/8fadbca458d4cb68b1dd399ae9a40618d747bb1af65ac9fad21c89220a143eb4?s=96&d=mm&r=g\",\"caption\":\"maranhaotv\"},\"sameAs\":[\"https:\\\/\\\/maranhaotv.com.br\\\/\"],\"url\":\"https:\\\/\\\/maranhaotv.com.br\\\/index.php\\\/author\\\/maranhaotv\\\/\"}]}<\/script>\n<!-- \/ Yoast SEO plugin. -->","yoast_head_json":{"title":"Governo do Maranh\u00e3o cumpre agenda de entrega e an\u00fancio de obras educacionais no Sul do estado - NOT\u00cdCIAS EM TEMPO REAL","robots":{"index":"index","follow":"follow","max-snippet":"max-snippet:-1","max-image-preview":"max-image-preview:large","max-video-preview":"max-video-preview:-1"},"canonical":"https:\/\/maranhaotv.com.br\/index.php\/2021\/07\/20\/governo-do-maranhao-cumpre-agenda-de-entrega-e-anuncio-de-obras-educacionais-no-sul-do-estado\/","og_locale":"pt_BR","og_type":"article","og_title":"Governo do Maranh\u00e3o cumpre agenda de entrega e an\u00fancio de obras educacionais no Sul do estado - NOT\u00cdCIAS EM TEMPO REAL","og_description":"O Governo do Maranh\u00e3o segue avan\u00e7ando com a\u00e7\u00f5es no \u00e2mbito do Programa Escola Digna. Nesta ter\u00e7a-feira (20), foi a vez","og_url":"https:\/\/maranhaotv.com.br\/index.php\/2021\/07\/20\/governo-do-maranhao-cumpre-agenda-de-entrega-e-anuncio-de-obras-educacionais-no-sul-do-estado\/","og_site_name":"NOT\u00cdCIAS EM TEMPO REAL","article_publisher":"https:\/\/www.facebook.com\/maiobaotv","article_published_time":"2021-07-21T00:49:44+00:00","author":"maranhaotv","twitter_card":"summary_large_image","twitter_creator":"@sitemaranhaotv","twitter_site":"@sitemaranhaotv","twitter_misc":{"Escrito por":"maranhaotv","Est. tempo de leitura":"6 minutos"},"schema":{"@context":"https:\/\/schema.org","@graph":[{"@type":"Article","@id":"https:\/\/maranhaotv.com.br\/index.php\/2021\/07\/20\/governo-do-maranhao-cumpre-agenda-de-entrega-e-anuncio-de-obras-educacionais-no-sul-do-estado\/#article","isPartOf":{"@id":"https:\/\/maranhaotv.com.br\/index.php\/2021\/07\/20\/governo-do-maranhao-cumpre-agenda-de-entrega-e-anuncio-de-obras-educacionais-no-sul-do-estado\/"},"author":{"name":"maranhaotv","@id":"https:\/\/maranhaotv.com.br\/#\/schema\/person\/3d54238e86b20bb5c89ab2fdb8f8829a"},"headline":"Governo do Maranh\u00e3o cumpre agenda de entrega e an\u00fancio de obras educacionais no Sul do estado","datePublished":"2021-07-21T00:49:44+00:00","mainEntityOfPage":{"@id":"https:\/\/maranhaotv.com.br\/index.php\/2021\/07\/20\/governo-do-maranhao-cumpre-agenda-de-entrega-e-anuncio-de-obras-educacionais-no-sul-do-estado\/"},"wordCount":1220,"commentCount":0,"publisher":{"@id":"https:\/\/maranhaotv.com.br\/#organization"},"image":{"@id":"https:\/\/maranhaotv.com.br\/index.php\/2021\/07\/20\/governo-do-maranhao-cumpre-agenda-de-entrega-e-anuncio-de-obras-educacionais-no-sul-do-estado\/#primaryimage"},"thumbnailUrl":"","keywords":["Felipe Camar\u00e3o"],"articleSection":["not\u00edcias","pol\u00edtica"],"inLanguage":"pt-BR","potentialAction":[{"@type":"CommentAction","name":"Comment","target":["https:\/\/maranhaotv.com.br\/index.php\/2021\/07\/20\/governo-do-maranhao-cumpre-agenda-de-entrega-e-anuncio-de-obras-educacionais-no-sul-do-estado\/#respond"]}]},{"@type":"WebPage","@id":"https:\/\/maranhaotv.com.br\/index.php\/2021\/07\/20\/governo-do-maranhao-cumpre-agenda-de-entrega-e-anuncio-de-obras-educacionais-no-sul-do-estado\/","url":"https:\/\/maranhaotv.com.br\/index.php\/2021\/07\/20\/governo-do-maranhao-cumpre-agenda-de-entrega-e-anuncio-de-obras-educacionais-no-sul-do-estado\/","name":"Governo do Maranh\u00e3o cumpre agenda de entrega e an\u00fancio de obras educacionais no Sul do estado - NOT\u00cdCIAS EM TEMPO REAL","isPartOf":{"@id":"https:\/\/maranhaotv.com.br\/#website"},"primaryImageOfPage":{"@id":"https:\/\/maranhaotv.com.br\/index.php\/2021\/07\/20\/governo-do-maranhao-cumpre-agenda-de-entrega-e-anuncio-de-obras-educacionais-no-sul-do-estado\/#primaryimage"},"image":{"@id":"https:\/\/maranhaotv.com.br\/index.php\/2021\/07\/20\/governo-do-maranhao-cumpre-agenda-de-entrega-e-anuncio-de-obras-educacionais-no-sul-do-estado\/#primaryimage"},"thumbnailUrl":"","datePublished":"2021-07-21T00:49:44+00:00","breadcrumb":{"@id":"https:\/\/maranhaotv.com.br\/index.php\/2021\/07\/20\/governo-do-maranhao-cumpre-agenda-de-entrega-e-anuncio-de-obras-educacionais-no-sul-do-estado\/#breadcrumb"},"inLanguage":"pt-BR","potentialAction":[{"@type":"ReadAction","target":["https:\/\/maranhaotv.com.br\/index.php\/2021\/07\/20\/governo-do-maranhao-cumpre-agenda-de-entrega-e-anuncio-de-obras-educacionais-no-sul-do-estado\/"]}]},{"@type":"ImageObject","inLanguage":"pt-BR","@id":"https:\/\/maranhaotv.com.br\/index.php\/2021\/07\/20\/governo-do-maranhao-cumpre-agenda-de-entrega-e-anuncio-de-obras-educacionais-no-sul-do-estado\/#primaryimage","url":"","contentUrl":""},{"@type":"BreadcrumbList","@id":"https:\/\/maranhaotv.com.br\/index.php\/2021\/07\/20\/governo-do-maranhao-cumpre-agenda-de-entrega-e-anuncio-de-obras-educacionais-no-sul-do-estado\/#breadcrumb","itemListElement":[{"@type":"ListItem","position":1,"name":"In\u00edcio","item":"https:\/\/maranhaotv.com.br\/"},{"@type":"ListItem","position":2,"name":"Governo do Maranh\u00e3o cumpre agenda de entrega e an\u00fancio de obras educacionais no Sul do estado"}]},{"@type":"WebSite","@id":"https:\/\/maranhaotv.com.br\/#website","url":"https:\/\/maranhaotv.com.br\/","name":"Maranh\u00e3oTV","description":"","publisher":{"@id":"https:\/\/maranhaotv.com.br\/#organization"},"potentialAction":[{"@type":"SearchAction","target":{"@type":"EntryPoint","urlTemplate":"https:\/\/maranhaotv.com.br\/?s={search_term_string}"},"query-input":{"@type":"PropertyValueSpecification","valueRequired":true,"valueName":"search_term_string"}}],"inLanguage":"pt-BR"},{"@type":"Organization","@id":"https:\/\/maranhaotv.com.br\/#organization","name":"Portal de Not\u00edcias","url":"https:\/\/maranhaotv.com.br\/","logo":{"@type":"ImageObject","inLanguage":"pt-BR","@id":"https:\/\/maranhaotv.com.br\/#\/schema\/logo\/image\/","url":"https:\/\/maranhaotv.com.br\/wp-content\/uploads\/2024\/05\/cropped-cropped-avatar-1.png","contentUrl":"https:\/\/maranhaotv.com.br\/wp-content\/uploads\/2024\/05\/cropped-cropped-avatar-1.png","width":792,"height":428,"caption":"Portal de Not\u00edcias"},"image":{"@id":"https:\/\/maranhaotv.com.br\/#\/schema\/logo\/image\/"},"sameAs":["https:\/\/www.facebook.com\/maiobaotv","https:\/\/x.com\/sitemaranhaotv","https:\/\/www.instagram.com\/maranhao.tv","https:\/\/www.threads.net\/@maranhao.tv"]},{"@type":"Person","@id":"https:\/\/maranhaotv.com.br\/#\/schema\/person\/3d54238e86b20bb5c89ab2fdb8f8829a","name":"maranhaotv","image":{"@type":"ImageObject","inLanguage":"pt-BR","@id":"https:\/\/secure.gravatar.com\/avatar\/8fadbca458d4cb68b1dd399ae9a40618d747bb1af65ac9fad21c89220a143eb4?s=96&d=mm&r=g","url":"https:\/\/secure.gravatar.com\/avatar\/8fadbca458d4cb68b1dd399ae9a40618d747bb1af65ac9fad21c89220a143eb4?s=96&d=mm&r=g","contentUrl":"https:\/\/secure.gravatar.com\/avatar\/8fadbca458d4cb68b1dd399ae9a40618d747bb1af65ac9fad21c89220a143eb4?s=96&d=mm&r=g","caption":"maranhaotv"},"sameAs":["https:\/\/maranhaotv.com.br\/"],"url":"https:\/\/maranhaotv.com.br\/index.php\/author\/maranhaotv\/"}]}},"jetpack_featured_media_url":"","jetpack_sharing_enabled":true,"_links":{"self":[{"href":"https:\/\/maranhaotv.com.br\/index.php\/wp-json\/wp\/v2\/posts\/22623","targetHints":{"allow":["GET"]}}],"collection":[{"href":"https:\/\/maranhaotv.com.br\/index.php\/wp-json\/wp\/v2\/posts"}],"about":[{"href":"https:\/\/maranhaotv.com.br\/index.php\/wp-json\/wp\/v2\/types\/post"}],"author":[{"embeddable":true,"href":"https:\/\/maranhaotv.com.br\/index.php\/wp-json\/wp\/v2\/users\/2"}],"replies":[{"embeddable":true,"href":"https:\/\/maranhaotv.com.br\/index.php\/wp-json\/wp\/v2\/comments?post=22623"}],"version-history":[{"count":0,"href":"https:\/\/maranhaotv.com.br\/index.php\/wp-json\/wp\/v2\/posts\/22623\/revisions"}],"wp:featuredmedia":[{"embeddable":true,"href":"https:\/\/maranhaotv.com.br\/index.php\/wp-json\/"}],"wp:attachment":[{"href":"https:\/\/maranhaotv.com.br\/index.php\/wp-json\/wp\/v2\/media?parent=22623"}],"wp:term":[{"taxonomy":"category","embeddable":true,"href":"https:\/\/maranhaotv.com.br\/index.php\/wp-json\/wp\/v2\/categories?post=22623"},{"taxonomy":"post_tag","embeddable":true,"href":"https:\/\/maranhaotv.com.br\/index.php\/wp-json\/wp\/v2\/tags?post=22623"}],"curies":[{"name":"wp","href":"https:\/\/api.w.org\/{rel}","templated":true}]}}