{"id":22626,"date":"2021-07-21T10:49:41","date_gmt":"2021-07-21T13:49:41","guid":{"rendered":"https:\/\/maranhaotv.com.br\/?p=22626"},"modified":"2021-07-21T10:49:41","modified_gmt":"2021-07-21T13:49:41","slug":"absurdo-prefeito-de-rosario-vai-gastar-mais-de-r-13-milhoes-em-apenas-8-meses-com-funcionarios-terceirizados","status":"publish","type":"post","link":"https:\/\/maranhaotv.com.br\/index.php\/2021\/07\/21\/absurdo-prefeito-de-rosario-vai-gastar-mais-de-r-13-milhoes-em-apenas-8-meses-com-funcionarios-terceirizados\/","title":{"rendered":"Absurdo! Prefeito de Ros\u00e1rio vai gastar mais de R$ 13 milh\u00f5es em apenas 8 meses com funcion\u00e1rios terceirizados"},"content":{"rendered":"\n<p>A prefeitura municipal de Ros\u00e1rio, atrav\u00e9s de preg\u00e3o eletr\u00f4nico n\u00ba 008\/2021, contratou a empresa Instituto de Desenvolvimento Social e Urbano \u2013 IDSU, para prestar servi\u00e7os terceirizados de m\u00e3o de obra em v\u00e1rios setores da administra\u00e7\u00e3o p\u00fablica municipal.<\/p>\n\n\n\n<p><br>Ao todo, de acordo com a proposta, os recursos p\u00fablicos que dever\u00e3o ser empregados num prazo de 08 meses somam um montante de R$ 13.007.360,00 (treze milh\u00f5es, sete mil e trezentos e sessenta reais).<br>Os profissionais que ser\u00e3o contratados s\u00e3o motoristas de ve\u00edculos leves, assistentes administrativos, coveiros, zeladores, auxiliares de servi\u00e7os gerais, maqueiros, auxiliares de operadores, auxiliares de manuten\u00e7\u00e3o el\u00e9trica e hidr\u00e1ulica, merendeiras, operadores de retroescavadeiras e motoristas de ve\u00edculos pesados.<\/p>\n\n\n\n<p><br>O atual mandat\u00e1rio do munic\u00edpio, Calvet Filho (PSC), com esta licita\u00e7\u00e3o, descumpre a contrata\u00e7\u00e3o legal por meio de concurso p\u00fablico e ainda aumenta os gastos sem estudo de impacto financeiro para um munic\u00edpio.<br>Fonte: site Maranh\u00e3o de Verdade<\/p>\n","protected":false},"excerpt":{"rendered":"<p>A prefeitura municipal de Ros\u00e1rio, atrav\u00e9s de preg\u00e3o eletr\u00f4nico n\u00ba 008\/2021, contratou a empresa Instituto de Desenvolvimento Social e Urbano<\/p>\n","protected":false},"author":2,"featured_media":22625,"comment_status":"open","ping_status":"open","sticky":false,"template":"","format":"standard","meta":{"colormag_page_container_layout":"default_layout","colormag_page_sidebar_layout":"default_layout","_jetpack_memberships_contains_paid_content":false,"footnotes":""},"categories":[2],"tags":[],"class_list":["post-22626","post","type-post","status-publish","format-standard","has-post-thumbnail","hentry","category-noticias"],"magazineBlocksPostFeaturedMedia":{"thumbnail":false,"medium":false,"medium_large":false,"large":false,"1536x1536":false,"2048x2048":false,"colormag-highlighted-post":false,"colormag-featured-post-medium":false,"colormag-featured-post-small":false,"colormag-featured-image":false,"colormag-default-news":false,"colormag-featured-image-large":false},"magazineBlocksPostAuthor":{"name":"maranhaotv","avatar":"https:\/\/secure.gravatar.com\/avatar\/8fadbca458d4cb68b1dd399ae9a40618d747bb1af65ac9fad21c89220a143eb4?s=96&d=mm&r=g"},"magazineBlocksPostCommentsNumber":"0","magazineBlocksPostExcerpt":"A prefeitura municipal de Ros\u00e1rio, atrav\u00e9s de preg\u00e3o eletr\u00f4nico n\u00ba 008\/2021, contratou a empresa Instituto de Desenvolvimento Social e Urbano","magazineBlocksPostCategories":["not\u00edcias"],"magazineBlocksPostViewCount":144,"magazineBlocksPostReadTime":1,"magazine_blocks_featured_image_url":{"full":false,"medium":false,"thumbnail":false},"magazine_blocks_author":{"display_name":"maranhaotv","author_link":"https:\/\/maranhaotv.com.br\/index.php\/author\/maranhaotv\/"},"magazine_blocks_comment":0,"magazine_blocks_author_image":"https:\/\/secure.gravatar.com\/avatar\/8fadbca458d4cb68b1dd399ae9a40618d747bb1af65ac9fad21c89220a143eb4?s=96&d=mm&r=g","magazine_blocks_category":"<a href=\"#\" class=\"category-link category-link-2\">not\u00edcias<\/a>","yoast_head":"<!-- This site is optimized with the Yoast SEO plugin v27.4 - https:\/\/yoast.com\/product\/yoast-seo-wordpress\/ -->\n<title>Absurdo! Prefeito de Ros\u00e1rio vai gastar mais de R$ 13 milh\u00f5es em apenas 8 meses com funcion\u00e1rios terceirizados - NOT\u00cdCIAS EM TEMPO REAL<\/title>\n<meta name=\"robots\" content=\"index, follow, max-snippet:-1, max-image-preview:large, max-video-preview:-1\" \/>\n<link rel=\"canonical\" href=\"https:\/\/maranhaotv.com.br\/index.php\/2021\/07\/21\/absurdo-prefeito-de-rosario-vai-gastar-mais-de-r-13-milhoes-em-apenas-8-meses-com-funcionarios-terceirizados\/\" \/>\n<meta property=\"og:locale\" content=\"pt_BR\" \/>\n<meta property=\"og:type\" content=\"article\" \/>\n<meta property=\"og:title\" content=\"Absurdo! Prefeito de Ros\u00e1rio vai gastar mais de R$ 13 milh\u00f5es em apenas 8 meses com funcion\u00e1rios terceirizados - NOT\u00cdCIAS EM TEMPO REAL\" \/>\n<meta property=\"og:description\" content=\"A prefeitura municipal de Ros\u00e1rio, atrav\u00e9s de preg\u00e3o eletr\u00f4nico n\u00ba 008\/2021, contratou a empresa Instituto de Desenvolvimento Social e Urbano\" \/>\n<meta property=\"og:url\" content=\"https:\/\/maranhaotv.com.br\/index.php\/2021\/07\/21\/absurdo-prefeito-de-rosario-vai-gastar-mais-de-r-13-milhoes-em-apenas-8-meses-com-funcionarios-terceirizados\/\" \/>\n<meta property=\"og:site_name\" content=\"NOT\u00cdCIAS EM TEMPO REAL\" \/>\n<meta property=\"article:publisher\" content=\"https:\/\/www.facebook.com\/maiobaotv\" \/>\n<meta property=\"article:published_time\" content=\"2021-07-21T13:49:41+00:00\" \/>\n<meta name=\"author\" content=\"maranhaotv\" \/>\n<meta name=\"twitter:card\" content=\"summary_large_image\" \/>\n<meta name=\"twitter:creator\" content=\"@sitemaranhaotv\" \/>\n<meta name=\"twitter:site\" content=\"@sitemaranhaotv\" \/>\n<meta name=\"twitter:label1\" content=\"Escrito por\" \/>\n\t<meta name=\"twitter:data1\" content=\"maranhaotv\" \/>\n\t<meta name=\"twitter:label2\" content=\"Est. tempo de leitura\" \/>\n\t<meta name=\"twitter:data2\" content=\"1 minuto\" \/>\n<script type=\"application\/ld+json\" class=\"yoast-schema-graph\">{\"@context\":\"https:\\\/\\\/schema.org\",\"@graph\":[{\"@type\":\"Article\",\"@id\":\"https:\\\/\\\/maranhaotv.com.br\\\/index.php\\\/2021\\\/07\\\/21\\\/absurdo-prefeito-de-rosario-vai-gastar-mais-de-r-13-milhoes-em-apenas-8-meses-com-funcionarios-terceirizados\\\/#article\",\"isPartOf\":{\"@id\":\"https:\\\/\\\/maranhaotv.com.br\\\/index.php\\\/2021\\\/07\\\/21\\\/absurdo-prefeito-de-rosario-vai-gastar-mais-de-r-13-milhoes-em-apenas-8-meses-com-funcionarios-terceirizados\\\/\"},\"author\":{\"name\":\"maranhaotv\",\"@id\":\"https:\\\/\\\/maranhaotv.com.br\\\/#\\\/schema\\\/person\\\/3d54238e86b20bb5c89ab2fdb8f8829a\"},\"headline\":\"Absurdo! Prefeito de Ros\u00e1rio vai gastar mais de R$ 13 milh\u00f5es em apenas 8 meses com funcion\u00e1rios terceirizados\",\"datePublished\":\"2021-07-21T13:49:41+00:00\",\"mainEntityOfPage\":{\"@id\":\"https:\\\/\\\/maranhaotv.com.br\\\/index.php\\\/2021\\\/07\\\/21\\\/absurdo-prefeito-de-rosario-vai-gastar-mais-de-r-13-milhoes-em-apenas-8-meses-com-funcionarios-terceirizados\\\/\"},\"wordCount\":188,\"commentCount\":0,\"publisher\":{\"@id\":\"https:\\\/\\\/maranhaotv.com.br\\\/#organization\"},\"image\":{\"@id\":\"https:\\\/\\\/maranhaotv.com.br\\\/index.php\\\/2021\\\/07\\\/21\\\/absurdo-prefeito-de-rosario-vai-gastar-mais-de-r-13-milhoes-em-apenas-8-meses-com-funcionarios-terceirizados\\\/#primaryimage\"},\"thumbnailUrl\":\"\",\"articleSection\":[\"not\u00edcias\"],\"inLanguage\":\"pt-BR\",\"potentialAction\":[{\"@type\":\"CommentAction\",\"name\":\"Comment\",\"target\":[\"https:\\\/\\\/maranhaotv.com.br\\\/index.php\\\/2021\\\/07\\\/21\\\/absurdo-prefeito-de-rosario-vai-gastar-mais-de-r-13-milhoes-em-apenas-8-meses-com-funcionarios-terceirizados\\\/#respond\"]}]},{\"@type\":\"WebPage\",\"@id\":\"https:\\\/\\\/maranhaotv.com.br\\\/index.php\\\/2021\\\/07\\\/21\\\/absurdo-prefeito-de-rosario-vai-gastar-mais-de-r-13-milhoes-em-apenas-8-meses-com-funcionarios-terceirizados\\\/\",\"url\":\"https:\\\/\\\/maranhaotv.com.br\\\/index.php\\\/2021\\\/07\\\/21\\\/absurdo-prefeito-de-rosario-vai-gastar-mais-de-r-13-milhoes-em-apenas-8-meses-com-funcionarios-terceirizados\\\/\",\"name\":\"Absurdo! Prefeito de Ros\u00e1rio vai gastar mais de R$ 13 milh\u00f5es em apenas 8 meses com funcion\u00e1rios terceirizados - NOT\u00cdCIAS EM TEMPO REAL\",\"isPartOf\":{\"@id\":\"https:\\\/\\\/maranhaotv.com.br\\\/#website\"},\"primaryImageOfPage\":{\"@id\":\"https:\\\/\\\/maranhaotv.com.br\\\/index.php\\\/2021\\\/07\\\/21\\\/absurdo-prefeito-de-rosario-vai-gastar-mais-de-r-13-milhoes-em-apenas-8-meses-com-funcionarios-terceirizados\\\/#primaryimage\"},\"image\":{\"@id\":\"https:\\\/\\\/maranhaotv.com.br\\\/index.php\\\/2021\\\/07\\\/21\\\/absurdo-prefeito-de-rosario-vai-gastar-mais-de-r-13-milhoes-em-apenas-8-meses-com-funcionarios-terceirizados\\\/#primaryimage\"},\"thumbnailUrl\":\"\",\"datePublished\":\"2021-07-21T13:49:41+00:00\",\"breadcrumb\":{\"@id\":\"https:\\\/\\\/maranhaotv.com.br\\\/index.php\\\/2021\\\/07\\\/21\\\/absurdo-prefeito-de-rosario-vai-gastar-mais-de-r-13-milhoes-em-apenas-8-meses-com-funcionarios-terceirizados\\\/#breadcrumb\"},\"inLanguage\":\"pt-BR\",\"potentialAction\":[{\"@type\":\"ReadAction\",\"target\":[\"https:\\\/\\\/maranhaotv.com.br\\\/index.php\\\/2021\\\/07\\\/21\\\/absurdo-prefeito-de-rosario-vai-gastar-mais-de-r-13-milhoes-em-apenas-8-meses-com-funcionarios-terceirizados\\\/\"]}]},{\"@type\":\"ImageObject\",\"inLanguage\":\"pt-BR\",\"@id\":\"https:\\\/\\\/maranhaotv.com.br\\\/index.php\\\/2021\\\/07\\\/21\\\/absurdo-prefeito-de-rosario-vai-gastar-mais-de-r-13-milhoes-em-apenas-8-meses-com-funcionarios-terceirizados\\\/#primaryimage\",\"url\":\"\",\"contentUrl\":\"\"},{\"@type\":\"BreadcrumbList\",\"@id\":\"https:\\\/\\\/maranhaotv.com.br\\\/index.php\\\/2021\\\/07\\\/21\\\/absurdo-prefeito-de-rosario-vai-gastar-mais-de-r-13-milhoes-em-apenas-8-meses-com-funcionarios-terceirizados\\\/#breadcrumb\",\"itemListElement\":[{\"@type\":\"ListItem\",\"position\":1,\"name\":\"In\u00edcio\",\"item\":\"https:\\\/\\\/maranhaotv.com.br\\\/\"},{\"@type\":\"ListItem\",\"position\":2,\"name\":\"Absurdo! Prefeito de Ros\u00e1rio vai gastar mais de R$ 13 milh\u00f5es em apenas 8 meses com funcion\u00e1rios terceirizados\"}]},{\"@type\":\"WebSite\",\"@id\":\"https:\\\/\\\/maranhaotv.com.br\\\/#website\",\"url\":\"https:\\\/\\\/maranhaotv.com.br\\\/\",\"name\":\"Maranh\u00e3oTV\",\"description\":\"\",\"publisher\":{\"@id\":\"https:\\\/\\\/maranhaotv.com.br\\\/#organization\"},\"potentialAction\":[{\"@type\":\"SearchAction\",\"target\":{\"@type\":\"EntryPoint\",\"urlTemplate\":\"https:\\\/\\\/maranhaotv.com.br\\\/?s={search_term_string}\"},\"query-input\":{\"@type\":\"PropertyValueSpecification\",\"valueRequired\":true,\"valueName\":\"search_term_string\"}}],\"inLanguage\":\"pt-BR\"},{\"@type\":\"Organization\",\"@id\":\"https:\\\/\\\/maranhaotv.com.br\\\/#organization\",\"name\":\"Portal de Not\u00edcias\",\"url\":\"https:\\\/\\\/maranhaotv.com.br\\\/\",\"logo\":{\"@type\":\"ImageObject\",\"inLanguage\":\"pt-BR\",\"@id\":\"https:\\\/\\\/maranhaotv.com.br\\\/#\\\/schema\\\/logo\\\/image\\\/\",\"url\":\"https:\\\/\\\/maranhaotv.com.br\\\/wp-content\\\/uploads\\\/2024\\\/05\\\/cropped-cropped-avatar-1.png\",\"contentUrl\":\"https:\\\/\\\/maranhaotv.com.br\\\/wp-content\\\/uploads\\\/2024\\\/05\\\/cropped-cropped-avatar-1.png\",\"width\":792,\"height\":428,\"caption\":\"Portal de Not\u00edcias\"},\"image\":{\"@id\":\"https:\\\/\\\/maranhaotv.com.br\\\/#\\\/schema\\\/logo\\\/image\\\/\"},\"sameAs\":[\"https:\\\/\\\/www.facebook.com\\\/maiobaotv\",\"https:\\\/\\\/x.com\\\/sitemaranhaotv\",\"https:\\\/\\\/www.instagram.com\\\/maranhao.tv\",\"https:\\\/\\\/www.threads.net\\\/@maranhao.tv\"]},{\"@type\":\"Person\",\"@id\":\"https:\\\/\\\/maranhaotv.com.br\\\/#\\\/schema\\\/person\\\/3d54238e86b20bb5c89ab2fdb8f8829a\",\"name\":\"maranhaotv\",\"image\":{\"@type\":\"ImageObject\",\"inLanguage\":\"pt-BR\",\"@id\":\"https:\\\/\\\/secure.gravatar.com\\\/avatar\\\/8fadbca458d4cb68b1dd399ae9a40618d747bb1af65ac9fad21c89220a143eb4?s=96&d=mm&r=g\",\"url\":\"https:\\\/\\\/secure.gravatar.com\\\/avatar\\\/8fadbca458d4cb68b1dd399ae9a40618d747bb1af65ac9fad21c89220a143eb4?s=96&d=mm&r=g\",\"contentUrl\":\"https:\\\/\\\/secure.gravatar.com\\\/avatar\\\/8fadbca458d4cb68b1dd399ae9a40618d747bb1af65ac9fad21c89220a143eb4?s=96&d=mm&r=g\",\"caption\":\"maranhaotv\"},\"sameAs\":[\"https:\\\/\\\/maranhaotv.com.br\\\/\"],\"url\":\"https:\\\/\\\/maranhaotv.com.br\\\/index.php\\\/author\\\/maranhaotv\\\/\"}]}<\/script>\n<!-- \/ Yoast SEO plugin. -->","yoast_head_json":{"title":"Absurdo! Prefeito de Ros\u00e1rio vai gastar mais de R$ 13 milh\u00f5es em apenas 8 meses com funcion\u00e1rios terceirizados - NOT\u00cdCIAS EM TEMPO REAL","robots":{"index":"index","follow":"follow","max-snippet":"max-snippet:-1","max-image-preview":"max-image-preview:large","max-video-preview":"max-video-preview:-1"},"canonical":"https:\/\/maranhaotv.com.br\/index.php\/2021\/07\/21\/absurdo-prefeito-de-rosario-vai-gastar-mais-de-r-13-milhoes-em-apenas-8-meses-com-funcionarios-terceirizados\/","og_locale":"pt_BR","og_type":"article","og_title":"Absurdo! Prefeito de Ros\u00e1rio vai gastar mais de R$ 13 milh\u00f5es em apenas 8 meses com funcion\u00e1rios terceirizados - NOT\u00cdCIAS EM TEMPO REAL","og_description":"A prefeitura municipal de Ros\u00e1rio, atrav\u00e9s de preg\u00e3o eletr\u00f4nico n\u00ba 008\/2021, contratou a empresa Instituto de Desenvolvimento Social e Urbano","og_url":"https:\/\/maranhaotv.com.br\/index.php\/2021\/07\/21\/absurdo-prefeito-de-rosario-vai-gastar-mais-de-r-13-milhoes-em-apenas-8-meses-com-funcionarios-terceirizados\/","og_site_name":"NOT\u00cdCIAS EM TEMPO REAL","article_publisher":"https:\/\/www.facebook.com\/maiobaotv","article_published_time":"2021-07-21T13:49:41+00:00","author":"maranhaotv","twitter_card":"summary_large_image","twitter_creator":"@sitemaranhaotv","twitter_site":"@sitemaranhaotv","twitter_misc":{"Escrito por":"maranhaotv","Est. tempo de leitura":"1 minuto"},"schema":{"@context":"https:\/\/schema.org","@graph":[{"@type":"Article","@id":"https:\/\/maranhaotv.com.br\/index.php\/2021\/07\/21\/absurdo-prefeito-de-rosario-vai-gastar-mais-de-r-13-milhoes-em-apenas-8-meses-com-funcionarios-terceirizados\/#article","isPartOf":{"@id":"https:\/\/maranhaotv.com.br\/index.php\/2021\/07\/21\/absurdo-prefeito-de-rosario-vai-gastar-mais-de-r-13-milhoes-em-apenas-8-meses-com-funcionarios-terceirizados\/"},"author":{"name":"maranhaotv","@id":"https:\/\/maranhaotv.com.br\/#\/schema\/person\/3d54238e86b20bb5c89ab2fdb8f8829a"},"headline":"Absurdo! Prefeito de Ros\u00e1rio vai gastar mais de R$ 13 milh\u00f5es em apenas 8 meses com funcion\u00e1rios terceirizados","datePublished":"2021-07-21T13:49:41+00:00","mainEntityOfPage":{"@id":"https:\/\/maranhaotv.com.br\/index.php\/2021\/07\/21\/absurdo-prefeito-de-rosario-vai-gastar-mais-de-r-13-milhoes-em-apenas-8-meses-com-funcionarios-terceirizados\/"},"wordCount":188,"commentCount":0,"publisher":{"@id":"https:\/\/maranhaotv.com.br\/#organization"},"image":{"@id":"https:\/\/maranhaotv.com.br\/index.php\/2021\/07\/21\/absurdo-prefeito-de-rosario-vai-gastar-mais-de-r-13-milhoes-em-apenas-8-meses-com-funcionarios-terceirizados\/#primaryimage"},"thumbnailUrl":"","articleSection":["not\u00edcias"],"inLanguage":"pt-BR","potentialAction":[{"@type":"CommentAction","name":"Comment","target":["https:\/\/maranhaotv.com.br\/index.php\/2021\/07\/21\/absurdo-prefeito-de-rosario-vai-gastar-mais-de-r-13-milhoes-em-apenas-8-meses-com-funcionarios-terceirizados\/#respond"]}]},{"@type":"WebPage","@id":"https:\/\/maranhaotv.com.br\/index.php\/2021\/07\/21\/absurdo-prefeito-de-rosario-vai-gastar-mais-de-r-13-milhoes-em-apenas-8-meses-com-funcionarios-terceirizados\/","url":"https:\/\/maranhaotv.com.br\/index.php\/2021\/07\/21\/absurdo-prefeito-de-rosario-vai-gastar-mais-de-r-13-milhoes-em-apenas-8-meses-com-funcionarios-terceirizados\/","name":"Absurdo! Prefeito de Ros\u00e1rio vai gastar mais de R$ 13 milh\u00f5es em apenas 8 meses com funcion\u00e1rios terceirizados - NOT\u00cdCIAS EM TEMPO REAL","isPartOf":{"@id":"https:\/\/maranhaotv.com.br\/#website"},"primaryImageOfPage":{"@id":"https:\/\/maranhaotv.com.br\/index.php\/2021\/07\/21\/absurdo-prefeito-de-rosario-vai-gastar-mais-de-r-13-milhoes-em-apenas-8-meses-com-funcionarios-terceirizados\/#primaryimage"},"image":{"@id":"https:\/\/maranhaotv.com.br\/index.php\/2021\/07\/21\/absurdo-prefeito-de-rosario-vai-gastar-mais-de-r-13-milhoes-em-apenas-8-meses-com-funcionarios-terceirizados\/#primaryimage"},"thumbnailUrl":"","datePublished":"2021-07-21T13:49:41+00:00","breadcrumb":{"@id":"https:\/\/maranhaotv.com.br\/index.php\/2021\/07\/21\/absurdo-prefeito-de-rosario-vai-gastar-mais-de-r-13-milhoes-em-apenas-8-meses-com-funcionarios-terceirizados\/#breadcrumb"},"inLanguage":"pt-BR","potentialAction":[{"@type":"ReadAction","target":["https:\/\/maranhaotv.com.br\/index.php\/2021\/07\/21\/absurdo-prefeito-de-rosario-vai-gastar-mais-de-r-13-milhoes-em-apenas-8-meses-com-funcionarios-terceirizados\/"]}]},{"@type":"ImageObject","inLanguage":"pt-BR","@id":"https:\/\/maranhaotv.com.br\/index.php\/2021\/07\/21\/absurdo-prefeito-de-rosario-vai-gastar-mais-de-r-13-milhoes-em-apenas-8-meses-com-funcionarios-terceirizados\/#primaryimage","url":"","contentUrl":""},{"@type":"BreadcrumbList","@id":"https:\/\/maranhaotv.com.br\/index.php\/2021\/07\/21\/absurdo-prefeito-de-rosario-vai-gastar-mais-de-r-13-milhoes-em-apenas-8-meses-com-funcionarios-terceirizados\/#breadcrumb","itemListElement":[{"@type":"ListItem","position":1,"name":"In\u00edcio","item":"https:\/\/maranhaotv.com.br\/"},{"@type":"ListItem","position":2,"name":"Absurdo! Prefeito de Ros\u00e1rio vai gastar mais de R$ 13 milh\u00f5es em apenas 8 meses com funcion\u00e1rios terceirizados"}]},{"@type":"WebSite","@id":"https:\/\/maranhaotv.com.br\/#website","url":"https:\/\/maranhaotv.com.br\/","name":"Maranh\u00e3oTV","description":"","publisher":{"@id":"https:\/\/maranhaotv.com.br\/#organization"},"potentialAction":[{"@type":"SearchAction","target":{"@type":"EntryPoint","urlTemplate":"https:\/\/maranhaotv.com.br\/?s={search_term_string}"},"query-input":{"@type":"PropertyValueSpecification","valueRequired":true,"valueName":"search_term_string"}}],"inLanguage":"pt-BR"},{"@type":"Organization","@id":"https:\/\/maranhaotv.com.br\/#organization","name":"Portal de Not\u00edcias","url":"https:\/\/maranhaotv.com.br\/","logo":{"@type":"ImageObject","inLanguage":"pt-BR","@id":"https:\/\/maranhaotv.com.br\/#\/schema\/logo\/image\/","url":"https:\/\/maranhaotv.com.br\/wp-content\/uploads\/2024\/05\/cropped-cropped-avatar-1.png","contentUrl":"https:\/\/maranhaotv.com.br\/wp-content\/uploads\/2024\/05\/cropped-cropped-avatar-1.png","width":792,"height":428,"caption":"Portal de Not\u00edcias"},"image":{"@id":"https:\/\/maranhaotv.com.br\/#\/schema\/logo\/image\/"},"sameAs":["https:\/\/www.facebook.com\/maiobaotv","https:\/\/x.com\/sitemaranhaotv","https:\/\/www.instagram.com\/maranhao.tv","https:\/\/www.threads.net\/@maranhao.tv"]},{"@type":"Person","@id":"https:\/\/maranhaotv.com.br\/#\/schema\/person\/3d54238e86b20bb5c89ab2fdb8f8829a","name":"maranhaotv","image":{"@type":"ImageObject","inLanguage":"pt-BR","@id":"https:\/\/secure.gravatar.com\/avatar\/8fadbca458d4cb68b1dd399ae9a40618d747bb1af65ac9fad21c89220a143eb4?s=96&d=mm&r=g","url":"https:\/\/secure.gravatar.com\/avatar\/8fadbca458d4cb68b1dd399ae9a40618d747bb1af65ac9fad21c89220a143eb4?s=96&d=mm&r=g","contentUrl":"https:\/\/secure.gravatar.com\/avatar\/8fadbca458d4cb68b1dd399ae9a40618d747bb1af65ac9fad21c89220a143eb4?s=96&d=mm&r=g","caption":"maranhaotv"},"sameAs":["https:\/\/maranhaotv.com.br\/"],"url":"https:\/\/maranhaotv.com.br\/index.php\/author\/maranhaotv\/"}]}},"jetpack_featured_media_url":"","jetpack_sharing_enabled":true,"_links":{"self":[{"href":"https:\/\/maranhaotv.com.br\/index.php\/wp-json\/wp\/v2\/posts\/22626","targetHints":{"allow":["GET"]}}],"collection":[{"href":"https:\/\/maranhaotv.com.br\/index.php\/wp-json\/wp\/v2\/posts"}],"about":[{"href":"https:\/\/maranhaotv.com.br\/index.php\/wp-json\/wp\/v2\/types\/post"}],"author":[{"embeddable":true,"href":"https:\/\/maranhaotv.com.br\/index.php\/wp-json\/wp\/v2\/users\/2"}],"replies":[{"embeddable":true,"href":"https:\/\/maranhaotv.com.br\/index.php\/wp-json\/wp\/v2\/comments?post=22626"}],"version-history":[{"count":0,"href":"https:\/\/maranhaotv.com.br\/index.php\/wp-json\/wp\/v2\/posts\/22626\/revisions"}],"wp:featuredmedia":[{"embeddable":true,"href":"https:\/\/maranhaotv.com.br\/index.php\/wp-json\/"}],"wp:attachment":[{"href":"https:\/\/maranhaotv.com.br\/index.php\/wp-json\/wp\/v2\/media?parent=22626"}],"wp:term":[{"taxonomy":"category","embeddable":true,"href":"https:\/\/maranhaotv.com.br\/index.php\/wp-json\/wp\/v2\/categories?post=22626"},{"taxonomy":"post_tag","embeddable":true,"href":"https:\/\/maranhaotv.com.br\/index.php\/wp-json\/wp\/v2\/tags?post=22626"}],"curies":[{"name":"wp","href":"https:\/\/api.w.org\/{rel}","templated":true}]}}