{"id":22632,"date":"2021-07-21T13:38:50","date_gmt":"2021-07-21T16:38:50","guid":{"rendered":"https:\/\/maranhaotv.com.br\/?p=22632"},"modified":"2021-07-21T13:38:50","modified_gmt":"2021-07-21T16:38:50","slug":"maranhao-ja-registrou-28-casos-de-feminicidios-somente-esse-ano","status":"publish","type":"post","link":"https:\/\/maranhaotv.com.br\/index.php\/2021\/07\/21\/maranhao-ja-registrou-28-casos-de-feminicidios-somente-esse-ano\/","title":{"rendered":"Maranh\u00e3o j\u00e1 registrou 28 casos de feminic\u00eddios somente esse ano"},"content":{"rendered":"\n<p>De acordo com o Anu\u00e1rio Brasileiro de Seguran\u00e7a P\u00fablica, divulgado este m\u00eas, houve um aumento de casos de feminic\u00eddio no Maranh\u00e3o durante a pandemia.<\/p>\n\n\n\n<p>O estado do Maranh\u00e3o j\u00e1 registrou, at\u00e9 o momento, 28 casos de feminic\u00eddio. A informa\u00e7\u00e3o \u00e9 da Pol\u00edcia Civil do Maranh\u00e3o.<\/p>\n\n\n\n<p>De acordo com o Anu\u00e1rio Brasileiro de Seguran\u00e7a P\u00fablica, divulgado este m\u00eas, houve um aumento de casos de feminic\u00eddio no Maranh\u00e3o durante a pandemia. Segundo o estudo, no ano de 2019 os casos de feminic\u00eddio eram 51 e em 2020 65 casos.<\/p>\n\n\n\n<p>J\u00e1 no que diz respeito as medidas protetivas concedidas no estado, o Maranh\u00e3o em 2019 tinha um total de 10.725 medidas e no ano seguinte 12.722, o que demonstra o aumento tamb\u00e9m.<\/p>\n\n\n\n<p>Sobre as chamadas ao 190 de casos de viol\u00eancia dom\u00e9stica no Maranh\u00e3o, o estado em 2019 tinha registrado 11.911 e em 2020 o n\u00famero superou para 12.867.<\/p>\n\n\n\n<p>Destes casos, os mais recentes aconteceram neste m\u00eas de julho em menos de uma semana. Segundo a delegada do Departamento de Feminic\u00eddio da Pol\u00edcia Civil do Maranh\u00e3o, delegada Wanda Moura, um aconteceu na cidade de Igarap\u00e9 do Meio e o outro em Formosa da Serra Negra e eles j\u00e1 est\u00e3o sendo investigados pela pol\u00edcia.<\/p>\n\n\n\n<p><em><strong>\u201cInfelizmente no estado do Maranh\u00e3o na \u00faltima semana registramos mais dois casos de feminic\u00eddio. Os dois casos ocorreram nas cidades de Igarap\u00e9 do Meio e Formosa da Serra Negra. Um dos autores ap\u00f3s assassinar a companheira se suicidou, o que \u00e9 muito comum ocorrer em casos de feminic\u00eddio. No outro caso o companheiro matou a v\u00edtima com golpes de faca. Os dois casos seguem sendo investigados pela Pol\u00edcia Civil. O nosso compromisso \u00e9 em responsabilizar criminalmente todos esses autores de crimes de feminic\u00eddio e prend\u00ea-los com a maior celeridade poss\u00edvel para que a sociedade tenha certeza que os autores desses crimes n\u00e3o v\u00e3o ficar impunes\u201d, relatou a delegada Wanda Moura.<\/strong><\/em><\/p>\n\n\n\n<p>Veja os n\u00fameros:<\/p>\n\n\n\n<p>Feminic\u00eddios no MA<\/p>\n\n\n\n<p>2019 \u2013 51 CASOS<\/p>\n\n\n\n<p>2020 \u2013 65 CASOS<\/p>\n\n\n\n<p>Medidas protetivas concedidas no MA<\/p>\n\n\n\n<p>2019 &#8211; 10.725<\/p>\n\n\n\n<p>2020 &#8211; 12.722<\/p>\n\n\n\n<p>Chamadas ao 190 de casos de viol\u00eancia dom\u00e9stica no MA<\/p>\n\n\n\n<p>2019 &#8211; 11.911<\/p>\n\n\n\n<p>2020 &#8211; 12.867&#8243;<\/p>\n\n\n\n<p>GRUPO MAT\u00c9RIAS POLICIAIS \ud83c\uddf1\ud83c\uddf7\ud83c\udde7\ud83c\uddf7\ud83d\udc80<\/p>\n","protected":false},"excerpt":{"rendered":"<p>De acordo com o Anu\u00e1rio Brasileiro de Seguran\u00e7a P\u00fablica, divulgado este m\u00eas, houve um aumento de casos de feminic\u00eddio no<\/p>\n","protected":false},"author":2,"featured_media":22631,"comment_status":"open","ping_status":"open","sticky":false,"template":"","format":"standard","meta":{"colormag_page_container_layout":"default_layout","colormag_page_sidebar_layout":"default_layout","_jetpack_memberships_contains_paid_content":false,"footnotes":""},"categories":[3],"tags":[],"class_list":["post-22632","post","type-post","status-publish","format-standard","has-post-thumbnail","hentry","category-policial"],"magazineBlocksPostFeaturedMedia":{"thumbnail":false,"medium":false,"medium_large":false,"large":false,"1536x1536":false,"2048x2048":false,"colormag-highlighted-post":false,"colormag-featured-post-medium":false,"colormag-featured-post-small":false,"colormag-featured-image":false,"colormag-default-news":false,"colormag-featured-image-large":false},"magazineBlocksPostAuthor":{"name":"maranhaotv","avatar":"https:\/\/secure.gravatar.com\/avatar\/8fadbca458d4cb68b1dd399ae9a40618d747bb1af65ac9fad21c89220a143eb4?s=96&d=mm&r=g"},"magazineBlocksPostCommentsNumber":"0","magazineBlocksPostExcerpt":"De acordo com o Anu\u00e1rio Brasileiro de Seguran\u00e7a P\u00fablica, divulgado este m\u00eas, houve um aumento de casos de feminic\u00eddio no","magazineBlocksPostCategories":["policial"],"magazineBlocksPostViewCount":210,"magazineBlocksPostReadTime":2,"magazine_blocks_featured_image_url":{"full":false,"medium":false,"thumbnail":false},"magazine_blocks_author":{"display_name":"maranhaotv","author_link":"https:\/\/maranhaotv.com.br\/index.php\/author\/maranhaotv\/"},"magazine_blocks_comment":0,"magazine_blocks_author_image":"https:\/\/secure.gravatar.com\/avatar\/8fadbca458d4cb68b1dd399ae9a40618d747bb1af65ac9fad21c89220a143eb4?s=96&d=mm&r=g","magazine_blocks_category":"<a href=\"#\" class=\"category-link category-link-3\">policial<\/a>","yoast_head":"<!-- This site is optimized with the Yoast SEO plugin v27.4 - https:\/\/yoast.com\/product\/yoast-seo-wordpress\/ -->\n<title>Maranh\u00e3o j\u00e1 registrou 28 casos de feminic\u00eddios somente esse ano - NOT\u00cdCIAS EM TEMPO REAL<\/title>\n<meta name=\"robots\" content=\"index, follow, max-snippet:-1, max-image-preview:large, max-video-preview:-1\" \/>\n<link rel=\"canonical\" href=\"https:\/\/maranhaotv.com.br\/index.php\/2021\/07\/21\/maranhao-ja-registrou-28-casos-de-feminicidios-somente-esse-ano\/\" \/>\n<meta property=\"og:locale\" content=\"pt_BR\" \/>\n<meta property=\"og:type\" content=\"article\" \/>\n<meta property=\"og:title\" content=\"Maranh\u00e3o j\u00e1 registrou 28 casos de feminic\u00eddios somente esse ano - NOT\u00cdCIAS EM TEMPO REAL\" \/>\n<meta property=\"og:description\" content=\"De acordo com o Anu\u00e1rio Brasileiro de Seguran\u00e7a P\u00fablica, divulgado este m\u00eas, houve um aumento de casos de feminic\u00eddio no\" \/>\n<meta property=\"og:url\" content=\"https:\/\/maranhaotv.com.br\/index.php\/2021\/07\/21\/maranhao-ja-registrou-28-casos-de-feminicidios-somente-esse-ano\/\" \/>\n<meta property=\"og:site_name\" content=\"NOT\u00cdCIAS EM TEMPO REAL\" \/>\n<meta property=\"article:publisher\" content=\"https:\/\/www.facebook.com\/maiobaotv\" \/>\n<meta property=\"article:published_time\" content=\"2021-07-21T16:38:50+00:00\" \/>\n<meta name=\"author\" content=\"maranhaotv\" \/>\n<meta name=\"twitter:card\" content=\"summary_large_image\" \/>\n<meta name=\"twitter:creator\" content=\"@sitemaranhaotv\" \/>\n<meta name=\"twitter:site\" content=\"@sitemaranhaotv\" \/>\n<meta name=\"twitter:label1\" content=\"Escrito por\" \/>\n\t<meta name=\"twitter:data1\" content=\"maranhaotv\" \/>\n\t<meta name=\"twitter:label2\" content=\"Est. tempo de leitura\" \/>\n\t<meta name=\"twitter:data2\" content=\"2 minutos\" \/>\n<script type=\"application\/ld+json\" class=\"yoast-schema-graph\">{\"@context\":\"https:\\\/\\\/schema.org\",\"@graph\":[{\"@type\":\"Article\",\"@id\":\"https:\\\/\\\/maranhaotv.com.br\\\/index.php\\\/2021\\\/07\\\/21\\\/maranhao-ja-registrou-28-casos-de-feminicidios-somente-esse-ano\\\/#article\",\"isPartOf\":{\"@id\":\"https:\\\/\\\/maranhaotv.com.br\\\/index.php\\\/2021\\\/07\\\/21\\\/maranhao-ja-registrou-28-casos-de-feminicidios-somente-esse-ano\\\/\"},\"author\":{\"name\":\"maranhaotv\",\"@id\":\"https:\\\/\\\/maranhaotv.com.br\\\/#\\\/schema\\\/person\\\/3d54238e86b20bb5c89ab2fdb8f8829a\"},\"headline\":\"Maranh\u00e3o j\u00e1 registrou 28 casos de feminic\u00eddios somente esse ano\",\"datePublished\":\"2021-07-21T16:38:50+00:00\",\"mainEntityOfPage\":{\"@id\":\"https:\\\/\\\/maranhaotv.com.br\\\/index.php\\\/2021\\\/07\\\/21\\\/maranhao-ja-registrou-28-casos-de-feminicidios-somente-esse-ano\\\/\"},\"wordCount\":380,\"commentCount\":0,\"publisher\":{\"@id\":\"https:\\\/\\\/maranhaotv.com.br\\\/#organization\"},\"image\":{\"@id\":\"https:\\\/\\\/maranhaotv.com.br\\\/index.php\\\/2021\\\/07\\\/21\\\/maranhao-ja-registrou-28-casos-de-feminicidios-somente-esse-ano\\\/#primaryimage\"},\"thumbnailUrl\":\"\",\"articleSection\":[\"policial\"],\"inLanguage\":\"pt-BR\",\"potentialAction\":[{\"@type\":\"CommentAction\",\"name\":\"Comment\",\"target\":[\"https:\\\/\\\/maranhaotv.com.br\\\/index.php\\\/2021\\\/07\\\/21\\\/maranhao-ja-registrou-28-casos-de-feminicidios-somente-esse-ano\\\/#respond\"]}]},{\"@type\":\"WebPage\",\"@id\":\"https:\\\/\\\/maranhaotv.com.br\\\/index.php\\\/2021\\\/07\\\/21\\\/maranhao-ja-registrou-28-casos-de-feminicidios-somente-esse-ano\\\/\",\"url\":\"https:\\\/\\\/maranhaotv.com.br\\\/index.php\\\/2021\\\/07\\\/21\\\/maranhao-ja-registrou-28-casos-de-feminicidios-somente-esse-ano\\\/\",\"name\":\"Maranh\u00e3o j\u00e1 registrou 28 casos de feminic\u00eddios somente esse ano - NOT\u00cdCIAS EM TEMPO REAL\",\"isPartOf\":{\"@id\":\"https:\\\/\\\/maranhaotv.com.br\\\/#website\"},\"primaryImageOfPage\":{\"@id\":\"https:\\\/\\\/maranhaotv.com.br\\\/index.php\\\/2021\\\/07\\\/21\\\/maranhao-ja-registrou-28-casos-de-feminicidios-somente-esse-ano\\\/#primaryimage\"},\"image\":{\"@id\":\"https:\\\/\\\/maranhaotv.com.br\\\/index.php\\\/2021\\\/07\\\/21\\\/maranhao-ja-registrou-28-casos-de-feminicidios-somente-esse-ano\\\/#primaryimage\"},\"thumbnailUrl\":\"\",\"datePublished\":\"2021-07-21T16:38:50+00:00\",\"breadcrumb\":{\"@id\":\"https:\\\/\\\/maranhaotv.com.br\\\/index.php\\\/2021\\\/07\\\/21\\\/maranhao-ja-registrou-28-casos-de-feminicidios-somente-esse-ano\\\/#breadcrumb\"},\"inLanguage\":\"pt-BR\",\"potentialAction\":[{\"@type\":\"ReadAction\",\"target\":[\"https:\\\/\\\/maranhaotv.com.br\\\/index.php\\\/2021\\\/07\\\/21\\\/maranhao-ja-registrou-28-casos-de-feminicidios-somente-esse-ano\\\/\"]}]},{\"@type\":\"ImageObject\",\"inLanguage\":\"pt-BR\",\"@id\":\"https:\\\/\\\/maranhaotv.com.br\\\/index.php\\\/2021\\\/07\\\/21\\\/maranhao-ja-registrou-28-casos-de-feminicidios-somente-esse-ano\\\/#primaryimage\",\"url\":\"\",\"contentUrl\":\"\"},{\"@type\":\"BreadcrumbList\",\"@id\":\"https:\\\/\\\/maranhaotv.com.br\\\/index.php\\\/2021\\\/07\\\/21\\\/maranhao-ja-registrou-28-casos-de-feminicidios-somente-esse-ano\\\/#breadcrumb\",\"itemListElement\":[{\"@type\":\"ListItem\",\"position\":1,\"name\":\"In\u00edcio\",\"item\":\"https:\\\/\\\/maranhaotv.com.br\\\/\"},{\"@type\":\"ListItem\",\"position\":2,\"name\":\"Maranh\u00e3o j\u00e1 registrou 28 casos de feminic\u00eddios somente esse ano\"}]},{\"@type\":\"WebSite\",\"@id\":\"https:\\\/\\\/maranhaotv.com.br\\\/#website\",\"url\":\"https:\\\/\\\/maranhaotv.com.br\\\/\",\"name\":\"Maranh\u00e3oTV\",\"description\":\"\",\"publisher\":{\"@id\":\"https:\\\/\\\/maranhaotv.com.br\\\/#organization\"},\"potentialAction\":[{\"@type\":\"SearchAction\",\"target\":{\"@type\":\"EntryPoint\",\"urlTemplate\":\"https:\\\/\\\/maranhaotv.com.br\\\/?s={search_term_string}\"},\"query-input\":{\"@type\":\"PropertyValueSpecification\",\"valueRequired\":true,\"valueName\":\"search_term_string\"}}],\"inLanguage\":\"pt-BR\"},{\"@type\":\"Organization\",\"@id\":\"https:\\\/\\\/maranhaotv.com.br\\\/#organization\",\"name\":\"Portal de Not\u00edcias\",\"url\":\"https:\\\/\\\/maranhaotv.com.br\\\/\",\"logo\":{\"@type\":\"ImageObject\",\"inLanguage\":\"pt-BR\",\"@id\":\"https:\\\/\\\/maranhaotv.com.br\\\/#\\\/schema\\\/logo\\\/image\\\/\",\"url\":\"https:\\\/\\\/maranhaotv.com.br\\\/wp-content\\\/uploads\\\/2024\\\/05\\\/cropped-cropped-avatar-1.png\",\"contentUrl\":\"https:\\\/\\\/maranhaotv.com.br\\\/wp-content\\\/uploads\\\/2024\\\/05\\\/cropped-cropped-avatar-1.png\",\"width\":792,\"height\":428,\"caption\":\"Portal de Not\u00edcias\"},\"image\":{\"@id\":\"https:\\\/\\\/maranhaotv.com.br\\\/#\\\/schema\\\/logo\\\/image\\\/\"},\"sameAs\":[\"https:\\\/\\\/www.facebook.com\\\/maiobaotv\",\"https:\\\/\\\/x.com\\\/sitemaranhaotv\",\"https:\\\/\\\/www.instagram.com\\\/maranhao.tv\",\"https:\\\/\\\/www.threads.net\\\/@maranhao.tv\"]},{\"@type\":\"Person\",\"@id\":\"https:\\\/\\\/maranhaotv.com.br\\\/#\\\/schema\\\/person\\\/3d54238e86b20bb5c89ab2fdb8f8829a\",\"name\":\"maranhaotv\",\"image\":{\"@type\":\"ImageObject\",\"inLanguage\":\"pt-BR\",\"@id\":\"https:\\\/\\\/secure.gravatar.com\\\/avatar\\\/8fadbca458d4cb68b1dd399ae9a40618d747bb1af65ac9fad21c89220a143eb4?s=96&d=mm&r=g\",\"url\":\"https:\\\/\\\/secure.gravatar.com\\\/avatar\\\/8fadbca458d4cb68b1dd399ae9a40618d747bb1af65ac9fad21c89220a143eb4?s=96&d=mm&r=g\",\"contentUrl\":\"https:\\\/\\\/secure.gravatar.com\\\/avatar\\\/8fadbca458d4cb68b1dd399ae9a40618d747bb1af65ac9fad21c89220a143eb4?s=96&d=mm&r=g\",\"caption\":\"maranhaotv\"},\"sameAs\":[\"https:\\\/\\\/maranhaotv.com.br\\\/\"],\"url\":\"https:\\\/\\\/maranhaotv.com.br\\\/index.php\\\/author\\\/maranhaotv\\\/\"}]}<\/script>\n<!-- \/ Yoast SEO plugin. -->","yoast_head_json":{"title":"Maranh\u00e3o j\u00e1 registrou 28 casos de feminic\u00eddios somente esse ano - NOT\u00cdCIAS EM TEMPO REAL","robots":{"index":"index","follow":"follow","max-snippet":"max-snippet:-1","max-image-preview":"max-image-preview:large","max-video-preview":"max-video-preview:-1"},"canonical":"https:\/\/maranhaotv.com.br\/index.php\/2021\/07\/21\/maranhao-ja-registrou-28-casos-de-feminicidios-somente-esse-ano\/","og_locale":"pt_BR","og_type":"article","og_title":"Maranh\u00e3o j\u00e1 registrou 28 casos de feminic\u00eddios somente esse ano - NOT\u00cdCIAS EM TEMPO REAL","og_description":"De acordo com o Anu\u00e1rio Brasileiro de Seguran\u00e7a P\u00fablica, divulgado este m\u00eas, houve um aumento de casos de feminic\u00eddio no","og_url":"https:\/\/maranhaotv.com.br\/index.php\/2021\/07\/21\/maranhao-ja-registrou-28-casos-de-feminicidios-somente-esse-ano\/","og_site_name":"NOT\u00cdCIAS EM TEMPO REAL","article_publisher":"https:\/\/www.facebook.com\/maiobaotv","article_published_time":"2021-07-21T16:38:50+00:00","author":"maranhaotv","twitter_card":"summary_large_image","twitter_creator":"@sitemaranhaotv","twitter_site":"@sitemaranhaotv","twitter_misc":{"Escrito por":"maranhaotv","Est. tempo de leitura":"2 minutos"},"schema":{"@context":"https:\/\/schema.org","@graph":[{"@type":"Article","@id":"https:\/\/maranhaotv.com.br\/index.php\/2021\/07\/21\/maranhao-ja-registrou-28-casos-de-feminicidios-somente-esse-ano\/#article","isPartOf":{"@id":"https:\/\/maranhaotv.com.br\/index.php\/2021\/07\/21\/maranhao-ja-registrou-28-casos-de-feminicidios-somente-esse-ano\/"},"author":{"name":"maranhaotv","@id":"https:\/\/maranhaotv.com.br\/#\/schema\/person\/3d54238e86b20bb5c89ab2fdb8f8829a"},"headline":"Maranh\u00e3o j\u00e1 registrou 28 casos de feminic\u00eddios somente esse ano","datePublished":"2021-07-21T16:38:50+00:00","mainEntityOfPage":{"@id":"https:\/\/maranhaotv.com.br\/index.php\/2021\/07\/21\/maranhao-ja-registrou-28-casos-de-feminicidios-somente-esse-ano\/"},"wordCount":380,"commentCount":0,"publisher":{"@id":"https:\/\/maranhaotv.com.br\/#organization"},"image":{"@id":"https:\/\/maranhaotv.com.br\/index.php\/2021\/07\/21\/maranhao-ja-registrou-28-casos-de-feminicidios-somente-esse-ano\/#primaryimage"},"thumbnailUrl":"","articleSection":["policial"],"inLanguage":"pt-BR","potentialAction":[{"@type":"CommentAction","name":"Comment","target":["https:\/\/maranhaotv.com.br\/index.php\/2021\/07\/21\/maranhao-ja-registrou-28-casos-de-feminicidios-somente-esse-ano\/#respond"]}]},{"@type":"WebPage","@id":"https:\/\/maranhaotv.com.br\/index.php\/2021\/07\/21\/maranhao-ja-registrou-28-casos-de-feminicidios-somente-esse-ano\/","url":"https:\/\/maranhaotv.com.br\/index.php\/2021\/07\/21\/maranhao-ja-registrou-28-casos-de-feminicidios-somente-esse-ano\/","name":"Maranh\u00e3o j\u00e1 registrou 28 casos de feminic\u00eddios somente esse ano - NOT\u00cdCIAS EM TEMPO REAL","isPartOf":{"@id":"https:\/\/maranhaotv.com.br\/#website"},"primaryImageOfPage":{"@id":"https:\/\/maranhaotv.com.br\/index.php\/2021\/07\/21\/maranhao-ja-registrou-28-casos-de-feminicidios-somente-esse-ano\/#primaryimage"},"image":{"@id":"https:\/\/maranhaotv.com.br\/index.php\/2021\/07\/21\/maranhao-ja-registrou-28-casos-de-feminicidios-somente-esse-ano\/#primaryimage"},"thumbnailUrl":"","datePublished":"2021-07-21T16:38:50+00:00","breadcrumb":{"@id":"https:\/\/maranhaotv.com.br\/index.php\/2021\/07\/21\/maranhao-ja-registrou-28-casos-de-feminicidios-somente-esse-ano\/#breadcrumb"},"inLanguage":"pt-BR","potentialAction":[{"@type":"ReadAction","target":["https:\/\/maranhaotv.com.br\/index.php\/2021\/07\/21\/maranhao-ja-registrou-28-casos-de-feminicidios-somente-esse-ano\/"]}]},{"@type":"ImageObject","inLanguage":"pt-BR","@id":"https:\/\/maranhaotv.com.br\/index.php\/2021\/07\/21\/maranhao-ja-registrou-28-casos-de-feminicidios-somente-esse-ano\/#primaryimage","url":"","contentUrl":""},{"@type":"BreadcrumbList","@id":"https:\/\/maranhaotv.com.br\/index.php\/2021\/07\/21\/maranhao-ja-registrou-28-casos-de-feminicidios-somente-esse-ano\/#breadcrumb","itemListElement":[{"@type":"ListItem","position":1,"name":"In\u00edcio","item":"https:\/\/maranhaotv.com.br\/"},{"@type":"ListItem","position":2,"name":"Maranh\u00e3o j\u00e1 registrou 28 casos de feminic\u00eddios somente esse ano"}]},{"@type":"WebSite","@id":"https:\/\/maranhaotv.com.br\/#website","url":"https:\/\/maranhaotv.com.br\/","name":"Maranh\u00e3oTV","description":"","publisher":{"@id":"https:\/\/maranhaotv.com.br\/#organization"},"potentialAction":[{"@type":"SearchAction","target":{"@type":"EntryPoint","urlTemplate":"https:\/\/maranhaotv.com.br\/?s={search_term_string}"},"query-input":{"@type":"PropertyValueSpecification","valueRequired":true,"valueName":"search_term_string"}}],"inLanguage":"pt-BR"},{"@type":"Organization","@id":"https:\/\/maranhaotv.com.br\/#organization","name":"Portal de Not\u00edcias","url":"https:\/\/maranhaotv.com.br\/","logo":{"@type":"ImageObject","inLanguage":"pt-BR","@id":"https:\/\/maranhaotv.com.br\/#\/schema\/logo\/image\/","url":"https:\/\/maranhaotv.com.br\/wp-content\/uploads\/2024\/05\/cropped-cropped-avatar-1.png","contentUrl":"https:\/\/maranhaotv.com.br\/wp-content\/uploads\/2024\/05\/cropped-cropped-avatar-1.png","width":792,"height":428,"caption":"Portal de Not\u00edcias"},"image":{"@id":"https:\/\/maranhaotv.com.br\/#\/schema\/logo\/image\/"},"sameAs":["https:\/\/www.facebook.com\/maiobaotv","https:\/\/x.com\/sitemaranhaotv","https:\/\/www.instagram.com\/maranhao.tv","https:\/\/www.threads.net\/@maranhao.tv"]},{"@type":"Person","@id":"https:\/\/maranhaotv.com.br\/#\/schema\/person\/3d54238e86b20bb5c89ab2fdb8f8829a","name":"maranhaotv","image":{"@type":"ImageObject","inLanguage":"pt-BR","@id":"https:\/\/secure.gravatar.com\/avatar\/8fadbca458d4cb68b1dd399ae9a40618d747bb1af65ac9fad21c89220a143eb4?s=96&d=mm&r=g","url":"https:\/\/secure.gravatar.com\/avatar\/8fadbca458d4cb68b1dd399ae9a40618d747bb1af65ac9fad21c89220a143eb4?s=96&d=mm&r=g","contentUrl":"https:\/\/secure.gravatar.com\/avatar\/8fadbca458d4cb68b1dd399ae9a40618d747bb1af65ac9fad21c89220a143eb4?s=96&d=mm&r=g","caption":"maranhaotv"},"sameAs":["https:\/\/maranhaotv.com.br\/"],"url":"https:\/\/maranhaotv.com.br\/index.php\/author\/maranhaotv\/"}]}},"jetpack_featured_media_url":"","jetpack_sharing_enabled":true,"_links":{"self":[{"href":"https:\/\/maranhaotv.com.br\/index.php\/wp-json\/wp\/v2\/posts\/22632","targetHints":{"allow":["GET"]}}],"collection":[{"href":"https:\/\/maranhaotv.com.br\/index.php\/wp-json\/wp\/v2\/posts"}],"about":[{"href":"https:\/\/maranhaotv.com.br\/index.php\/wp-json\/wp\/v2\/types\/post"}],"author":[{"embeddable":true,"href":"https:\/\/maranhaotv.com.br\/index.php\/wp-json\/wp\/v2\/users\/2"}],"replies":[{"embeddable":true,"href":"https:\/\/maranhaotv.com.br\/index.php\/wp-json\/wp\/v2\/comments?post=22632"}],"version-history":[{"count":0,"href":"https:\/\/maranhaotv.com.br\/index.php\/wp-json\/wp\/v2\/posts\/22632\/revisions"}],"wp:featuredmedia":[{"embeddable":true,"href":"https:\/\/maranhaotv.com.br\/index.php\/wp-json\/"}],"wp:attachment":[{"href":"https:\/\/maranhaotv.com.br\/index.php\/wp-json\/wp\/v2\/media?parent=22632"}],"wp:term":[{"taxonomy":"category","embeddable":true,"href":"https:\/\/maranhaotv.com.br\/index.php\/wp-json\/wp\/v2\/categories?post=22632"},{"taxonomy":"post_tag","embeddable":true,"href":"https:\/\/maranhaotv.com.br\/index.php\/wp-json\/wp\/v2\/tags?post=22632"}],"curies":[{"name":"wp","href":"https:\/\/api.w.org\/{rel}","templated":true}]}}