{"id":22664,"date":"2021-07-23T14:45:15","date_gmt":"2021-07-23T17:45:15","guid":{"rendered":"https:\/\/maranhaotv.com.br\/?p=22664"},"modified":"2021-07-23T14:45:15","modified_gmt":"2021-07-23T17:45:15","slug":"glalbert-gil-cutrim-e-weverton-anunciam-beneficios-para-o-municipio-de-anajatuba","status":"publish","type":"post","link":"https:\/\/maranhaotv.com.br\/index.php\/2021\/07\/23\/glalbert-gil-cutrim-e-weverton-anunciam-beneficios-para-o-municipio-de-anajatuba\/","title":{"rendered":"Glalbert, Gil Cutrim e Weverton anunciam benef\u00edcios para o munic\u00edpio de Anajatuba"},"content":{"rendered":"\n<p><br>O deputado estadual Glalbert Cutrim (PDT) e seu irm\u00e3o, o deputado federal Gil Cutrim (Republicanos), partiparam, nesta quinta-feira (22), das comemora\u00e7\u00f5es de 167 anos do munic\u00edpio de Anajatuba.<br>Juntos, Glalbert e Gil anunciaram benef\u00edcios que superam o montante de R$ 2 milh\u00f5es de reais, que dever\u00e3o ser investidos na pavimenta\u00e7\u00e3o de ruas, em a\u00e7\u00f5es da Sa\u00fade e no fortalecimento da agricultura familiar. <br>\u201cNossa hist\u00f3ria se confunde com a de Anajatuba, pois temos amizades no munic\u00edpio h\u00e1 mais de tr\u00eas d\u00e9cadas. Por isso, fizemos quest\u00e3o de estar presentes e trazer benef\u00edcios para a popula\u00e7\u00e3o.\u201d Destacou.<br>Glalbert aproveitou o clima de festa e anunciou mais recursos para o munic\u00edpio, este destinado pelo senador Weverton Rocha (PDT).<br>\u201cO senador Weverton tamb\u00e9m mandou um presente para a popula\u00e7\u00e3o de Anajatuba. Ser\u00e3o dois quil\u00f4metros de asfalto que j\u00e1 foram cadastrados pelo prefeito Helder Arag\u00e3o e que ajudar\u00e3o na infraestrutura da cidade\u201d, disse Glalbert.<\/p>\n","protected":false},"excerpt":{"rendered":"<p>O deputado estadual Glalbert Cutrim (PDT) e seu irm\u00e3o, o deputado federal Gil Cutrim (Republicanos), partiparam, nesta quinta-feira (22), das<\/p>\n","protected":false},"author":2,"featured_media":22663,"comment_status":"open","ping_status":"open","sticky":false,"template":"","format":"standard","meta":{"colormag_page_container_layout":"default_layout","colormag_page_sidebar_layout":"default_layout","_jetpack_memberships_contains_paid_content":false,"footnotes":""},"categories":[2],"tags":[],"class_list":["post-22664","post","type-post","status-publish","format-standard","has-post-thumbnail","hentry","category-noticias"],"magazineBlocksPostFeaturedMedia":{"thumbnail":false,"medium":false,"medium_large":false,"large":false,"1536x1536":false,"2048x2048":false,"colormag-highlighted-post":false,"colormag-featured-post-medium":false,"colormag-featured-post-small":false,"colormag-featured-image":false,"colormag-default-news":false,"colormag-featured-image-large":false},"magazineBlocksPostAuthor":{"name":"maranhaotv","avatar":"https:\/\/secure.gravatar.com\/avatar\/8fadbca458d4cb68b1dd399ae9a40618d747bb1af65ac9fad21c89220a143eb4?s=96&d=mm&r=g"},"magazineBlocksPostCommentsNumber":"0","magazineBlocksPostExcerpt":"O deputado estadual Glalbert Cutrim (PDT) e seu irm\u00e3o, o deputado federal Gil Cutrim (Republicanos), partiparam, nesta quinta-feira (22), das","magazineBlocksPostCategories":["not\u00edcias"],"magazineBlocksPostViewCount":194,"magazineBlocksPostReadTime":1,"magazine_blocks_featured_image_url":{"full":false,"medium":false,"thumbnail":false},"magazine_blocks_author":{"display_name":"maranhaotv","author_link":"https:\/\/maranhaotv.com.br\/index.php\/author\/maranhaotv\/"},"magazine_blocks_comment":0,"magazine_blocks_author_image":"https:\/\/secure.gravatar.com\/avatar\/8fadbca458d4cb68b1dd399ae9a40618d747bb1af65ac9fad21c89220a143eb4?s=96&d=mm&r=g","magazine_blocks_category":"<a href=\"#\" class=\"category-link category-link-2\">not\u00edcias<\/a>","yoast_head":"<!-- This site is optimized with the Yoast SEO plugin v27.4 - https:\/\/yoast.com\/product\/yoast-seo-wordpress\/ -->\n<title>Glalbert, Gil Cutrim e Weverton anunciam benef\u00edcios para o munic\u00edpio de Anajatuba - NOT\u00cdCIAS EM TEMPO REAL<\/title>\n<meta name=\"robots\" content=\"index, follow, max-snippet:-1, max-image-preview:large, max-video-preview:-1\" \/>\n<link rel=\"canonical\" href=\"https:\/\/maranhaotv.com.br\/index.php\/2021\/07\/23\/glalbert-gil-cutrim-e-weverton-anunciam-beneficios-para-o-municipio-de-anajatuba\/\" \/>\n<meta property=\"og:locale\" content=\"pt_BR\" \/>\n<meta property=\"og:type\" content=\"article\" \/>\n<meta property=\"og:title\" content=\"Glalbert, Gil Cutrim e Weverton anunciam benef\u00edcios para o munic\u00edpio de Anajatuba - NOT\u00cdCIAS EM TEMPO REAL\" \/>\n<meta property=\"og:description\" content=\"O deputado estadual Glalbert Cutrim (PDT) e seu irm\u00e3o, o deputado federal Gil Cutrim (Republicanos), partiparam, nesta quinta-feira (22), das\" \/>\n<meta property=\"og:url\" content=\"https:\/\/maranhaotv.com.br\/index.php\/2021\/07\/23\/glalbert-gil-cutrim-e-weverton-anunciam-beneficios-para-o-municipio-de-anajatuba\/\" \/>\n<meta property=\"og:site_name\" content=\"NOT\u00cdCIAS EM TEMPO REAL\" \/>\n<meta property=\"article:publisher\" content=\"https:\/\/www.facebook.com\/maiobaotv\" \/>\n<meta property=\"article:published_time\" content=\"2021-07-23T17:45:15+00:00\" \/>\n<meta name=\"author\" content=\"maranhaotv\" \/>\n<meta name=\"twitter:card\" content=\"summary_large_image\" \/>\n<meta name=\"twitter:creator\" content=\"@sitemaranhaotv\" \/>\n<meta name=\"twitter:site\" content=\"@sitemaranhaotv\" \/>\n<meta name=\"twitter:label1\" content=\"Escrito por\" \/>\n\t<meta name=\"twitter:data1\" content=\"maranhaotv\" \/>\n\t<meta name=\"twitter:label2\" content=\"Est. tempo de leitura\" \/>\n\t<meta name=\"twitter:data2\" content=\"1 minuto\" \/>\n<script type=\"application\/ld+json\" class=\"yoast-schema-graph\">{\"@context\":\"https:\\\/\\\/schema.org\",\"@graph\":[{\"@type\":\"Article\",\"@id\":\"https:\\\/\\\/maranhaotv.com.br\\\/index.php\\\/2021\\\/07\\\/23\\\/glalbert-gil-cutrim-e-weverton-anunciam-beneficios-para-o-municipio-de-anajatuba\\\/#article\",\"isPartOf\":{\"@id\":\"https:\\\/\\\/maranhaotv.com.br\\\/index.php\\\/2021\\\/07\\\/23\\\/glalbert-gil-cutrim-e-weverton-anunciam-beneficios-para-o-municipio-de-anajatuba\\\/\"},\"author\":{\"name\":\"maranhaotv\",\"@id\":\"https:\\\/\\\/maranhaotv.com.br\\\/#\\\/schema\\\/person\\\/3d54238e86b20bb5c89ab2fdb8f8829a\"},\"headline\":\"Glalbert, Gil Cutrim e Weverton anunciam benef\u00edcios para o munic\u00edpio de Anajatuba\",\"datePublished\":\"2021-07-23T17:45:15+00:00\",\"mainEntityOfPage\":{\"@id\":\"https:\\\/\\\/maranhaotv.com.br\\\/index.php\\\/2021\\\/07\\\/23\\\/glalbert-gil-cutrim-e-weverton-anunciam-beneficios-para-o-municipio-de-anajatuba\\\/\"},\"wordCount\":182,\"commentCount\":0,\"publisher\":{\"@id\":\"https:\\\/\\\/maranhaotv.com.br\\\/#organization\"},\"image\":{\"@id\":\"https:\\\/\\\/maranhaotv.com.br\\\/index.php\\\/2021\\\/07\\\/23\\\/glalbert-gil-cutrim-e-weverton-anunciam-beneficios-para-o-municipio-de-anajatuba\\\/#primaryimage\"},\"thumbnailUrl\":\"\",\"articleSection\":[\"not\u00edcias\"],\"inLanguage\":\"pt-BR\",\"potentialAction\":[{\"@type\":\"CommentAction\",\"name\":\"Comment\",\"target\":[\"https:\\\/\\\/maranhaotv.com.br\\\/index.php\\\/2021\\\/07\\\/23\\\/glalbert-gil-cutrim-e-weverton-anunciam-beneficios-para-o-municipio-de-anajatuba\\\/#respond\"]}]},{\"@type\":\"WebPage\",\"@id\":\"https:\\\/\\\/maranhaotv.com.br\\\/index.php\\\/2021\\\/07\\\/23\\\/glalbert-gil-cutrim-e-weverton-anunciam-beneficios-para-o-municipio-de-anajatuba\\\/\",\"url\":\"https:\\\/\\\/maranhaotv.com.br\\\/index.php\\\/2021\\\/07\\\/23\\\/glalbert-gil-cutrim-e-weverton-anunciam-beneficios-para-o-municipio-de-anajatuba\\\/\",\"name\":\"Glalbert, Gil Cutrim e Weverton anunciam benef\u00edcios para o munic\u00edpio de Anajatuba - NOT\u00cdCIAS EM TEMPO REAL\",\"isPartOf\":{\"@id\":\"https:\\\/\\\/maranhaotv.com.br\\\/#website\"},\"primaryImageOfPage\":{\"@id\":\"https:\\\/\\\/maranhaotv.com.br\\\/index.php\\\/2021\\\/07\\\/23\\\/glalbert-gil-cutrim-e-weverton-anunciam-beneficios-para-o-municipio-de-anajatuba\\\/#primaryimage\"},\"image\":{\"@id\":\"https:\\\/\\\/maranhaotv.com.br\\\/index.php\\\/2021\\\/07\\\/23\\\/glalbert-gil-cutrim-e-weverton-anunciam-beneficios-para-o-municipio-de-anajatuba\\\/#primaryimage\"},\"thumbnailUrl\":\"\",\"datePublished\":\"2021-07-23T17:45:15+00:00\",\"breadcrumb\":{\"@id\":\"https:\\\/\\\/maranhaotv.com.br\\\/index.php\\\/2021\\\/07\\\/23\\\/glalbert-gil-cutrim-e-weverton-anunciam-beneficios-para-o-municipio-de-anajatuba\\\/#breadcrumb\"},\"inLanguage\":\"pt-BR\",\"potentialAction\":[{\"@type\":\"ReadAction\",\"target\":[\"https:\\\/\\\/maranhaotv.com.br\\\/index.php\\\/2021\\\/07\\\/23\\\/glalbert-gil-cutrim-e-weverton-anunciam-beneficios-para-o-municipio-de-anajatuba\\\/\"]}]},{\"@type\":\"ImageObject\",\"inLanguage\":\"pt-BR\",\"@id\":\"https:\\\/\\\/maranhaotv.com.br\\\/index.php\\\/2021\\\/07\\\/23\\\/glalbert-gil-cutrim-e-weverton-anunciam-beneficios-para-o-municipio-de-anajatuba\\\/#primaryimage\",\"url\":\"\",\"contentUrl\":\"\"},{\"@type\":\"BreadcrumbList\",\"@id\":\"https:\\\/\\\/maranhaotv.com.br\\\/index.php\\\/2021\\\/07\\\/23\\\/glalbert-gil-cutrim-e-weverton-anunciam-beneficios-para-o-municipio-de-anajatuba\\\/#breadcrumb\",\"itemListElement\":[{\"@type\":\"ListItem\",\"position\":1,\"name\":\"In\u00edcio\",\"item\":\"https:\\\/\\\/maranhaotv.com.br\\\/\"},{\"@type\":\"ListItem\",\"position\":2,\"name\":\"Glalbert, Gil Cutrim e Weverton anunciam benef\u00edcios para o munic\u00edpio de Anajatuba\"}]},{\"@type\":\"WebSite\",\"@id\":\"https:\\\/\\\/maranhaotv.com.br\\\/#website\",\"url\":\"https:\\\/\\\/maranhaotv.com.br\\\/\",\"name\":\"Maranh\u00e3oTV\",\"description\":\"\",\"publisher\":{\"@id\":\"https:\\\/\\\/maranhaotv.com.br\\\/#organization\"},\"potentialAction\":[{\"@type\":\"SearchAction\",\"target\":{\"@type\":\"EntryPoint\",\"urlTemplate\":\"https:\\\/\\\/maranhaotv.com.br\\\/?s={search_term_string}\"},\"query-input\":{\"@type\":\"PropertyValueSpecification\",\"valueRequired\":true,\"valueName\":\"search_term_string\"}}],\"inLanguage\":\"pt-BR\"},{\"@type\":\"Organization\",\"@id\":\"https:\\\/\\\/maranhaotv.com.br\\\/#organization\",\"name\":\"Portal de Not\u00edcias\",\"url\":\"https:\\\/\\\/maranhaotv.com.br\\\/\",\"logo\":{\"@type\":\"ImageObject\",\"inLanguage\":\"pt-BR\",\"@id\":\"https:\\\/\\\/maranhaotv.com.br\\\/#\\\/schema\\\/logo\\\/image\\\/\",\"url\":\"https:\\\/\\\/maranhaotv.com.br\\\/wp-content\\\/uploads\\\/2024\\\/05\\\/cropped-cropped-avatar-1.png\",\"contentUrl\":\"https:\\\/\\\/maranhaotv.com.br\\\/wp-content\\\/uploads\\\/2024\\\/05\\\/cropped-cropped-avatar-1.png\",\"width\":792,\"height\":428,\"caption\":\"Portal de Not\u00edcias\"},\"image\":{\"@id\":\"https:\\\/\\\/maranhaotv.com.br\\\/#\\\/schema\\\/logo\\\/image\\\/\"},\"sameAs\":[\"https:\\\/\\\/www.facebook.com\\\/maiobaotv\",\"https:\\\/\\\/x.com\\\/sitemaranhaotv\",\"https:\\\/\\\/www.instagram.com\\\/maranhao.tv\",\"https:\\\/\\\/www.threads.net\\\/@maranhao.tv\"]},{\"@type\":\"Person\",\"@id\":\"https:\\\/\\\/maranhaotv.com.br\\\/#\\\/schema\\\/person\\\/3d54238e86b20bb5c89ab2fdb8f8829a\",\"name\":\"maranhaotv\",\"image\":{\"@type\":\"ImageObject\",\"inLanguage\":\"pt-BR\",\"@id\":\"https:\\\/\\\/secure.gravatar.com\\\/avatar\\\/8fadbca458d4cb68b1dd399ae9a40618d747bb1af65ac9fad21c89220a143eb4?s=96&d=mm&r=g\",\"url\":\"https:\\\/\\\/secure.gravatar.com\\\/avatar\\\/8fadbca458d4cb68b1dd399ae9a40618d747bb1af65ac9fad21c89220a143eb4?s=96&d=mm&r=g\",\"contentUrl\":\"https:\\\/\\\/secure.gravatar.com\\\/avatar\\\/8fadbca458d4cb68b1dd399ae9a40618d747bb1af65ac9fad21c89220a143eb4?s=96&d=mm&r=g\",\"caption\":\"maranhaotv\"},\"sameAs\":[\"https:\\\/\\\/maranhaotv.com.br\\\/\"],\"url\":\"https:\\\/\\\/maranhaotv.com.br\\\/index.php\\\/author\\\/maranhaotv\\\/\"}]}<\/script>\n<!-- \/ Yoast SEO plugin. -->","yoast_head_json":{"title":"Glalbert, Gil Cutrim e Weverton anunciam benef\u00edcios para o munic\u00edpio de Anajatuba - NOT\u00cdCIAS EM TEMPO REAL","robots":{"index":"index","follow":"follow","max-snippet":"max-snippet:-1","max-image-preview":"max-image-preview:large","max-video-preview":"max-video-preview:-1"},"canonical":"https:\/\/maranhaotv.com.br\/index.php\/2021\/07\/23\/glalbert-gil-cutrim-e-weverton-anunciam-beneficios-para-o-municipio-de-anajatuba\/","og_locale":"pt_BR","og_type":"article","og_title":"Glalbert, Gil Cutrim e Weverton anunciam benef\u00edcios para o munic\u00edpio de Anajatuba - NOT\u00cdCIAS EM TEMPO REAL","og_description":"O deputado estadual Glalbert Cutrim (PDT) e seu irm\u00e3o, o deputado federal Gil Cutrim (Republicanos), partiparam, nesta quinta-feira (22), das","og_url":"https:\/\/maranhaotv.com.br\/index.php\/2021\/07\/23\/glalbert-gil-cutrim-e-weverton-anunciam-beneficios-para-o-municipio-de-anajatuba\/","og_site_name":"NOT\u00cdCIAS EM TEMPO REAL","article_publisher":"https:\/\/www.facebook.com\/maiobaotv","article_published_time":"2021-07-23T17:45:15+00:00","author":"maranhaotv","twitter_card":"summary_large_image","twitter_creator":"@sitemaranhaotv","twitter_site":"@sitemaranhaotv","twitter_misc":{"Escrito por":"maranhaotv","Est. tempo de leitura":"1 minuto"},"schema":{"@context":"https:\/\/schema.org","@graph":[{"@type":"Article","@id":"https:\/\/maranhaotv.com.br\/index.php\/2021\/07\/23\/glalbert-gil-cutrim-e-weverton-anunciam-beneficios-para-o-municipio-de-anajatuba\/#article","isPartOf":{"@id":"https:\/\/maranhaotv.com.br\/index.php\/2021\/07\/23\/glalbert-gil-cutrim-e-weverton-anunciam-beneficios-para-o-municipio-de-anajatuba\/"},"author":{"name":"maranhaotv","@id":"https:\/\/maranhaotv.com.br\/#\/schema\/person\/3d54238e86b20bb5c89ab2fdb8f8829a"},"headline":"Glalbert, Gil Cutrim e Weverton anunciam benef\u00edcios para o munic\u00edpio de Anajatuba","datePublished":"2021-07-23T17:45:15+00:00","mainEntityOfPage":{"@id":"https:\/\/maranhaotv.com.br\/index.php\/2021\/07\/23\/glalbert-gil-cutrim-e-weverton-anunciam-beneficios-para-o-municipio-de-anajatuba\/"},"wordCount":182,"commentCount":0,"publisher":{"@id":"https:\/\/maranhaotv.com.br\/#organization"},"image":{"@id":"https:\/\/maranhaotv.com.br\/index.php\/2021\/07\/23\/glalbert-gil-cutrim-e-weverton-anunciam-beneficios-para-o-municipio-de-anajatuba\/#primaryimage"},"thumbnailUrl":"","articleSection":["not\u00edcias"],"inLanguage":"pt-BR","potentialAction":[{"@type":"CommentAction","name":"Comment","target":["https:\/\/maranhaotv.com.br\/index.php\/2021\/07\/23\/glalbert-gil-cutrim-e-weverton-anunciam-beneficios-para-o-municipio-de-anajatuba\/#respond"]}]},{"@type":"WebPage","@id":"https:\/\/maranhaotv.com.br\/index.php\/2021\/07\/23\/glalbert-gil-cutrim-e-weverton-anunciam-beneficios-para-o-municipio-de-anajatuba\/","url":"https:\/\/maranhaotv.com.br\/index.php\/2021\/07\/23\/glalbert-gil-cutrim-e-weverton-anunciam-beneficios-para-o-municipio-de-anajatuba\/","name":"Glalbert, Gil Cutrim e Weverton anunciam benef\u00edcios para o munic\u00edpio de Anajatuba - NOT\u00cdCIAS EM TEMPO REAL","isPartOf":{"@id":"https:\/\/maranhaotv.com.br\/#website"},"primaryImageOfPage":{"@id":"https:\/\/maranhaotv.com.br\/index.php\/2021\/07\/23\/glalbert-gil-cutrim-e-weverton-anunciam-beneficios-para-o-municipio-de-anajatuba\/#primaryimage"},"image":{"@id":"https:\/\/maranhaotv.com.br\/index.php\/2021\/07\/23\/glalbert-gil-cutrim-e-weverton-anunciam-beneficios-para-o-municipio-de-anajatuba\/#primaryimage"},"thumbnailUrl":"","datePublished":"2021-07-23T17:45:15+00:00","breadcrumb":{"@id":"https:\/\/maranhaotv.com.br\/index.php\/2021\/07\/23\/glalbert-gil-cutrim-e-weverton-anunciam-beneficios-para-o-municipio-de-anajatuba\/#breadcrumb"},"inLanguage":"pt-BR","potentialAction":[{"@type":"ReadAction","target":["https:\/\/maranhaotv.com.br\/index.php\/2021\/07\/23\/glalbert-gil-cutrim-e-weverton-anunciam-beneficios-para-o-municipio-de-anajatuba\/"]}]},{"@type":"ImageObject","inLanguage":"pt-BR","@id":"https:\/\/maranhaotv.com.br\/index.php\/2021\/07\/23\/glalbert-gil-cutrim-e-weverton-anunciam-beneficios-para-o-municipio-de-anajatuba\/#primaryimage","url":"","contentUrl":""},{"@type":"BreadcrumbList","@id":"https:\/\/maranhaotv.com.br\/index.php\/2021\/07\/23\/glalbert-gil-cutrim-e-weverton-anunciam-beneficios-para-o-municipio-de-anajatuba\/#breadcrumb","itemListElement":[{"@type":"ListItem","position":1,"name":"In\u00edcio","item":"https:\/\/maranhaotv.com.br\/"},{"@type":"ListItem","position":2,"name":"Glalbert, Gil Cutrim e Weverton anunciam benef\u00edcios para o munic\u00edpio de Anajatuba"}]},{"@type":"WebSite","@id":"https:\/\/maranhaotv.com.br\/#website","url":"https:\/\/maranhaotv.com.br\/","name":"Maranh\u00e3oTV","description":"","publisher":{"@id":"https:\/\/maranhaotv.com.br\/#organization"},"potentialAction":[{"@type":"SearchAction","target":{"@type":"EntryPoint","urlTemplate":"https:\/\/maranhaotv.com.br\/?s={search_term_string}"},"query-input":{"@type":"PropertyValueSpecification","valueRequired":true,"valueName":"search_term_string"}}],"inLanguage":"pt-BR"},{"@type":"Organization","@id":"https:\/\/maranhaotv.com.br\/#organization","name":"Portal de Not\u00edcias","url":"https:\/\/maranhaotv.com.br\/","logo":{"@type":"ImageObject","inLanguage":"pt-BR","@id":"https:\/\/maranhaotv.com.br\/#\/schema\/logo\/image\/","url":"https:\/\/maranhaotv.com.br\/wp-content\/uploads\/2024\/05\/cropped-cropped-avatar-1.png","contentUrl":"https:\/\/maranhaotv.com.br\/wp-content\/uploads\/2024\/05\/cropped-cropped-avatar-1.png","width":792,"height":428,"caption":"Portal de Not\u00edcias"},"image":{"@id":"https:\/\/maranhaotv.com.br\/#\/schema\/logo\/image\/"},"sameAs":["https:\/\/www.facebook.com\/maiobaotv","https:\/\/x.com\/sitemaranhaotv","https:\/\/www.instagram.com\/maranhao.tv","https:\/\/www.threads.net\/@maranhao.tv"]},{"@type":"Person","@id":"https:\/\/maranhaotv.com.br\/#\/schema\/person\/3d54238e86b20bb5c89ab2fdb8f8829a","name":"maranhaotv","image":{"@type":"ImageObject","inLanguage":"pt-BR","@id":"https:\/\/secure.gravatar.com\/avatar\/8fadbca458d4cb68b1dd399ae9a40618d747bb1af65ac9fad21c89220a143eb4?s=96&d=mm&r=g","url":"https:\/\/secure.gravatar.com\/avatar\/8fadbca458d4cb68b1dd399ae9a40618d747bb1af65ac9fad21c89220a143eb4?s=96&d=mm&r=g","contentUrl":"https:\/\/secure.gravatar.com\/avatar\/8fadbca458d4cb68b1dd399ae9a40618d747bb1af65ac9fad21c89220a143eb4?s=96&d=mm&r=g","caption":"maranhaotv"},"sameAs":["https:\/\/maranhaotv.com.br\/"],"url":"https:\/\/maranhaotv.com.br\/index.php\/author\/maranhaotv\/"}]}},"jetpack_featured_media_url":"","jetpack_sharing_enabled":true,"_links":{"self":[{"href":"https:\/\/maranhaotv.com.br\/index.php\/wp-json\/wp\/v2\/posts\/22664","targetHints":{"allow":["GET"]}}],"collection":[{"href":"https:\/\/maranhaotv.com.br\/index.php\/wp-json\/wp\/v2\/posts"}],"about":[{"href":"https:\/\/maranhaotv.com.br\/index.php\/wp-json\/wp\/v2\/types\/post"}],"author":[{"embeddable":true,"href":"https:\/\/maranhaotv.com.br\/index.php\/wp-json\/wp\/v2\/users\/2"}],"replies":[{"embeddable":true,"href":"https:\/\/maranhaotv.com.br\/index.php\/wp-json\/wp\/v2\/comments?post=22664"}],"version-history":[{"count":0,"href":"https:\/\/maranhaotv.com.br\/index.php\/wp-json\/wp\/v2\/posts\/22664\/revisions"}],"wp:featuredmedia":[{"embeddable":true,"href":"https:\/\/maranhaotv.com.br\/index.php\/wp-json\/"}],"wp:attachment":[{"href":"https:\/\/maranhaotv.com.br\/index.php\/wp-json\/wp\/v2\/media?parent=22664"}],"wp:term":[{"taxonomy":"category","embeddable":true,"href":"https:\/\/maranhaotv.com.br\/index.php\/wp-json\/wp\/v2\/categories?post=22664"},{"taxonomy":"post_tag","embeddable":true,"href":"https:\/\/maranhaotv.com.br\/index.php\/wp-json\/wp\/v2\/tags?post=22664"}],"curies":[{"name":"wp","href":"https:\/\/api.w.org\/{rel}","templated":true}]}}