{"id":22697,"date":"2021-07-26T12:41:29","date_gmt":"2021-07-26T15:41:29","guid":{"rendered":"https:\/\/maranhaotv.com.br\/?p=22697"},"modified":"2021-07-26T12:41:29","modified_gmt":"2021-07-26T15:41:29","slug":"pinheiro-mirando-eleicao-de-irma-luciano-enche-folha-da-prefeitura-e-vira-alvo-da-justica","status":"publish","type":"post","link":"https:\/\/maranhaotv.com.br\/index.php\/2021\/07\/26\/pinheiro-mirando-eleicao-de-irma-luciano-enche-folha-da-prefeitura-e-vira-alvo-da-justica\/","title":{"rendered":"Pinheiro: Mirando elei\u00e7\u00e3o de irm\u00e3, Luciano enche folha da Prefeitura e vira alvo da Justi\u00e7a"},"content":{"rendered":"\n<p><em><strong>Nomea\u00e7\u00e3o de centenas de servidores sem concurso vira alvo de investiga\u00e7\u00e3o criminal na gest\u00e3o de Luciano Gen\u00e9sio, em Pinheiro <\/strong><\/em><br><br>A Vara de Trabalho da Comarca de Pinheiro, est\u00e1 investigando a contrata\u00e7\u00e3o de centenas de servidores p\u00fablicos pela prefeitura de Pinheiro sem a necess\u00e1ria realiza\u00e7\u00e3o de concurso p\u00fablico. <br><br>O caso chegou ao conhecimento do Minist\u00e9rio P\u00fablico do Maranh\u00e3o atrav\u00e9s e uma not\u00edcia de fato, instaurada no in\u00edcio de fevereiro. Agora com o final do prazo inicial, a Assessoria Especial de Investiga\u00e7\u00e3o resolveu converter a not\u00edcia fato em procedimento investigat\u00f3rio criminal, solicitando a prorroga\u00e7\u00e3o prazo em 90 dias. <br><br>O Procedimento Investigat\u00f3rio Criminal \u00e9 instrumento sum\u00e1rio e desburocratizado de natureza administrativa e investigat\u00f3ria, instaurado e presidido pelo membro do Minist\u00e9rio P\u00fablico com atribui\u00e7\u00e3o criminal, cuja finalidade \u00e9 apurar a ocorr\u00eancia de infra\u00e7\u00f5es penais de iniciativa p\u00fablica, servindo como prepara\u00e7\u00e3o e embasamento para o ju\u00edzo de propositura, ou n\u00e3o, da respectiva a\u00e7\u00e3o penal, na forma estabelecida na Resolu\u00e7\u00e3o n\u00ba 181\/2017, do Conselho Nacional do Minist\u00e9rio P\u00fablico. <br><br>Caso seja comprovado o loteamento de cargos pol\u00edticos na gest\u00e3o de Luciano Gen\u00e9sio, o prefeito dever\u00e1 responder por crime de responsabilidade e caber\u00e1 ao Tribunal de Justi\u00e7a o seu julgamento. <br><br>Em oficio encaminhado a Procuradoria-Geral de Justi\u00e7a, a Procuradoria Municipal de Pinheiro, solicitou a c\u00f3pia dos autos e prorroga\u00e7\u00e3o do prazo de resposta. <br><br>O site Folha do Maranh\u00e3o teve acesso a folha de pagamento dos servidores nomeados na prefeitura de Pinheiro. Em um levantamento pr\u00e9vio, foram identificadas diversas pessoas n\u00e3o residem no munic\u00edpio, mas estariam recebendo recebendo sal\u00e1rios como se fossem funcion\u00e1rio. <\/p>\n\n\n\n<p><\/p>\n\n\n\n<figure class=\"wp-block-gallery columns-1 is-cropped wp-block-gallery-1 is-layout-flex wp-block-gallery-is-layout-flex\"><ul class=\"blocks-gallery-grid\"><li class=\"blocks-gallery-item\"><figure><img decoding=\"async\" src=\"https:\/\/maranhaotv.com.br\/wp-content\/uploads\/2021\/07\/IMG-20210726-WA0216.jpg\" data-id=\"22695\" class=\"wp-image-22695\"\/><\/figure><\/li><\/ul><\/figure>\n\n\n\n<p>Do site Folha do Maranh\u00e3o<\/p>\n","protected":false},"excerpt":{"rendered":"<p>Nomea\u00e7\u00e3o de centenas de servidores sem concurso vira alvo de investiga\u00e7\u00e3o criminal na gest\u00e3o de Luciano Gen\u00e9sio, em Pinheiro A<\/p>\n","protected":false},"author":2,"featured_media":22696,"comment_status":"open","ping_status":"open","sticky":false,"template":"","format":"standard","meta":{"colormag_page_container_layout":"default_layout","colormag_page_sidebar_layout":"default_layout","_jetpack_memberships_contains_paid_content":false,"footnotes":""},"categories":[6],"tags":[],"class_list":["post-22697","post","type-post","status-publish","format-standard","has-post-thumbnail","hentry","category-politica"],"magazineBlocksPostFeaturedMedia":{"thumbnail":false,"medium":false,"medium_large":false,"large":false,"1536x1536":false,"2048x2048":false,"colormag-highlighted-post":false,"colormag-featured-post-medium":false,"colormag-featured-post-small":false,"colormag-featured-image":false,"colormag-default-news":false,"colormag-featured-image-large":false},"magazineBlocksPostAuthor":{"name":"maranhaotv","avatar":"https:\/\/secure.gravatar.com\/avatar\/8fadbca458d4cb68b1dd399ae9a40618d747bb1af65ac9fad21c89220a143eb4?s=96&d=mm&r=g"},"magazineBlocksPostCommentsNumber":"0","magazineBlocksPostExcerpt":"Nomea\u00e7\u00e3o de centenas de servidores sem concurso vira alvo de investiga\u00e7\u00e3o criminal na gest\u00e3o de Luciano Gen\u00e9sio, em Pinheiro A","magazineBlocksPostCategories":["pol\u00edtica"],"magazineBlocksPostViewCount":253,"magazineBlocksPostReadTime":2,"magazine_blocks_featured_image_url":{"full":false,"medium":false,"thumbnail":false},"magazine_blocks_author":{"display_name":"maranhaotv","author_link":"https:\/\/maranhaotv.com.br\/index.php\/author\/maranhaotv\/"},"magazine_blocks_comment":1,"magazine_blocks_author_image":"https:\/\/secure.gravatar.com\/avatar\/8fadbca458d4cb68b1dd399ae9a40618d747bb1af65ac9fad21c89220a143eb4?s=96&d=mm&r=g","magazine_blocks_category":"<a href=\"#\" class=\"category-link category-link-6\">pol\u00edtica<\/a>","yoast_head":"<!-- This site is optimized with the Yoast SEO plugin v27.4 - https:\/\/yoast.com\/product\/yoast-seo-wordpress\/ -->\n<title>Pinheiro: Mirando elei\u00e7\u00e3o de irm\u00e3, Luciano enche folha da Prefeitura e vira alvo da Justi\u00e7a - NOT\u00cdCIAS EM TEMPO REAL<\/title>\n<meta name=\"robots\" content=\"index, follow, max-snippet:-1, max-image-preview:large, max-video-preview:-1\" \/>\n<link rel=\"canonical\" href=\"https:\/\/maranhaotv.com.br\/index.php\/2021\/07\/26\/pinheiro-mirando-eleicao-de-irma-luciano-enche-folha-da-prefeitura-e-vira-alvo-da-justica\/\" \/>\n<meta property=\"og:locale\" content=\"pt_BR\" \/>\n<meta property=\"og:type\" content=\"article\" \/>\n<meta property=\"og:title\" content=\"Pinheiro: Mirando elei\u00e7\u00e3o de irm\u00e3, Luciano enche folha da Prefeitura e vira alvo da Justi\u00e7a - NOT\u00cdCIAS EM TEMPO REAL\" \/>\n<meta property=\"og:description\" content=\"Nomea\u00e7\u00e3o de centenas de servidores sem concurso vira alvo de investiga\u00e7\u00e3o criminal na gest\u00e3o de Luciano Gen\u00e9sio, em Pinheiro A\" \/>\n<meta property=\"og:url\" content=\"https:\/\/maranhaotv.com.br\/index.php\/2021\/07\/26\/pinheiro-mirando-eleicao-de-irma-luciano-enche-folha-da-prefeitura-e-vira-alvo-da-justica\/\" \/>\n<meta property=\"og:site_name\" content=\"NOT\u00cdCIAS EM TEMPO REAL\" \/>\n<meta property=\"article:publisher\" content=\"https:\/\/www.facebook.com\/maiobaotv\" \/>\n<meta property=\"article:published_time\" content=\"2021-07-26T15:41:29+00:00\" \/>\n<meta name=\"author\" content=\"maranhaotv\" \/>\n<meta name=\"twitter:card\" content=\"summary_large_image\" \/>\n<meta name=\"twitter:creator\" content=\"@sitemaranhaotv\" \/>\n<meta name=\"twitter:site\" content=\"@sitemaranhaotv\" \/>\n<meta name=\"twitter:label1\" content=\"Escrito por\" \/>\n\t<meta name=\"twitter:data1\" content=\"maranhaotv\" \/>\n\t<meta name=\"twitter:label2\" content=\"Est. tempo de leitura\" \/>\n\t<meta name=\"twitter:data2\" content=\"2 minutos\" \/>\n<script type=\"application\/ld+json\" class=\"yoast-schema-graph\">{\"@context\":\"https:\\\/\\\/schema.org\",\"@graph\":[{\"@type\":\"Article\",\"@id\":\"https:\\\/\\\/maranhaotv.com.br\\\/index.php\\\/2021\\\/07\\\/26\\\/pinheiro-mirando-eleicao-de-irma-luciano-enche-folha-da-prefeitura-e-vira-alvo-da-justica\\\/#article\",\"isPartOf\":{\"@id\":\"https:\\\/\\\/maranhaotv.com.br\\\/index.php\\\/2021\\\/07\\\/26\\\/pinheiro-mirando-eleicao-de-irma-luciano-enche-folha-da-prefeitura-e-vira-alvo-da-justica\\\/\"},\"author\":{\"name\":\"maranhaotv\",\"@id\":\"https:\\\/\\\/maranhaotv.com.br\\\/#\\\/schema\\\/person\\\/3d54238e86b20bb5c89ab2fdb8f8829a\"},\"headline\":\"Pinheiro: Mirando elei\u00e7\u00e3o de irm\u00e3, Luciano enche folha da Prefeitura e vira alvo da Justi\u00e7a\",\"datePublished\":\"2021-07-26T15:41:29+00:00\",\"mainEntityOfPage\":{\"@id\":\"https:\\\/\\\/maranhaotv.com.br\\\/index.php\\\/2021\\\/07\\\/26\\\/pinheiro-mirando-eleicao-de-irma-luciano-enche-folha-da-prefeitura-e-vira-alvo-da-justica\\\/\"},\"wordCount\":321,\"commentCount\":0,\"publisher\":{\"@id\":\"https:\\\/\\\/maranhaotv.com.br\\\/#organization\"},\"image\":{\"@id\":\"https:\\\/\\\/maranhaotv.com.br\\\/index.php\\\/2021\\\/07\\\/26\\\/pinheiro-mirando-eleicao-de-irma-luciano-enche-folha-da-prefeitura-e-vira-alvo-da-justica\\\/#primaryimage\"},\"thumbnailUrl\":\"\",\"articleSection\":[\"pol\u00edtica\"],\"inLanguage\":\"pt-BR\",\"potentialAction\":[{\"@type\":\"CommentAction\",\"name\":\"Comment\",\"target\":[\"https:\\\/\\\/maranhaotv.com.br\\\/index.php\\\/2021\\\/07\\\/26\\\/pinheiro-mirando-eleicao-de-irma-luciano-enche-folha-da-prefeitura-e-vira-alvo-da-justica\\\/#respond\"]}]},{\"@type\":\"WebPage\",\"@id\":\"https:\\\/\\\/maranhaotv.com.br\\\/index.php\\\/2021\\\/07\\\/26\\\/pinheiro-mirando-eleicao-de-irma-luciano-enche-folha-da-prefeitura-e-vira-alvo-da-justica\\\/\",\"url\":\"https:\\\/\\\/maranhaotv.com.br\\\/index.php\\\/2021\\\/07\\\/26\\\/pinheiro-mirando-eleicao-de-irma-luciano-enche-folha-da-prefeitura-e-vira-alvo-da-justica\\\/\",\"name\":\"Pinheiro: Mirando elei\u00e7\u00e3o de irm\u00e3, Luciano enche folha da Prefeitura e vira alvo da Justi\u00e7a - NOT\u00cdCIAS EM TEMPO REAL\",\"isPartOf\":{\"@id\":\"https:\\\/\\\/maranhaotv.com.br\\\/#website\"},\"primaryImageOfPage\":{\"@id\":\"https:\\\/\\\/maranhaotv.com.br\\\/index.php\\\/2021\\\/07\\\/26\\\/pinheiro-mirando-eleicao-de-irma-luciano-enche-folha-da-prefeitura-e-vira-alvo-da-justica\\\/#primaryimage\"},\"image\":{\"@id\":\"https:\\\/\\\/maranhaotv.com.br\\\/index.php\\\/2021\\\/07\\\/26\\\/pinheiro-mirando-eleicao-de-irma-luciano-enche-folha-da-prefeitura-e-vira-alvo-da-justica\\\/#primaryimage\"},\"thumbnailUrl\":\"\",\"datePublished\":\"2021-07-26T15:41:29+00:00\",\"breadcrumb\":{\"@id\":\"https:\\\/\\\/maranhaotv.com.br\\\/index.php\\\/2021\\\/07\\\/26\\\/pinheiro-mirando-eleicao-de-irma-luciano-enche-folha-da-prefeitura-e-vira-alvo-da-justica\\\/#breadcrumb\"},\"inLanguage\":\"pt-BR\",\"potentialAction\":[{\"@type\":\"ReadAction\",\"target\":[\"https:\\\/\\\/maranhaotv.com.br\\\/index.php\\\/2021\\\/07\\\/26\\\/pinheiro-mirando-eleicao-de-irma-luciano-enche-folha-da-prefeitura-e-vira-alvo-da-justica\\\/\"]}]},{\"@type\":\"ImageObject\",\"inLanguage\":\"pt-BR\",\"@id\":\"https:\\\/\\\/maranhaotv.com.br\\\/index.php\\\/2021\\\/07\\\/26\\\/pinheiro-mirando-eleicao-de-irma-luciano-enche-folha-da-prefeitura-e-vira-alvo-da-justica\\\/#primaryimage\",\"url\":\"\",\"contentUrl\":\"\"},{\"@type\":\"BreadcrumbList\",\"@id\":\"https:\\\/\\\/maranhaotv.com.br\\\/index.php\\\/2021\\\/07\\\/26\\\/pinheiro-mirando-eleicao-de-irma-luciano-enche-folha-da-prefeitura-e-vira-alvo-da-justica\\\/#breadcrumb\",\"itemListElement\":[{\"@type\":\"ListItem\",\"position\":1,\"name\":\"In\u00edcio\",\"item\":\"https:\\\/\\\/maranhaotv.com.br\\\/\"},{\"@type\":\"ListItem\",\"position\":2,\"name\":\"Pinheiro: Mirando elei\u00e7\u00e3o de irm\u00e3, Luciano enche folha da Prefeitura e vira alvo da Justi\u00e7a\"}]},{\"@type\":\"WebSite\",\"@id\":\"https:\\\/\\\/maranhaotv.com.br\\\/#website\",\"url\":\"https:\\\/\\\/maranhaotv.com.br\\\/\",\"name\":\"Maranh\u00e3oTV\",\"description\":\"\",\"publisher\":{\"@id\":\"https:\\\/\\\/maranhaotv.com.br\\\/#organization\"},\"potentialAction\":[{\"@type\":\"SearchAction\",\"target\":{\"@type\":\"EntryPoint\",\"urlTemplate\":\"https:\\\/\\\/maranhaotv.com.br\\\/?s={search_term_string}\"},\"query-input\":{\"@type\":\"PropertyValueSpecification\",\"valueRequired\":true,\"valueName\":\"search_term_string\"}}],\"inLanguage\":\"pt-BR\"},{\"@type\":\"Organization\",\"@id\":\"https:\\\/\\\/maranhaotv.com.br\\\/#organization\",\"name\":\"Portal de Not\u00edcias\",\"url\":\"https:\\\/\\\/maranhaotv.com.br\\\/\",\"logo\":{\"@type\":\"ImageObject\",\"inLanguage\":\"pt-BR\",\"@id\":\"https:\\\/\\\/maranhaotv.com.br\\\/#\\\/schema\\\/logo\\\/image\\\/\",\"url\":\"https:\\\/\\\/maranhaotv.com.br\\\/wp-content\\\/uploads\\\/2024\\\/05\\\/cropped-cropped-avatar-1.png\",\"contentUrl\":\"https:\\\/\\\/maranhaotv.com.br\\\/wp-content\\\/uploads\\\/2024\\\/05\\\/cropped-cropped-avatar-1.png\",\"width\":792,\"height\":428,\"caption\":\"Portal de Not\u00edcias\"},\"image\":{\"@id\":\"https:\\\/\\\/maranhaotv.com.br\\\/#\\\/schema\\\/logo\\\/image\\\/\"},\"sameAs\":[\"https:\\\/\\\/www.facebook.com\\\/maiobaotv\",\"https:\\\/\\\/x.com\\\/sitemaranhaotv\",\"https:\\\/\\\/www.instagram.com\\\/maranhao.tv\",\"https:\\\/\\\/www.threads.net\\\/@maranhao.tv\"]},{\"@type\":\"Person\",\"@id\":\"https:\\\/\\\/maranhaotv.com.br\\\/#\\\/schema\\\/person\\\/3d54238e86b20bb5c89ab2fdb8f8829a\",\"name\":\"maranhaotv\",\"image\":{\"@type\":\"ImageObject\",\"inLanguage\":\"pt-BR\",\"@id\":\"https:\\\/\\\/secure.gravatar.com\\\/avatar\\\/8fadbca458d4cb68b1dd399ae9a40618d747bb1af65ac9fad21c89220a143eb4?s=96&d=mm&r=g\",\"url\":\"https:\\\/\\\/secure.gravatar.com\\\/avatar\\\/8fadbca458d4cb68b1dd399ae9a40618d747bb1af65ac9fad21c89220a143eb4?s=96&d=mm&r=g\",\"contentUrl\":\"https:\\\/\\\/secure.gravatar.com\\\/avatar\\\/8fadbca458d4cb68b1dd399ae9a40618d747bb1af65ac9fad21c89220a143eb4?s=96&d=mm&r=g\",\"caption\":\"maranhaotv\"},\"sameAs\":[\"https:\\\/\\\/maranhaotv.com.br\\\/\"],\"url\":\"https:\\\/\\\/maranhaotv.com.br\\\/index.php\\\/author\\\/maranhaotv\\\/\"}]}<\/script>\n<!-- \/ Yoast SEO plugin. -->","yoast_head_json":{"title":"Pinheiro: Mirando elei\u00e7\u00e3o de irm\u00e3, Luciano enche folha da Prefeitura e vira alvo da Justi\u00e7a - NOT\u00cdCIAS EM TEMPO REAL","robots":{"index":"index","follow":"follow","max-snippet":"max-snippet:-1","max-image-preview":"max-image-preview:large","max-video-preview":"max-video-preview:-1"},"canonical":"https:\/\/maranhaotv.com.br\/index.php\/2021\/07\/26\/pinheiro-mirando-eleicao-de-irma-luciano-enche-folha-da-prefeitura-e-vira-alvo-da-justica\/","og_locale":"pt_BR","og_type":"article","og_title":"Pinheiro: Mirando elei\u00e7\u00e3o de irm\u00e3, Luciano enche folha da Prefeitura e vira alvo da Justi\u00e7a - NOT\u00cdCIAS EM TEMPO REAL","og_description":"Nomea\u00e7\u00e3o de centenas de servidores sem concurso vira alvo de investiga\u00e7\u00e3o criminal na gest\u00e3o de Luciano Gen\u00e9sio, em Pinheiro A","og_url":"https:\/\/maranhaotv.com.br\/index.php\/2021\/07\/26\/pinheiro-mirando-eleicao-de-irma-luciano-enche-folha-da-prefeitura-e-vira-alvo-da-justica\/","og_site_name":"NOT\u00cdCIAS EM TEMPO REAL","article_publisher":"https:\/\/www.facebook.com\/maiobaotv","article_published_time":"2021-07-26T15:41:29+00:00","author":"maranhaotv","twitter_card":"summary_large_image","twitter_creator":"@sitemaranhaotv","twitter_site":"@sitemaranhaotv","twitter_misc":{"Escrito por":"maranhaotv","Est. tempo de leitura":"2 minutos"},"schema":{"@context":"https:\/\/schema.org","@graph":[{"@type":"Article","@id":"https:\/\/maranhaotv.com.br\/index.php\/2021\/07\/26\/pinheiro-mirando-eleicao-de-irma-luciano-enche-folha-da-prefeitura-e-vira-alvo-da-justica\/#article","isPartOf":{"@id":"https:\/\/maranhaotv.com.br\/index.php\/2021\/07\/26\/pinheiro-mirando-eleicao-de-irma-luciano-enche-folha-da-prefeitura-e-vira-alvo-da-justica\/"},"author":{"name":"maranhaotv","@id":"https:\/\/maranhaotv.com.br\/#\/schema\/person\/3d54238e86b20bb5c89ab2fdb8f8829a"},"headline":"Pinheiro: Mirando elei\u00e7\u00e3o de irm\u00e3, Luciano enche folha da Prefeitura e vira alvo da Justi\u00e7a","datePublished":"2021-07-26T15:41:29+00:00","mainEntityOfPage":{"@id":"https:\/\/maranhaotv.com.br\/index.php\/2021\/07\/26\/pinheiro-mirando-eleicao-de-irma-luciano-enche-folha-da-prefeitura-e-vira-alvo-da-justica\/"},"wordCount":321,"commentCount":0,"publisher":{"@id":"https:\/\/maranhaotv.com.br\/#organization"},"image":{"@id":"https:\/\/maranhaotv.com.br\/index.php\/2021\/07\/26\/pinheiro-mirando-eleicao-de-irma-luciano-enche-folha-da-prefeitura-e-vira-alvo-da-justica\/#primaryimage"},"thumbnailUrl":"","articleSection":["pol\u00edtica"],"inLanguage":"pt-BR","potentialAction":[{"@type":"CommentAction","name":"Comment","target":["https:\/\/maranhaotv.com.br\/index.php\/2021\/07\/26\/pinheiro-mirando-eleicao-de-irma-luciano-enche-folha-da-prefeitura-e-vira-alvo-da-justica\/#respond"]}]},{"@type":"WebPage","@id":"https:\/\/maranhaotv.com.br\/index.php\/2021\/07\/26\/pinheiro-mirando-eleicao-de-irma-luciano-enche-folha-da-prefeitura-e-vira-alvo-da-justica\/","url":"https:\/\/maranhaotv.com.br\/index.php\/2021\/07\/26\/pinheiro-mirando-eleicao-de-irma-luciano-enche-folha-da-prefeitura-e-vira-alvo-da-justica\/","name":"Pinheiro: Mirando elei\u00e7\u00e3o de irm\u00e3, Luciano enche folha da Prefeitura e vira alvo da Justi\u00e7a - NOT\u00cdCIAS EM TEMPO REAL","isPartOf":{"@id":"https:\/\/maranhaotv.com.br\/#website"},"primaryImageOfPage":{"@id":"https:\/\/maranhaotv.com.br\/index.php\/2021\/07\/26\/pinheiro-mirando-eleicao-de-irma-luciano-enche-folha-da-prefeitura-e-vira-alvo-da-justica\/#primaryimage"},"image":{"@id":"https:\/\/maranhaotv.com.br\/index.php\/2021\/07\/26\/pinheiro-mirando-eleicao-de-irma-luciano-enche-folha-da-prefeitura-e-vira-alvo-da-justica\/#primaryimage"},"thumbnailUrl":"","datePublished":"2021-07-26T15:41:29+00:00","breadcrumb":{"@id":"https:\/\/maranhaotv.com.br\/index.php\/2021\/07\/26\/pinheiro-mirando-eleicao-de-irma-luciano-enche-folha-da-prefeitura-e-vira-alvo-da-justica\/#breadcrumb"},"inLanguage":"pt-BR","potentialAction":[{"@type":"ReadAction","target":["https:\/\/maranhaotv.com.br\/index.php\/2021\/07\/26\/pinheiro-mirando-eleicao-de-irma-luciano-enche-folha-da-prefeitura-e-vira-alvo-da-justica\/"]}]},{"@type":"ImageObject","inLanguage":"pt-BR","@id":"https:\/\/maranhaotv.com.br\/index.php\/2021\/07\/26\/pinheiro-mirando-eleicao-de-irma-luciano-enche-folha-da-prefeitura-e-vira-alvo-da-justica\/#primaryimage","url":"","contentUrl":""},{"@type":"BreadcrumbList","@id":"https:\/\/maranhaotv.com.br\/index.php\/2021\/07\/26\/pinheiro-mirando-eleicao-de-irma-luciano-enche-folha-da-prefeitura-e-vira-alvo-da-justica\/#breadcrumb","itemListElement":[{"@type":"ListItem","position":1,"name":"In\u00edcio","item":"https:\/\/maranhaotv.com.br\/"},{"@type":"ListItem","position":2,"name":"Pinheiro: Mirando elei\u00e7\u00e3o de irm\u00e3, Luciano enche folha da Prefeitura e vira alvo da Justi\u00e7a"}]},{"@type":"WebSite","@id":"https:\/\/maranhaotv.com.br\/#website","url":"https:\/\/maranhaotv.com.br\/","name":"Maranh\u00e3oTV","description":"","publisher":{"@id":"https:\/\/maranhaotv.com.br\/#organization"},"potentialAction":[{"@type":"SearchAction","target":{"@type":"EntryPoint","urlTemplate":"https:\/\/maranhaotv.com.br\/?s={search_term_string}"},"query-input":{"@type":"PropertyValueSpecification","valueRequired":true,"valueName":"search_term_string"}}],"inLanguage":"pt-BR"},{"@type":"Organization","@id":"https:\/\/maranhaotv.com.br\/#organization","name":"Portal de Not\u00edcias","url":"https:\/\/maranhaotv.com.br\/","logo":{"@type":"ImageObject","inLanguage":"pt-BR","@id":"https:\/\/maranhaotv.com.br\/#\/schema\/logo\/image\/","url":"https:\/\/maranhaotv.com.br\/wp-content\/uploads\/2024\/05\/cropped-cropped-avatar-1.png","contentUrl":"https:\/\/maranhaotv.com.br\/wp-content\/uploads\/2024\/05\/cropped-cropped-avatar-1.png","width":792,"height":428,"caption":"Portal de Not\u00edcias"},"image":{"@id":"https:\/\/maranhaotv.com.br\/#\/schema\/logo\/image\/"},"sameAs":["https:\/\/www.facebook.com\/maiobaotv","https:\/\/x.com\/sitemaranhaotv","https:\/\/www.instagram.com\/maranhao.tv","https:\/\/www.threads.net\/@maranhao.tv"]},{"@type":"Person","@id":"https:\/\/maranhaotv.com.br\/#\/schema\/person\/3d54238e86b20bb5c89ab2fdb8f8829a","name":"maranhaotv","image":{"@type":"ImageObject","inLanguage":"pt-BR","@id":"https:\/\/secure.gravatar.com\/avatar\/8fadbca458d4cb68b1dd399ae9a40618d747bb1af65ac9fad21c89220a143eb4?s=96&d=mm&r=g","url":"https:\/\/secure.gravatar.com\/avatar\/8fadbca458d4cb68b1dd399ae9a40618d747bb1af65ac9fad21c89220a143eb4?s=96&d=mm&r=g","contentUrl":"https:\/\/secure.gravatar.com\/avatar\/8fadbca458d4cb68b1dd399ae9a40618d747bb1af65ac9fad21c89220a143eb4?s=96&d=mm&r=g","caption":"maranhaotv"},"sameAs":["https:\/\/maranhaotv.com.br\/"],"url":"https:\/\/maranhaotv.com.br\/index.php\/author\/maranhaotv\/"}]}},"jetpack_featured_media_url":"","jetpack_sharing_enabled":true,"_links":{"self":[{"href":"https:\/\/maranhaotv.com.br\/index.php\/wp-json\/wp\/v2\/posts\/22697","targetHints":{"allow":["GET"]}}],"collection":[{"href":"https:\/\/maranhaotv.com.br\/index.php\/wp-json\/wp\/v2\/posts"}],"about":[{"href":"https:\/\/maranhaotv.com.br\/index.php\/wp-json\/wp\/v2\/types\/post"}],"author":[{"embeddable":true,"href":"https:\/\/maranhaotv.com.br\/index.php\/wp-json\/wp\/v2\/users\/2"}],"replies":[{"embeddable":true,"href":"https:\/\/maranhaotv.com.br\/index.php\/wp-json\/wp\/v2\/comments?post=22697"}],"version-history":[{"count":0,"href":"https:\/\/maranhaotv.com.br\/index.php\/wp-json\/wp\/v2\/posts\/22697\/revisions"}],"wp:featuredmedia":[{"embeddable":true,"href":"https:\/\/maranhaotv.com.br\/index.php\/wp-json\/"}],"wp:attachment":[{"href":"https:\/\/maranhaotv.com.br\/index.php\/wp-json\/wp\/v2\/media?parent=22697"}],"wp:term":[{"taxonomy":"category","embeddable":true,"href":"https:\/\/maranhaotv.com.br\/index.php\/wp-json\/wp\/v2\/categories?post=22697"},{"taxonomy":"post_tag","embeddable":true,"href":"https:\/\/maranhaotv.com.br\/index.php\/wp-json\/wp\/v2\/tags?post=22697"}],"curies":[{"name":"wp","href":"https:\/\/api.w.org\/{rel}","templated":true}]}}