{"id":24055,"date":"2021-10-02T12:16:03","date_gmt":"2021-10-02T15:16:03","guid":{"rendered":"https:\/\/maranhaotv.com.br\/?p=24055"},"modified":"2021-10-02T12:16:03","modified_gmt":"2021-10-02T15:16:03","slug":"nao-precisa-andar-com-um-rei-na-barriga-diz-jornalista-para-primeira-dama-de-viana","status":"publish","type":"post","link":"https:\/\/maranhaotv.com.br\/index.php\/2021\/10\/02\/nao-precisa-andar-com-um-rei-na-barriga-diz-jornalista-para-primeira-dama-de-viana\/","title":{"rendered":"&#8216;Nao precisa andar com um rei na barriga&#8217;, diz jornalista para primeira dama de Viana"},"content":{"rendered":"\n<p><br>Uma carta de demiss\u00e3o caiu como uma bomba na administra\u00e7\u00e3o de Carrinho Cidreira em Viana. Ao pedir demiss\u00e3o do cargo, Erika Andrade, jornalista,\u00a0 que at\u00e9 ent\u00e3o estava no comando da pasta da Comunica\u00e7\u00e3o do munic\u00edpio, fez tremer o falso castelo de Cleisane e Carrinho. Baseada em uma linha do tempo, Erika exp\u00f4s as maiores fragilidades da p\u00e9ssima administra\u00e7\u00e3o do prefeito de Viana. <br><br>Tidos como arrogantes e prepotentes, eis ent\u00e3o os maiores motivos da demiss\u00e3o da jornalista.. <br><br>N\u00e3o \u00e9 a primeira vez que fatos como esse exp\u00f5em a forma grotesca de administrar da fracassada gest\u00e3o de Carrinho, que submisso \u00e0 esposa, vem misturando o p\u00fablico do que \u00e9 privado, al\u00e9m de tratar funcion\u00e1rios p\u00fablicos sem respeito e com requintes assemelhados aos tempos de escravid\u00e3o. <br><br>Veja abaixo trecho da carta de Erika Andrade,\u00a0 postada no grupo de gest\u00e3o:<\/p>\n\n\n\n<p><br>&#8220;Querido gestor, existe \u201cum ar de medo que lhe acompanha\u201d, as pessoas em sua maioria, t\u00eam medo de falar com o senhor, de se aproximar; Pensam que o senhor n\u00e3o vai gostar, que o senhor vai brigar ou n\u00e3o vai aceitar a opini\u00e3o delas, pensam que o senhor vai se vingar delas. Por favor, quebre isso, mude o seu olhar, mude a sua mentalidade; uma mentalidade leve, mansa, atrai e conquista as pessoas. Que haja quebrantamento no seu cora\u00e7\u00e3o.&#8221; <br><br>&#8220;O principal advers\u00e1rio desse governo n\u00e3o \u00e9 o gestor anterior, nem o que pode vir ai; o principal advers\u00e1rio desse governo \u00e9 o ego.&#8221; <br><br>&#8220;Ou se trata o povo com respeito e dignidade, ou nem tente. O povo acordou! D\u00ea dinheiro que o povo gasta, mas n\u00e3o vota, n\u00e3o defende, n\u00e3o veste a camisa. \u00c9 por causa desse dito ego que humilha, constrange, amea\u00e7a, intimida que faz com que os funcion\u00e1rios n\u00e3o vistam a camisa dessa gest\u00e3o. &#8221; <br><br>Sobre Cleisane Cidreira, Erika a descreve: <br><br>&#8220;Como pode algu\u00e9m parecer t\u00e3o devota e ser t\u00e3o dura, insens\u00edvel, constranger e desrespeitar as pessoas na frente de outras pessoas? <br><br>Como pode algu\u00e9m falar tanto em fazer bem ao povo e n\u00e3o tratar o colega com o m\u00ednimo de respeito, dignidade ? <br><br>Como pode algu\u00e9m dizer que quer tanto pro governo dar certo e barrar tantos projetos lindos, bem elaborados, que beneficiam a comunidade ? <br><br>Como pode algu\u00e9m querer qu\u00ea os que mais precisam sejam atendidos, e ficar escolhendo quem pode ou n\u00e3o receber um benef\u00edcio? <br><br>Como pode algu\u00e9m querer um trabalho bem feito se n\u00e3o se investe em pessoas qualificadas, n\u00e3o se d\u00e1 condi\u00e7\u00f5es m\u00ednimas de trabalho ? <br><br>Como pode querer tanto planejamento se n\u00e3o sabe executar o b\u00e1sico do dia-a-dia: \u201cBom dia, vc est\u00e1 bem? Como posso ajudar vc hoje? Vc se sente bem em cumprir essa atividade? Vc precisa de ajuda em qu\u00ea?\u201d <br><br>As perguntas: quando? aonde? quem? Como? N\u00e3o s\u00e3o planejamento, s\u00e3o constrangimento e controle. \u00c9 pra intimidar quem est\u00e1 perto. E \u00e9 um mico! Todos sentem vergonha alheia.&#8221; <br><br>&#8220;Deixe o prefeito governar a cidade, deixe ele tomar as suas pr\u00f3prias decis\u00f5es.&#8221; <br><br>&#8220;Eu disse aquilo que ningu\u00e9m tem coragem de lhe dizer porque vivem \u00e0 sombra da cultura do medo, medo de serem humilhadas ou demitidas pela senhora; gra\u00e7as a Deus a minha demiss\u00e3o a senhora j\u00e1 deu, lembra quando a senhora me disse que ia resolver isso?! Eu lembro. E lembro tamb\u00e9m que lhe disse quando sentamos para conversar que n\u00e3o iria babar, bajular ningu\u00e9m, n\u00e3o \u00e9 meu perfil, eu iria sim falar a verdade e trabalhar. Foi o que fiz!&#8221; <br><br>&#8220;Tudo de bom pra senhora!!! <br>Est\u00e1s liberada por mim, n\u00e3o posso guardar e n\u00e3o vou guardar nenhuma humilha\u00e7\u00e3o e constrangimento que a senhora me fez passar, Deus me mostrou a sua dor, eu lhe entendo. Seja cheia de muuitoo amor no seu cora\u00e7\u00e3o.&#8221;<\/p>\n\n\n\n<figure class=\"wp-block-image size-large\"><img decoding=\"async\" src=\"https:\/\/maranhaotv.com.br\/wp-content\/uploads\/2021\/10\/IMG-20211001-WA0272.jpg\" alt=\"\" class=\"wp-image-24053\"\/><\/figure>\n","protected":false},"excerpt":{"rendered":"<p>Uma carta de demiss\u00e3o caiu como uma bomba na administra\u00e7\u00e3o de Carrinho Cidreira em Viana. Ao pedir demiss\u00e3o do cargo,<\/p>\n","protected":false},"author":2,"featured_media":24054,"comment_status":"open","ping_status":"open","sticky":false,"template":"","format":"standard","meta":{"colormag_page_container_layout":"default_layout","colormag_page_sidebar_layout":"default_layout","_jetpack_memberships_contains_paid_content":false,"footnotes":""},"categories":[2],"tags":[4],"class_list":["post-24055","post","type-post","status-publish","format-standard","has-post-thumbnail","hentry","category-noticias","tag-carrinho-cidreira"],"magazineBlocksPostFeaturedMedia":{"thumbnail":false,"medium":false,"medium_large":false,"large":false,"1536x1536":false,"2048x2048":false,"colormag-highlighted-post":false,"colormag-featured-post-medium":false,"colormag-featured-post-small":false,"colormag-featured-image":false,"colormag-default-news":false,"colormag-featured-image-large":false},"magazineBlocksPostAuthor":{"name":"maranhaotv","avatar":"https:\/\/secure.gravatar.com\/avatar\/8fadbca458d4cb68b1dd399ae9a40618d747bb1af65ac9fad21c89220a143eb4?s=96&d=mm&r=g"},"magazineBlocksPostCommentsNumber":"0","magazineBlocksPostExcerpt":"Uma carta de demiss\u00e3o caiu como uma bomba na administra\u00e7\u00e3o de Carrinho Cidreira em Viana. Ao pedir demiss\u00e3o do cargo,","magazineBlocksPostCategories":["not\u00edcias"],"magazineBlocksPostViewCount":252,"magazineBlocksPostReadTime":4,"magazine_blocks_featured_image_url":{"full":false,"medium":false,"thumbnail":false},"magazine_blocks_author":{"display_name":"maranhaotv","author_link":"https:\/\/maranhaotv.com.br\/index.php\/author\/maranhaotv\/"},"magazine_blocks_comment":3,"magazine_blocks_author_image":"https:\/\/secure.gravatar.com\/avatar\/8fadbca458d4cb68b1dd399ae9a40618d747bb1af65ac9fad21c89220a143eb4?s=96&d=mm&r=g","magazine_blocks_category":"<a href=\"#\" class=\"category-link category-link-2\">not\u00edcias<\/a>","yoast_head":"<!-- This site is optimized with the Yoast SEO plugin v27.4 - https:\/\/yoast.com\/product\/yoast-seo-wordpress\/ -->\n<title>&#039;Nao precisa andar com um rei na barriga&#039;, diz jornalista para primeira dama de Viana - NOT\u00cdCIAS EM TEMPO REAL<\/title>\n<meta name=\"robots\" content=\"index, follow, max-snippet:-1, max-image-preview:large, max-video-preview:-1\" \/>\n<link rel=\"canonical\" href=\"https:\/\/maranhaotv.com.br\/index.php\/2021\/10\/02\/nao-precisa-andar-com-um-rei-na-barriga-diz-jornalista-para-primeira-dama-de-viana\/\" \/>\n<meta property=\"og:locale\" content=\"pt_BR\" \/>\n<meta property=\"og:type\" content=\"article\" \/>\n<meta property=\"og:title\" content=\"&#039;Nao precisa andar com um rei na barriga&#039;, diz jornalista para primeira dama de Viana - NOT\u00cdCIAS EM TEMPO REAL\" \/>\n<meta property=\"og:description\" content=\"Uma carta de demiss\u00e3o caiu como uma bomba na administra\u00e7\u00e3o de Carrinho Cidreira em Viana. Ao pedir demiss\u00e3o do cargo,\" \/>\n<meta property=\"og:url\" content=\"https:\/\/maranhaotv.com.br\/index.php\/2021\/10\/02\/nao-precisa-andar-com-um-rei-na-barriga-diz-jornalista-para-primeira-dama-de-viana\/\" \/>\n<meta property=\"og:site_name\" content=\"NOT\u00cdCIAS EM TEMPO REAL\" \/>\n<meta property=\"article:publisher\" content=\"https:\/\/www.facebook.com\/maiobaotv\" \/>\n<meta property=\"article:published_time\" content=\"2021-10-02T15:16:03+00:00\" \/>\n<meta name=\"author\" content=\"maranhaotv\" \/>\n<meta name=\"twitter:card\" content=\"summary_large_image\" \/>\n<meta name=\"twitter:creator\" content=\"@sitemaranhaotv\" \/>\n<meta name=\"twitter:site\" content=\"@sitemaranhaotv\" \/>\n<meta name=\"twitter:label1\" content=\"Escrito por\" \/>\n\t<meta name=\"twitter:data1\" content=\"maranhaotv\" \/>\n\t<meta name=\"twitter:label2\" content=\"Est. tempo de leitura\" \/>\n\t<meta name=\"twitter:data2\" content=\"3 minutos\" \/>\n<script type=\"application\/ld+json\" class=\"yoast-schema-graph\">{\"@context\":\"https:\\\/\\\/schema.org\",\"@graph\":[{\"@type\":\"Article\",\"@id\":\"https:\\\/\\\/maranhaotv.com.br\\\/index.php\\\/2021\\\/10\\\/02\\\/nao-precisa-andar-com-um-rei-na-barriga-diz-jornalista-para-primeira-dama-de-viana\\\/#article\",\"isPartOf\":{\"@id\":\"https:\\\/\\\/maranhaotv.com.br\\\/index.php\\\/2021\\\/10\\\/02\\\/nao-precisa-andar-com-um-rei-na-barriga-diz-jornalista-para-primeira-dama-de-viana\\\/\"},\"author\":{\"name\":\"maranhaotv\",\"@id\":\"https:\\\/\\\/maranhaotv.com.br\\\/#\\\/schema\\\/person\\\/3d54238e86b20bb5c89ab2fdb8f8829a\"},\"headline\":\"&#8216;Nao precisa andar com um rei na barriga&#8217;, diz jornalista para primeira dama de Viana\",\"datePublished\":\"2021-10-02T15:16:03+00:00\",\"mainEntityOfPage\":{\"@id\":\"https:\\\/\\\/maranhaotv.com.br\\\/index.php\\\/2021\\\/10\\\/02\\\/nao-precisa-andar-com-um-rei-na-barriga-diz-jornalista-para-primeira-dama-de-viana\\\/\"},\"wordCount\":680,\"commentCount\":0,\"publisher\":{\"@id\":\"https:\\\/\\\/maranhaotv.com.br\\\/#organization\"},\"image\":{\"@id\":\"https:\\\/\\\/maranhaotv.com.br\\\/index.php\\\/2021\\\/10\\\/02\\\/nao-precisa-andar-com-um-rei-na-barriga-diz-jornalista-para-primeira-dama-de-viana\\\/#primaryimage\"},\"thumbnailUrl\":\"\",\"keywords\":[\"Carrinho Cidreira\"],\"articleSection\":[\"not\u00edcias\"],\"inLanguage\":\"pt-BR\",\"potentialAction\":[{\"@type\":\"CommentAction\",\"name\":\"Comment\",\"target\":[\"https:\\\/\\\/maranhaotv.com.br\\\/index.php\\\/2021\\\/10\\\/02\\\/nao-precisa-andar-com-um-rei-na-barriga-diz-jornalista-para-primeira-dama-de-viana\\\/#respond\"]}]},{\"@type\":\"WebPage\",\"@id\":\"https:\\\/\\\/maranhaotv.com.br\\\/index.php\\\/2021\\\/10\\\/02\\\/nao-precisa-andar-com-um-rei-na-barriga-diz-jornalista-para-primeira-dama-de-viana\\\/\",\"url\":\"https:\\\/\\\/maranhaotv.com.br\\\/index.php\\\/2021\\\/10\\\/02\\\/nao-precisa-andar-com-um-rei-na-barriga-diz-jornalista-para-primeira-dama-de-viana\\\/\",\"name\":\"'Nao precisa andar com um rei na barriga', diz jornalista para primeira dama de Viana - NOT\u00cdCIAS EM TEMPO REAL\",\"isPartOf\":{\"@id\":\"https:\\\/\\\/maranhaotv.com.br\\\/#website\"},\"primaryImageOfPage\":{\"@id\":\"https:\\\/\\\/maranhaotv.com.br\\\/index.php\\\/2021\\\/10\\\/02\\\/nao-precisa-andar-com-um-rei-na-barriga-diz-jornalista-para-primeira-dama-de-viana\\\/#primaryimage\"},\"image\":{\"@id\":\"https:\\\/\\\/maranhaotv.com.br\\\/index.php\\\/2021\\\/10\\\/02\\\/nao-precisa-andar-com-um-rei-na-barriga-diz-jornalista-para-primeira-dama-de-viana\\\/#primaryimage\"},\"thumbnailUrl\":\"\",\"datePublished\":\"2021-10-02T15:16:03+00:00\",\"breadcrumb\":{\"@id\":\"https:\\\/\\\/maranhaotv.com.br\\\/index.php\\\/2021\\\/10\\\/02\\\/nao-precisa-andar-com-um-rei-na-barriga-diz-jornalista-para-primeira-dama-de-viana\\\/#breadcrumb\"},\"inLanguage\":\"pt-BR\",\"potentialAction\":[{\"@type\":\"ReadAction\",\"target\":[\"https:\\\/\\\/maranhaotv.com.br\\\/index.php\\\/2021\\\/10\\\/02\\\/nao-precisa-andar-com-um-rei-na-barriga-diz-jornalista-para-primeira-dama-de-viana\\\/\"]}]},{\"@type\":\"ImageObject\",\"inLanguage\":\"pt-BR\",\"@id\":\"https:\\\/\\\/maranhaotv.com.br\\\/index.php\\\/2021\\\/10\\\/02\\\/nao-precisa-andar-com-um-rei-na-barriga-diz-jornalista-para-primeira-dama-de-viana\\\/#primaryimage\",\"url\":\"\",\"contentUrl\":\"\"},{\"@type\":\"BreadcrumbList\",\"@id\":\"https:\\\/\\\/maranhaotv.com.br\\\/index.php\\\/2021\\\/10\\\/02\\\/nao-precisa-andar-com-um-rei-na-barriga-diz-jornalista-para-primeira-dama-de-viana\\\/#breadcrumb\",\"itemListElement\":[{\"@type\":\"ListItem\",\"position\":1,\"name\":\"In\u00edcio\",\"item\":\"https:\\\/\\\/maranhaotv.com.br\\\/\"},{\"@type\":\"ListItem\",\"position\":2,\"name\":\"&#8216;Nao precisa andar com um rei na barriga&#8217;, diz jornalista para primeira dama de Viana\"}]},{\"@type\":\"WebSite\",\"@id\":\"https:\\\/\\\/maranhaotv.com.br\\\/#website\",\"url\":\"https:\\\/\\\/maranhaotv.com.br\\\/\",\"name\":\"Maranh\u00e3oTV\",\"description\":\"\",\"publisher\":{\"@id\":\"https:\\\/\\\/maranhaotv.com.br\\\/#organization\"},\"potentialAction\":[{\"@type\":\"SearchAction\",\"target\":{\"@type\":\"EntryPoint\",\"urlTemplate\":\"https:\\\/\\\/maranhaotv.com.br\\\/?s={search_term_string}\"},\"query-input\":{\"@type\":\"PropertyValueSpecification\",\"valueRequired\":true,\"valueName\":\"search_term_string\"}}],\"inLanguage\":\"pt-BR\"},{\"@type\":\"Organization\",\"@id\":\"https:\\\/\\\/maranhaotv.com.br\\\/#organization\",\"name\":\"Portal de Not\u00edcias\",\"url\":\"https:\\\/\\\/maranhaotv.com.br\\\/\",\"logo\":{\"@type\":\"ImageObject\",\"inLanguage\":\"pt-BR\",\"@id\":\"https:\\\/\\\/maranhaotv.com.br\\\/#\\\/schema\\\/logo\\\/image\\\/\",\"url\":\"https:\\\/\\\/maranhaotv.com.br\\\/wp-content\\\/uploads\\\/2024\\\/05\\\/cropped-cropped-avatar-1.png\",\"contentUrl\":\"https:\\\/\\\/maranhaotv.com.br\\\/wp-content\\\/uploads\\\/2024\\\/05\\\/cropped-cropped-avatar-1.png\",\"width\":792,\"height\":428,\"caption\":\"Portal de Not\u00edcias\"},\"image\":{\"@id\":\"https:\\\/\\\/maranhaotv.com.br\\\/#\\\/schema\\\/logo\\\/image\\\/\"},\"sameAs\":[\"https:\\\/\\\/www.facebook.com\\\/maiobaotv\",\"https:\\\/\\\/x.com\\\/sitemaranhaotv\",\"https:\\\/\\\/www.instagram.com\\\/maranhao.tv\",\"https:\\\/\\\/www.threads.net\\\/@maranhao.tv\"]},{\"@type\":\"Person\",\"@id\":\"https:\\\/\\\/maranhaotv.com.br\\\/#\\\/schema\\\/person\\\/3d54238e86b20bb5c89ab2fdb8f8829a\",\"name\":\"maranhaotv\",\"image\":{\"@type\":\"ImageObject\",\"inLanguage\":\"pt-BR\",\"@id\":\"https:\\\/\\\/secure.gravatar.com\\\/avatar\\\/8fadbca458d4cb68b1dd399ae9a40618d747bb1af65ac9fad21c89220a143eb4?s=96&d=mm&r=g\",\"url\":\"https:\\\/\\\/secure.gravatar.com\\\/avatar\\\/8fadbca458d4cb68b1dd399ae9a40618d747bb1af65ac9fad21c89220a143eb4?s=96&d=mm&r=g\",\"contentUrl\":\"https:\\\/\\\/secure.gravatar.com\\\/avatar\\\/8fadbca458d4cb68b1dd399ae9a40618d747bb1af65ac9fad21c89220a143eb4?s=96&d=mm&r=g\",\"caption\":\"maranhaotv\"},\"sameAs\":[\"https:\\\/\\\/maranhaotv.com.br\\\/\"],\"url\":\"https:\\\/\\\/maranhaotv.com.br\\\/index.php\\\/author\\\/maranhaotv\\\/\"}]}<\/script>\n<!-- \/ Yoast SEO plugin. -->","yoast_head_json":{"title":"'Nao precisa andar com um rei na barriga', diz jornalista para primeira dama de Viana - NOT\u00cdCIAS EM TEMPO REAL","robots":{"index":"index","follow":"follow","max-snippet":"max-snippet:-1","max-image-preview":"max-image-preview:large","max-video-preview":"max-video-preview:-1"},"canonical":"https:\/\/maranhaotv.com.br\/index.php\/2021\/10\/02\/nao-precisa-andar-com-um-rei-na-barriga-diz-jornalista-para-primeira-dama-de-viana\/","og_locale":"pt_BR","og_type":"article","og_title":"'Nao precisa andar com um rei na barriga', diz jornalista para primeira dama de Viana - NOT\u00cdCIAS EM TEMPO REAL","og_description":"Uma carta de demiss\u00e3o caiu como uma bomba na administra\u00e7\u00e3o de Carrinho Cidreira em Viana. Ao pedir demiss\u00e3o do cargo,","og_url":"https:\/\/maranhaotv.com.br\/index.php\/2021\/10\/02\/nao-precisa-andar-com-um-rei-na-barriga-diz-jornalista-para-primeira-dama-de-viana\/","og_site_name":"NOT\u00cdCIAS EM TEMPO REAL","article_publisher":"https:\/\/www.facebook.com\/maiobaotv","article_published_time":"2021-10-02T15:16:03+00:00","author":"maranhaotv","twitter_card":"summary_large_image","twitter_creator":"@sitemaranhaotv","twitter_site":"@sitemaranhaotv","twitter_misc":{"Escrito por":"maranhaotv","Est. tempo de leitura":"3 minutos"},"schema":{"@context":"https:\/\/schema.org","@graph":[{"@type":"Article","@id":"https:\/\/maranhaotv.com.br\/index.php\/2021\/10\/02\/nao-precisa-andar-com-um-rei-na-barriga-diz-jornalista-para-primeira-dama-de-viana\/#article","isPartOf":{"@id":"https:\/\/maranhaotv.com.br\/index.php\/2021\/10\/02\/nao-precisa-andar-com-um-rei-na-barriga-diz-jornalista-para-primeira-dama-de-viana\/"},"author":{"name":"maranhaotv","@id":"https:\/\/maranhaotv.com.br\/#\/schema\/person\/3d54238e86b20bb5c89ab2fdb8f8829a"},"headline":"&#8216;Nao precisa andar com um rei na barriga&#8217;, diz jornalista para primeira dama de Viana","datePublished":"2021-10-02T15:16:03+00:00","mainEntityOfPage":{"@id":"https:\/\/maranhaotv.com.br\/index.php\/2021\/10\/02\/nao-precisa-andar-com-um-rei-na-barriga-diz-jornalista-para-primeira-dama-de-viana\/"},"wordCount":680,"commentCount":0,"publisher":{"@id":"https:\/\/maranhaotv.com.br\/#organization"},"image":{"@id":"https:\/\/maranhaotv.com.br\/index.php\/2021\/10\/02\/nao-precisa-andar-com-um-rei-na-barriga-diz-jornalista-para-primeira-dama-de-viana\/#primaryimage"},"thumbnailUrl":"","keywords":["Carrinho Cidreira"],"articleSection":["not\u00edcias"],"inLanguage":"pt-BR","potentialAction":[{"@type":"CommentAction","name":"Comment","target":["https:\/\/maranhaotv.com.br\/index.php\/2021\/10\/02\/nao-precisa-andar-com-um-rei-na-barriga-diz-jornalista-para-primeira-dama-de-viana\/#respond"]}]},{"@type":"WebPage","@id":"https:\/\/maranhaotv.com.br\/index.php\/2021\/10\/02\/nao-precisa-andar-com-um-rei-na-barriga-diz-jornalista-para-primeira-dama-de-viana\/","url":"https:\/\/maranhaotv.com.br\/index.php\/2021\/10\/02\/nao-precisa-andar-com-um-rei-na-barriga-diz-jornalista-para-primeira-dama-de-viana\/","name":"'Nao precisa andar com um rei na barriga', diz jornalista para primeira dama de Viana - NOT\u00cdCIAS EM TEMPO REAL","isPartOf":{"@id":"https:\/\/maranhaotv.com.br\/#website"},"primaryImageOfPage":{"@id":"https:\/\/maranhaotv.com.br\/index.php\/2021\/10\/02\/nao-precisa-andar-com-um-rei-na-barriga-diz-jornalista-para-primeira-dama-de-viana\/#primaryimage"},"image":{"@id":"https:\/\/maranhaotv.com.br\/index.php\/2021\/10\/02\/nao-precisa-andar-com-um-rei-na-barriga-diz-jornalista-para-primeira-dama-de-viana\/#primaryimage"},"thumbnailUrl":"","datePublished":"2021-10-02T15:16:03+00:00","breadcrumb":{"@id":"https:\/\/maranhaotv.com.br\/index.php\/2021\/10\/02\/nao-precisa-andar-com-um-rei-na-barriga-diz-jornalista-para-primeira-dama-de-viana\/#breadcrumb"},"inLanguage":"pt-BR","potentialAction":[{"@type":"ReadAction","target":["https:\/\/maranhaotv.com.br\/index.php\/2021\/10\/02\/nao-precisa-andar-com-um-rei-na-barriga-diz-jornalista-para-primeira-dama-de-viana\/"]}]},{"@type":"ImageObject","inLanguage":"pt-BR","@id":"https:\/\/maranhaotv.com.br\/index.php\/2021\/10\/02\/nao-precisa-andar-com-um-rei-na-barriga-diz-jornalista-para-primeira-dama-de-viana\/#primaryimage","url":"","contentUrl":""},{"@type":"BreadcrumbList","@id":"https:\/\/maranhaotv.com.br\/index.php\/2021\/10\/02\/nao-precisa-andar-com-um-rei-na-barriga-diz-jornalista-para-primeira-dama-de-viana\/#breadcrumb","itemListElement":[{"@type":"ListItem","position":1,"name":"In\u00edcio","item":"https:\/\/maranhaotv.com.br\/"},{"@type":"ListItem","position":2,"name":"&#8216;Nao precisa andar com um rei na barriga&#8217;, diz jornalista para primeira dama de Viana"}]},{"@type":"WebSite","@id":"https:\/\/maranhaotv.com.br\/#website","url":"https:\/\/maranhaotv.com.br\/","name":"Maranh\u00e3oTV","description":"","publisher":{"@id":"https:\/\/maranhaotv.com.br\/#organization"},"potentialAction":[{"@type":"SearchAction","target":{"@type":"EntryPoint","urlTemplate":"https:\/\/maranhaotv.com.br\/?s={search_term_string}"},"query-input":{"@type":"PropertyValueSpecification","valueRequired":true,"valueName":"search_term_string"}}],"inLanguage":"pt-BR"},{"@type":"Organization","@id":"https:\/\/maranhaotv.com.br\/#organization","name":"Portal de Not\u00edcias","url":"https:\/\/maranhaotv.com.br\/","logo":{"@type":"ImageObject","inLanguage":"pt-BR","@id":"https:\/\/maranhaotv.com.br\/#\/schema\/logo\/image\/","url":"https:\/\/maranhaotv.com.br\/wp-content\/uploads\/2024\/05\/cropped-cropped-avatar-1.png","contentUrl":"https:\/\/maranhaotv.com.br\/wp-content\/uploads\/2024\/05\/cropped-cropped-avatar-1.png","width":792,"height":428,"caption":"Portal de Not\u00edcias"},"image":{"@id":"https:\/\/maranhaotv.com.br\/#\/schema\/logo\/image\/"},"sameAs":["https:\/\/www.facebook.com\/maiobaotv","https:\/\/x.com\/sitemaranhaotv","https:\/\/www.instagram.com\/maranhao.tv","https:\/\/www.threads.net\/@maranhao.tv"]},{"@type":"Person","@id":"https:\/\/maranhaotv.com.br\/#\/schema\/person\/3d54238e86b20bb5c89ab2fdb8f8829a","name":"maranhaotv","image":{"@type":"ImageObject","inLanguage":"pt-BR","@id":"https:\/\/secure.gravatar.com\/avatar\/8fadbca458d4cb68b1dd399ae9a40618d747bb1af65ac9fad21c89220a143eb4?s=96&d=mm&r=g","url":"https:\/\/secure.gravatar.com\/avatar\/8fadbca458d4cb68b1dd399ae9a40618d747bb1af65ac9fad21c89220a143eb4?s=96&d=mm&r=g","contentUrl":"https:\/\/secure.gravatar.com\/avatar\/8fadbca458d4cb68b1dd399ae9a40618d747bb1af65ac9fad21c89220a143eb4?s=96&d=mm&r=g","caption":"maranhaotv"},"sameAs":["https:\/\/maranhaotv.com.br\/"],"url":"https:\/\/maranhaotv.com.br\/index.php\/author\/maranhaotv\/"}]}},"jetpack_featured_media_url":"","jetpack_sharing_enabled":true,"_links":{"self":[{"href":"https:\/\/maranhaotv.com.br\/index.php\/wp-json\/wp\/v2\/posts\/24055","targetHints":{"allow":["GET"]}}],"collection":[{"href":"https:\/\/maranhaotv.com.br\/index.php\/wp-json\/wp\/v2\/posts"}],"about":[{"href":"https:\/\/maranhaotv.com.br\/index.php\/wp-json\/wp\/v2\/types\/post"}],"author":[{"embeddable":true,"href":"https:\/\/maranhaotv.com.br\/index.php\/wp-json\/wp\/v2\/users\/2"}],"replies":[{"embeddable":true,"href":"https:\/\/maranhaotv.com.br\/index.php\/wp-json\/wp\/v2\/comments?post=24055"}],"version-history":[{"count":0,"href":"https:\/\/maranhaotv.com.br\/index.php\/wp-json\/wp\/v2\/posts\/24055\/revisions"}],"wp:featuredmedia":[{"embeddable":true,"href":"https:\/\/maranhaotv.com.br\/index.php\/wp-json\/"}],"wp:attachment":[{"href":"https:\/\/maranhaotv.com.br\/index.php\/wp-json\/wp\/v2\/media?parent=24055"}],"wp:term":[{"taxonomy":"category","embeddable":true,"href":"https:\/\/maranhaotv.com.br\/index.php\/wp-json\/wp\/v2\/categories?post=24055"},{"taxonomy":"post_tag","embeddable":true,"href":"https:\/\/maranhaotv.com.br\/index.php\/wp-json\/wp\/v2\/tags?post=24055"}],"curies":[{"name":"wp","href":"https:\/\/api.w.org\/{rel}","templated":true}]}}