{"id":24111,"date":"2021-10-06T16:07:06","date_gmt":"2021-10-06T19:07:06","guid":{"rendered":"https:\/\/maranhaotv.com.br\/?p=24111"},"modified":"2021-10-06T16:07:06","modified_gmt":"2021-10-06T19:07:06","slug":"promotoria-de-justica-pede-cassacao-do-prefeito-e-vice-prefeito-de-coroata","status":"publish","type":"post","link":"https:\/\/maranhaotv.com.br\/index.php\/2021\/10\/06\/promotoria-de-justica-pede-cassacao-do-prefeito-e-vice-prefeito-de-coroata\/","title":{"rendered":"Promotoria de Justi\u00e7a pede cassa\u00e7\u00e3o do prefeito e vice-prefeito de Coroat\u00e1"},"content":{"rendered":"\n<p><br><br>Nesta ter\u00e7a-feira (04), o Minist\u00e9rio P\u00fablico do Maranh\u00e3o, atrav\u00e9s da promotora Aline Silva Albuquerque, titular da 1\u00aa Promotoria de Coroat\u00e1, emitiu parecer pela cassa\u00e7\u00e3o do prefeito da cidade, Lu\u00eds da Amovelar Filho (PT), do seu vice, Juscelino da Fazendinha (PT) e do vereador Mac\u00edlio Gon\u00e7alves (PCdoB).<br>A referida A\u00e7\u00e3o de Impugna\u00e7\u00e3o de Mandato Eletivo foi proposta em raz\u00e3o do expl\u00edcito abuso de poder pol\u00edtico, econ\u00f4mico, corrup\u00e7\u00e3o e capta\u00e7\u00e3o il\u00edcita de voto nas elei\u00e7\u00f5es de 2020.<br>Segundo a A\u00e7\u00e3o houve \u201cfarta compra de votos e troca de bens e favores, dinheiro em esp\u00e9cie, promessa de empregos, doa\u00e7\u00e3o de areia, pi\u00e7arra, tijolos, ferro e telha\u201d. Uma das situa\u00e7\u00f5es juntadas ao processo foi a compra de votos denunciada pelo Conselheiro Tutelar Jarbas Almeida que apresentou conversas no WhatsApp, \u00e1udios e v\u00eddeos de um organizado esquema onde recebia dinheiro do prefeito Lu\u00eds da Amovelar Filho e do vereador Mac\u00edlio Gon\u00e7alves na tentativa de comprar seu apoio pol\u00edtico.<br>Segundo as provas, a proposta para Jarbas os apoiasse inclu\u00eda o pagamento de R$ 7.000,00 (sete mil reais), um emprego na Prefeitura, um programa na TV, um contrato junto \u00e0 Secretaria de Cultura entre outras coisas. A entrega do dinheiro foi toda documentada, registrada em v\u00eddeo e o dinheiro depositado em uma conta judicial.<br>No parecer, a promotora enfatiza que \u201cpelo lastro probat\u00f3rio juntado, verificou-se que a Prefeitura de Coroat\u00e1 foi utilizada pelo r\u00e9u LU\u00cdS MENDES FERREIRA FILHO, em conluio com o vereador MAC\u00cdLIO, como instrumento para intermediar troca de cargo p\u00fablico ou benef\u00edcio, por apoio pol\u00edtico do eleitor JARBAS ALMEIDA\u201d.<br>\u201cA negociata de compra de forma como forma de garantir a reelei\u00e7\u00e3o de LU\u00cdS MENDES FERREIRA FILHO e MAC\u00cdLIO configura ato lesivo ao direito do sufr\u00e1gio universal, direto, secreto e per\u00edodo, ferindo a liberdade dos eleitores que, diante de situa\u00e7\u00f5es como esta, desacreditam na probidade e boa-f\u00e9 de seus candidatos, que precisam comprar votos para garantir mandato eletivo, valendo-se, para tanto, da \u201cMAQUINA P\u00daBLICA\u201d, no caso, o Munic\u00edpio de Coroat\u00e1- MA para concretizar ato il\u00edcito e lesivo ao er\u00e1rio\u201d pontuou no parecer.<br>\u201cNo m\u00e9rito entende que a a\u00e7\u00e3o deve ser julgada procedente, merecendo justa reprimenda\u201d concluiu.<br>O processo segue agora a Dra. Anelise Nogueira Reginato, ju\u00edza eleitoral, proferir senten\u00e7a.<br>\u00c9 aguardar e conferir.<\/p>\n","protected":false},"excerpt":{"rendered":"<p>Nesta ter\u00e7a-feira (04), o Minist\u00e9rio P\u00fablico do Maranh\u00e3o, atrav\u00e9s da promotora Aline Silva Albuquerque, titular da 1\u00aa Promotoria de Coroat\u00e1,<\/p>\n","protected":false},"author":2,"featured_media":24110,"comment_status":"open","ping_status":"open","sticky":false,"template":"","format":"standard","meta":{"colormag_page_container_layout":"default_layout","colormag_page_sidebar_layout":"default_layout","_jetpack_memberships_contains_paid_content":false,"footnotes":""},"categories":[2],"tags":[],"class_list":["post-24111","post","type-post","status-publish","format-standard","has-post-thumbnail","hentry","category-noticias"],"magazineBlocksPostFeaturedMedia":{"thumbnail":false,"medium":false,"medium_large":false,"large":false,"1536x1536":false,"2048x2048":false,"colormag-highlighted-post":false,"colormag-featured-post-medium":false,"colormag-featured-post-small":false,"colormag-featured-image":false,"colormag-default-news":false,"colormag-featured-image-large":false},"magazineBlocksPostAuthor":{"name":"maranhaotv","avatar":"https:\/\/secure.gravatar.com\/avatar\/8fadbca458d4cb68b1dd399ae9a40618d747bb1af65ac9fad21c89220a143eb4?s=96&d=mm&r=g"},"magazineBlocksPostCommentsNumber":"0","magazineBlocksPostExcerpt":"Nesta ter\u00e7a-feira (04), o Minist\u00e9rio P\u00fablico do Maranh\u00e3o, atrav\u00e9s da promotora Aline Silva Albuquerque, titular da 1\u00aa Promotoria de Coroat\u00e1,","magazineBlocksPostCategories":["not\u00edcias"],"magazineBlocksPostViewCount":259,"magazineBlocksPostReadTime":3,"magazine_blocks_featured_image_url":{"full":false,"medium":false,"thumbnail":false},"magazine_blocks_author":{"display_name":"maranhaotv","author_link":"https:\/\/maranhaotv.com.br\/index.php\/author\/maranhaotv\/"},"magazine_blocks_comment":0,"magazine_blocks_author_image":"https:\/\/secure.gravatar.com\/avatar\/8fadbca458d4cb68b1dd399ae9a40618d747bb1af65ac9fad21c89220a143eb4?s=96&d=mm&r=g","magazine_blocks_category":"<a href=\"#\" class=\"category-link category-link-2\">not\u00edcias<\/a>","yoast_head":"<!-- This site is optimized with the Yoast SEO plugin v27.4 - https:\/\/yoast.com\/product\/yoast-seo-wordpress\/ -->\n<title>Promotoria de Justi\u00e7a pede cassa\u00e7\u00e3o do prefeito e vice-prefeito de Coroat\u00e1 - NOT\u00cdCIAS EM TEMPO REAL<\/title>\n<meta name=\"robots\" content=\"index, follow, max-snippet:-1, max-image-preview:large, max-video-preview:-1\" \/>\n<link rel=\"canonical\" href=\"https:\/\/maranhaotv.com.br\/index.php\/2021\/10\/06\/promotoria-de-justica-pede-cassacao-do-prefeito-e-vice-prefeito-de-coroata\/\" \/>\n<meta property=\"og:locale\" content=\"pt_BR\" \/>\n<meta property=\"og:type\" content=\"article\" \/>\n<meta property=\"og:title\" content=\"Promotoria de Justi\u00e7a pede cassa\u00e7\u00e3o do prefeito e vice-prefeito de Coroat\u00e1 - NOT\u00cdCIAS EM TEMPO REAL\" \/>\n<meta property=\"og:description\" content=\"Nesta ter\u00e7a-feira (04), o Minist\u00e9rio P\u00fablico do Maranh\u00e3o, atrav\u00e9s da promotora Aline Silva Albuquerque, titular da 1\u00aa Promotoria de Coroat\u00e1,\" \/>\n<meta property=\"og:url\" content=\"https:\/\/maranhaotv.com.br\/index.php\/2021\/10\/06\/promotoria-de-justica-pede-cassacao-do-prefeito-e-vice-prefeito-de-coroata\/\" \/>\n<meta property=\"og:site_name\" content=\"NOT\u00cdCIAS EM TEMPO REAL\" \/>\n<meta property=\"article:publisher\" content=\"https:\/\/www.facebook.com\/maiobaotv\" \/>\n<meta property=\"article:published_time\" content=\"2021-10-06T19:07:06+00:00\" \/>\n<meta name=\"author\" content=\"maranhaotv\" \/>\n<meta name=\"twitter:card\" content=\"summary_large_image\" \/>\n<meta name=\"twitter:creator\" content=\"@sitemaranhaotv\" \/>\n<meta name=\"twitter:site\" content=\"@sitemaranhaotv\" \/>\n<meta name=\"twitter:label1\" content=\"Escrito por\" \/>\n\t<meta name=\"twitter:data1\" content=\"maranhaotv\" \/>\n\t<meta name=\"twitter:label2\" content=\"Est. tempo de leitura\" \/>\n\t<meta name=\"twitter:data2\" content=\"2 minutos\" \/>\n<script type=\"application\/ld+json\" class=\"yoast-schema-graph\">{\"@context\":\"https:\\\/\\\/schema.org\",\"@graph\":[{\"@type\":\"Article\",\"@id\":\"https:\\\/\\\/maranhaotv.com.br\\\/index.php\\\/2021\\\/10\\\/06\\\/promotoria-de-justica-pede-cassacao-do-prefeito-e-vice-prefeito-de-coroata\\\/#article\",\"isPartOf\":{\"@id\":\"https:\\\/\\\/maranhaotv.com.br\\\/index.php\\\/2021\\\/10\\\/06\\\/promotoria-de-justica-pede-cassacao-do-prefeito-e-vice-prefeito-de-coroata\\\/\"},\"author\":{\"name\":\"maranhaotv\",\"@id\":\"https:\\\/\\\/maranhaotv.com.br\\\/#\\\/schema\\\/person\\\/3d54238e86b20bb5c89ab2fdb8f8829a\"},\"headline\":\"Promotoria de Justi\u00e7a pede cassa\u00e7\u00e3o do prefeito e vice-prefeito de Coroat\u00e1\",\"datePublished\":\"2021-10-06T19:07:06+00:00\",\"mainEntityOfPage\":{\"@id\":\"https:\\\/\\\/maranhaotv.com.br\\\/index.php\\\/2021\\\/10\\\/06\\\/promotoria-de-justica-pede-cassacao-do-prefeito-e-vice-prefeito-de-coroata\\\/\"},\"wordCount\":427,\"commentCount\":0,\"publisher\":{\"@id\":\"https:\\\/\\\/maranhaotv.com.br\\\/#organization\"},\"image\":{\"@id\":\"https:\\\/\\\/maranhaotv.com.br\\\/index.php\\\/2021\\\/10\\\/06\\\/promotoria-de-justica-pede-cassacao-do-prefeito-e-vice-prefeito-de-coroata\\\/#primaryimage\"},\"thumbnailUrl\":\"\",\"articleSection\":[\"not\u00edcias\"],\"inLanguage\":\"pt-BR\",\"potentialAction\":[{\"@type\":\"CommentAction\",\"name\":\"Comment\",\"target\":[\"https:\\\/\\\/maranhaotv.com.br\\\/index.php\\\/2021\\\/10\\\/06\\\/promotoria-de-justica-pede-cassacao-do-prefeito-e-vice-prefeito-de-coroata\\\/#respond\"]}]},{\"@type\":\"WebPage\",\"@id\":\"https:\\\/\\\/maranhaotv.com.br\\\/index.php\\\/2021\\\/10\\\/06\\\/promotoria-de-justica-pede-cassacao-do-prefeito-e-vice-prefeito-de-coroata\\\/\",\"url\":\"https:\\\/\\\/maranhaotv.com.br\\\/index.php\\\/2021\\\/10\\\/06\\\/promotoria-de-justica-pede-cassacao-do-prefeito-e-vice-prefeito-de-coroata\\\/\",\"name\":\"Promotoria de Justi\u00e7a pede cassa\u00e7\u00e3o do prefeito e vice-prefeito de Coroat\u00e1 - NOT\u00cdCIAS EM TEMPO REAL\",\"isPartOf\":{\"@id\":\"https:\\\/\\\/maranhaotv.com.br\\\/#website\"},\"primaryImageOfPage\":{\"@id\":\"https:\\\/\\\/maranhaotv.com.br\\\/index.php\\\/2021\\\/10\\\/06\\\/promotoria-de-justica-pede-cassacao-do-prefeito-e-vice-prefeito-de-coroata\\\/#primaryimage\"},\"image\":{\"@id\":\"https:\\\/\\\/maranhaotv.com.br\\\/index.php\\\/2021\\\/10\\\/06\\\/promotoria-de-justica-pede-cassacao-do-prefeito-e-vice-prefeito-de-coroata\\\/#primaryimage\"},\"thumbnailUrl\":\"\",\"datePublished\":\"2021-10-06T19:07:06+00:00\",\"breadcrumb\":{\"@id\":\"https:\\\/\\\/maranhaotv.com.br\\\/index.php\\\/2021\\\/10\\\/06\\\/promotoria-de-justica-pede-cassacao-do-prefeito-e-vice-prefeito-de-coroata\\\/#breadcrumb\"},\"inLanguage\":\"pt-BR\",\"potentialAction\":[{\"@type\":\"ReadAction\",\"target\":[\"https:\\\/\\\/maranhaotv.com.br\\\/index.php\\\/2021\\\/10\\\/06\\\/promotoria-de-justica-pede-cassacao-do-prefeito-e-vice-prefeito-de-coroata\\\/\"]}]},{\"@type\":\"ImageObject\",\"inLanguage\":\"pt-BR\",\"@id\":\"https:\\\/\\\/maranhaotv.com.br\\\/index.php\\\/2021\\\/10\\\/06\\\/promotoria-de-justica-pede-cassacao-do-prefeito-e-vice-prefeito-de-coroata\\\/#primaryimage\",\"url\":\"\",\"contentUrl\":\"\"},{\"@type\":\"BreadcrumbList\",\"@id\":\"https:\\\/\\\/maranhaotv.com.br\\\/index.php\\\/2021\\\/10\\\/06\\\/promotoria-de-justica-pede-cassacao-do-prefeito-e-vice-prefeito-de-coroata\\\/#breadcrumb\",\"itemListElement\":[{\"@type\":\"ListItem\",\"position\":1,\"name\":\"In\u00edcio\",\"item\":\"https:\\\/\\\/maranhaotv.com.br\\\/\"},{\"@type\":\"ListItem\",\"position\":2,\"name\":\"Promotoria de Justi\u00e7a pede cassa\u00e7\u00e3o do prefeito e vice-prefeito de Coroat\u00e1\"}]},{\"@type\":\"WebSite\",\"@id\":\"https:\\\/\\\/maranhaotv.com.br\\\/#website\",\"url\":\"https:\\\/\\\/maranhaotv.com.br\\\/\",\"name\":\"Maranh\u00e3oTV\",\"description\":\"\",\"publisher\":{\"@id\":\"https:\\\/\\\/maranhaotv.com.br\\\/#organization\"},\"potentialAction\":[{\"@type\":\"SearchAction\",\"target\":{\"@type\":\"EntryPoint\",\"urlTemplate\":\"https:\\\/\\\/maranhaotv.com.br\\\/?s={search_term_string}\"},\"query-input\":{\"@type\":\"PropertyValueSpecification\",\"valueRequired\":true,\"valueName\":\"search_term_string\"}}],\"inLanguage\":\"pt-BR\"},{\"@type\":\"Organization\",\"@id\":\"https:\\\/\\\/maranhaotv.com.br\\\/#organization\",\"name\":\"Portal de Not\u00edcias\",\"url\":\"https:\\\/\\\/maranhaotv.com.br\\\/\",\"logo\":{\"@type\":\"ImageObject\",\"inLanguage\":\"pt-BR\",\"@id\":\"https:\\\/\\\/maranhaotv.com.br\\\/#\\\/schema\\\/logo\\\/image\\\/\",\"url\":\"https:\\\/\\\/maranhaotv.com.br\\\/wp-content\\\/uploads\\\/2024\\\/05\\\/cropped-cropped-avatar-1.png\",\"contentUrl\":\"https:\\\/\\\/maranhaotv.com.br\\\/wp-content\\\/uploads\\\/2024\\\/05\\\/cropped-cropped-avatar-1.png\",\"width\":792,\"height\":428,\"caption\":\"Portal de Not\u00edcias\"},\"image\":{\"@id\":\"https:\\\/\\\/maranhaotv.com.br\\\/#\\\/schema\\\/logo\\\/image\\\/\"},\"sameAs\":[\"https:\\\/\\\/www.facebook.com\\\/maiobaotv\",\"https:\\\/\\\/x.com\\\/sitemaranhaotv\",\"https:\\\/\\\/www.instagram.com\\\/maranhao.tv\",\"https:\\\/\\\/www.threads.net\\\/@maranhao.tv\"]},{\"@type\":\"Person\",\"@id\":\"https:\\\/\\\/maranhaotv.com.br\\\/#\\\/schema\\\/person\\\/3d54238e86b20bb5c89ab2fdb8f8829a\",\"name\":\"maranhaotv\",\"image\":{\"@type\":\"ImageObject\",\"inLanguage\":\"pt-BR\",\"@id\":\"https:\\\/\\\/secure.gravatar.com\\\/avatar\\\/8fadbca458d4cb68b1dd399ae9a40618d747bb1af65ac9fad21c89220a143eb4?s=96&d=mm&r=g\",\"url\":\"https:\\\/\\\/secure.gravatar.com\\\/avatar\\\/8fadbca458d4cb68b1dd399ae9a40618d747bb1af65ac9fad21c89220a143eb4?s=96&d=mm&r=g\",\"contentUrl\":\"https:\\\/\\\/secure.gravatar.com\\\/avatar\\\/8fadbca458d4cb68b1dd399ae9a40618d747bb1af65ac9fad21c89220a143eb4?s=96&d=mm&r=g\",\"caption\":\"maranhaotv\"},\"sameAs\":[\"https:\\\/\\\/maranhaotv.com.br\\\/\"],\"url\":\"https:\\\/\\\/maranhaotv.com.br\\\/index.php\\\/author\\\/maranhaotv\\\/\"}]}<\/script>\n<!-- \/ Yoast SEO plugin. -->","yoast_head_json":{"title":"Promotoria de Justi\u00e7a pede cassa\u00e7\u00e3o do prefeito e vice-prefeito de Coroat\u00e1 - NOT\u00cdCIAS EM TEMPO REAL","robots":{"index":"index","follow":"follow","max-snippet":"max-snippet:-1","max-image-preview":"max-image-preview:large","max-video-preview":"max-video-preview:-1"},"canonical":"https:\/\/maranhaotv.com.br\/index.php\/2021\/10\/06\/promotoria-de-justica-pede-cassacao-do-prefeito-e-vice-prefeito-de-coroata\/","og_locale":"pt_BR","og_type":"article","og_title":"Promotoria de Justi\u00e7a pede cassa\u00e7\u00e3o do prefeito e vice-prefeito de Coroat\u00e1 - NOT\u00cdCIAS EM TEMPO REAL","og_description":"Nesta ter\u00e7a-feira (04), o Minist\u00e9rio P\u00fablico do Maranh\u00e3o, atrav\u00e9s da promotora Aline Silva Albuquerque, titular da 1\u00aa Promotoria de Coroat\u00e1,","og_url":"https:\/\/maranhaotv.com.br\/index.php\/2021\/10\/06\/promotoria-de-justica-pede-cassacao-do-prefeito-e-vice-prefeito-de-coroata\/","og_site_name":"NOT\u00cdCIAS EM TEMPO REAL","article_publisher":"https:\/\/www.facebook.com\/maiobaotv","article_published_time":"2021-10-06T19:07:06+00:00","author":"maranhaotv","twitter_card":"summary_large_image","twitter_creator":"@sitemaranhaotv","twitter_site":"@sitemaranhaotv","twitter_misc":{"Escrito por":"maranhaotv","Est. tempo de leitura":"2 minutos"},"schema":{"@context":"https:\/\/schema.org","@graph":[{"@type":"Article","@id":"https:\/\/maranhaotv.com.br\/index.php\/2021\/10\/06\/promotoria-de-justica-pede-cassacao-do-prefeito-e-vice-prefeito-de-coroata\/#article","isPartOf":{"@id":"https:\/\/maranhaotv.com.br\/index.php\/2021\/10\/06\/promotoria-de-justica-pede-cassacao-do-prefeito-e-vice-prefeito-de-coroata\/"},"author":{"name":"maranhaotv","@id":"https:\/\/maranhaotv.com.br\/#\/schema\/person\/3d54238e86b20bb5c89ab2fdb8f8829a"},"headline":"Promotoria de Justi\u00e7a pede cassa\u00e7\u00e3o do prefeito e vice-prefeito de Coroat\u00e1","datePublished":"2021-10-06T19:07:06+00:00","mainEntityOfPage":{"@id":"https:\/\/maranhaotv.com.br\/index.php\/2021\/10\/06\/promotoria-de-justica-pede-cassacao-do-prefeito-e-vice-prefeito-de-coroata\/"},"wordCount":427,"commentCount":0,"publisher":{"@id":"https:\/\/maranhaotv.com.br\/#organization"},"image":{"@id":"https:\/\/maranhaotv.com.br\/index.php\/2021\/10\/06\/promotoria-de-justica-pede-cassacao-do-prefeito-e-vice-prefeito-de-coroata\/#primaryimage"},"thumbnailUrl":"","articleSection":["not\u00edcias"],"inLanguage":"pt-BR","potentialAction":[{"@type":"CommentAction","name":"Comment","target":["https:\/\/maranhaotv.com.br\/index.php\/2021\/10\/06\/promotoria-de-justica-pede-cassacao-do-prefeito-e-vice-prefeito-de-coroata\/#respond"]}]},{"@type":"WebPage","@id":"https:\/\/maranhaotv.com.br\/index.php\/2021\/10\/06\/promotoria-de-justica-pede-cassacao-do-prefeito-e-vice-prefeito-de-coroata\/","url":"https:\/\/maranhaotv.com.br\/index.php\/2021\/10\/06\/promotoria-de-justica-pede-cassacao-do-prefeito-e-vice-prefeito-de-coroata\/","name":"Promotoria de Justi\u00e7a pede cassa\u00e7\u00e3o do prefeito e vice-prefeito de Coroat\u00e1 - NOT\u00cdCIAS EM TEMPO REAL","isPartOf":{"@id":"https:\/\/maranhaotv.com.br\/#website"},"primaryImageOfPage":{"@id":"https:\/\/maranhaotv.com.br\/index.php\/2021\/10\/06\/promotoria-de-justica-pede-cassacao-do-prefeito-e-vice-prefeito-de-coroata\/#primaryimage"},"image":{"@id":"https:\/\/maranhaotv.com.br\/index.php\/2021\/10\/06\/promotoria-de-justica-pede-cassacao-do-prefeito-e-vice-prefeito-de-coroata\/#primaryimage"},"thumbnailUrl":"","datePublished":"2021-10-06T19:07:06+00:00","breadcrumb":{"@id":"https:\/\/maranhaotv.com.br\/index.php\/2021\/10\/06\/promotoria-de-justica-pede-cassacao-do-prefeito-e-vice-prefeito-de-coroata\/#breadcrumb"},"inLanguage":"pt-BR","potentialAction":[{"@type":"ReadAction","target":["https:\/\/maranhaotv.com.br\/index.php\/2021\/10\/06\/promotoria-de-justica-pede-cassacao-do-prefeito-e-vice-prefeito-de-coroata\/"]}]},{"@type":"ImageObject","inLanguage":"pt-BR","@id":"https:\/\/maranhaotv.com.br\/index.php\/2021\/10\/06\/promotoria-de-justica-pede-cassacao-do-prefeito-e-vice-prefeito-de-coroata\/#primaryimage","url":"","contentUrl":""},{"@type":"BreadcrumbList","@id":"https:\/\/maranhaotv.com.br\/index.php\/2021\/10\/06\/promotoria-de-justica-pede-cassacao-do-prefeito-e-vice-prefeito-de-coroata\/#breadcrumb","itemListElement":[{"@type":"ListItem","position":1,"name":"In\u00edcio","item":"https:\/\/maranhaotv.com.br\/"},{"@type":"ListItem","position":2,"name":"Promotoria de Justi\u00e7a pede cassa\u00e7\u00e3o do prefeito e vice-prefeito de Coroat\u00e1"}]},{"@type":"WebSite","@id":"https:\/\/maranhaotv.com.br\/#website","url":"https:\/\/maranhaotv.com.br\/","name":"Maranh\u00e3oTV","description":"","publisher":{"@id":"https:\/\/maranhaotv.com.br\/#organization"},"potentialAction":[{"@type":"SearchAction","target":{"@type":"EntryPoint","urlTemplate":"https:\/\/maranhaotv.com.br\/?s={search_term_string}"},"query-input":{"@type":"PropertyValueSpecification","valueRequired":true,"valueName":"search_term_string"}}],"inLanguage":"pt-BR"},{"@type":"Organization","@id":"https:\/\/maranhaotv.com.br\/#organization","name":"Portal de Not\u00edcias","url":"https:\/\/maranhaotv.com.br\/","logo":{"@type":"ImageObject","inLanguage":"pt-BR","@id":"https:\/\/maranhaotv.com.br\/#\/schema\/logo\/image\/","url":"https:\/\/maranhaotv.com.br\/wp-content\/uploads\/2024\/05\/cropped-cropped-avatar-1.png","contentUrl":"https:\/\/maranhaotv.com.br\/wp-content\/uploads\/2024\/05\/cropped-cropped-avatar-1.png","width":792,"height":428,"caption":"Portal de Not\u00edcias"},"image":{"@id":"https:\/\/maranhaotv.com.br\/#\/schema\/logo\/image\/"},"sameAs":["https:\/\/www.facebook.com\/maiobaotv","https:\/\/x.com\/sitemaranhaotv","https:\/\/www.instagram.com\/maranhao.tv","https:\/\/www.threads.net\/@maranhao.tv"]},{"@type":"Person","@id":"https:\/\/maranhaotv.com.br\/#\/schema\/person\/3d54238e86b20bb5c89ab2fdb8f8829a","name":"maranhaotv","image":{"@type":"ImageObject","inLanguage":"pt-BR","@id":"https:\/\/secure.gravatar.com\/avatar\/8fadbca458d4cb68b1dd399ae9a40618d747bb1af65ac9fad21c89220a143eb4?s=96&d=mm&r=g","url":"https:\/\/secure.gravatar.com\/avatar\/8fadbca458d4cb68b1dd399ae9a40618d747bb1af65ac9fad21c89220a143eb4?s=96&d=mm&r=g","contentUrl":"https:\/\/secure.gravatar.com\/avatar\/8fadbca458d4cb68b1dd399ae9a40618d747bb1af65ac9fad21c89220a143eb4?s=96&d=mm&r=g","caption":"maranhaotv"},"sameAs":["https:\/\/maranhaotv.com.br\/"],"url":"https:\/\/maranhaotv.com.br\/index.php\/author\/maranhaotv\/"}]}},"jetpack_featured_media_url":"","jetpack_sharing_enabled":true,"_links":{"self":[{"href":"https:\/\/maranhaotv.com.br\/index.php\/wp-json\/wp\/v2\/posts\/24111","targetHints":{"allow":["GET"]}}],"collection":[{"href":"https:\/\/maranhaotv.com.br\/index.php\/wp-json\/wp\/v2\/posts"}],"about":[{"href":"https:\/\/maranhaotv.com.br\/index.php\/wp-json\/wp\/v2\/types\/post"}],"author":[{"embeddable":true,"href":"https:\/\/maranhaotv.com.br\/index.php\/wp-json\/wp\/v2\/users\/2"}],"replies":[{"embeddable":true,"href":"https:\/\/maranhaotv.com.br\/index.php\/wp-json\/wp\/v2\/comments?post=24111"}],"version-history":[{"count":0,"href":"https:\/\/maranhaotv.com.br\/index.php\/wp-json\/wp\/v2\/posts\/24111\/revisions"}],"wp:featuredmedia":[{"embeddable":true,"href":"https:\/\/maranhaotv.com.br\/index.php\/wp-json\/"}],"wp:attachment":[{"href":"https:\/\/maranhaotv.com.br\/index.php\/wp-json\/wp\/v2\/media?parent=24111"}],"wp:term":[{"taxonomy":"category","embeddable":true,"href":"https:\/\/maranhaotv.com.br\/index.php\/wp-json\/wp\/v2\/categories?post=24111"},{"taxonomy":"post_tag","embeddable":true,"href":"https:\/\/maranhaotv.com.br\/index.php\/wp-json\/wp\/v2\/tags?post=24111"}],"curies":[{"name":"wp","href":"https:\/\/api.w.org\/{rel}","templated":true}]}}