{"id":24145,"date":"2021-10-07T14:28:32","date_gmt":"2021-10-07T17:28:32","guid":{"rendered":"https:\/\/maranhaotv.com.br\/?p=24145"},"modified":"2021-10-07T14:28:32","modified_gmt":"2021-10-07T17:28:32","slug":"pedreiras-e-sao-mateus-recebem-neste-fim-de-semana-a-caravana-lula-livre-brasil-livre","status":"publish","type":"post","link":"https:\/\/maranhaotv.com.br\/index.php\/2021\/10\/07\/pedreiras-e-sao-mateus-recebem-neste-fim-de-semana-a-caravana-lula-livre-brasil-livre\/","title":{"rendered":"Pedreiras e S\u00e3o Mateus recebem neste fim de semana a Caravana \u201cLula Livre, Brasil Livre\u201d"},"content":{"rendered":"\n<p>A caravana \u201cLula Livre, Brasil Livre\u201d \u00e9 uma iniciativa do Partido dos Trabalhadores do Maranh\u00e3o, conduzida pelo presidente Augusto Lobato, que tem como principal objetivo promover di\u00e1logos entre partidos do campo popular, movimentos sociais e, em especial, com o povo, principal alvo dos desmandos do governo Bolsonaro. Do segundo semestre deste ano at\u00e9 2022, munic\u00edpios de todo o estado do Maranh\u00e3o ser\u00e3o visitados e contemplados com as atividades da caravana.<\/p>\n\n\n\n<p>Nesta sexta-feira (8) e s\u00e1bado (9), a caravana passar\u00e1 pelos munic\u00edpios de Pedreiras e S\u00e3o Mateus, respectivamente, levando informa\u00e7\u00e3o e renovando as esperan\u00e7as de que \u00e9 poss\u00edvel, sim, construir um pa\u00eds melhor com a uni\u00e3o do povo. Estar\u00e3o presentes, al\u00e9m da milit\u00e2ncia, os dirigentes do partido, deputados estaduais e secret\u00e1rios do governo, entre eles, o secret\u00e1rio de Estado da Educa\u00e7\u00e3o, Felipe Camar\u00e3o.<\/p>\n\n\n\n<p>O diretor executivo da caravana \u201cLula Livre, Brasil Livre\u201d e vice-presidente do PT-MA, Francimar Melo, ressalta a import\u00e2ncia da campanha.<\/p>\n\n\n\n<p>\u201cAl\u00e9m de colocar o partido em movimento, aproximando o p\u00fablico da discuss\u00e3o pol\u00edtica com a\u00e7\u00f5es din\u00e2micas, a caravana leva o nome do presidente Lula com a proposta de liberdade tamb\u00e9m para o povo, que n\u00e3o suporta mais viver sob a falta de cuidado de Bolsonaro\u201d, enfatiza o vice-presidente do Partido dos Trabalhadores do Maranh\u00e3o.<\/p>\n\n\n\n<p>&#8220;\u00c9 um momento de debatermos com a popula\u00e7\u00e3o o caminho para o futuro do nosso pa\u00eds, com a reelei\u00e7\u00e3o do ex-presidente Lula. Precisamos lutar para que Brasil volte a trilhar no caminho do desenvolvimento e da justi\u00e7a social, como era anos atr\u00e1s, com mais educa\u00e7\u00e3o, empregos e comida na mesa de cada cidad\u00e3o&#8221;, declarou Felipe Camar\u00e3o.<\/p>\n\n\n\n<p>A primeira parada do movimento foi na cidade de S\u00e3o Bento, no m\u00eas de setembro, que foi palco de uma caminhada e reuniu lideran\u00e7as e moradores em um grito de protesto contra a atual e insustent\u00e1vel situa\u00e7\u00e3o do pa\u00eds.<\/p>\n","protected":false},"excerpt":{"rendered":"<p>A caravana \u201cLula Livre, Brasil Livre\u201d \u00e9 uma iniciativa do Partido dos Trabalhadores do Maranh\u00e3o, conduzida pelo presidente Augusto Lobato,<\/p>\n","protected":false},"author":2,"featured_media":24144,"comment_status":"open","ping_status":"open","sticky":false,"template":"","format":"standard","meta":{"colormag_page_container_layout":"default_layout","colormag_page_sidebar_layout":"default_layout","_jetpack_memberships_contains_paid_content":false,"footnotes":""},"categories":[2],"tags":[],"class_list":["post-24145","post","type-post","status-publish","format-standard","has-post-thumbnail","hentry","category-noticias"],"magazineBlocksPostFeaturedMedia":{"thumbnail":false,"medium":false,"medium_large":false,"large":false,"1536x1536":false,"2048x2048":false,"colormag-highlighted-post":false,"colormag-featured-post-medium":false,"colormag-featured-post-small":false,"colormag-featured-image":false,"colormag-default-news":false,"colormag-featured-image-large":false},"magazineBlocksPostAuthor":{"name":"maranhaotv","avatar":"https:\/\/secure.gravatar.com\/avatar\/8fadbca458d4cb68b1dd399ae9a40618d747bb1af65ac9fad21c89220a143eb4?s=96&d=mm&r=g"},"magazineBlocksPostCommentsNumber":"0","magazineBlocksPostExcerpt":"A caravana \u201cLula Livre, Brasil Livre\u201d \u00e9 uma iniciativa do Partido dos Trabalhadores do Maranh\u00e3o, conduzida pelo presidente Augusto Lobato,","magazineBlocksPostCategories":["not\u00edcias"],"magazineBlocksPostViewCount":231,"magazineBlocksPostReadTime":2,"magazine_blocks_featured_image_url":{"full":false,"medium":false,"thumbnail":false},"magazine_blocks_author":{"display_name":"maranhaotv","author_link":"https:\/\/maranhaotv.com.br\/index.php\/author\/maranhaotv\/"},"magazine_blocks_comment":0,"magazine_blocks_author_image":"https:\/\/secure.gravatar.com\/avatar\/8fadbca458d4cb68b1dd399ae9a40618d747bb1af65ac9fad21c89220a143eb4?s=96&d=mm&r=g","magazine_blocks_category":"<a href=\"#\" class=\"category-link category-link-2\">not\u00edcias<\/a>","yoast_head":"<!-- This site is optimized with the Yoast SEO plugin v27.4 - https:\/\/yoast.com\/product\/yoast-seo-wordpress\/ -->\n<title>Pedreiras e S\u00e3o Mateus recebem neste fim de semana a Caravana \u201cLula Livre, Brasil Livre\u201d - NOT\u00cdCIAS EM TEMPO REAL<\/title>\n<meta name=\"robots\" content=\"index, follow, max-snippet:-1, max-image-preview:large, max-video-preview:-1\" \/>\n<link rel=\"canonical\" href=\"https:\/\/maranhaotv.com.br\/index.php\/2021\/10\/07\/pedreiras-e-sao-mateus-recebem-neste-fim-de-semana-a-caravana-lula-livre-brasil-livre\/\" \/>\n<meta property=\"og:locale\" content=\"pt_BR\" \/>\n<meta property=\"og:type\" content=\"article\" \/>\n<meta property=\"og:title\" content=\"Pedreiras e S\u00e3o Mateus recebem neste fim de semana a Caravana \u201cLula Livre, Brasil Livre\u201d - NOT\u00cdCIAS EM TEMPO REAL\" \/>\n<meta property=\"og:description\" content=\"A caravana \u201cLula Livre, Brasil Livre\u201d \u00e9 uma iniciativa do Partido dos Trabalhadores do Maranh\u00e3o, conduzida pelo presidente Augusto Lobato,\" \/>\n<meta property=\"og:url\" content=\"https:\/\/maranhaotv.com.br\/index.php\/2021\/10\/07\/pedreiras-e-sao-mateus-recebem-neste-fim-de-semana-a-caravana-lula-livre-brasil-livre\/\" \/>\n<meta property=\"og:site_name\" content=\"NOT\u00cdCIAS EM TEMPO REAL\" \/>\n<meta property=\"article:publisher\" content=\"https:\/\/www.facebook.com\/maiobaotv\" \/>\n<meta property=\"article:published_time\" content=\"2021-10-07T17:28:32+00:00\" \/>\n<meta name=\"author\" content=\"maranhaotv\" \/>\n<meta name=\"twitter:card\" content=\"summary_large_image\" \/>\n<meta name=\"twitter:creator\" content=\"@sitemaranhaotv\" \/>\n<meta name=\"twitter:site\" content=\"@sitemaranhaotv\" \/>\n<meta name=\"twitter:label1\" content=\"Escrito por\" \/>\n\t<meta name=\"twitter:data1\" content=\"maranhaotv\" \/>\n\t<meta name=\"twitter:label2\" content=\"Est. tempo de leitura\" \/>\n\t<meta name=\"twitter:data2\" content=\"2 minutos\" \/>\n<script type=\"application\/ld+json\" class=\"yoast-schema-graph\">{\"@context\":\"https:\\\/\\\/schema.org\",\"@graph\":[{\"@type\":\"Article\",\"@id\":\"https:\\\/\\\/maranhaotv.com.br\\\/index.php\\\/2021\\\/10\\\/07\\\/pedreiras-e-sao-mateus-recebem-neste-fim-de-semana-a-caravana-lula-livre-brasil-livre\\\/#article\",\"isPartOf\":{\"@id\":\"https:\\\/\\\/maranhaotv.com.br\\\/index.php\\\/2021\\\/10\\\/07\\\/pedreiras-e-sao-mateus-recebem-neste-fim-de-semana-a-caravana-lula-livre-brasil-livre\\\/\"},\"author\":{\"name\":\"maranhaotv\",\"@id\":\"https:\\\/\\\/maranhaotv.com.br\\\/#\\\/schema\\\/person\\\/3d54238e86b20bb5c89ab2fdb8f8829a\"},\"headline\":\"Pedreiras e S\u00e3o Mateus recebem neste fim de semana a Caravana \u201cLula Livre, Brasil Livre\u201d\",\"datePublished\":\"2021-10-07T17:28:32+00:00\",\"mainEntityOfPage\":{\"@id\":\"https:\\\/\\\/maranhaotv.com.br\\\/index.php\\\/2021\\\/10\\\/07\\\/pedreiras-e-sao-mateus-recebem-neste-fim-de-semana-a-caravana-lula-livre-brasil-livre\\\/\"},\"wordCount\":355,\"commentCount\":0,\"publisher\":{\"@id\":\"https:\\\/\\\/maranhaotv.com.br\\\/#organization\"},\"image\":{\"@id\":\"https:\\\/\\\/maranhaotv.com.br\\\/index.php\\\/2021\\\/10\\\/07\\\/pedreiras-e-sao-mateus-recebem-neste-fim-de-semana-a-caravana-lula-livre-brasil-livre\\\/#primaryimage\"},\"thumbnailUrl\":\"\",\"articleSection\":[\"not\u00edcias\"],\"inLanguage\":\"pt-BR\",\"potentialAction\":[{\"@type\":\"CommentAction\",\"name\":\"Comment\",\"target\":[\"https:\\\/\\\/maranhaotv.com.br\\\/index.php\\\/2021\\\/10\\\/07\\\/pedreiras-e-sao-mateus-recebem-neste-fim-de-semana-a-caravana-lula-livre-brasil-livre\\\/#respond\"]}]},{\"@type\":\"WebPage\",\"@id\":\"https:\\\/\\\/maranhaotv.com.br\\\/index.php\\\/2021\\\/10\\\/07\\\/pedreiras-e-sao-mateus-recebem-neste-fim-de-semana-a-caravana-lula-livre-brasil-livre\\\/\",\"url\":\"https:\\\/\\\/maranhaotv.com.br\\\/index.php\\\/2021\\\/10\\\/07\\\/pedreiras-e-sao-mateus-recebem-neste-fim-de-semana-a-caravana-lula-livre-brasil-livre\\\/\",\"name\":\"Pedreiras e S\u00e3o Mateus recebem neste fim de semana a Caravana \u201cLula Livre, Brasil Livre\u201d - NOT\u00cdCIAS EM TEMPO REAL\",\"isPartOf\":{\"@id\":\"https:\\\/\\\/maranhaotv.com.br\\\/#website\"},\"primaryImageOfPage\":{\"@id\":\"https:\\\/\\\/maranhaotv.com.br\\\/index.php\\\/2021\\\/10\\\/07\\\/pedreiras-e-sao-mateus-recebem-neste-fim-de-semana-a-caravana-lula-livre-brasil-livre\\\/#primaryimage\"},\"image\":{\"@id\":\"https:\\\/\\\/maranhaotv.com.br\\\/index.php\\\/2021\\\/10\\\/07\\\/pedreiras-e-sao-mateus-recebem-neste-fim-de-semana-a-caravana-lula-livre-brasil-livre\\\/#primaryimage\"},\"thumbnailUrl\":\"\",\"datePublished\":\"2021-10-07T17:28:32+00:00\",\"breadcrumb\":{\"@id\":\"https:\\\/\\\/maranhaotv.com.br\\\/index.php\\\/2021\\\/10\\\/07\\\/pedreiras-e-sao-mateus-recebem-neste-fim-de-semana-a-caravana-lula-livre-brasil-livre\\\/#breadcrumb\"},\"inLanguage\":\"pt-BR\",\"potentialAction\":[{\"@type\":\"ReadAction\",\"target\":[\"https:\\\/\\\/maranhaotv.com.br\\\/index.php\\\/2021\\\/10\\\/07\\\/pedreiras-e-sao-mateus-recebem-neste-fim-de-semana-a-caravana-lula-livre-brasil-livre\\\/\"]}]},{\"@type\":\"ImageObject\",\"inLanguage\":\"pt-BR\",\"@id\":\"https:\\\/\\\/maranhaotv.com.br\\\/index.php\\\/2021\\\/10\\\/07\\\/pedreiras-e-sao-mateus-recebem-neste-fim-de-semana-a-caravana-lula-livre-brasil-livre\\\/#primaryimage\",\"url\":\"\",\"contentUrl\":\"\"},{\"@type\":\"BreadcrumbList\",\"@id\":\"https:\\\/\\\/maranhaotv.com.br\\\/index.php\\\/2021\\\/10\\\/07\\\/pedreiras-e-sao-mateus-recebem-neste-fim-de-semana-a-caravana-lula-livre-brasil-livre\\\/#breadcrumb\",\"itemListElement\":[{\"@type\":\"ListItem\",\"position\":1,\"name\":\"In\u00edcio\",\"item\":\"https:\\\/\\\/maranhaotv.com.br\\\/\"},{\"@type\":\"ListItem\",\"position\":2,\"name\":\"Pedreiras e S\u00e3o Mateus recebem neste fim de semana a Caravana \u201cLula Livre, Brasil Livre\u201d\"}]},{\"@type\":\"WebSite\",\"@id\":\"https:\\\/\\\/maranhaotv.com.br\\\/#website\",\"url\":\"https:\\\/\\\/maranhaotv.com.br\\\/\",\"name\":\"Maranh\u00e3oTV\",\"description\":\"\",\"publisher\":{\"@id\":\"https:\\\/\\\/maranhaotv.com.br\\\/#organization\"},\"potentialAction\":[{\"@type\":\"SearchAction\",\"target\":{\"@type\":\"EntryPoint\",\"urlTemplate\":\"https:\\\/\\\/maranhaotv.com.br\\\/?s={search_term_string}\"},\"query-input\":{\"@type\":\"PropertyValueSpecification\",\"valueRequired\":true,\"valueName\":\"search_term_string\"}}],\"inLanguage\":\"pt-BR\"},{\"@type\":\"Organization\",\"@id\":\"https:\\\/\\\/maranhaotv.com.br\\\/#organization\",\"name\":\"Portal de Not\u00edcias\",\"url\":\"https:\\\/\\\/maranhaotv.com.br\\\/\",\"logo\":{\"@type\":\"ImageObject\",\"inLanguage\":\"pt-BR\",\"@id\":\"https:\\\/\\\/maranhaotv.com.br\\\/#\\\/schema\\\/logo\\\/image\\\/\",\"url\":\"https:\\\/\\\/maranhaotv.com.br\\\/wp-content\\\/uploads\\\/2024\\\/05\\\/cropped-cropped-avatar-1.png\",\"contentUrl\":\"https:\\\/\\\/maranhaotv.com.br\\\/wp-content\\\/uploads\\\/2024\\\/05\\\/cropped-cropped-avatar-1.png\",\"width\":792,\"height\":428,\"caption\":\"Portal de Not\u00edcias\"},\"image\":{\"@id\":\"https:\\\/\\\/maranhaotv.com.br\\\/#\\\/schema\\\/logo\\\/image\\\/\"},\"sameAs\":[\"https:\\\/\\\/www.facebook.com\\\/maiobaotv\",\"https:\\\/\\\/x.com\\\/sitemaranhaotv\",\"https:\\\/\\\/www.instagram.com\\\/maranhao.tv\",\"https:\\\/\\\/www.threads.net\\\/@maranhao.tv\"]},{\"@type\":\"Person\",\"@id\":\"https:\\\/\\\/maranhaotv.com.br\\\/#\\\/schema\\\/person\\\/3d54238e86b20bb5c89ab2fdb8f8829a\",\"name\":\"maranhaotv\",\"image\":{\"@type\":\"ImageObject\",\"inLanguage\":\"pt-BR\",\"@id\":\"https:\\\/\\\/secure.gravatar.com\\\/avatar\\\/8fadbca458d4cb68b1dd399ae9a40618d747bb1af65ac9fad21c89220a143eb4?s=96&d=mm&r=g\",\"url\":\"https:\\\/\\\/secure.gravatar.com\\\/avatar\\\/8fadbca458d4cb68b1dd399ae9a40618d747bb1af65ac9fad21c89220a143eb4?s=96&d=mm&r=g\",\"contentUrl\":\"https:\\\/\\\/secure.gravatar.com\\\/avatar\\\/8fadbca458d4cb68b1dd399ae9a40618d747bb1af65ac9fad21c89220a143eb4?s=96&d=mm&r=g\",\"caption\":\"maranhaotv\"},\"sameAs\":[\"https:\\\/\\\/maranhaotv.com.br\\\/\"],\"url\":\"https:\\\/\\\/maranhaotv.com.br\\\/index.php\\\/author\\\/maranhaotv\\\/\"}]}<\/script>\n<!-- \/ Yoast SEO plugin. -->","yoast_head_json":{"title":"Pedreiras e S\u00e3o Mateus recebem neste fim de semana a Caravana \u201cLula Livre, Brasil Livre\u201d - NOT\u00cdCIAS EM TEMPO REAL","robots":{"index":"index","follow":"follow","max-snippet":"max-snippet:-1","max-image-preview":"max-image-preview:large","max-video-preview":"max-video-preview:-1"},"canonical":"https:\/\/maranhaotv.com.br\/index.php\/2021\/10\/07\/pedreiras-e-sao-mateus-recebem-neste-fim-de-semana-a-caravana-lula-livre-brasil-livre\/","og_locale":"pt_BR","og_type":"article","og_title":"Pedreiras e S\u00e3o Mateus recebem neste fim de semana a Caravana \u201cLula Livre, Brasil Livre\u201d - NOT\u00cdCIAS EM TEMPO REAL","og_description":"A caravana \u201cLula Livre, Brasil Livre\u201d \u00e9 uma iniciativa do Partido dos Trabalhadores do Maranh\u00e3o, conduzida pelo presidente Augusto Lobato,","og_url":"https:\/\/maranhaotv.com.br\/index.php\/2021\/10\/07\/pedreiras-e-sao-mateus-recebem-neste-fim-de-semana-a-caravana-lula-livre-brasil-livre\/","og_site_name":"NOT\u00cdCIAS EM TEMPO REAL","article_publisher":"https:\/\/www.facebook.com\/maiobaotv","article_published_time":"2021-10-07T17:28:32+00:00","author":"maranhaotv","twitter_card":"summary_large_image","twitter_creator":"@sitemaranhaotv","twitter_site":"@sitemaranhaotv","twitter_misc":{"Escrito por":"maranhaotv","Est. tempo de leitura":"2 minutos"},"schema":{"@context":"https:\/\/schema.org","@graph":[{"@type":"Article","@id":"https:\/\/maranhaotv.com.br\/index.php\/2021\/10\/07\/pedreiras-e-sao-mateus-recebem-neste-fim-de-semana-a-caravana-lula-livre-brasil-livre\/#article","isPartOf":{"@id":"https:\/\/maranhaotv.com.br\/index.php\/2021\/10\/07\/pedreiras-e-sao-mateus-recebem-neste-fim-de-semana-a-caravana-lula-livre-brasil-livre\/"},"author":{"name":"maranhaotv","@id":"https:\/\/maranhaotv.com.br\/#\/schema\/person\/3d54238e86b20bb5c89ab2fdb8f8829a"},"headline":"Pedreiras e S\u00e3o Mateus recebem neste fim de semana a Caravana \u201cLula Livre, Brasil Livre\u201d","datePublished":"2021-10-07T17:28:32+00:00","mainEntityOfPage":{"@id":"https:\/\/maranhaotv.com.br\/index.php\/2021\/10\/07\/pedreiras-e-sao-mateus-recebem-neste-fim-de-semana-a-caravana-lula-livre-brasil-livre\/"},"wordCount":355,"commentCount":0,"publisher":{"@id":"https:\/\/maranhaotv.com.br\/#organization"},"image":{"@id":"https:\/\/maranhaotv.com.br\/index.php\/2021\/10\/07\/pedreiras-e-sao-mateus-recebem-neste-fim-de-semana-a-caravana-lula-livre-brasil-livre\/#primaryimage"},"thumbnailUrl":"","articleSection":["not\u00edcias"],"inLanguage":"pt-BR","potentialAction":[{"@type":"CommentAction","name":"Comment","target":["https:\/\/maranhaotv.com.br\/index.php\/2021\/10\/07\/pedreiras-e-sao-mateus-recebem-neste-fim-de-semana-a-caravana-lula-livre-brasil-livre\/#respond"]}]},{"@type":"WebPage","@id":"https:\/\/maranhaotv.com.br\/index.php\/2021\/10\/07\/pedreiras-e-sao-mateus-recebem-neste-fim-de-semana-a-caravana-lula-livre-brasil-livre\/","url":"https:\/\/maranhaotv.com.br\/index.php\/2021\/10\/07\/pedreiras-e-sao-mateus-recebem-neste-fim-de-semana-a-caravana-lula-livre-brasil-livre\/","name":"Pedreiras e S\u00e3o Mateus recebem neste fim de semana a Caravana \u201cLula Livre, Brasil Livre\u201d - NOT\u00cdCIAS EM TEMPO REAL","isPartOf":{"@id":"https:\/\/maranhaotv.com.br\/#website"},"primaryImageOfPage":{"@id":"https:\/\/maranhaotv.com.br\/index.php\/2021\/10\/07\/pedreiras-e-sao-mateus-recebem-neste-fim-de-semana-a-caravana-lula-livre-brasil-livre\/#primaryimage"},"image":{"@id":"https:\/\/maranhaotv.com.br\/index.php\/2021\/10\/07\/pedreiras-e-sao-mateus-recebem-neste-fim-de-semana-a-caravana-lula-livre-brasil-livre\/#primaryimage"},"thumbnailUrl":"","datePublished":"2021-10-07T17:28:32+00:00","breadcrumb":{"@id":"https:\/\/maranhaotv.com.br\/index.php\/2021\/10\/07\/pedreiras-e-sao-mateus-recebem-neste-fim-de-semana-a-caravana-lula-livre-brasil-livre\/#breadcrumb"},"inLanguage":"pt-BR","potentialAction":[{"@type":"ReadAction","target":["https:\/\/maranhaotv.com.br\/index.php\/2021\/10\/07\/pedreiras-e-sao-mateus-recebem-neste-fim-de-semana-a-caravana-lula-livre-brasil-livre\/"]}]},{"@type":"ImageObject","inLanguage":"pt-BR","@id":"https:\/\/maranhaotv.com.br\/index.php\/2021\/10\/07\/pedreiras-e-sao-mateus-recebem-neste-fim-de-semana-a-caravana-lula-livre-brasil-livre\/#primaryimage","url":"","contentUrl":""},{"@type":"BreadcrumbList","@id":"https:\/\/maranhaotv.com.br\/index.php\/2021\/10\/07\/pedreiras-e-sao-mateus-recebem-neste-fim-de-semana-a-caravana-lula-livre-brasil-livre\/#breadcrumb","itemListElement":[{"@type":"ListItem","position":1,"name":"In\u00edcio","item":"https:\/\/maranhaotv.com.br\/"},{"@type":"ListItem","position":2,"name":"Pedreiras e S\u00e3o Mateus recebem neste fim de semana a Caravana \u201cLula Livre, Brasil Livre\u201d"}]},{"@type":"WebSite","@id":"https:\/\/maranhaotv.com.br\/#website","url":"https:\/\/maranhaotv.com.br\/","name":"Maranh\u00e3oTV","description":"","publisher":{"@id":"https:\/\/maranhaotv.com.br\/#organization"},"potentialAction":[{"@type":"SearchAction","target":{"@type":"EntryPoint","urlTemplate":"https:\/\/maranhaotv.com.br\/?s={search_term_string}"},"query-input":{"@type":"PropertyValueSpecification","valueRequired":true,"valueName":"search_term_string"}}],"inLanguage":"pt-BR"},{"@type":"Organization","@id":"https:\/\/maranhaotv.com.br\/#organization","name":"Portal de Not\u00edcias","url":"https:\/\/maranhaotv.com.br\/","logo":{"@type":"ImageObject","inLanguage":"pt-BR","@id":"https:\/\/maranhaotv.com.br\/#\/schema\/logo\/image\/","url":"https:\/\/maranhaotv.com.br\/wp-content\/uploads\/2024\/05\/cropped-cropped-avatar-1.png","contentUrl":"https:\/\/maranhaotv.com.br\/wp-content\/uploads\/2024\/05\/cropped-cropped-avatar-1.png","width":792,"height":428,"caption":"Portal de Not\u00edcias"},"image":{"@id":"https:\/\/maranhaotv.com.br\/#\/schema\/logo\/image\/"},"sameAs":["https:\/\/www.facebook.com\/maiobaotv","https:\/\/x.com\/sitemaranhaotv","https:\/\/www.instagram.com\/maranhao.tv","https:\/\/www.threads.net\/@maranhao.tv"]},{"@type":"Person","@id":"https:\/\/maranhaotv.com.br\/#\/schema\/person\/3d54238e86b20bb5c89ab2fdb8f8829a","name":"maranhaotv","image":{"@type":"ImageObject","inLanguage":"pt-BR","@id":"https:\/\/secure.gravatar.com\/avatar\/8fadbca458d4cb68b1dd399ae9a40618d747bb1af65ac9fad21c89220a143eb4?s=96&d=mm&r=g","url":"https:\/\/secure.gravatar.com\/avatar\/8fadbca458d4cb68b1dd399ae9a40618d747bb1af65ac9fad21c89220a143eb4?s=96&d=mm&r=g","contentUrl":"https:\/\/secure.gravatar.com\/avatar\/8fadbca458d4cb68b1dd399ae9a40618d747bb1af65ac9fad21c89220a143eb4?s=96&d=mm&r=g","caption":"maranhaotv"},"sameAs":["https:\/\/maranhaotv.com.br\/"],"url":"https:\/\/maranhaotv.com.br\/index.php\/author\/maranhaotv\/"}]}},"jetpack_featured_media_url":"","jetpack_sharing_enabled":true,"_links":{"self":[{"href":"https:\/\/maranhaotv.com.br\/index.php\/wp-json\/wp\/v2\/posts\/24145","targetHints":{"allow":["GET"]}}],"collection":[{"href":"https:\/\/maranhaotv.com.br\/index.php\/wp-json\/wp\/v2\/posts"}],"about":[{"href":"https:\/\/maranhaotv.com.br\/index.php\/wp-json\/wp\/v2\/types\/post"}],"author":[{"embeddable":true,"href":"https:\/\/maranhaotv.com.br\/index.php\/wp-json\/wp\/v2\/users\/2"}],"replies":[{"embeddable":true,"href":"https:\/\/maranhaotv.com.br\/index.php\/wp-json\/wp\/v2\/comments?post=24145"}],"version-history":[{"count":0,"href":"https:\/\/maranhaotv.com.br\/index.php\/wp-json\/wp\/v2\/posts\/24145\/revisions"}],"wp:featuredmedia":[{"embeddable":true,"href":"https:\/\/maranhaotv.com.br\/index.php\/wp-json\/"}],"wp:attachment":[{"href":"https:\/\/maranhaotv.com.br\/index.php\/wp-json\/wp\/v2\/media?parent=24145"}],"wp:term":[{"taxonomy":"category","embeddable":true,"href":"https:\/\/maranhaotv.com.br\/index.php\/wp-json\/wp\/v2\/categories?post=24145"},{"taxonomy":"post_tag","embeddable":true,"href":"https:\/\/maranhaotv.com.br\/index.php\/wp-json\/wp\/v2\/tags?post=24145"}],"curies":[{"name":"wp","href":"https:\/\/api.w.org\/{rel}","templated":true}]}}