{"id":24167,"date":"2021-10-08T17:46:01","date_gmt":"2021-10-08T20:46:01","guid":{"rendered":"https:\/\/maranhaotv.com.br\/?p=24167"},"modified":"2021-10-08T17:46:01","modified_gmt":"2021-10-08T20:46:01","slug":"paco-do-lumiar-se-destaca-e-recebe-premio-amigo-do-transito-em-cerimonia-do-detran-ma","status":"publish","type":"post","link":"https:\/\/maranhaotv.com.br\/index.php\/2021\/10\/08\/paco-do-lumiar-se-destaca-e-recebe-premio-amigo-do-transito-em-cerimonia-do-detran-ma\/","title":{"rendered":"PA\u00c7O DO LUMIAR SE DESTACA E RECEBE PR\u00caMIO AMIGO DO TR\u00c2NSITO EM CERIM\u00d4NIA DO DETRAN-MA\u00a0"},"content":{"rendered":"\n<p>Pa\u00e7o do Lumiar se destacou novamente no cen\u00e1rio estadual, desta vez, o munic\u00edpio recebeu, por parte do Detran-MA, o &#8220;1\u2070 Pr\u00eamio Amigo do Tr\u00e2nsito&#8221;, que reconhece o trabalho e pol\u00edticas para o tr\u00e2nsito desenvolvidas por \u00f3rg\u00e3os de governos, empresas e organiza\u00e7\u00f5es, escolas, Circunscri\u00e7\u00f5es Regionais de Tr\u00e2nsito(CIRETRANS) e departamentos municipais de tr\u00e2nsito pelo trabalho desenvolvido para contribuir com a seguran\u00e7a para condutores e pedestres em ruas e avenidas. A cerim\u00f4nia de&nbsp; premia\u00e7\u00e3o contou com a presen\u00e7a de autoridades municipais, estaduais e federais.<\/p>\n\n\n\n<p>O evento aconteceu na noite desta quarta-feira(06) no audit\u00f3rio da Procuradoria Geral de Justi\u00e7a do Estado do Maranh\u00e3o, em S\u00e3o Lu\u00eds, marcando o encerramento das a\u00e7\u00f5es da Semana Nacional de Tr\u00e2nsito 2021 no Maranh\u00e3o. A prefeita Paula Azevedo(PSB), foi representada pelo secret\u00e1rio municipal de mobilidade urbana de Pa\u00e7o do Lumiar, P\u00e1dua Nazareno, que recebeu a homenagem, destinada ao munic\u00edpio pelas pol\u00edticas de fiscaliza\u00e7\u00e3o, orienta\u00e7\u00e3o e educa\u00e7\u00e3o no tr\u00e2nsito desenvolvidas em bairros e comunidades.&nbsp; Vale destacar ainda que, por solicita\u00e7\u00e3o da gest\u00e3o municipal, 19 agentes de tr\u00e2nsito de Pa\u00e7o do Lumiar, participaram de um curso de forma\u00e7\u00e3o de agentes do DETRAN-MA desde o final do m\u00eas&nbsp; de julho, e durante a cerim\u00f4nia desta quarta-feira, receberam certificados ao lado de agentes do munic\u00edpio de Itapecuru-Mirim.<\/p>\n\n\n\n<p>Tamb\u00e9m estiveram presentes, &nbsp;o secret\u00e1rio Nacional de Tr\u00e2nsito, Frederico Carneiro; o diretor-geral do Detran-MA, Francisco Nagib; o Secret\u00e1rio de Estado de Seguran\u00e7a P\u00fablica , Jefferson Portela; e tamb\u00e9m, o diretor de Gest\u00e3o de Pol\u00edtica de Tr\u00e2nsito da Senatran, Eduardo Sanches; o comandante da BPRV, tenente-coronel Joanilson Mota; o superintendente da Pol\u00edcia Rodovi\u00e1ria Federal, Agnaldo Nascimento Filho; o secret\u00e1rio de Estado das Cidades e Desenvolvimento Urbano, M\u00e1rcio Jerry; o deputado estadual Zito Rolim, que representou a Assembleia Legislativa; o comandante-geral da Pol\u00edcia Militar, Coronel Pedro Ribeiro; o presidente da MOB, Daniel Carvalho; gestores; diretores do Detran-MA; chefes de Ciretrans.&nbsp;<\/p>\n\n\n\n<p>Na manh\u00e3 desta quinta-feira(07), o Secret\u00e1rio Municipal de Mobilidade Urbana de Pa\u00e7o do Lumiar tamb\u00e9m assinou o Termo de Compromisso para o cumprimento do Plano Nacional de Redu\u00e7\u00e3o de Mortes e Les\u00f5es no Tr\u00e2nsito (PNATRANS).&nbsp; Um compromisso para execu\u00e7\u00e3o de a\u00e7\u00f5es de redu\u00e7\u00e3o de mortes e les\u00f5es no tr\u00e2nsito no munic\u00edpio.&nbsp; O termo foi assinado ao lado do<br \/>secret\u00e1rio Nacional de Tr\u00e2nsito, Frederico de Moura Carneiro; o diretor-geral do Detran-MA, Francisco Nagib; o presidente do Conselho Estadual de Tr\u00e2nsito do Maranh\u00e3o, Jefferson Portela; o secret\u00e1rio de Estado da Sa\u00fade, Carlos Lula e outras lideran\u00e7as.<\/p>\n\n\n\n<p>O PNATRANS&nbsp; est\u00e1 previsto na Resolu\u00e7\u00e3o n\u00ba 870, de 13 de setembro de 2021, do Conselho Nacional de Tr\u00e2nsito (Contran).&nbsp;&nbsp;<\/p>\n\n\n\n<p>De acordo P\u00e1dua Nazareno, a popula\u00e7\u00e3o&nbsp; de Pa\u00e7o do Lumiar recebeu de forma positiva as a\u00e7\u00f5es realizadas: &#8220;Nosso munic\u00edpio \u00e9 muito atuante quando o assunto \u00e9 educa\u00e7\u00e3o tr\u00e2nsito, n\u00f3s estamos avan\u00e7ando muito e a popula\u00e7\u00e3o sabe a import\u00e2ncia de ter essa consci\u00eancia, por isso, estamos colhendo frutos como esta premia\u00e7\u00e3o&#8221;, destacou o secret\u00e1rio.<\/p>\n\n\n\n<figure class=\"wp-block-image size-large\"><img decoding=\"async\" src=\"https:\/\/maranhaotv.com.br\/wp-content\/uploads\/2021\/10\/IMG-20211008-WA0191.jpg\" alt=\"\" class=\"wp-image-24162\"\/><\/figure>\n\n\n\n<figure class=\"wp-block-image\"><img decoding=\"async\" src=\"https:\/\/maranhaotv.com.br\/wp-content\/uploads\/2021\/10\/IMG-20211008-WA0187.jpg\" alt=\"\" class=\"wp-image-24163\"\/><\/figure>\n\n\n\n<figure class=\"wp-block-image\"><img decoding=\"async\" src=\"https:\/\/maranhaotv.com.br\/wp-content\/uploads\/2021\/10\/IMG-20211008-WA0190.jpg\" alt=\"\" class=\"wp-image-24164\"\/><\/figure>\n\n\n\n<figure class=\"wp-block-image\"><img decoding=\"async\" src=\"https:\/\/maranhaotv.com.br\/wp-content\/uploads\/2021\/10\/IMG-20211008-WA0189.jpg\" alt=\"\" class=\"wp-image-24165\"\/><\/figure>\n","protected":false},"excerpt":{"rendered":"<p>Pa\u00e7o do Lumiar se destacou novamente no cen\u00e1rio estadual, desta vez, o munic\u00edpio recebeu, por parte do Detran-MA, o &#8220;1\u2070<\/p>\n","protected":false},"author":2,"featured_media":24166,"comment_status":"open","ping_status":"open","sticky":false,"template":"","format":"standard","meta":{"colormag_page_container_layout":"default_layout","colormag_page_sidebar_layout":"default_layout","_jetpack_memberships_contains_paid_content":false,"footnotes":""},"categories":[2],"tags":[],"class_list":["post-24167","post","type-post","status-publish","format-standard","has-post-thumbnail","hentry","category-noticias"],"magazineBlocksPostFeaturedMedia":{"thumbnail":false,"medium":false,"medium_large":false,"large":false,"1536x1536":false,"2048x2048":false,"colormag-highlighted-post":false,"colormag-featured-post-medium":false,"colormag-featured-post-small":false,"colormag-featured-image":false,"colormag-default-news":false,"colormag-featured-image-large":false},"magazineBlocksPostAuthor":{"name":"maranhaotv","avatar":"https:\/\/secure.gravatar.com\/avatar\/8fadbca458d4cb68b1dd399ae9a40618d747bb1af65ac9fad21c89220a143eb4?s=96&d=mm&r=g"},"magazineBlocksPostCommentsNumber":"0","magazineBlocksPostExcerpt":"Pa\u00e7o do Lumiar se destacou novamente no cen\u00e1rio estadual, desta vez, o munic\u00edpio recebeu, por parte do Detran-MA, o &#8220;1\u2070","magazineBlocksPostCategories":["not\u00edcias"],"magazineBlocksPostViewCount":196,"magazineBlocksPostReadTime":3,"magazine_blocks_featured_image_url":{"full":false,"medium":false,"thumbnail":false},"magazine_blocks_author":{"display_name":"maranhaotv","author_link":"https:\/\/maranhaotv.com.br\/index.php\/author\/maranhaotv\/"},"magazine_blocks_comment":0,"magazine_blocks_author_image":"https:\/\/secure.gravatar.com\/avatar\/8fadbca458d4cb68b1dd399ae9a40618d747bb1af65ac9fad21c89220a143eb4?s=96&d=mm&r=g","magazine_blocks_category":"<a href=\"#\" class=\"category-link category-link-2\">not\u00edcias<\/a>","yoast_head":"<!-- This site is optimized with the Yoast SEO plugin v27.4 - https:\/\/yoast.com\/product\/yoast-seo-wordpress\/ -->\n<title>PA\u00c7O DO LUMIAR SE DESTACA E RECEBE PR\u00caMIO AMIGO DO TR\u00c2NSITO EM CERIM\u00d4NIA DO DETRAN-MA\u00a0 - NOT\u00cdCIAS EM TEMPO REAL<\/title>\n<meta name=\"robots\" content=\"index, follow, max-snippet:-1, max-image-preview:large, max-video-preview:-1\" \/>\n<link rel=\"canonical\" href=\"https:\/\/maranhaotv.com.br\/index.php\/2021\/10\/08\/paco-do-lumiar-se-destaca-e-recebe-premio-amigo-do-transito-em-cerimonia-do-detran-ma\/\" \/>\n<meta property=\"og:locale\" content=\"pt_BR\" \/>\n<meta property=\"og:type\" content=\"article\" \/>\n<meta property=\"og:title\" content=\"PA\u00c7O DO LUMIAR SE DESTACA E RECEBE PR\u00caMIO AMIGO DO TR\u00c2NSITO EM CERIM\u00d4NIA DO DETRAN-MA\u00a0 - NOT\u00cdCIAS EM TEMPO REAL\" \/>\n<meta property=\"og:description\" content=\"Pa\u00e7o do Lumiar se destacou novamente no cen\u00e1rio estadual, desta vez, o munic\u00edpio recebeu, por parte do Detran-MA, o &#8220;1\u2070\" \/>\n<meta property=\"og:url\" content=\"https:\/\/maranhaotv.com.br\/index.php\/2021\/10\/08\/paco-do-lumiar-se-destaca-e-recebe-premio-amigo-do-transito-em-cerimonia-do-detran-ma\/\" \/>\n<meta property=\"og:site_name\" content=\"NOT\u00cdCIAS EM TEMPO REAL\" \/>\n<meta property=\"article:publisher\" content=\"https:\/\/www.facebook.com\/maiobaotv\" \/>\n<meta property=\"article:published_time\" content=\"2021-10-08T20:46:01+00:00\" \/>\n<meta name=\"author\" content=\"maranhaotv\" \/>\n<meta name=\"twitter:card\" content=\"summary_large_image\" \/>\n<meta name=\"twitter:creator\" content=\"@sitemaranhaotv\" \/>\n<meta name=\"twitter:site\" content=\"@sitemaranhaotv\" \/>\n<meta name=\"twitter:label1\" content=\"Escrito por\" \/>\n\t<meta name=\"twitter:data1\" content=\"maranhaotv\" \/>\n\t<meta name=\"twitter:label2\" content=\"Est. tempo de leitura\" \/>\n\t<meta name=\"twitter:data2\" content=\"3 minutos\" \/>\n<script type=\"application\/ld+json\" class=\"yoast-schema-graph\">{\"@context\":\"https:\\\/\\\/schema.org\",\"@graph\":[{\"@type\":\"Article\",\"@id\":\"https:\\\/\\\/maranhaotv.com.br\\\/index.php\\\/2021\\\/10\\\/08\\\/paco-do-lumiar-se-destaca-e-recebe-premio-amigo-do-transito-em-cerimonia-do-detran-ma\\\/#article\",\"isPartOf\":{\"@id\":\"https:\\\/\\\/maranhaotv.com.br\\\/index.php\\\/2021\\\/10\\\/08\\\/paco-do-lumiar-se-destaca-e-recebe-premio-amigo-do-transito-em-cerimonia-do-detran-ma\\\/\"},\"author\":{\"name\":\"maranhaotv\",\"@id\":\"https:\\\/\\\/maranhaotv.com.br\\\/#\\\/schema\\\/person\\\/3d54238e86b20bb5c89ab2fdb8f8829a\"},\"headline\":\"PA\u00c7O DO LUMIAR SE DESTACA E RECEBE PR\u00caMIO AMIGO DO TR\u00c2NSITO EM CERIM\u00d4NIA DO DETRAN-MA\u00a0\",\"datePublished\":\"2021-10-08T20:46:01+00:00\",\"mainEntityOfPage\":{\"@id\":\"https:\\\/\\\/maranhaotv.com.br\\\/index.php\\\/2021\\\/10\\\/08\\\/paco-do-lumiar-se-destaca-e-recebe-premio-amigo-do-transito-em-cerimonia-do-detran-ma\\\/\"},\"wordCount\":582,\"commentCount\":0,\"publisher\":{\"@id\":\"https:\\\/\\\/maranhaotv.com.br\\\/#organization\"},\"image\":{\"@id\":\"https:\\\/\\\/maranhaotv.com.br\\\/index.php\\\/2021\\\/10\\\/08\\\/paco-do-lumiar-se-destaca-e-recebe-premio-amigo-do-transito-em-cerimonia-do-detran-ma\\\/#primaryimage\"},\"thumbnailUrl\":\"\",\"articleSection\":[\"not\u00edcias\"],\"inLanguage\":\"pt-BR\",\"potentialAction\":[{\"@type\":\"CommentAction\",\"name\":\"Comment\",\"target\":[\"https:\\\/\\\/maranhaotv.com.br\\\/index.php\\\/2021\\\/10\\\/08\\\/paco-do-lumiar-se-destaca-e-recebe-premio-amigo-do-transito-em-cerimonia-do-detran-ma\\\/#respond\"]}]},{\"@type\":\"WebPage\",\"@id\":\"https:\\\/\\\/maranhaotv.com.br\\\/index.php\\\/2021\\\/10\\\/08\\\/paco-do-lumiar-se-destaca-e-recebe-premio-amigo-do-transito-em-cerimonia-do-detran-ma\\\/\",\"url\":\"https:\\\/\\\/maranhaotv.com.br\\\/index.php\\\/2021\\\/10\\\/08\\\/paco-do-lumiar-se-destaca-e-recebe-premio-amigo-do-transito-em-cerimonia-do-detran-ma\\\/\",\"name\":\"PA\u00c7O DO LUMIAR SE DESTACA E RECEBE PR\u00caMIO AMIGO DO TR\u00c2NSITO EM CERIM\u00d4NIA DO DETRAN-MA\u00a0 - NOT\u00cdCIAS EM TEMPO REAL\",\"isPartOf\":{\"@id\":\"https:\\\/\\\/maranhaotv.com.br\\\/#website\"},\"primaryImageOfPage\":{\"@id\":\"https:\\\/\\\/maranhaotv.com.br\\\/index.php\\\/2021\\\/10\\\/08\\\/paco-do-lumiar-se-destaca-e-recebe-premio-amigo-do-transito-em-cerimonia-do-detran-ma\\\/#primaryimage\"},\"image\":{\"@id\":\"https:\\\/\\\/maranhaotv.com.br\\\/index.php\\\/2021\\\/10\\\/08\\\/paco-do-lumiar-se-destaca-e-recebe-premio-amigo-do-transito-em-cerimonia-do-detran-ma\\\/#primaryimage\"},\"thumbnailUrl\":\"\",\"datePublished\":\"2021-10-08T20:46:01+00:00\",\"breadcrumb\":{\"@id\":\"https:\\\/\\\/maranhaotv.com.br\\\/index.php\\\/2021\\\/10\\\/08\\\/paco-do-lumiar-se-destaca-e-recebe-premio-amigo-do-transito-em-cerimonia-do-detran-ma\\\/#breadcrumb\"},\"inLanguage\":\"pt-BR\",\"potentialAction\":[{\"@type\":\"ReadAction\",\"target\":[\"https:\\\/\\\/maranhaotv.com.br\\\/index.php\\\/2021\\\/10\\\/08\\\/paco-do-lumiar-se-destaca-e-recebe-premio-amigo-do-transito-em-cerimonia-do-detran-ma\\\/\"]}]},{\"@type\":\"ImageObject\",\"inLanguage\":\"pt-BR\",\"@id\":\"https:\\\/\\\/maranhaotv.com.br\\\/index.php\\\/2021\\\/10\\\/08\\\/paco-do-lumiar-se-destaca-e-recebe-premio-amigo-do-transito-em-cerimonia-do-detran-ma\\\/#primaryimage\",\"url\":\"\",\"contentUrl\":\"\"},{\"@type\":\"BreadcrumbList\",\"@id\":\"https:\\\/\\\/maranhaotv.com.br\\\/index.php\\\/2021\\\/10\\\/08\\\/paco-do-lumiar-se-destaca-e-recebe-premio-amigo-do-transito-em-cerimonia-do-detran-ma\\\/#breadcrumb\",\"itemListElement\":[{\"@type\":\"ListItem\",\"position\":1,\"name\":\"In\u00edcio\",\"item\":\"https:\\\/\\\/maranhaotv.com.br\\\/\"},{\"@type\":\"ListItem\",\"position\":2,\"name\":\"PA\u00c7O DO LUMIAR SE DESTACA E RECEBE PR\u00caMIO AMIGO DO TR\u00c2NSITO EM CERIM\u00d4NIA DO DETRAN-MA\u00a0\"}]},{\"@type\":\"WebSite\",\"@id\":\"https:\\\/\\\/maranhaotv.com.br\\\/#website\",\"url\":\"https:\\\/\\\/maranhaotv.com.br\\\/\",\"name\":\"Maranh\u00e3oTV\",\"description\":\"\",\"publisher\":{\"@id\":\"https:\\\/\\\/maranhaotv.com.br\\\/#organization\"},\"potentialAction\":[{\"@type\":\"SearchAction\",\"target\":{\"@type\":\"EntryPoint\",\"urlTemplate\":\"https:\\\/\\\/maranhaotv.com.br\\\/?s={search_term_string}\"},\"query-input\":{\"@type\":\"PropertyValueSpecification\",\"valueRequired\":true,\"valueName\":\"search_term_string\"}}],\"inLanguage\":\"pt-BR\"},{\"@type\":\"Organization\",\"@id\":\"https:\\\/\\\/maranhaotv.com.br\\\/#organization\",\"name\":\"Portal de Not\u00edcias\",\"url\":\"https:\\\/\\\/maranhaotv.com.br\\\/\",\"logo\":{\"@type\":\"ImageObject\",\"inLanguage\":\"pt-BR\",\"@id\":\"https:\\\/\\\/maranhaotv.com.br\\\/#\\\/schema\\\/logo\\\/image\\\/\",\"url\":\"https:\\\/\\\/maranhaotv.com.br\\\/wp-content\\\/uploads\\\/2024\\\/05\\\/cropped-cropped-avatar-1.png\",\"contentUrl\":\"https:\\\/\\\/maranhaotv.com.br\\\/wp-content\\\/uploads\\\/2024\\\/05\\\/cropped-cropped-avatar-1.png\",\"width\":792,\"height\":428,\"caption\":\"Portal de Not\u00edcias\"},\"image\":{\"@id\":\"https:\\\/\\\/maranhaotv.com.br\\\/#\\\/schema\\\/logo\\\/image\\\/\"},\"sameAs\":[\"https:\\\/\\\/www.facebook.com\\\/maiobaotv\",\"https:\\\/\\\/x.com\\\/sitemaranhaotv\",\"https:\\\/\\\/www.instagram.com\\\/maranhao.tv\",\"https:\\\/\\\/www.threads.net\\\/@maranhao.tv\"]},{\"@type\":\"Person\",\"@id\":\"https:\\\/\\\/maranhaotv.com.br\\\/#\\\/schema\\\/person\\\/3d54238e86b20bb5c89ab2fdb8f8829a\",\"name\":\"maranhaotv\",\"image\":{\"@type\":\"ImageObject\",\"inLanguage\":\"pt-BR\",\"@id\":\"https:\\\/\\\/secure.gravatar.com\\\/avatar\\\/8fadbca458d4cb68b1dd399ae9a40618d747bb1af65ac9fad21c89220a143eb4?s=96&d=mm&r=g\",\"url\":\"https:\\\/\\\/secure.gravatar.com\\\/avatar\\\/8fadbca458d4cb68b1dd399ae9a40618d747bb1af65ac9fad21c89220a143eb4?s=96&d=mm&r=g\",\"contentUrl\":\"https:\\\/\\\/secure.gravatar.com\\\/avatar\\\/8fadbca458d4cb68b1dd399ae9a40618d747bb1af65ac9fad21c89220a143eb4?s=96&d=mm&r=g\",\"caption\":\"maranhaotv\"},\"sameAs\":[\"https:\\\/\\\/maranhaotv.com.br\\\/\"],\"url\":\"https:\\\/\\\/maranhaotv.com.br\\\/index.php\\\/author\\\/maranhaotv\\\/\"}]}<\/script>\n<!-- \/ Yoast SEO plugin. -->","yoast_head_json":{"title":"PA\u00c7O DO LUMIAR SE DESTACA E RECEBE PR\u00caMIO AMIGO DO TR\u00c2NSITO EM CERIM\u00d4NIA DO DETRAN-MA\u00a0 - NOT\u00cdCIAS EM TEMPO REAL","robots":{"index":"index","follow":"follow","max-snippet":"max-snippet:-1","max-image-preview":"max-image-preview:large","max-video-preview":"max-video-preview:-1"},"canonical":"https:\/\/maranhaotv.com.br\/index.php\/2021\/10\/08\/paco-do-lumiar-se-destaca-e-recebe-premio-amigo-do-transito-em-cerimonia-do-detran-ma\/","og_locale":"pt_BR","og_type":"article","og_title":"PA\u00c7O DO LUMIAR SE DESTACA E RECEBE PR\u00caMIO AMIGO DO TR\u00c2NSITO EM CERIM\u00d4NIA DO DETRAN-MA\u00a0 - NOT\u00cdCIAS EM TEMPO REAL","og_description":"Pa\u00e7o do Lumiar se destacou novamente no cen\u00e1rio estadual, desta vez, o munic\u00edpio recebeu, por parte do Detran-MA, o &#8220;1\u2070","og_url":"https:\/\/maranhaotv.com.br\/index.php\/2021\/10\/08\/paco-do-lumiar-se-destaca-e-recebe-premio-amigo-do-transito-em-cerimonia-do-detran-ma\/","og_site_name":"NOT\u00cdCIAS EM TEMPO REAL","article_publisher":"https:\/\/www.facebook.com\/maiobaotv","article_published_time":"2021-10-08T20:46:01+00:00","author":"maranhaotv","twitter_card":"summary_large_image","twitter_creator":"@sitemaranhaotv","twitter_site":"@sitemaranhaotv","twitter_misc":{"Escrito por":"maranhaotv","Est. tempo de leitura":"3 minutos"},"schema":{"@context":"https:\/\/schema.org","@graph":[{"@type":"Article","@id":"https:\/\/maranhaotv.com.br\/index.php\/2021\/10\/08\/paco-do-lumiar-se-destaca-e-recebe-premio-amigo-do-transito-em-cerimonia-do-detran-ma\/#article","isPartOf":{"@id":"https:\/\/maranhaotv.com.br\/index.php\/2021\/10\/08\/paco-do-lumiar-se-destaca-e-recebe-premio-amigo-do-transito-em-cerimonia-do-detran-ma\/"},"author":{"name":"maranhaotv","@id":"https:\/\/maranhaotv.com.br\/#\/schema\/person\/3d54238e86b20bb5c89ab2fdb8f8829a"},"headline":"PA\u00c7O DO LUMIAR SE DESTACA E RECEBE PR\u00caMIO AMIGO DO TR\u00c2NSITO EM CERIM\u00d4NIA DO DETRAN-MA\u00a0","datePublished":"2021-10-08T20:46:01+00:00","mainEntityOfPage":{"@id":"https:\/\/maranhaotv.com.br\/index.php\/2021\/10\/08\/paco-do-lumiar-se-destaca-e-recebe-premio-amigo-do-transito-em-cerimonia-do-detran-ma\/"},"wordCount":582,"commentCount":0,"publisher":{"@id":"https:\/\/maranhaotv.com.br\/#organization"},"image":{"@id":"https:\/\/maranhaotv.com.br\/index.php\/2021\/10\/08\/paco-do-lumiar-se-destaca-e-recebe-premio-amigo-do-transito-em-cerimonia-do-detran-ma\/#primaryimage"},"thumbnailUrl":"","articleSection":["not\u00edcias"],"inLanguage":"pt-BR","potentialAction":[{"@type":"CommentAction","name":"Comment","target":["https:\/\/maranhaotv.com.br\/index.php\/2021\/10\/08\/paco-do-lumiar-se-destaca-e-recebe-premio-amigo-do-transito-em-cerimonia-do-detran-ma\/#respond"]}]},{"@type":"WebPage","@id":"https:\/\/maranhaotv.com.br\/index.php\/2021\/10\/08\/paco-do-lumiar-se-destaca-e-recebe-premio-amigo-do-transito-em-cerimonia-do-detran-ma\/","url":"https:\/\/maranhaotv.com.br\/index.php\/2021\/10\/08\/paco-do-lumiar-se-destaca-e-recebe-premio-amigo-do-transito-em-cerimonia-do-detran-ma\/","name":"PA\u00c7O DO LUMIAR SE DESTACA E RECEBE PR\u00caMIO AMIGO DO TR\u00c2NSITO EM CERIM\u00d4NIA DO DETRAN-MA\u00a0 - NOT\u00cdCIAS EM TEMPO REAL","isPartOf":{"@id":"https:\/\/maranhaotv.com.br\/#website"},"primaryImageOfPage":{"@id":"https:\/\/maranhaotv.com.br\/index.php\/2021\/10\/08\/paco-do-lumiar-se-destaca-e-recebe-premio-amigo-do-transito-em-cerimonia-do-detran-ma\/#primaryimage"},"image":{"@id":"https:\/\/maranhaotv.com.br\/index.php\/2021\/10\/08\/paco-do-lumiar-se-destaca-e-recebe-premio-amigo-do-transito-em-cerimonia-do-detran-ma\/#primaryimage"},"thumbnailUrl":"","datePublished":"2021-10-08T20:46:01+00:00","breadcrumb":{"@id":"https:\/\/maranhaotv.com.br\/index.php\/2021\/10\/08\/paco-do-lumiar-se-destaca-e-recebe-premio-amigo-do-transito-em-cerimonia-do-detran-ma\/#breadcrumb"},"inLanguage":"pt-BR","potentialAction":[{"@type":"ReadAction","target":["https:\/\/maranhaotv.com.br\/index.php\/2021\/10\/08\/paco-do-lumiar-se-destaca-e-recebe-premio-amigo-do-transito-em-cerimonia-do-detran-ma\/"]}]},{"@type":"ImageObject","inLanguage":"pt-BR","@id":"https:\/\/maranhaotv.com.br\/index.php\/2021\/10\/08\/paco-do-lumiar-se-destaca-e-recebe-premio-amigo-do-transito-em-cerimonia-do-detran-ma\/#primaryimage","url":"","contentUrl":""},{"@type":"BreadcrumbList","@id":"https:\/\/maranhaotv.com.br\/index.php\/2021\/10\/08\/paco-do-lumiar-se-destaca-e-recebe-premio-amigo-do-transito-em-cerimonia-do-detran-ma\/#breadcrumb","itemListElement":[{"@type":"ListItem","position":1,"name":"In\u00edcio","item":"https:\/\/maranhaotv.com.br\/"},{"@type":"ListItem","position":2,"name":"PA\u00c7O DO LUMIAR SE DESTACA E RECEBE PR\u00caMIO AMIGO DO TR\u00c2NSITO EM CERIM\u00d4NIA DO DETRAN-MA\u00a0"}]},{"@type":"WebSite","@id":"https:\/\/maranhaotv.com.br\/#website","url":"https:\/\/maranhaotv.com.br\/","name":"Maranh\u00e3oTV","description":"","publisher":{"@id":"https:\/\/maranhaotv.com.br\/#organization"},"potentialAction":[{"@type":"SearchAction","target":{"@type":"EntryPoint","urlTemplate":"https:\/\/maranhaotv.com.br\/?s={search_term_string}"},"query-input":{"@type":"PropertyValueSpecification","valueRequired":true,"valueName":"search_term_string"}}],"inLanguage":"pt-BR"},{"@type":"Organization","@id":"https:\/\/maranhaotv.com.br\/#organization","name":"Portal de Not\u00edcias","url":"https:\/\/maranhaotv.com.br\/","logo":{"@type":"ImageObject","inLanguage":"pt-BR","@id":"https:\/\/maranhaotv.com.br\/#\/schema\/logo\/image\/","url":"https:\/\/maranhaotv.com.br\/wp-content\/uploads\/2024\/05\/cropped-cropped-avatar-1.png","contentUrl":"https:\/\/maranhaotv.com.br\/wp-content\/uploads\/2024\/05\/cropped-cropped-avatar-1.png","width":792,"height":428,"caption":"Portal de Not\u00edcias"},"image":{"@id":"https:\/\/maranhaotv.com.br\/#\/schema\/logo\/image\/"},"sameAs":["https:\/\/www.facebook.com\/maiobaotv","https:\/\/x.com\/sitemaranhaotv","https:\/\/www.instagram.com\/maranhao.tv","https:\/\/www.threads.net\/@maranhao.tv"]},{"@type":"Person","@id":"https:\/\/maranhaotv.com.br\/#\/schema\/person\/3d54238e86b20bb5c89ab2fdb8f8829a","name":"maranhaotv","image":{"@type":"ImageObject","inLanguage":"pt-BR","@id":"https:\/\/secure.gravatar.com\/avatar\/8fadbca458d4cb68b1dd399ae9a40618d747bb1af65ac9fad21c89220a143eb4?s=96&d=mm&r=g","url":"https:\/\/secure.gravatar.com\/avatar\/8fadbca458d4cb68b1dd399ae9a40618d747bb1af65ac9fad21c89220a143eb4?s=96&d=mm&r=g","contentUrl":"https:\/\/secure.gravatar.com\/avatar\/8fadbca458d4cb68b1dd399ae9a40618d747bb1af65ac9fad21c89220a143eb4?s=96&d=mm&r=g","caption":"maranhaotv"},"sameAs":["https:\/\/maranhaotv.com.br\/"],"url":"https:\/\/maranhaotv.com.br\/index.php\/author\/maranhaotv\/"}]}},"jetpack_featured_media_url":"","jetpack_sharing_enabled":true,"_links":{"self":[{"href":"https:\/\/maranhaotv.com.br\/index.php\/wp-json\/wp\/v2\/posts\/24167","targetHints":{"allow":["GET"]}}],"collection":[{"href":"https:\/\/maranhaotv.com.br\/index.php\/wp-json\/wp\/v2\/posts"}],"about":[{"href":"https:\/\/maranhaotv.com.br\/index.php\/wp-json\/wp\/v2\/types\/post"}],"author":[{"embeddable":true,"href":"https:\/\/maranhaotv.com.br\/index.php\/wp-json\/wp\/v2\/users\/2"}],"replies":[{"embeddable":true,"href":"https:\/\/maranhaotv.com.br\/index.php\/wp-json\/wp\/v2\/comments?post=24167"}],"version-history":[{"count":0,"href":"https:\/\/maranhaotv.com.br\/index.php\/wp-json\/wp\/v2\/posts\/24167\/revisions"}],"wp:featuredmedia":[{"embeddable":true,"href":"https:\/\/maranhaotv.com.br\/index.php\/wp-json\/"}],"wp:attachment":[{"href":"https:\/\/maranhaotv.com.br\/index.php\/wp-json\/wp\/v2\/media?parent=24167"}],"wp:term":[{"taxonomy":"category","embeddable":true,"href":"https:\/\/maranhaotv.com.br\/index.php\/wp-json\/wp\/v2\/categories?post=24167"},{"taxonomy":"post_tag","embeddable":true,"href":"https:\/\/maranhaotv.com.br\/index.php\/wp-json\/wp\/v2\/tags?post=24167"}],"curies":[{"name":"wp","href":"https:\/\/api.w.org\/{rel}","templated":true}]}}