{"id":24263,"date":"2021-10-15T09:41:48","date_gmt":"2021-10-15T12:41:48","guid":{"rendered":"https:\/\/maranhaotv.com.br\/?p=24263"},"modified":"2021-10-15T09:41:48","modified_gmt":"2021-10-15T12:41:48","slug":"felipe-camarao-anuncia-a-distribuicao-de-mais-de-1-milhao-absorventes-para-alunas-da-rede-publica-estadual","status":"publish","type":"post","link":"https:\/\/maranhaotv.com.br\/index.php\/2021\/10\/15\/felipe-camarao-anuncia-a-distribuicao-de-mais-de-1-milhao-absorventes-para-alunas-da-rede-publica-estadual\/","title":{"rendered":"Felipe Camar\u00e3o anuncia a distribui\u00e7\u00e3o de mais de 1 milh\u00e3o absorventes para alunas da rede p\u00fablica estadual"},"content":{"rendered":"\n<p><br>O secret\u00e1rio de Educa\u00e7\u00e3o do Maranh\u00e3o, Felipe Camar\u00e3o (PT), informou por meio de suas redes sociais que inicia nesta sexta-feira (15), a distribui\u00e7\u00e3o de mais de 1 milh\u00e3o de absorventes para alunas da rede p\u00fablica estadual. <br><br>A a\u00e7\u00e3o visa combater a chamada pobreza menstrual, que afeta estudantes de fam\u00edlias com baixo poder aquisitivo em todo o Brasil, por conta da car\u00eancia de acesso a produtos para uma boa higiene no per\u00edodo da menstrua\u00e7\u00e3o. A distribui\u00e7\u00e3o iniciar\u00e1 nesta sexta-feira (15), no Centro Educa Mais Dorilene Silva Castro, \u00e0s 9h30, pelo secret\u00e1rio de Estado da Educa\u00e7\u00e3o, Felipe Camar\u00e3o. <br><br>\u201cPor determina\u00e7\u00e3o do governador Fl\u00e1vio Dino vamos combater esse problema que coloca em risco a sa\u00fade f\u00edsica e mental de meninas e causa a evas\u00e3o escolar. Enfrentaremos essa dificuldade com uma pol\u00edtica p\u00fablica s\u00e9ria, que melhorar\u00e1 a qualidade de vida de muitas meninas que n\u00e3o t\u00eam acesso a esse produto de higiene\u201d, destacou o secret\u00e1rio de Estado da Educa\u00e7\u00e3o, Felipe Camar\u00e3o. <br><br>Ao todo, a medida visa alcan\u00e7ar aproximadamente 163 mil meninas matriculadas em escolas da rede p\u00fablica estadual, nos 217 munic\u00edpios maranhenses. Ser\u00e3o distribu\u00eddos oito absorventes higi\u00eanicos por m\u00eas para cada estudante, totalizando 1,3 milh\u00e3o de itens distribu\u00eddos mensalmente, por um per\u00edodo de 12 meses.<br><\/p>\n\n\n\n<figure class=\"wp-block-image size-large\"><img decoding=\"async\" src=\"https:\/\/maranhaotv.com.br\/wp-content\/uploads\/2021\/10\/instagram_1634301606951.png\" alt=\"\" class=\"wp-image-24260\"\/><\/figure>\n\n\n\n<figure class=\"wp-block-image\"><img decoding=\"async\" src=\"https:\/\/maranhaotv.com.br\/wp-content\/uploads\/2021\/10\/instagram_1634301606956.png\" alt=\"\" class=\"wp-image-24261\"\/><\/figure>\n","protected":false},"excerpt":{"rendered":"<p>O secret\u00e1rio de Educa\u00e7\u00e3o do Maranh\u00e3o, Felipe Camar\u00e3o (PT), informou por meio de suas redes sociais que inicia nesta sexta-feira<\/p>\n","protected":false},"author":2,"featured_media":24262,"comment_status":"open","ping_status":"open","sticky":false,"template":"","format":"standard","meta":{"colormag_page_container_layout":"default_layout","colormag_page_sidebar_layout":"default_layout","_jetpack_memberships_contains_paid_content":false,"footnotes":""},"categories":[2,8],"tags":[],"class_list":["post-24263","post","type-post","status-publish","format-standard","has-post-thumbnail","hentry","category-noticias","category-servicos"],"magazineBlocksPostFeaturedMedia":{"thumbnail":false,"medium":false,"medium_large":false,"large":false,"1536x1536":false,"2048x2048":false,"colormag-highlighted-post":false,"colormag-featured-post-medium":false,"colormag-featured-post-small":false,"colormag-featured-image":false,"colormag-default-news":false,"colormag-featured-image-large":false},"magazineBlocksPostAuthor":{"name":"maranhaotv","avatar":"https:\/\/secure.gravatar.com\/avatar\/8fadbca458d4cb68b1dd399ae9a40618d747bb1af65ac9fad21c89220a143eb4?s=96&d=mm&r=g"},"magazineBlocksPostCommentsNumber":"0","magazineBlocksPostExcerpt":"O secret\u00e1rio de Educa\u00e7\u00e3o do Maranh\u00e3o, Felipe Camar\u00e3o (PT), informou por meio de suas redes sociais que inicia nesta sexta-feira","magazineBlocksPostCategories":["not\u00edcias","servi\u00e7os"],"magazineBlocksPostViewCount":226,"magazineBlocksPostReadTime":2,"magazine_blocks_featured_image_url":{"full":false,"medium":false,"thumbnail":false},"magazine_blocks_author":{"display_name":"maranhaotv","author_link":"https:\/\/maranhaotv.com.br\/index.php\/author\/maranhaotv\/"},"magazine_blocks_comment":0,"magazine_blocks_author_image":"https:\/\/secure.gravatar.com\/avatar\/8fadbca458d4cb68b1dd399ae9a40618d747bb1af65ac9fad21c89220a143eb4?s=96&d=mm&r=g","magazine_blocks_category":"<a href=\"#\" class=\"category-link category-link-2\">not\u00edcias<\/a> <a href=\"#\" class=\"category-link category-link-8\">servi\u00e7os<\/a>","yoast_head":"<!-- This site is optimized with the Yoast SEO plugin v27.4 - https:\/\/yoast.com\/product\/yoast-seo-wordpress\/ -->\n<title>Felipe Camar\u00e3o anuncia a distribui\u00e7\u00e3o de mais de 1 milh\u00e3o absorventes para alunas da rede p\u00fablica estadual - NOT\u00cdCIAS EM TEMPO REAL<\/title>\n<meta name=\"robots\" content=\"index, follow, max-snippet:-1, max-image-preview:large, max-video-preview:-1\" \/>\n<link rel=\"canonical\" href=\"https:\/\/maranhaotv.com.br\/index.php\/2021\/10\/15\/felipe-camarao-anuncia-a-distribuicao-de-mais-de-1-milhao-absorventes-para-alunas-da-rede-publica-estadual\/\" \/>\n<meta property=\"og:locale\" content=\"pt_BR\" \/>\n<meta property=\"og:type\" content=\"article\" \/>\n<meta property=\"og:title\" content=\"Felipe Camar\u00e3o anuncia a distribui\u00e7\u00e3o de mais de 1 milh\u00e3o absorventes para alunas da rede p\u00fablica estadual - NOT\u00cdCIAS EM TEMPO REAL\" \/>\n<meta property=\"og:description\" content=\"O secret\u00e1rio de Educa\u00e7\u00e3o do Maranh\u00e3o, Felipe Camar\u00e3o (PT), informou por meio de suas redes sociais que inicia nesta sexta-feira\" \/>\n<meta property=\"og:url\" content=\"https:\/\/maranhaotv.com.br\/index.php\/2021\/10\/15\/felipe-camarao-anuncia-a-distribuicao-de-mais-de-1-milhao-absorventes-para-alunas-da-rede-publica-estadual\/\" \/>\n<meta property=\"og:site_name\" content=\"NOT\u00cdCIAS EM TEMPO REAL\" \/>\n<meta property=\"article:publisher\" content=\"https:\/\/www.facebook.com\/maiobaotv\" \/>\n<meta property=\"article:published_time\" content=\"2021-10-15T12:41:48+00:00\" \/>\n<meta name=\"author\" content=\"maranhaotv\" \/>\n<meta name=\"twitter:card\" content=\"summary_large_image\" \/>\n<meta name=\"twitter:creator\" content=\"@sitemaranhaotv\" \/>\n<meta name=\"twitter:site\" content=\"@sitemaranhaotv\" \/>\n<meta name=\"twitter:label1\" content=\"Escrito por\" \/>\n\t<meta name=\"twitter:data1\" content=\"maranhaotv\" \/>\n\t<meta name=\"twitter:label2\" content=\"Est. tempo de leitura\" \/>\n\t<meta name=\"twitter:data2\" content=\"1 minuto\" \/>\n<script type=\"application\/ld+json\" class=\"yoast-schema-graph\">{\"@context\":\"https:\\\/\\\/schema.org\",\"@graph\":[{\"@type\":\"Article\",\"@id\":\"https:\\\/\\\/maranhaotv.com.br\\\/index.php\\\/2021\\\/10\\\/15\\\/felipe-camarao-anuncia-a-distribuicao-de-mais-de-1-milhao-absorventes-para-alunas-da-rede-publica-estadual\\\/#article\",\"isPartOf\":{\"@id\":\"https:\\\/\\\/maranhaotv.com.br\\\/index.php\\\/2021\\\/10\\\/15\\\/felipe-camarao-anuncia-a-distribuicao-de-mais-de-1-milhao-absorventes-para-alunas-da-rede-publica-estadual\\\/\"},\"author\":{\"name\":\"maranhaotv\",\"@id\":\"https:\\\/\\\/maranhaotv.com.br\\\/#\\\/schema\\\/person\\\/3d54238e86b20bb5c89ab2fdb8f8829a\"},\"headline\":\"Felipe Camar\u00e3o anuncia a distribui\u00e7\u00e3o de mais de 1 milh\u00e3o absorventes para alunas da rede p\u00fablica estadual\",\"datePublished\":\"2021-10-15T12:41:48+00:00\",\"mainEntityOfPage\":{\"@id\":\"https:\\\/\\\/maranhaotv.com.br\\\/index.php\\\/2021\\\/10\\\/15\\\/felipe-camarao-anuncia-a-distribuicao-de-mais-de-1-milhao-absorventes-para-alunas-da-rede-publica-estadual\\\/\"},\"wordCount\":253,\"commentCount\":0,\"publisher\":{\"@id\":\"https:\\\/\\\/maranhaotv.com.br\\\/#organization\"},\"image\":{\"@id\":\"https:\\\/\\\/maranhaotv.com.br\\\/index.php\\\/2021\\\/10\\\/15\\\/felipe-camarao-anuncia-a-distribuicao-de-mais-de-1-milhao-absorventes-para-alunas-da-rede-publica-estadual\\\/#primaryimage\"},\"thumbnailUrl\":\"\",\"articleSection\":[\"not\u00edcias\",\"servi\u00e7os\"],\"inLanguage\":\"pt-BR\",\"potentialAction\":[{\"@type\":\"CommentAction\",\"name\":\"Comment\",\"target\":[\"https:\\\/\\\/maranhaotv.com.br\\\/index.php\\\/2021\\\/10\\\/15\\\/felipe-camarao-anuncia-a-distribuicao-de-mais-de-1-milhao-absorventes-para-alunas-da-rede-publica-estadual\\\/#respond\"]}]},{\"@type\":\"WebPage\",\"@id\":\"https:\\\/\\\/maranhaotv.com.br\\\/index.php\\\/2021\\\/10\\\/15\\\/felipe-camarao-anuncia-a-distribuicao-de-mais-de-1-milhao-absorventes-para-alunas-da-rede-publica-estadual\\\/\",\"url\":\"https:\\\/\\\/maranhaotv.com.br\\\/index.php\\\/2021\\\/10\\\/15\\\/felipe-camarao-anuncia-a-distribuicao-de-mais-de-1-milhao-absorventes-para-alunas-da-rede-publica-estadual\\\/\",\"name\":\"Felipe Camar\u00e3o anuncia a distribui\u00e7\u00e3o de mais de 1 milh\u00e3o absorventes para alunas da rede p\u00fablica estadual - NOT\u00cdCIAS EM TEMPO REAL\",\"isPartOf\":{\"@id\":\"https:\\\/\\\/maranhaotv.com.br\\\/#website\"},\"primaryImageOfPage\":{\"@id\":\"https:\\\/\\\/maranhaotv.com.br\\\/index.php\\\/2021\\\/10\\\/15\\\/felipe-camarao-anuncia-a-distribuicao-de-mais-de-1-milhao-absorventes-para-alunas-da-rede-publica-estadual\\\/#primaryimage\"},\"image\":{\"@id\":\"https:\\\/\\\/maranhaotv.com.br\\\/index.php\\\/2021\\\/10\\\/15\\\/felipe-camarao-anuncia-a-distribuicao-de-mais-de-1-milhao-absorventes-para-alunas-da-rede-publica-estadual\\\/#primaryimage\"},\"thumbnailUrl\":\"\",\"datePublished\":\"2021-10-15T12:41:48+00:00\",\"breadcrumb\":{\"@id\":\"https:\\\/\\\/maranhaotv.com.br\\\/index.php\\\/2021\\\/10\\\/15\\\/felipe-camarao-anuncia-a-distribuicao-de-mais-de-1-milhao-absorventes-para-alunas-da-rede-publica-estadual\\\/#breadcrumb\"},\"inLanguage\":\"pt-BR\",\"potentialAction\":[{\"@type\":\"ReadAction\",\"target\":[\"https:\\\/\\\/maranhaotv.com.br\\\/index.php\\\/2021\\\/10\\\/15\\\/felipe-camarao-anuncia-a-distribuicao-de-mais-de-1-milhao-absorventes-para-alunas-da-rede-publica-estadual\\\/\"]}]},{\"@type\":\"ImageObject\",\"inLanguage\":\"pt-BR\",\"@id\":\"https:\\\/\\\/maranhaotv.com.br\\\/index.php\\\/2021\\\/10\\\/15\\\/felipe-camarao-anuncia-a-distribuicao-de-mais-de-1-milhao-absorventes-para-alunas-da-rede-publica-estadual\\\/#primaryimage\",\"url\":\"\",\"contentUrl\":\"\"},{\"@type\":\"BreadcrumbList\",\"@id\":\"https:\\\/\\\/maranhaotv.com.br\\\/index.php\\\/2021\\\/10\\\/15\\\/felipe-camarao-anuncia-a-distribuicao-de-mais-de-1-milhao-absorventes-para-alunas-da-rede-publica-estadual\\\/#breadcrumb\",\"itemListElement\":[{\"@type\":\"ListItem\",\"position\":1,\"name\":\"In\u00edcio\",\"item\":\"https:\\\/\\\/maranhaotv.com.br\\\/\"},{\"@type\":\"ListItem\",\"position\":2,\"name\":\"Felipe Camar\u00e3o anuncia a distribui\u00e7\u00e3o de mais de 1 milh\u00e3o absorventes para alunas da rede p\u00fablica estadual\"}]},{\"@type\":\"WebSite\",\"@id\":\"https:\\\/\\\/maranhaotv.com.br\\\/#website\",\"url\":\"https:\\\/\\\/maranhaotv.com.br\\\/\",\"name\":\"Maranh\u00e3oTV\",\"description\":\"\",\"publisher\":{\"@id\":\"https:\\\/\\\/maranhaotv.com.br\\\/#organization\"},\"potentialAction\":[{\"@type\":\"SearchAction\",\"target\":{\"@type\":\"EntryPoint\",\"urlTemplate\":\"https:\\\/\\\/maranhaotv.com.br\\\/?s={search_term_string}\"},\"query-input\":{\"@type\":\"PropertyValueSpecification\",\"valueRequired\":true,\"valueName\":\"search_term_string\"}}],\"inLanguage\":\"pt-BR\"},{\"@type\":\"Organization\",\"@id\":\"https:\\\/\\\/maranhaotv.com.br\\\/#organization\",\"name\":\"Portal de Not\u00edcias\",\"url\":\"https:\\\/\\\/maranhaotv.com.br\\\/\",\"logo\":{\"@type\":\"ImageObject\",\"inLanguage\":\"pt-BR\",\"@id\":\"https:\\\/\\\/maranhaotv.com.br\\\/#\\\/schema\\\/logo\\\/image\\\/\",\"url\":\"https:\\\/\\\/maranhaotv.com.br\\\/wp-content\\\/uploads\\\/2024\\\/05\\\/cropped-cropped-avatar-1.png\",\"contentUrl\":\"https:\\\/\\\/maranhaotv.com.br\\\/wp-content\\\/uploads\\\/2024\\\/05\\\/cropped-cropped-avatar-1.png\",\"width\":792,\"height\":428,\"caption\":\"Portal de Not\u00edcias\"},\"image\":{\"@id\":\"https:\\\/\\\/maranhaotv.com.br\\\/#\\\/schema\\\/logo\\\/image\\\/\"},\"sameAs\":[\"https:\\\/\\\/www.facebook.com\\\/maiobaotv\",\"https:\\\/\\\/x.com\\\/sitemaranhaotv\",\"https:\\\/\\\/www.instagram.com\\\/maranhao.tv\",\"https:\\\/\\\/www.threads.net\\\/@maranhao.tv\"]},{\"@type\":\"Person\",\"@id\":\"https:\\\/\\\/maranhaotv.com.br\\\/#\\\/schema\\\/person\\\/3d54238e86b20bb5c89ab2fdb8f8829a\",\"name\":\"maranhaotv\",\"image\":{\"@type\":\"ImageObject\",\"inLanguage\":\"pt-BR\",\"@id\":\"https:\\\/\\\/secure.gravatar.com\\\/avatar\\\/8fadbca458d4cb68b1dd399ae9a40618d747bb1af65ac9fad21c89220a143eb4?s=96&d=mm&r=g\",\"url\":\"https:\\\/\\\/secure.gravatar.com\\\/avatar\\\/8fadbca458d4cb68b1dd399ae9a40618d747bb1af65ac9fad21c89220a143eb4?s=96&d=mm&r=g\",\"contentUrl\":\"https:\\\/\\\/secure.gravatar.com\\\/avatar\\\/8fadbca458d4cb68b1dd399ae9a40618d747bb1af65ac9fad21c89220a143eb4?s=96&d=mm&r=g\",\"caption\":\"maranhaotv\"},\"sameAs\":[\"https:\\\/\\\/maranhaotv.com.br\\\/\"],\"url\":\"https:\\\/\\\/maranhaotv.com.br\\\/index.php\\\/author\\\/maranhaotv\\\/\"}]}<\/script>\n<!-- \/ Yoast SEO plugin. -->","yoast_head_json":{"title":"Felipe Camar\u00e3o anuncia a distribui\u00e7\u00e3o de mais de 1 milh\u00e3o absorventes para alunas da rede p\u00fablica estadual - NOT\u00cdCIAS EM TEMPO REAL","robots":{"index":"index","follow":"follow","max-snippet":"max-snippet:-1","max-image-preview":"max-image-preview:large","max-video-preview":"max-video-preview:-1"},"canonical":"https:\/\/maranhaotv.com.br\/index.php\/2021\/10\/15\/felipe-camarao-anuncia-a-distribuicao-de-mais-de-1-milhao-absorventes-para-alunas-da-rede-publica-estadual\/","og_locale":"pt_BR","og_type":"article","og_title":"Felipe Camar\u00e3o anuncia a distribui\u00e7\u00e3o de mais de 1 milh\u00e3o absorventes para alunas da rede p\u00fablica estadual - NOT\u00cdCIAS EM TEMPO REAL","og_description":"O secret\u00e1rio de Educa\u00e7\u00e3o do Maranh\u00e3o, Felipe Camar\u00e3o (PT), informou por meio de suas redes sociais que inicia nesta sexta-feira","og_url":"https:\/\/maranhaotv.com.br\/index.php\/2021\/10\/15\/felipe-camarao-anuncia-a-distribuicao-de-mais-de-1-milhao-absorventes-para-alunas-da-rede-publica-estadual\/","og_site_name":"NOT\u00cdCIAS EM TEMPO REAL","article_publisher":"https:\/\/www.facebook.com\/maiobaotv","article_published_time":"2021-10-15T12:41:48+00:00","author":"maranhaotv","twitter_card":"summary_large_image","twitter_creator":"@sitemaranhaotv","twitter_site":"@sitemaranhaotv","twitter_misc":{"Escrito por":"maranhaotv","Est. tempo de leitura":"1 minuto"},"schema":{"@context":"https:\/\/schema.org","@graph":[{"@type":"Article","@id":"https:\/\/maranhaotv.com.br\/index.php\/2021\/10\/15\/felipe-camarao-anuncia-a-distribuicao-de-mais-de-1-milhao-absorventes-para-alunas-da-rede-publica-estadual\/#article","isPartOf":{"@id":"https:\/\/maranhaotv.com.br\/index.php\/2021\/10\/15\/felipe-camarao-anuncia-a-distribuicao-de-mais-de-1-milhao-absorventes-para-alunas-da-rede-publica-estadual\/"},"author":{"name":"maranhaotv","@id":"https:\/\/maranhaotv.com.br\/#\/schema\/person\/3d54238e86b20bb5c89ab2fdb8f8829a"},"headline":"Felipe Camar\u00e3o anuncia a distribui\u00e7\u00e3o de mais de 1 milh\u00e3o absorventes para alunas da rede p\u00fablica estadual","datePublished":"2021-10-15T12:41:48+00:00","mainEntityOfPage":{"@id":"https:\/\/maranhaotv.com.br\/index.php\/2021\/10\/15\/felipe-camarao-anuncia-a-distribuicao-de-mais-de-1-milhao-absorventes-para-alunas-da-rede-publica-estadual\/"},"wordCount":253,"commentCount":0,"publisher":{"@id":"https:\/\/maranhaotv.com.br\/#organization"},"image":{"@id":"https:\/\/maranhaotv.com.br\/index.php\/2021\/10\/15\/felipe-camarao-anuncia-a-distribuicao-de-mais-de-1-milhao-absorventes-para-alunas-da-rede-publica-estadual\/#primaryimage"},"thumbnailUrl":"","articleSection":["not\u00edcias","servi\u00e7os"],"inLanguage":"pt-BR","potentialAction":[{"@type":"CommentAction","name":"Comment","target":["https:\/\/maranhaotv.com.br\/index.php\/2021\/10\/15\/felipe-camarao-anuncia-a-distribuicao-de-mais-de-1-milhao-absorventes-para-alunas-da-rede-publica-estadual\/#respond"]}]},{"@type":"WebPage","@id":"https:\/\/maranhaotv.com.br\/index.php\/2021\/10\/15\/felipe-camarao-anuncia-a-distribuicao-de-mais-de-1-milhao-absorventes-para-alunas-da-rede-publica-estadual\/","url":"https:\/\/maranhaotv.com.br\/index.php\/2021\/10\/15\/felipe-camarao-anuncia-a-distribuicao-de-mais-de-1-milhao-absorventes-para-alunas-da-rede-publica-estadual\/","name":"Felipe Camar\u00e3o anuncia a distribui\u00e7\u00e3o de mais de 1 milh\u00e3o absorventes para alunas da rede p\u00fablica estadual - NOT\u00cdCIAS EM TEMPO REAL","isPartOf":{"@id":"https:\/\/maranhaotv.com.br\/#website"},"primaryImageOfPage":{"@id":"https:\/\/maranhaotv.com.br\/index.php\/2021\/10\/15\/felipe-camarao-anuncia-a-distribuicao-de-mais-de-1-milhao-absorventes-para-alunas-da-rede-publica-estadual\/#primaryimage"},"image":{"@id":"https:\/\/maranhaotv.com.br\/index.php\/2021\/10\/15\/felipe-camarao-anuncia-a-distribuicao-de-mais-de-1-milhao-absorventes-para-alunas-da-rede-publica-estadual\/#primaryimage"},"thumbnailUrl":"","datePublished":"2021-10-15T12:41:48+00:00","breadcrumb":{"@id":"https:\/\/maranhaotv.com.br\/index.php\/2021\/10\/15\/felipe-camarao-anuncia-a-distribuicao-de-mais-de-1-milhao-absorventes-para-alunas-da-rede-publica-estadual\/#breadcrumb"},"inLanguage":"pt-BR","potentialAction":[{"@type":"ReadAction","target":["https:\/\/maranhaotv.com.br\/index.php\/2021\/10\/15\/felipe-camarao-anuncia-a-distribuicao-de-mais-de-1-milhao-absorventes-para-alunas-da-rede-publica-estadual\/"]}]},{"@type":"ImageObject","inLanguage":"pt-BR","@id":"https:\/\/maranhaotv.com.br\/index.php\/2021\/10\/15\/felipe-camarao-anuncia-a-distribuicao-de-mais-de-1-milhao-absorventes-para-alunas-da-rede-publica-estadual\/#primaryimage","url":"","contentUrl":""},{"@type":"BreadcrumbList","@id":"https:\/\/maranhaotv.com.br\/index.php\/2021\/10\/15\/felipe-camarao-anuncia-a-distribuicao-de-mais-de-1-milhao-absorventes-para-alunas-da-rede-publica-estadual\/#breadcrumb","itemListElement":[{"@type":"ListItem","position":1,"name":"In\u00edcio","item":"https:\/\/maranhaotv.com.br\/"},{"@type":"ListItem","position":2,"name":"Felipe Camar\u00e3o anuncia a distribui\u00e7\u00e3o de mais de 1 milh\u00e3o absorventes para alunas da rede p\u00fablica estadual"}]},{"@type":"WebSite","@id":"https:\/\/maranhaotv.com.br\/#website","url":"https:\/\/maranhaotv.com.br\/","name":"Maranh\u00e3oTV","description":"","publisher":{"@id":"https:\/\/maranhaotv.com.br\/#organization"},"potentialAction":[{"@type":"SearchAction","target":{"@type":"EntryPoint","urlTemplate":"https:\/\/maranhaotv.com.br\/?s={search_term_string}"},"query-input":{"@type":"PropertyValueSpecification","valueRequired":true,"valueName":"search_term_string"}}],"inLanguage":"pt-BR"},{"@type":"Organization","@id":"https:\/\/maranhaotv.com.br\/#organization","name":"Portal de Not\u00edcias","url":"https:\/\/maranhaotv.com.br\/","logo":{"@type":"ImageObject","inLanguage":"pt-BR","@id":"https:\/\/maranhaotv.com.br\/#\/schema\/logo\/image\/","url":"https:\/\/maranhaotv.com.br\/wp-content\/uploads\/2024\/05\/cropped-cropped-avatar-1.png","contentUrl":"https:\/\/maranhaotv.com.br\/wp-content\/uploads\/2024\/05\/cropped-cropped-avatar-1.png","width":792,"height":428,"caption":"Portal de Not\u00edcias"},"image":{"@id":"https:\/\/maranhaotv.com.br\/#\/schema\/logo\/image\/"},"sameAs":["https:\/\/www.facebook.com\/maiobaotv","https:\/\/x.com\/sitemaranhaotv","https:\/\/www.instagram.com\/maranhao.tv","https:\/\/www.threads.net\/@maranhao.tv"]},{"@type":"Person","@id":"https:\/\/maranhaotv.com.br\/#\/schema\/person\/3d54238e86b20bb5c89ab2fdb8f8829a","name":"maranhaotv","image":{"@type":"ImageObject","inLanguage":"pt-BR","@id":"https:\/\/secure.gravatar.com\/avatar\/8fadbca458d4cb68b1dd399ae9a40618d747bb1af65ac9fad21c89220a143eb4?s=96&d=mm&r=g","url":"https:\/\/secure.gravatar.com\/avatar\/8fadbca458d4cb68b1dd399ae9a40618d747bb1af65ac9fad21c89220a143eb4?s=96&d=mm&r=g","contentUrl":"https:\/\/secure.gravatar.com\/avatar\/8fadbca458d4cb68b1dd399ae9a40618d747bb1af65ac9fad21c89220a143eb4?s=96&d=mm&r=g","caption":"maranhaotv"},"sameAs":["https:\/\/maranhaotv.com.br\/"],"url":"https:\/\/maranhaotv.com.br\/index.php\/author\/maranhaotv\/"}]}},"jetpack_featured_media_url":"","jetpack_sharing_enabled":true,"_links":{"self":[{"href":"https:\/\/maranhaotv.com.br\/index.php\/wp-json\/wp\/v2\/posts\/24263","targetHints":{"allow":["GET"]}}],"collection":[{"href":"https:\/\/maranhaotv.com.br\/index.php\/wp-json\/wp\/v2\/posts"}],"about":[{"href":"https:\/\/maranhaotv.com.br\/index.php\/wp-json\/wp\/v2\/types\/post"}],"author":[{"embeddable":true,"href":"https:\/\/maranhaotv.com.br\/index.php\/wp-json\/wp\/v2\/users\/2"}],"replies":[{"embeddable":true,"href":"https:\/\/maranhaotv.com.br\/index.php\/wp-json\/wp\/v2\/comments?post=24263"}],"version-history":[{"count":0,"href":"https:\/\/maranhaotv.com.br\/index.php\/wp-json\/wp\/v2\/posts\/24263\/revisions"}],"wp:featuredmedia":[{"embeddable":true,"href":"https:\/\/maranhaotv.com.br\/index.php\/wp-json\/"}],"wp:attachment":[{"href":"https:\/\/maranhaotv.com.br\/index.php\/wp-json\/wp\/v2\/media?parent=24263"}],"wp:term":[{"taxonomy":"category","embeddable":true,"href":"https:\/\/maranhaotv.com.br\/index.php\/wp-json\/wp\/v2\/categories?post=24263"},{"taxonomy":"post_tag","embeddable":true,"href":"https:\/\/maranhaotv.com.br\/index.php\/wp-json\/wp\/v2\/tags?post=24263"}],"curies":[{"name":"wp","href":"https:\/\/api.w.org\/{rel}","templated":true}]}}