{"id":24427,"date":"2021-10-22T18:48:03","date_gmt":"2021-10-22T21:48:03","guid":{"rendered":"https:\/\/maranhaotv.com.br\/?p=24427"},"modified":"2021-10-22T18:48:03","modified_gmt":"2021-10-22T21:48:03","slug":"felipe-camarao-e-um-nome-viavel-para-disputar-o-governo-do-maranhao-afirma-francimar-melo","status":"publish","type":"post","link":"https:\/\/maranhaotv.com.br\/index.php\/2021\/10\/22\/felipe-camarao-e-um-nome-viavel-para-disputar-o-governo-do-maranhao-afirma-francimar-melo\/","title":{"rendered":"&#8220;Felipe Camar\u00e3o \u00e9 um nome vi\u00e1vel para disputar o Governo do Maranh\u00e3o\u201d, afirma Francimar Melo"},"content":{"rendered":"\n<p><br>Nas \u00faltimas semanas ganhou muita repercuss\u00e3o o an\u00fancio da pr\u00e9-candidatura de Felipe Camar\u00e3o (PT), ao Governo do Maranh\u00e3o. Na tentativa de desqualificar o potencial do PT, alguns afirmam se tratar de um \u201cbal\u00e3o de ensaio\u201d, mas o vice-presidente do diret\u00f3rio estadual, Francimar Melo, descarta essa possibilidade e afirma que \u201cFelipe Camar\u00e3o \u00e9 um nome vi\u00e1vel para disputar o Governo do Maranh\u00e3o\u201d. <br><br>O dirigente petista afirma que pesquisas quantitativas e principalmente as qualitativas apontam que Felipe Camar\u00e3o tem totais condi\u00e7\u00f5es de ser o pr\u00f3ximo governador do Maranh\u00e3o. <br><br>Na avalia\u00e7\u00e3o de Francimar Melo, hoje existe um entendimento interno no PT que a candidatura pr\u00f3pria \u00e9 fundamental para o partido, ainda mais para garantir o papel de protagonismo no estado.<br>Francimar Melo com o ex-presidente da Rep\u00fablica, Lula <br><br>\u201cTemos a maior milit\u00e2ncia no Maranh\u00e3o. O melhor presidente da hist\u00f3ria do Brasil. Temos totais condi\u00e7\u00f5es de governamos o estado, assim como ampliar nossa participa\u00e7\u00e3o na Assembleia Legislativa e na C\u00e2mara Federal\u201d, afirma Francimar Melo. <br><br>E nos pr\u00f3ximos dias, o di\u00e1logo com outros partidos de esquerda vai ser ampliado. Ap\u00f3s conversar com a Rede Sustentabilidade, PT e Felipe Camar\u00e3o v\u00e3o conversar com PSB, PSOL e PCdoB em busca de alian\u00e7as. <br><br>O vice-presidente do diret\u00f3rio estadual do PT, assume a fun\u00e7\u00e3o de presidente no in\u00edcio de 2022 e garante que o ano ser\u00e1 estrat\u00e9gico para as ambi\u00e7\u00f5es futuras do partido para os pr\u00f3ximos anos.<br><br><\/p>\n\n\n\n<figure class=\"wp-block-image size-large\"><img decoding=\"async\" src=\"https:\/\/maranhaotv.com.br\/wp-content\/uploads\/2021\/10\/325e0d3b0cfa3b8641f5bb07afd740de.jpg\" alt=\"\" class=\"wp-image-24425\"\/><\/figure>\n","protected":false},"excerpt":{"rendered":"<p>Nas \u00faltimas semanas ganhou muita repercuss\u00e3o o an\u00fancio da pr\u00e9-candidatura de Felipe Camar\u00e3o (PT), ao Governo do Maranh\u00e3o. Na tentativa<\/p>\n","protected":false},"author":2,"featured_media":24426,"comment_status":"open","ping_status":"open","sticky":false,"template":"","format":"standard","meta":{"colormag_page_container_layout":"default_layout","colormag_page_sidebar_layout":"default_layout","_jetpack_memberships_contains_paid_content":false,"footnotes":""},"categories":[2,6],"tags":[],"class_list":["post-24427","post","type-post","status-publish","format-standard","has-post-thumbnail","hentry","category-noticias","category-politica"],"magazineBlocksPostFeaturedMedia":{"thumbnail":false,"medium":false,"medium_large":false,"large":false,"1536x1536":false,"2048x2048":false,"colormag-highlighted-post":false,"colormag-featured-post-medium":false,"colormag-featured-post-small":false,"colormag-featured-image":false,"colormag-default-news":false,"colormag-featured-image-large":false},"magazineBlocksPostAuthor":{"name":"maranhaotv","avatar":"https:\/\/secure.gravatar.com\/avatar\/8fadbca458d4cb68b1dd399ae9a40618d747bb1af65ac9fad21c89220a143eb4?s=96&d=mm&r=g"},"magazineBlocksPostCommentsNumber":"0","magazineBlocksPostExcerpt":"Nas \u00faltimas semanas ganhou muita repercuss\u00e3o o an\u00fancio da pr\u00e9-candidatura de Felipe Camar\u00e3o (PT), ao Governo do Maranh\u00e3o. Na tentativa","magazineBlocksPostCategories":["not\u00edcias","pol\u00edtica"],"magazineBlocksPostViewCount":121,"magazineBlocksPostReadTime":2,"magazine_blocks_featured_image_url":{"full":false,"medium":false,"thumbnail":false},"magazine_blocks_author":{"display_name":"maranhaotv","author_link":"https:\/\/maranhaotv.com.br\/index.php\/author\/maranhaotv\/"},"magazine_blocks_comment":0,"magazine_blocks_author_image":"https:\/\/secure.gravatar.com\/avatar\/8fadbca458d4cb68b1dd399ae9a40618d747bb1af65ac9fad21c89220a143eb4?s=96&d=mm&r=g","magazine_blocks_category":"<a href=\"#\" class=\"category-link category-link-2\">not\u00edcias<\/a> <a href=\"#\" class=\"category-link category-link-6\">pol\u00edtica<\/a>","yoast_head":"<!-- This site is optimized with the Yoast SEO plugin v27.4 - https:\/\/yoast.com\/product\/yoast-seo-wordpress\/ -->\n<title>&quot;Felipe Camar\u00e3o \u00e9 um nome vi\u00e1vel para disputar o Governo do Maranh\u00e3o\u201d, afirma Francimar Melo - NOT\u00cdCIAS EM TEMPO REAL<\/title>\n<meta name=\"robots\" content=\"index, follow, max-snippet:-1, max-image-preview:large, max-video-preview:-1\" \/>\n<link rel=\"canonical\" href=\"https:\/\/maranhaotv.com.br\/index.php\/2021\/10\/22\/felipe-camarao-e-um-nome-viavel-para-disputar-o-governo-do-maranhao-afirma-francimar-melo\/\" \/>\n<meta property=\"og:locale\" content=\"pt_BR\" \/>\n<meta property=\"og:type\" content=\"article\" \/>\n<meta property=\"og:title\" content=\"&quot;Felipe Camar\u00e3o \u00e9 um nome vi\u00e1vel para disputar o Governo do Maranh\u00e3o\u201d, afirma Francimar Melo - NOT\u00cdCIAS EM TEMPO REAL\" \/>\n<meta property=\"og:description\" content=\"Nas \u00faltimas semanas ganhou muita repercuss\u00e3o o an\u00fancio da pr\u00e9-candidatura de Felipe Camar\u00e3o (PT), ao Governo do Maranh\u00e3o. Na tentativa\" \/>\n<meta property=\"og:url\" content=\"https:\/\/maranhaotv.com.br\/index.php\/2021\/10\/22\/felipe-camarao-e-um-nome-viavel-para-disputar-o-governo-do-maranhao-afirma-francimar-melo\/\" \/>\n<meta property=\"og:site_name\" content=\"NOT\u00cdCIAS EM TEMPO REAL\" \/>\n<meta property=\"article:publisher\" content=\"https:\/\/www.facebook.com\/maiobaotv\" \/>\n<meta property=\"article:published_time\" content=\"2021-10-22T21:48:03+00:00\" \/>\n<meta name=\"author\" content=\"maranhaotv\" \/>\n<meta name=\"twitter:card\" content=\"summary_large_image\" \/>\n<meta name=\"twitter:creator\" content=\"@sitemaranhaotv\" \/>\n<meta name=\"twitter:site\" content=\"@sitemaranhaotv\" \/>\n<meta name=\"twitter:label1\" content=\"Escrito por\" \/>\n\t<meta name=\"twitter:data1\" content=\"maranhaotv\" \/>\n\t<meta name=\"twitter:label2\" content=\"Est. tempo de leitura\" \/>\n\t<meta name=\"twitter:data2\" content=\"1 minuto\" \/>\n<script type=\"application\/ld+json\" class=\"yoast-schema-graph\">{\"@context\":\"https:\\\/\\\/schema.org\",\"@graph\":[{\"@type\":\"Article\",\"@id\":\"https:\\\/\\\/maranhaotv.com.br\\\/index.php\\\/2021\\\/10\\\/22\\\/felipe-camarao-e-um-nome-viavel-para-disputar-o-governo-do-maranhao-afirma-francimar-melo\\\/#article\",\"isPartOf\":{\"@id\":\"https:\\\/\\\/maranhaotv.com.br\\\/index.php\\\/2021\\\/10\\\/22\\\/felipe-camarao-e-um-nome-viavel-para-disputar-o-governo-do-maranhao-afirma-francimar-melo\\\/\"},\"author\":{\"name\":\"maranhaotv\",\"@id\":\"https:\\\/\\\/maranhaotv.com.br\\\/#\\\/schema\\\/person\\\/3d54238e86b20bb5c89ab2fdb8f8829a\"},\"headline\":\"&#8220;Felipe Camar\u00e3o \u00e9 um nome vi\u00e1vel para disputar o Governo do Maranh\u00e3o\u201d, afirma Francimar Melo\",\"datePublished\":\"2021-10-22T21:48:03+00:00\",\"mainEntityOfPage\":{\"@id\":\"https:\\\/\\\/maranhaotv.com.br\\\/index.php\\\/2021\\\/10\\\/22\\\/felipe-camarao-e-um-nome-viavel-para-disputar-o-governo-do-maranhao-afirma-francimar-melo\\\/\"},\"wordCount\":277,\"commentCount\":0,\"publisher\":{\"@id\":\"https:\\\/\\\/maranhaotv.com.br\\\/#organization\"},\"image\":{\"@id\":\"https:\\\/\\\/maranhaotv.com.br\\\/index.php\\\/2021\\\/10\\\/22\\\/felipe-camarao-e-um-nome-viavel-para-disputar-o-governo-do-maranhao-afirma-francimar-melo\\\/#primaryimage\"},\"thumbnailUrl\":\"\",\"articleSection\":[\"not\u00edcias\",\"pol\u00edtica\"],\"inLanguage\":\"pt-BR\",\"potentialAction\":[{\"@type\":\"CommentAction\",\"name\":\"Comment\",\"target\":[\"https:\\\/\\\/maranhaotv.com.br\\\/index.php\\\/2021\\\/10\\\/22\\\/felipe-camarao-e-um-nome-viavel-para-disputar-o-governo-do-maranhao-afirma-francimar-melo\\\/#respond\"]}]},{\"@type\":\"WebPage\",\"@id\":\"https:\\\/\\\/maranhaotv.com.br\\\/index.php\\\/2021\\\/10\\\/22\\\/felipe-camarao-e-um-nome-viavel-para-disputar-o-governo-do-maranhao-afirma-francimar-melo\\\/\",\"url\":\"https:\\\/\\\/maranhaotv.com.br\\\/index.php\\\/2021\\\/10\\\/22\\\/felipe-camarao-e-um-nome-viavel-para-disputar-o-governo-do-maranhao-afirma-francimar-melo\\\/\",\"name\":\"\\\"Felipe Camar\u00e3o \u00e9 um nome vi\u00e1vel para disputar o Governo do Maranh\u00e3o\u201d, afirma Francimar Melo - NOT\u00cdCIAS EM TEMPO REAL\",\"isPartOf\":{\"@id\":\"https:\\\/\\\/maranhaotv.com.br\\\/#website\"},\"primaryImageOfPage\":{\"@id\":\"https:\\\/\\\/maranhaotv.com.br\\\/index.php\\\/2021\\\/10\\\/22\\\/felipe-camarao-e-um-nome-viavel-para-disputar-o-governo-do-maranhao-afirma-francimar-melo\\\/#primaryimage\"},\"image\":{\"@id\":\"https:\\\/\\\/maranhaotv.com.br\\\/index.php\\\/2021\\\/10\\\/22\\\/felipe-camarao-e-um-nome-viavel-para-disputar-o-governo-do-maranhao-afirma-francimar-melo\\\/#primaryimage\"},\"thumbnailUrl\":\"\",\"datePublished\":\"2021-10-22T21:48:03+00:00\",\"breadcrumb\":{\"@id\":\"https:\\\/\\\/maranhaotv.com.br\\\/index.php\\\/2021\\\/10\\\/22\\\/felipe-camarao-e-um-nome-viavel-para-disputar-o-governo-do-maranhao-afirma-francimar-melo\\\/#breadcrumb\"},\"inLanguage\":\"pt-BR\",\"potentialAction\":[{\"@type\":\"ReadAction\",\"target\":[\"https:\\\/\\\/maranhaotv.com.br\\\/index.php\\\/2021\\\/10\\\/22\\\/felipe-camarao-e-um-nome-viavel-para-disputar-o-governo-do-maranhao-afirma-francimar-melo\\\/\"]}]},{\"@type\":\"ImageObject\",\"inLanguage\":\"pt-BR\",\"@id\":\"https:\\\/\\\/maranhaotv.com.br\\\/index.php\\\/2021\\\/10\\\/22\\\/felipe-camarao-e-um-nome-viavel-para-disputar-o-governo-do-maranhao-afirma-francimar-melo\\\/#primaryimage\",\"url\":\"\",\"contentUrl\":\"\"},{\"@type\":\"BreadcrumbList\",\"@id\":\"https:\\\/\\\/maranhaotv.com.br\\\/index.php\\\/2021\\\/10\\\/22\\\/felipe-camarao-e-um-nome-viavel-para-disputar-o-governo-do-maranhao-afirma-francimar-melo\\\/#breadcrumb\",\"itemListElement\":[{\"@type\":\"ListItem\",\"position\":1,\"name\":\"In\u00edcio\",\"item\":\"https:\\\/\\\/maranhaotv.com.br\\\/\"},{\"@type\":\"ListItem\",\"position\":2,\"name\":\"&#8220;Felipe Camar\u00e3o \u00e9 um nome vi\u00e1vel para disputar o Governo do Maranh\u00e3o\u201d, afirma Francimar Melo\"}]},{\"@type\":\"WebSite\",\"@id\":\"https:\\\/\\\/maranhaotv.com.br\\\/#website\",\"url\":\"https:\\\/\\\/maranhaotv.com.br\\\/\",\"name\":\"Maranh\u00e3oTV\",\"description\":\"\",\"publisher\":{\"@id\":\"https:\\\/\\\/maranhaotv.com.br\\\/#organization\"},\"potentialAction\":[{\"@type\":\"SearchAction\",\"target\":{\"@type\":\"EntryPoint\",\"urlTemplate\":\"https:\\\/\\\/maranhaotv.com.br\\\/?s={search_term_string}\"},\"query-input\":{\"@type\":\"PropertyValueSpecification\",\"valueRequired\":true,\"valueName\":\"search_term_string\"}}],\"inLanguage\":\"pt-BR\"},{\"@type\":\"Organization\",\"@id\":\"https:\\\/\\\/maranhaotv.com.br\\\/#organization\",\"name\":\"Portal de Not\u00edcias\",\"url\":\"https:\\\/\\\/maranhaotv.com.br\\\/\",\"logo\":{\"@type\":\"ImageObject\",\"inLanguage\":\"pt-BR\",\"@id\":\"https:\\\/\\\/maranhaotv.com.br\\\/#\\\/schema\\\/logo\\\/image\\\/\",\"url\":\"https:\\\/\\\/maranhaotv.com.br\\\/wp-content\\\/uploads\\\/2024\\\/05\\\/cropped-cropped-avatar-1.png\",\"contentUrl\":\"https:\\\/\\\/maranhaotv.com.br\\\/wp-content\\\/uploads\\\/2024\\\/05\\\/cropped-cropped-avatar-1.png\",\"width\":792,\"height\":428,\"caption\":\"Portal de Not\u00edcias\"},\"image\":{\"@id\":\"https:\\\/\\\/maranhaotv.com.br\\\/#\\\/schema\\\/logo\\\/image\\\/\"},\"sameAs\":[\"https:\\\/\\\/www.facebook.com\\\/maiobaotv\",\"https:\\\/\\\/x.com\\\/sitemaranhaotv\",\"https:\\\/\\\/www.instagram.com\\\/maranhao.tv\",\"https:\\\/\\\/www.threads.net\\\/@maranhao.tv\"]},{\"@type\":\"Person\",\"@id\":\"https:\\\/\\\/maranhaotv.com.br\\\/#\\\/schema\\\/person\\\/3d54238e86b20bb5c89ab2fdb8f8829a\",\"name\":\"maranhaotv\",\"image\":{\"@type\":\"ImageObject\",\"inLanguage\":\"pt-BR\",\"@id\":\"https:\\\/\\\/secure.gravatar.com\\\/avatar\\\/8fadbca458d4cb68b1dd399ae9a40618d747bb1af65ac9fad21c89220a143eb4?s=96&d=mm&r=g\",\"url\":\"https:\\\/\\\/secure.gravatar.com\\\/avatar\\\/8fadbca458d4cb68b1dd399ae9a40618d747bb1af65ac9fad21c89220a143eb4?s=96&d=mm&r=g\",\"contentUrl\":\"https:\\\/\\\/secure.gravatar.com\\\/avatar\\\/8fadbca458d4cb68b1dd399ae9a40618d747bb1af65ac9fad21c89220a143eb4?s=96&d=mm&r=g\",\"caption\":\"maranhaotv\"},\"sameAs\":[\"https:\\\/\\\/maranhaotv.com.br\\\/\"],\"url\":\"https:\\\/\\\/maranhaotv.com.br\\\/index.php\\\/author\\\/maranhaotv\\\/\"}]}<\/script>\n<!-- \/ Yoast SEO plugin. -->","yoast_head_json":{"title":"\"Felipe Camar\u00e3o \u00e9 um nome vi\u00e1vel para disputar o Governo do Maranh\u00e3o\u201d, afirma Francimar Melo - NOT\u00cdCIAS EM TEMPO REAL","robots":{"index":"index","follow":"follow","max-snippet":"max-snippet:-1","max-image-preview":"max-image-preview:large","max-video-preview":"max-video-preview:-1"},"canonical":"https:\/\/maranhaotv.com.br\/index.php\/2021\/10\/22\/felipe-camarao-e-um-nome-viavel-para-disputar-o-governo-do-maranhao-afirma-francimar-melo\/","og_locale":"pt_BR","og_type":"article","og_title":"\"Felipe Camar\u00e3o \u00e9 um nome vi\u00e1vel para disputar o Governo do Maranh\u00e3o\u201d, afirma Francimar Melo - NOT\u00cdCIAS EM TEMPO REAL","og_description":"Nas \u00faltimas semanas ganhou muita repercuss\u00e3o o an\u00fancio da pr\u00e9-candidatura de Felipe Camar\u00e3o (PT), ao Governo do Maranh\u00e3o. Na tentativa","og_url":"https:\/\/maranhaotv.com.br\/index.php\/2021\/10\/22\/felipe-camarao-e-um-nome-viavel-para-disputar-o-governo-do-maranhao-afirma-francimar-melo\/","og_site_name":"NOT\u00cdCIAS EM TEMPO REAL","article_publisher":"https:\/\/www.facebook.com\/maiobaotv","article_published_time":"2021-10-22T21:48:03+00:00","author":"maranhaotv","twitter_card":"summary_large_image","twitter_creator":"@sitemaranhaotv","twitter_site":"@sitemaranhaotv","twitter_misc":{"Escrito por":"maranhaotv","Est. tempo de leitura":"1 minuto"},"schema":{"@context":"https:\/\/schema.org","@graph":[{"@type":"Article","@id":"https:\/\/maranhaotv.com.br\/index.php\/2021\/10\/22\/felipe-camarao-e-um-nome-viavel-para-disputar-o-governo-do-maranhao-afirma-francimar-melo\/#article","isPartOf":{"@id":"https:\/\/maranhaotv.com.br\/index.php\/2021\/10\/22\/felipe-camarao-e-um-nome-viavel-para-disputar-o-governo-do-maranhao-afirma-francimar-melo\/"},"author":{"name":"maranhaotv","@id":"https:\/\/maranhaotv.com.br\/#\/schema\/person\/3d54238e86b20bb5c89ab2fdb8f8829a"},"headline":"&#8220;Felipe Camar\u00e3o \u00e9 um nome vi\u00e1vel para disputar o Governo do Maranh\u00e3o\u201d, afirma Francimar Melo","datePublished":"2021-10-22T21:48:03+00:00","mainEntityOfPage":{"@id":"https:\/\/maranhaotv.com.br\/index.php\/2021\/10\/22\/felipe-camarao-e-um-nome-viavel-para-disputar-o-governo-do-maranhao-afirma-francimar-melo\/"},"wordCount":277,"commentCount":0,"publisher":{"@id":"https:\/\/maranhaotv.com.br\/#organization"},"image":{"@id":"https:\/\/maranhaotv.com.br\/index.php\/2021\/10\/22\/felipe-camarao-e-um-nome-viavel-para-disputar-o-governo-do-maranhao-afirma-francimar-melo\/#primaryimage"},"thumbnailUrl":"","articleSection":["not\u00edcias","pol\u00edtica"],"inLanguage":"pt-BR","potentialAction":[{"@type":"CommentAction","name":"Comment","target":["https:\/\/maranhaotv.com.br\/index.php\/2021\/10\/22\/felipe-camarao-e-um-nome-viavel-para-disputar-o-governo-do-maranhao-afirma-francimar-melo\/#respond"]}]},{"@type":"WebPage","@id":"https:\/\/maranhaotv.com.br\/index.php\/2021\/10\/22\/felipe-camarao-e-um-nome-viavel-para-disputar-o-governo-do-maranhao-afirma-francimar-melo\/","url":"https:\/\/maranhaotv.com.br\/index.php\/2021\/10\/22\/felipe-camarao-e-um-nome-viavel-para-disputar-o-governo-do-maranhao-afirma-francimar-melo\/","name":"\"Felipe Camar\u00e3o \u00e9 um nome vi\u00e1vel para disputar o Governo do Maranh\u00e3o\u201d, afirma Francimar Melo - NOT\u00cdCIAS EM TEMPO REAL","isPartOf":{"@id":"https:\/\/maranhaotv.com.br\/#website"},"primaryImageOfPage":{"@id":"https:\/\/maranhaotv.com.br\/index.php\/2021\/10\/22\/felipe-camarao-e-um-nome-viavel-para-disputar-o-governo-do-maranhao-afirma-francimar-melo\/#primaryimage"},"image":{"@id":"https:\/\/maranhaotv.com.br\/index.php\/2021\/10\/22\/felipe-camarao-e-um-nome-viavel-para-disputar-o-governo-do-maranhao-afirma-francimar-melo\/#primaryimage"},"thumbnailUrl":"","datePublished":"2021-10-22T21:48:03+00:00","breadcrumb":{"@id":"https:\/\/maranhaotv.com.br\/index.php\/2021\/10\/22\/felipe-camarao-e-um-nome-viavel-para-disputar-o-governo-do-maranhao-afirma-francimar-melo\/#breadcrumb"},"inLanguage":"pt-BR","potentialAction":[{"@type":"ReadAction","target":["https:\/\/maranhaotv.com.br\/index.php\/2021\/10\/22\/felipe-camarao-e-um-nome-viavel-para-disputar-o-governo-do-maranhao-afirma-francimar-melo\/"]}]},{"@type":"ImageObject","inLanguage":"pt-BR","@id":"https:\/\/maranhaotv.com.br\/index.php\/2021\/10\/22\/felipe-camarao-e-um-nome-viavel-para-disputar-o-governo-do-maranhao-afirma-francimar-melo\/#primaryimage","url":"","contentUrl":""},{"@type":"BreadcrumbList","@id":"https:\/\/maranhaotv.com.br\/index.php\/2021\/10\/22\/felipe-camarao-e-um-nome-viavel-para-disputar-o-governo-do-maranhao-afirma-francimar-melo\/#breadcrumb","itemListElement":[{"@type":"ListItem","position":1,"name":"In\u00edcio","item":"https:\/\/maranhaotv.com.br\/"},{"@type":"ListItem","position":2,"name":"&#8220;Felipe Camar\u00e3o \u00e9 um nome vi\u00e1vel para disputar o Governo do Maranh\u00e3o\u201d, afirma Francimar Melo"}]},{"@type":"WebSite","@id":"https:\/\/maranhaotv.com.br\/#website","url":"https:\/\/maranhaotv.com.br\/","name":"Maranh\u00e3oTV","description":"","publisher":{"@id":"https:\/\/maranhaotv.com.br\/#organization"},"potentialAction":[{"@type":"SearchAction","target":{"@type":"EntryPoint","urlTemplate":"https:\/\/maranhaotv.com.br\/?s={search_term_string}"},"query-input":{"@type":"PropertyValueSpecification","valueRequired":true,"valueName":"search_term_string"}}],"inLanguage":"pt-BR"},{"@type":"Organization","@id":"https:\/\/maranhaotv.com.br\/#organization","name":"Portal de Not\u00edcias","url":"https:\/\/maranhaotv.com.br\/","logo":{"@type":"ImageObject","inLanguage":"pt-BR","@id":"https:\/\/maranhaotv.com.br\/#\/schema\/logo\/image\/","url":"https:\/\/maranhaotv.com.br\/wp-content\/uploads\/2024\/05\/cropped-cropped-avatar-1.png","contentUrl":"https:\/\/maranhaotv.com.br\/wp-content\/uploads\/2024\/05\/cropped-cropped-avatar-1.png","width":792,"height":428,"caption":"Portal de Not\u00edcias"},"image":{"@id":"https:\/\/maranhaotv.com.br\/#\/schema\/logo\/image\/"},"sameAs":["https:\/\/www.facebook.com\/maiobaotv","https:\/\/x.com\/sitemaranhaotv","https:\/\/www.instagram.com\/maranhao.tv","https:\/\/www.threads.net\/@maranhao.tv"]},{"@type":"Person","@id":"https:\/\/maranhaotv.com.br\/#\/schema\/person\/3d54238e86b20bb5c89ab2fdb8f8829a","name":"maranhaotv","image":{"@type":"ImageObject","inLanguage":"pt-BR","@id":"https:\/\/secure.gravatar.com\/avatar\/8fadbca458d4cb68b1dd399ae9a40618d747bb1af65ac9fad21c89220a143eb4?s=96&d=mm&r=g","url":"https:\/\/secure.gravatar.com\/avatar\/8fadbca458d4cb68b1dd399ae9a40618d747bb1af65ac9fad21c89220a143eb4?s=96&d=mm&r=g","contentUrl":"https:\/\/secure.gravatar.com\/avatar\/8fadbca458d4cb68b1dd399ae9a40618d747bb1af65ac9fad21c89220a143eb4?s=96&d=mm&r=g","caption":"maranhaotv"},"sameAs":["https:\/\/maranhaotv.com.br\/"],"url":"https:\/\/maranhaotv.com.br\/index.php\/author\/maranhaotv\/"}]}},"jetpack_featured_media_url":"","jetpack_sharing_enabled":true,"_links":{"self":[{"href":"https:\/\/maranhaotv.com.br\/index.php\/wp-json\/wp\/v2\/posts\/24427","targetHints":{"allow":["GET"]}}],"collection":[{"href":"https:\/\/maranhaotv.com.br\/index.php\/wp-json\/wp\/v2\/posts"}],"about":[{"href":"https:\/\/maranhaotv.com.br\/index.php\/wp-json\/wp\/v2\/types\/post"}],"author":[{"embeddable":true,"href":"https:\/\/maranhaotv.com.br\/index.php\/wp-json\/wp\/v2\/users\/2"}],"replies":[{"embeddable":true,"href":"https:\/\/maranhaotv.com.br\/index.php\/wp-json\/wp\/v2\/comments?post=24427"}],"version-history":[{"count":0,"href":"https:\/\/maranhaotv.com.br\/index.php\/wp-json\/wp\/v2\/posts\/24427\/revisions"}],"wp:featuredmedia":[{"embeddable":true,"href":"https:\/\/maranhaotv.com.br\/index.php\/wp-json\/"}],"wp:attachment":[{"href":"https:\/\/maranhaotv.com.br\/index.php\/wp-json\/wp\/v2\/media?parent=24427"}],"wp:term":[{"taxonomy":"category","embeddable":true,"href":"https:\/\/maranhaotv.com.br\/index.php\/wp-json\/wp\/v2\/categories?post=24427"},{"taxonomy":"post_tag","embeddable":true,"href":"https:\/\/maranhaotv.com.br\/index.php\/wp-json\/wp\/v2\/tags?post=24427"}],"curies":[{"name":"wp","href":"https:\/\/api.w.org\/{rel}","templated":true}]}}