{"id":24645,"date":"2021-11-03T10:14:56","date_gmt":"2021-11-03T13:14:56","guid":{"rendered":"https:\/\/maranhaotv.com.br\/?p=24645"},"modified":"2021-11-03T10:14:56","modified_gmt":"2021-11-03T13:14:56","slug":"ato-sera-realizado-em-sao-luis-nesta-5a-feira-para-marcar-pre-candidatura-de-felipe-camarao-ao-governo-do-maranhao","status":"publish","type":"post","link":"https:\/\/maranhaotv.com.br\/index.php\/2021\/11\/03\/ato-sera-realizado-em-sao-luis-nesta-5a-feira-para-marcar-pre-candidatura-de-felipe-camarao-ao-governo-do-maranhao\/","title":{"rendered":"Ato ser\u00e1 realizado em S\u00e3o Lu\u00eds, nesta 5\u00aa feira, para marcar pr\u00e9-candidatura de Felipe Camar\u00e3o ao governo do Maranh\u00e3o"},"content":{"rendered":"\n<p>&#8220;Avante, Maranh\u00e3o!&#8221; \u00e9 o nome do ato que ocorrer\u00e1 na pr\u00f3xima quinta (04), em S\u00e3o Lu\u00eds, para marcar a pr\u00e9-candidatura de Felipe Camar\u00e3o ao Governo do Maranh\u00e3o. O evento est\u00e1 agendado para 18h, no Residencial Recep\u00e7\u00f5es, localizado na Av. M\u00e1rio Andreazza, 26, bairro Olho D&#8217;\u00e1gua.<\/p>\n\n\n\n<p><em><strong>&#8220;Coloquei meu nome \u00e0 disposi\u00e7\u00e3o do meu partido, por defender que devemos continuar com o legado do governo Fl\u00e1vio Dino. Ao longo dos \u00faltimos anos tenho percorrido o Maranh\u00e3o e conhe\u00e7o a realidade enfrentada pelos maranhenses e o anseio da popula\u00e7\u00e3o em n\u00e3o retrocedermos. Quero construir nosso projeto, caminhando lado a lado com a popula\u00e7\u00e3o, ouvindo, debatendo e elencando as prioridades. Convido os cidad\u00e3os que gostam e acreditam no meu trabalho, para se fazerem presente neste ato&#8221;, declarou Felipe Camar\u00e3o.<\/strong><\/em><\/p>\n\n\n\n<p>O vice-presidente estadual do PT Maranh\u00e3o, Francimar Melo, destaca que o partido no estado tem uma excelente base social, com capilaridade em todos os munic\u00edpios maranhenses, apresentando condi\u00e7\u00f5es de fazer um grande debate com o estado, apresentando algo propositivo para o momento.<\/p>\n\n\n\n<p>&#8220;Nosso ac\u00famulo como partido nos d\u00e1 todas as condi\u00e7\u00f5es para fazer uma grande contribui\u00e7\u00e3o pol\u00edtica para o estado. Precisamos ser protagonistas e para isso o nome do companheiro Felipe Camar\u00e3o vem se somar muito com esse momento. A contribui\u00e7\u00e3o que ele j\u00e1 deu no governo do Estado, ao lado do nosso governador Fl\u00e1vio Dino, demonstra que ele \u00e9 um nome com condi\u00e7\u00f5es naturais de continuidade desse governo que fez grandes repara\u00e7\u00f5es que o Estado precisava. Esse momento ser\u00e1 muito importante, pois apresentaremos nosso pr\u00e9-candidato ao governo do Estado, o Felipe Camar\u00e3o&#8221;, destacou Francimar.<\/p>\n\n\n\n<p>&#8220;Entre os petistas e as petistas, \u00e9 grande o entusiasmo com a candidatura de Felipe Camar\u00e3o, que coordena o programa mais bem avaliado do Governo Fl\u00e1vio Dino, o Escola Digna, e que tem expressamente o modo petista de governar&#8221;, real\u00e7ou Chico Gon\u00e7alves, membro do PT Maranh\u00e3o e atual secret\u00e1rio de Direitos Humanos e Participa\u00e7\u00e3o Popular do Estado.<\/p>\n\n\n\n<figure class=\"wp-block-image size-large\"><img decoding=\"async\" src=\"https:\/\/maranhaotv.com.br\/wp-content\/uploads\/2021\/11\/IMG-20211103-WA0056.jpg\" alt=\"\" class=\"wp-image-24642\"\/><\/figure>\n\n\n\n<figure class=\"wp-block-image\"><img decoding=\"async\" src=\"https:\/\/maranhaotv.com.br\/wp-content\/uploads\/2021\/11\/IMG-20211103-WA0059.jpg\" alt=\"\" class=\"wp-image-24643\"\/><\/figure>\n\n\n\n<figure class=\"wp-block-image\"><img decoding=\"async\" src=\"https:\/\/maranhaotv.com.br\/wp-content\/uploads\/2021\/11\/IMG-20211103-WA0058.jpg\" alt=\"\" class=\"wp-image-24641\"\/><\/figure>\n","protected":false},"excerpt":{"rendered":"<p>&#8220;Avante, Maranh\u00e3o!&#8221; \u00e9 o nome do ato que ocorrer\u00e1 na pr\u00f3xima quinta (04), em S\u00e3o Lu\u00eds, para marcar a pr\u00e9-candidatura<\/p>\n","protected":false},"author":2,"featured_media":24644,"comment_status":"open","ping_status":"open","sticky":false,"template":"","format":"standard","meta":{"colormag_page_container_layout":"default_layout","colormag_page_sidebar_layout":"default_layout","_jetpack_memberships_contains_paid_content":false,"footnotes":""},"categories":[2],"tags":[],"class_list":["post-24645","post","type-post","status-publish","format-standard","has-post-thumbnail","hentry","category-noticias"],"magazineBlocksPostFeaturedMedia":{"thumbnail":false,"medium":false,"medium_large":false,"large":false,"1536x1536":false,"2048x2048":false,"colormag-highlighted-post":false,"colormag-featured-post-medium":false,"colormag-featured-post-small":false,"colormag-featured-image":false,"colormag-default-news":false,"colormag-featured-image-large":false},"magazineBlocksPostAuthor":{"name":"maranhaotv","avatar":"https:\/\/secure.gravatar.com\/avatar\/8fadbca458d4cb68b1dd399ae9a40618d747bb1af65ac9fad21c89220a143eb4?s=96&d=mm&r=g"},"magazineBlocksPostCommentsNumber":"0","magazineBlocksPostExcerpt":"&#8220;Avante, Maranh\u00e3o!&#8221; \u00e9 o nome do ato que ocorrer\u00e1 na pr\u00f3xima quinta (04), em S\u00e3o Lu\u00eds, para marcar a pr\u00e9-candidatura","magazineBlocksPostCategories":["not\u00edcias"],"magazineBlocksPostViewCount":164,"magazineBlocksPostReadTime":2,"magazine_blocks_featured_image_url":{"full":false,"medium":false,"thumbnail":false},"magazine_blocks_author":{"display_name":"maranhaotv","author_link":"https:\/\/maranhaotv.com.br\/index.php\/author\/maranhaotv\/"},"magazine_blocks_comment":0,"magazine_blocks_author_image":"https:\/\/secure.gravatar.com\/avatar\/8fadbca458d4cb68b1dd399ae9a40618d747bb1af65ac9fad21c89220a143eb4?s=96&d=mm&r=g","magazine_blocks_category":"<a href=\"#\" class=\"category-link category-link-2\">not\u00edcias<\/a>","yoast_head":"<!-- This site is optimized with the Yoast SEO plugin v27.4 - https:\/\/yoast.com\/product\/yoast-seo-wordpress\/ -->\n<title>Ato ser\u00e1 realizado em S\u00e3o Lu\u00eds, nesta 5\u00aa feira, para marcar pr\u00e9-candidatura de Felipe Camar\u00e3o ao governo do Maranh\u00e3o - NOT\u00cdCIAS EM TEMPO REAL<\/title>\n<meta name=\"robots\" content=\"index, follow, max-snippet:-1, max-image-preview:large, max-video-preview:-1\" \/>\n<link rel=\"canonical\" href=\"https:\/\/maranhaotv.com.br\/index.php\/2021\/11\/03\/ato-sera-realizado-em-sao-luis-nesta-5a-feira-para-marcar-pre-candidatura-de-felipe-camarao-ao-governo-do-maranhao\/\" \/>\n<meta property=\"og:locale\" content=\"pt_BR\" \/>\n<meta property=\"og:type\" content=\"article\" \/>\n<meta property=\"og:title\" content=\"Ato ser\u00e1 realizado em S\u00e3o Lu\u00eds, nesta 5\u00aa feira, para marcar pr\u00e9-candidatura de Felipe Camar\u00e3o ao governo do Maranh\u00e3o - NOT\u00cdCIAS EM TEMPO REAL\" \/>\n<meta property=\"og:description\" content=\"&#8220;Avante, Maranh\u00e3o!&#8221; \u00e9 o nome do ato que ocorrer\u00e1 na pr\u00f3xima quinta (04), em S\u00e3o Lu\u00eds, para marcar a pr\u00e9-candidatura\" \/>\n<meta property=\"og:url\" content=\"https:\/\/maranhaotv.com.br\/index.php\/2021\/11\/03\/ato-sera-realizado-em-sao-luis-nesta-5a-feira-para-marcar-pre-candidatura-de-felipe-camarao-ao-governo-do-maranhao\/\" \/>\n<meta property=\"og:site_name\" content=\"NOT\u00cdCIAS EM TEMPO REAL\" \/>\n<meta property=\"article:publisher\" content=\"https:\/\/www.facebook.com\/maiobaotv\" \/>\n<meta property=\"article:published_time\" content=\"2021-11-03T13:14:56+00:00\" \/>\n<meta name=\"author\" content=\"maranhaotv\" \/>\n<meta name=\"twitter:card\" content=\"summary_large_image\" \/>\n<meta name=\"twitter:creator\" content=\"@sitemaranhaotv\" \/>\n<meta name=\"twitter:site\" content=\"@sitemaranhaotv\" \/>\n<meta name=\"twitter:label1\" content=\"Escrito por\" \/>\n\t<meta name=\"twitter:data1\" content=\"maranhaotv\" \/>\n\t<meta name=\"twitter:label2\" content=\"Est. tempo de leitura\" \/>\n\t<meta name=\"twitter:data2\" content=\"2 minutos\" \/>\n<script type=\"application\/ld+json\" class=\"yoast-schema-graph\">{\"@context\":\"https:\\\/\\\/schema.org\",\"@graph\":[{\"@type\":\"Article\",\"@id\":\"https:\\\/\\\/maranhaotv.com.br\\\/index.php\\\/2021\\\/11\\\/03\\\/ato-sera-realizado-em-sao-luis-nesta-5a-feira-para-marcar-pre-candidatura-de-felipe-camarao-ao-governo-do-maranhao\\\/#article\",\"isPartOf\":{\"@id\":\"https:\\\/\\\/maranhaotv.com.br\\\/index.php\\\/2021\\\/11\\\/03\\\/ato-sera-realizado-em-sao-luis-nesta-5a-feira-para-marcar-pre-candidatura-de-felipe-camarao-ao-governo-do-maranhao\\\/\"},\"author\":{\"name\":\"maranhaotv\",\"@id\":\"https:\\\/\\\/maranhaotv.com.br\\\/#\\\/schema\\\/person\\\/3d54238e86b20bb5c89ab2fdb8f8829a\"},\"headline\":\"Ato ser\u00e1 realizado em S\u00e3o Lu\u00eds, nesta 5\u00aa feira, para marcar pr\u00e9-candidatura de Felipe Camar\u00e3o ao governo do Maranh\u00e3o\",\"datePublished\":\"2021-11-03T13:14:56+00:00\",\"mainEntityOfPage\":{\"@id\":\"https:\\\/\\\/maranhaotv.com.br\\\/index.php\\\/2021\\\/11\\\/03\\\/ato-sera-realizado-em-sao-luis-nesta-5a-feira-para-marcar-pre-candidatura-de-felipe-camarao-ao-governo-do-maranhao\\\/\"},\"wordCount\":374,\"commentCount\":0,\"publisher\":{\"@id\":\"https:\\\/\\\/maranhaotv.com.br\\\/#organization\"},\"image\":{\"@id\":\"https:\\\/\\\/maranhaotv.com.br\\\/index.php\\\/2021\\\/11\\\/03\\\/ato-sera-realizado-em-sao-luis-nesta-5a-feira-para-marcar-pre-candidatura-de-felipe-camarao-ao-governo-do-maranhao\\\/#primaryimage\"},\"thumbnailUrl\":\"\",\"articleSection\":[\"not\u00edcias\"],\"inLanguage\":\"pt-BR\",\"potentialAction\":[{\"@type\":\"CommentAction\",\"name\":\"Comment\",\"target\":[\"https:\\\/\\\/maranhaotv.com.br\\\/index.php\\\/2021\\\/11\\\/03\\\/ato-sera-realizado-em-sao-luis-nesta-5a-feira-para-marcar-pre-candidatura-de-felipe-camarao-ao-governo-do-maranhao\\\/#respond\"]}]},{\"@type\":\"WebPage\",\"@id\":\"https:\\\/\\\/maranhaotv.com.br\\\/index.php\\\/2021\\\/11\\\/03\\\/ato-sera-realizado-em-sao-luis-nesta-5a-feira-para-marcar-pre-candidatura-de-felipe-camarao-ao-governo-do-maranhao\\\/\",\"url\":\"https:\\\/\\\/maranhaotv.com.br\\\/index.php\\\/2021\\\/11\\\/03\\\/ato-sera-realizado-em-sao-luis-nesta-5a-feira-para-marcar-pre-candidatura-de-felipe-camarao-ao-governo-do-maranhao\\\/\",\"name\":\"Ato ser\u00e1 realizado em S\u00e3o Lu\u00eds, nesta 5\u00aa feira, para marcar pr\u00e9-candidatura de Felipe Camar\u00e3o ao governo do Maranh\u00e3o - NOT\u00cdCIAS EM TEMPO REAL\",\"isPartOf\":{\"@id\":\"https:\\\/\\\/maranhaotv.com.br\\\/#website\"},\"primaryImageOfPage\":{\"@id\":\"https:\\\/\\\/maranhaotv.com.br\\\/index.php\\\/2021\\\/11\\\/03\\\/ato-sera-realizado-em-sao-luis-nesta-5a-feira-para-marcar-pre-candidatura-de-felipe-camarao-ao-governo-do-maranhao\\\/#primaryimage\"},\"image\":{\"@id\":\"https:\\\/\\\/maranhaotv.com.br\\\/index.php\\\/2021\\\/11\\\/03\\\/ato-sera-realizado-em-sao-luis-nesta-5a-feira-para-marcar-pre-candidatura-de-felipe-camarao-ao-governo-do-maranhao\\\/#primaryimage\"},\"thumbnailUrl\":\"\",\"datePublished\":\"2021-11-03T13:14:56+00:00\",\"breadcrumb\":{\"@id\":\"https:\\\/\\\/maranhaotv.com.br\\\/index.php\\\/2021\\\/11\\\/03\\\/ato-sera-realizado-em-sao-luis-nesta-5a-feira-para-marcar-pre-candidatura-de-felipe-camarao-ao-governo-do-maranhao\\\/#breadcrumb\"},\"inLanguage\":\"pt-BR\",\"potentialAction\":[{\"@type\":\"ReadAction\",\"target\":[\"https:\\\/\\\/maranhaotv.com.br\\\/index.php\\\/2021\\\/11\\\/03\\\/ato-sera-realizado-em-sao-luis-nesta-5a-feira-para-marcar-pre-candidatura-de-felipe-camarao-ao-governo-do-maranhao\\\/\"]}]},{\"@type\":\"ImageObject\",\"inLanguage\":\"pt-BR\",\"@id\":\"https:\\\/\\\/maranhaotv.com.br\\\/index.php\\\/2021\\\/11\\\/03\\\/ato-sera-realizado-em-sao-luis-nesta-5a-feira-para-marcar-pre-candidatura-de-felipe-camarao-ao-governo-do-maranhao\\\/#primaryimage\",\"url\":\"\",\"contentUrl\":\"\"},{\"@type\":\"BreadcrumbList\",\"@id\":\"https:\\\/\\\/maranhaotv.com.br\\\/index.php\\\/2021\\\/11\\\/03\\\/ato-sera-realizado-em-sao-luis-nesta-5a-feira-para-marcar-pre-candidatura-de-felipe-camarao-ao-governo-do-maranhao\\\/#breadcrumb\",\"itemListElement\":[{\"@type\":\"ListItem\",\"position\":1,\"name\":\"In\u00edcio\",\"item\":\"https:\\\/\\\/maranhaotv.com.br\\\/\"},{\"@type\":\"ListItem\",\"position\":2,\"name\":\"Ato ser\u00e1 realizado em S\u00e3o Lu\u00eds, nesta 5\u00aa feira, para marcar pr\u00e9-candidatura de Felipe Camar\u00e3o ao governo do Maranh\u00e3o\"}]},{\"@type\":\"WebSite\",\"@id\":\"https:\\\/\\\/maranhaotv.com.br\\\/#website\",\"url\":\"https:\\\/\\\/maranhaotv.com.br\\\/\",\"name\":\"Maranh\u00e3oTV\",\"description\":\"\",\"publisher\":{\"@id\":\"https:\\\/\\\/maranhaotv.com.br\\\/#organization\"},\"potentialAction\":[{\"@type\":\"SearchAction\",\"target\":{\"@type\":\"EntryPoint\",\"urlTemplate\":\"https:\\\/\\\/maranhaotv.com.br\\\/?s={search_term_string}\"},\"query-input\":{\"@type\":\"PropertyValueSpecification\",\"valueRequired\":true,\"valueName\":\"search_term_string\"}}],\"inLanguage\":\"pt-BR\"},{\"@type\":\"Organization\",\"@id\":\"https:\\\/\\\/maranhaotv.com.br\\\/#organization\",\"name\":\"Portal de Not\u00edcias\",\"url\":\"https:\\\/\\\/maranhaotv.com.br\\\/\",\"logo\":{\"@type\":\"ImageObject\",\"inLanguage\":\"pt-BR\",\"@id\":\"https:\\\/\\\/maranhaotv.com.br\\\/#\\\/schema\\\/logo\\\/image\\\/\",\"url\":\"https:\\\/\\\/maranhaotv.com.br\\\/wp-content\\\/uploads\\\/2024\\\/05\\\/cropped-cropped-avatar-1.png\",\"contentUrl\":\"https:\\\/\\\/maranhaotv.com.br\\\/wp-content\\\/uploads\\\/2024\\\/05\\\/cropped-cropped-avatar-1.png\",\"width\":792,\"height\":428,\"caption\":\"Portal de Not\u00edcias\"},\"image\":{\"@id\":\"https:\\\/\\\/maranhaotv.com.br\\\/#\\\/schema\\\/logo\\\/image\\\/\"},\"sameAs\":[\"https:\\\/\\\/www.facebook.com\\\/maiobaotv\",\"https:\\\/\\\/x.com\\\/sitemaranhaotv\",\"https:\\\/\\\/www.instagram.com\\\/maranhao.tv\",\"https:\\\/\\\/www.threads.net\\\/@maranhao.tv\"]},{\"@type\":\"Person\",\"@id\":\"https:\\\/\\\/maranhaotv.com.br\\\/#\\\/schema\\\/person\\\/3d54238e86b20bb5c89ab2fdb8f8829a\",\"name\":\"maranhaotv\",\"image\":{\"@type\":\"ImageObject\",\"inLanguage\":\"pt-BR\",\"@id\":\"https:\\\/\\\/secure.gravatar.com\\\/avatar\\\/8fadbca458d4cb68b1dd399ae9a40618d747bb1af65ac9fad21c89220a143eb4?s=96&d=mm&r=g\",\"url\":\"https:\\\/\\\/secure.gravatar.com\\\/avatar\\\/8fadbca458d4cb68b1dd399ae9a40618d747bb1af65ac9fad21c89220a143eb4?s=96&d=mm&r=g\",\"contentUrl\":\"https:\\\/\\\/secure.gravatar.com\\\/avatar\\\/8fadbca458d4cb68b1dd399ae9a40618d747bb1af65ac9fad21c89220a143eb4?s=96&d=mm&r=g\",\"caption\":\"maranhaotv\"},\"sameAs\":[\"https:\\\/\\\/maranhaotv.com.br\\\/\"],\"url\":\"https:\\\/\\\/maranhaotv.com.br\\\/index.php\\\/author\\\/maranhaotv\\\/\"}]}<\/script>\n<!-- \/ Yoast SEO plugin. -->","yoast_head_json":{"title":"Ato ser\u00e1 realizado em S\u00e3o Lu\u00eds, nesta 5\u00aa feira, para marcar pr\u00e9-candidatura de Felipe Camar\u00e3o ao governo do Maranh\u00e3o - NOT\u00cdCIAS EM TEMPO REAL","robots":{"index":"index","follow":"follow","max-snippet":"max-snippet:-1","max-image-preview":"max-image-preview:large","max-video-preview":"max-video-preview:-1"},"canonical":"https:\/\/maranhaotv.com.br\/index.php\/2021\/11\/03\/ato-sera-realizado-em-sao-luis-nesta-5a-feira-para-marcar-pre-candidatura-de-felipe-camarao-ao-governo-do-maranhao\/","og_locale":"pt_BR","og_type":"article","og_title":"Ato ser\u00e1 realizado em S\u00e3o Lu\u00eds, nesta 5\u00aa feira, para marcar pr\u00e9-candidatura de Felipe Camar\u00e3o ao governo do Maranh\u00e3o - NOT\u00cdCIAS EM TEMPO REAL","og_description":"&#8220;Avante, Maranh\u00e3o!&#8221; \u00e9 o nome do ato que ocorrer\u00e1 na pr\u00f3xima quinta (04), em S\u00e3o Lu\u00eds, para marcar a pr\u00e9-candidatura","og_url":"https:\/\/maranhaotv.com.br\/index.php\/2021\/11\/03\/ato-sera-realizado-em-sao-luis-nesta-5a-feira-para-marcar-pre-candidatura-de-felipe-camarao-ao-governo-do-maranhao\/","og_site_name":"NOT\u00cdCIAS EM TEMPO REAL","article_publisher":"https:\/\/www.facebook.com\/maiobaotv","article_published_time":"2021-11-03T13:14:56+00:00","author":"maranhaotv","twitter_card":"summary_large_image","twitter_creator":"@sitemaranhaotv","twitter_site":"@sitemaranhaotv","twitter_misc":{"Escrito por":"maranhaotv","Est. tempo de leitura":"2 minutos"},"schema":{"@context":"https:\/\/schema.org","@graph":[{"@type":"Article","@id":"https:\/\/maranhaotv.com.br\/index.php\/2021\/11\/03\/ato-sera-realizado-em-sao-luis-nesta-5a-feira-para-marcar-pre-candidatura-de-felipe-camarao-ao-governo-do-maranhao\/#article","isPartOf":{"@id":"https:\/\/maranhaotv.com.br\/index.php\/2021\/11\/03\/ato-sera-realizado-em-sao-luis-nesta-5a-feira-para-marcar-pre-candidatura-de-felipe-camarao-ao-governo-do-maranhao\/"},"author":{"name":"maranhaotv","@id":"https:\/\/maranhaotv.com.br\/#\/schema\/person\/3d54238e86b20bb5c89ab2fdb8f8829a"},"headline":"Ato ser\u00e1 realizado em S\u00e3o Lu\u00eds, nesta 5\u00aa feira, para marcar pr\u00e9-candidatura de Felipe Camar\u00e3o ao governo do Maranh\u00e3o","datePublished":"2021-11-03T13:14:56+00:00","mainEntityOfPage":{"@id":"https:\/\/maranhaotv.com.br\/index.php\/2021\/11\/03\/ato-sera-realizado-em-sao-luis-nesta-5a-feira-para-marcar-pre-candidatura-de-felipe-camarao-ao-governo-do-maranhao\/"},"wordCount":374,"commentCount":0,"publisher":{"@id":"https:\/\/maranhaotv.com.br\/#organization"},"image":{"@id":"https:\/\/maranhaotv.com.br\/index.php\/2021\/11\/03\/ato-sera-realizado-em-sao-luis-nesta-5a-feira-para-marcar-pre-candidatura-de-felipe-camarao-ao-governo-do-maranhao\/#primaryimage"},"thumbnailUrl":"","articleSection":["not\u00edcias"],"inLanguage":"pt-BR","potentialAction":[{"@type":"CommentAction","name":"Comment","target":["https:\/\/maranhaotv.com.br\/index.php\/2021\/11\/03\/ato-sera-realizado-em-sao-luis-nesta-5a-feira-para-marcar-pre-candidatura-de-felipe-camarao-ao-governo-do-maranhao\/#respond"]}]},{"@type":"WebPage","@id":"https:\/\/maranhaotv.com.br\/index.php\/2021\/11\/03\/ato-sera-realizado-em-sao-luis-nesta-5a-feira-para-marcar-pre-candidatura-de-felipe-camarao-ao-governo-do-maranhao\/","url":"https:\/\/maranhaotv.com.br\/index.php\/2021\/11\/03\/ato-sera-realizado-em-sao-luis-nesta-5a-feira-para-marcar-pre-candidatura-de-felipe-camarao-ao-governo-do-maranhao\/","name":"Ato ser\u00e1 realizado em S\u00e3o Lu\u00eds, nesta 5\u00aa feira, para marcar pr\u00e9-candidatura de Felipe Camar\u00e3o ao governo do Maranh\u00e3o - NOT\u00cdCIAS EM TEMPO REAL","isPartOf":{"@id":"https:\/\/maranhaotv.com.br\/#website"},"primaryImageOfPage":{"@id":"https:\/\/maranhaotv.com.br\/index.php\/2021\/11\/03\/ato-sera-realizado-em-sao-luis-nesta-5a-feira-para-marcar-pre-candidatura-de-felipe-camarao-ao-governo-do-maranhao\/#primaryimage"},"image":{"@id":"https:\/\/maranhaotv.com.br\/index.php\/2021\/11\/03\/ato-sera-realizado-em-sao-luis-nesta-5a-feira-para-marcar-pre-candidatura-de-felipe-camarao-ao-governo-do-maranhao\/#primaryimage"},"thumbnailUrl":"","datePublished":"2021-11-03T13:14:56+00:00","breadcrumb":{"@id":"https:\/\/maranhaotv.com.br\/index.php\/2021\/11\/03\/ato-sera-realizado-em-sao-luis-nesta-5a-feira-para-marcar-pre-candidatura-de-felipe-camarao-ao-governo-do-maranhao\/#breadcrumb"},"inLanguage":"pt-BR","potentialAction":[{"@type":"ReadAction","target":["https:\/\/maranhaotv.com.br\/index.php\/2021\/11\/03\/ato-sera-realizado-em-sao-luis-nesta-5a-feira-para-marcar-pre-candidatura-de-felipe-camarao-ao-governo-do-maranhao\/"]}]},{"@type":"ImageObject","inLanguage":"pt-BR","@id":"https:\/\/maranhaotv.com.br\/index.php\/2021\/11\/03\/ato-sera-realizado-em-sao-luis-nesta-5a-feira-para-marcar-pre-candidatura-de-felipe-camarao-ao-governo-do-maranhao\/#primaryimage","url":"","contentUrl":""},{"@type":"BreadcrumbList","@id":"https:\/\/maranhaotv.com.br\/index.php\/2021\/11\/03\/ato-sera-realizado-em-sao-luis-nesta-5a-feira-para-marcar-pre-candidatura-de-felipe-camarao-ao-governo-do-maranhao\/#breadcrumb","itemListElement":[{"@type":"ListItem","position":1,"name":"In\u00edcio","item":"https:\/\/maranhaotv.com.br\/"},{"@type":"ListItem","position":2,"name":"Ato ser\u00e1 realizado em S\u00e3o Lu\u00eds, nesta 5\u00aa feira, para marcar pr\u00e9-candidatura de Felipe Camar\u00e3o ao governo do Maranh\u00e3o"}]},{"@type":"WebSite","@id":"https:\/\/maranhaotv.com.br\/#website","url":"https:\/\/maranhaotv.com.br\/","name":"Maranh\u00e3oTV","description":"","publisher":{"@id":"https:\/\/maranhaotv.com.br\/#organization"},"potentialAction":[{"@type":"SearchAction","target":{"@type":"EntryPoint","urlTemplate":"https:\/\/maranhaotv.com.br\/?s={search_term_string}"},"query-input":{"@type":"PropertyValueSpecification","valueRequired":true,"valueName":"search_term_string"}}],"inLanguage":"pt-BR"},{"@type":"Organization","@id":"https:\/\/maranhaotv.com.br\/#organization","name":"Portal de Not\u00edcias","url":"https:\/\/maranhaotv.com.br\/","logo":{"@type":"ImageObject","inLanguage":"pt-BR","@id":"https:\/\/maranhaotv.com.br\/#\/schema\/logo\/image\/","url":"https:\/\/maranhaotv.com.br\/wp-content\/uploads\/2024\/05\/cropped-cropped-avatar-1.png","contentUrl":"https:\/\/maranhaotv.com.br\/wp-content\/uploads\/2024\/05\/cropped-cropped-avatar-1.png","width":792,"height":428,"caption":"Portal de Not\u00edcias"},"image":{"@id":"https:\/\/maranhaotv.com.br\/#\/schema\/logo\/image\/"},"sameAs":["https:\/\/www.facebook.com\/maiobaotv","https:\/\/x.com\/sitemaranhaotv","https:\/\/www.instagram.com\/maranhao.tv","https:\/\/www.threads.net\/@maranhao.tv"]},{"@type":"Person","@id":"https:\/\/maranhaotv.com.br\/#\/schema\/person\/3d54238e86b20bb5c89ab2fdb8f8829a","name":"maranhaotv","image":{"@type":"ImageObject","inLanguage":"pt-BR","@id":"https:\/\/secure.gravatar.com\/avatar\/8fadbca458d4cb68b1dd399ae9a40618d747bb1af65ac9fad21c89220a143eb4?s=96&d=mm&r=g","url":"https:\/\/secure.gravatar.com\/avatar\/8fadbca458d4cb68b1dd399ae9a40618d747bb1af65ac9fad21c89220a143eb4?s=96&d=mm&r=g","contentUrl":"https:\/\/secure.gravatar.com\/avatar\/8fadbca458d4cb68b1dd399ae9a40618d747bb1af65ac9fad21c89220a143eb4?s=96&d=mm&r=g","caption":"maranhaotv"},"sameAs":["https:\/\/maranhaotv.com.br\/"],"url":"https:\/\/maranhaotv.com.br\/index.php\/author\/maranhaotv\/"}]}},"jetpack_featured_media_url":"","jetpack_sharing_enabled":true,"_links":{"self":[{"href":"https:\/\/maranhaotv.com.br\/index.php\/wp-json\/wp\/v2\/posts\/24645","targetHints":{"allow":["GET"]}}],"collection":[{"href":"https:\/\/maranhaotv.com.br\/index.php\/wp-json\/wp\/v2\/posts"}],"about":[{"href":"https:\/\/maranhaotv.com.br\/index.php\/wp-json\/wp\/v2\/types\/post"}],"author":[{"embeddable":true,"href":"https:\/\/maranhaotv.com.br\/index.php\/wp-json\/wp\/v2\/users\/2"}],"replies":[{"embeddable":true,"href":"https:\/\/maranhaotv.com.br\/index.php\/wp-json\/wp\/v2\/comments?post=24645"}],"version-history":[{"count":0,"href":"https:\/\/maranhaotv.com.br\/index.php\/wp-json\/wp\/v2\/posts\/24645\/revisions"}],"wp:featuredmedia":[{"embeddable":true,"href":"https:\/\/maranhaotv.com.br\/index.php\/wp-json\/"}],"wp:attachment":[{"href":"https:\/\/maranhaotv.com.br\/index.php\/wp-json\/wp\/v2\/media?parent=24645"}],"wp:term":[{"taxonomy":"category","embeddable":true,"href":"https:\/\/maranhaotv.com.br\/index.php\/wp-json\/wp\/v2\/categories?post=24645"},{"taxonomy":"post_tag","embeddable":true,"href":"https:\/\/maranhaotv.com.br\/index.php\/wp-json\/wp\/v2\/tags?post=24645"}],"curies":[{"name":"wp","href":"https:\/\/api.w.org\/{rel}","templated":true}]}}