{"id":24687,"date":"2021-11-05T11:50:54","date_gmt":"2021-11-05T14:50:54","guid":{"rendered":"https:\/\/maranhaotv.com.br\/?p=24687"},"modified":"2021-11-05T11:50:54","modified_gmt":"2021-11-05T14:50:54","slug":"ato-de-lancamento-de-pre-candidatura-de-felipe-camarao-ao-governo-reune-mais-de-3-mil-pessoas-em-sao-luis","status":"publish","type":"post","link":"https:\/\/maranhaotv.com.br\/index.php\/2021\/11\/05\/ato-de-lancamento-de-pre-candidatura-de-felipe-camarao-ao-governo-reune-mais-de-3-mil-pessoas-em-sao-luis\/","title":{"rendered":"Ato de lan\u00e7amento de pr\u00e9-candidatura de Felipe Camar\u00e3o ao Governo re\u00fane mais de 3 mil pessoas, em S\u00e3o Lu\u00eds"},"content":{"rendered":"\n<p>A busca por um Maranh\u00e3o ainda melhor renasce do trabalho s\u00e9rio, da luta e esperan\u00e7a alicer\u00e7ados na vontade de governar, gerando oportunidades \u00e0 popula\u00e7\u00e3o. Foi com esse prop\u00f3sito que o Partido dos Trabalhadores no Maranh\u00e3o (PT) lan\u00e7ou a pr\u00e9-candidatura de Felipe Camar\u00e3o ao Governo do Estado, atendendo os anseios dos maranhenses, em um ato, que reuniu em S\u00e3o Lu\u00eds, na noite da \u00faltima quinta-feira (4), mais de 3 mil pessoas.<\/p>\n\n\n\n<p>\u201cEstou emocionado de ver tanta gente, militantes, amigos e amigas aqui presentes e isso me enche de energia. Hoje n\u00f3s temos a plena aprova\u00e7\u00e3o dessa pr\u00e9-candidatura, que culminou nessa festa linda, nos dando a certeza de que estamos no caminho certo. A caminhada ganha corpo, energia e sentimento. N\u00f3s j\u00e1 t\u00ednhamos certeza e convic\u00e7\u00e3o de que essa pr\u00e9-candidatura estava na mente das pessoas e agora ganhamos o cora\u00e7\u00e3o de todo mundo e vamos para as ruas\u201d, expressou Camar\u00e3o.<\/p>\n\n\n\n<p>Felipe deixou claro que o lan\u00e7amento \u00e9 um projeto concreto para o governo do estado: um projeto de pol\u00edticas p\u00fablicas, voltadas \u00e0 educa\u00e7\u00e3o, agricultura familiar, ao combate da fome e da pobreza, mis\u00e9ria, gera\u00e7\u00e3o de emprego e renda e, sobretudo, um governo voltado \u00e0 esperan\u00e7a.<\/p>\n\n\n\n<p>\u201cQueremos fazer do Maranh\u00e3o um lugar melhor para viver! Temos um projeto voltado a quem mais precisa, um projeto de reconstru\u00e7\u00e3o. Uma mensagem de esperan\u00e7a, de combate \u00e0 fome, pobreza, mis\u00e9ria, uma mensagem de gera\u00e7\u00e3o de emprego e renda, de continuidade do Programa Escola Digna, das pol\u00edticas p\u00fablicas de educa\u00e7\u00e3o e de muito trabalho e de constru\u00e7\u00e3o de um plano de governo\u201d, enfatizou Camar\u00e3o.<\/p>\n\n\n\n<p><em>Um legado de educa\u00e7\u00e3o e a esperan\u00e7a de um Maranh\u00e3o sem retrocessos<\/em><\/p>\n\n\n\n<p>O brilho nos olhos dos maranhenses \u00e1vidos por um Maranh\u00e3o ainda melhor \u00e9 o que p\u00f4de ser visto durante o lan\u00e7amento da pr\u00e9-campanha de Felipe Camar\u00e3o ao Governo do Estado. \u201cHoje vim aqui em busca de esperan\u00e7a e ouvir Felipe Camar\u00e3o, um homem competente, trabalhador, um bom ser humano e um excelente secret\u00e1rio. A classe pol\u00edtica o escolheu para ser pr\u00e9-candidato ao governo e a popula\u00e7\u00e3o aceitou a sua proposta e ele ser\u00e1 o futuro governador do Maranh\u00e3o\u201d, expressou o motorista Cl\u00e9dson Fernandes de Abreu, que esteve presente no ato.<\/p>\n\n\n\n<p>\u201cEu n\u00e3o poderia deixar de participar desse momento, por tudo o que Felipe Camar\u00e3o tem feito pelo Maranh\u00e3o e tamb\u00e9m pela cidade de Coroat\u00e1. Ele preenche todos os requisitos ideais para ser um grande candidato a governador e ser\u00e1 sim um grande governador. Confio nele, na sua capacidade. Ele pode contar com nossa Coroat\u00e1 como ponta de lan\u00e7a para construir uma grande vit\u00f3ria do povo do Maranh\u00e3o\u201d, declarou o prefeito de Coroat\u00e1, Luizinho da Amovelar.<\/p>\n\n\n\n<p>Respons\u00e1vel pelo manifesto &#8220;Educa\u00e7\u00e3o \u00e9 Camar\u00e3o&#8221; \u2013 que conclamava o nome de Felipe Camar\u00e3o para concorrer ao Governo do Maranh\u00e3o, ainda em meados do m\u00eas de junho, o professor e gestor escolar Wilson Chagas, se emocionou ao falar do legado de igualdade e esperan\u00e7a que Felipe tem constru\u00eddo longo dos anos, para a educa\u00e7\u00e3o maranhense.<\/p>\n\n\n\n<p>\u201cEu sou educador e desde sempre aprendi a conjugar o verbo &#8216;esperan\u00e7ar&#8217;, acreditando acima de tudo que a educa\u00e7\u00e3o \u00e9 a mola mestra que move o mundo. N\u00f3s estamos aqui para iniciar uma caminhada. Acima de tudo, para caminhar com o povo, para termos um estado ainda melhor do que j\u00e1 est\u00e1\u201d, afirmou Wilson Chagas.<\/p>\n\n\n\n<p>A juventude maranhense e militantes de movimentos sociais maranhenses tamb\u00e9m estiveram presentes e representados durante o ato de lan\u00e7amento. Jovens como a Camila Pedrosa, da Uni\u00e3o Nacional dos Estudantes (UNE); estudante do Centro Educa Mais Margarida Pires Leal e diretora da Uni\u00e3o Brasileira dos Estudantes Secundaristas, Alexssia Reis; Cad\u00fa Santos, da Pastoral da Juventude; Leandro Diniz, da dire\u00e7\u00e3o estadual do Movimento dos Trabalhadores Rurais sem Terra \u2013 MST; Kelma Correa, do F\u00f3rum das Escolas Comunit\u00e1rias; al\u00e9m do primeiro mandato coletivo do Maranh\u00e3o, o Coletivo N\u00f3s \u2013 do PT de S\u00e3o Lu\u00eds, entre outros.<\/p>\n\n\n\n<p>&#8220;O que a gente quer \u2018pro\u2019 estado do Maranh\u00e3o \u00e9 escola p\u00fablica digna e de qualidade. O que queremos \u00e9 voltar a sonhar com uma escola igualit\u00e1ria e de oportunidade para todos. \u00c9 isso que \u00e9 Felipe Camar\u00e3o!&#8221;, disse Camila Pedrosa.<\/p>\n\n\n\n<p>&#8220;Estudei a vida toda em escola p\u00fablica, em que a sala de aula era no subsolo. E quando eu entro hoje em uma escola do Educa Mais, por exemplo, e vejo a diferen\u00e7a da escola onde estudei para as escolas de hoje, tenho a certeza de que Felipe Camar\u00e3o \u00e9 o melhor para o Maranh\u00e3o&#8221;, disse o co-vereador do Coletivo N\u00f3s, Eni Ribeiro.<\/p>\n\n\n\n<p>Lideran\u00e7as partid\u00e1rias e representantes de classe pol\u00edtica tamb\u00e9m se fizeram presentes ao ato. &#8220;O PT quer governar o Maranh\u00e3o para garantir escola de qualidade para os filhos de todos os maranhenses, emprego e renda, comida na mesa de todos. Hoje n\u00f3s temos orgulho das escolas p\u00fablicas maranhenses. E queremos ser futuramente governados pelo melhor secret\u00e1rio de Educa\u00e7\u00e3o que o Maranh\u00e3o j\u00e1 teve, Felipe Camar\u00e3o&#8221;, destacou o fundador do PT no Maranh\u00e3o e secret\u00e1rio de Estado de Direitos Humanos e Participa\u00e7\u00e3o Popular, Chico Gon\u00e7alves.<\/p>\n\n\n\n<p>\u201cEste \u00e9 um momento simb\u00f3lico para o Partido dos Trabalhadores. N\u00f3s estamos nessa noite para dizer que n\u00f3s queremos colocar uma frase que \u00e9 necess\u00e1ria \u2018\u00e9 a continuidade do governo do melhor governador da hist\u00f3ria desse pa\u00eds\u2019. E n\u00f3s referendamos o companheiro Felipe Camar\u00e3o como pr\u00e9-candidato ao Governo do Estado. E o Maranh\u00e3o se sente altamente representado com essa pr\u00e9-candidatura\u201d, concluiu o vice-presidente do PT Maranh\u00e3o, Francimar Melo.<\/p>\n\n\n\n<figure class=\"wp-block-image size-large\"><img decoding=\"async\" src=\"https:\/\/maranhaotv.com.br\/wp-content\/uploads\/2021\/11\/IMG-20211105-WA0062.jpg\" alt=\"\" class=\"wp-image-24683\"\/><\/figure>\n\n\n\n<figure class=\"wp-block-image\"><img decoding=\"async\" src=\"https:\/\/maranhaotv.com.br\/wp-content\/uploads\/2021\/11\/IMG-20211105-WA0063.jpg\" alt=\"\" class=\"wp-image-24684\"\/><\/figure>\n\n\n\n<figure class=\"wp-block-image\"><img decoding=\"async\" src=\"https:\/\/maranhaotv.com.br\/wp-content\/uploads\/2021\/11\/IMG-20211105-WA0064.jpg\" alt=\"\" class=\"wp-image-24680\"\/><\/figure>\n\n\n\n<figure class=\"wp-block-image\"><img decoding=\"async\" src=\"https:\/\/maranhaotv.com.br\/wp-content\/uploads\/2021\/11\/IMG-20211105-WA0065.jpg\" alt=\"\" class=\"wp-image-24682\"\/><\/figure>\n\n\n\n<figure class=\"wp-block-image\"><img decoding=\"async\" src=\"https:\/\/maranhaotv.com.br\/wp-content\/uploads\/2021\/11\/IMG-20211105-WA0066.jpg\" alt=\"\" class=\"wp-image-24681\"\/><\/figure>\n\n\n\n<figure class=\"wp-block-image\"><img decoding=\"async\" src=\"https:\/\/maranhaotv.com.br\/wp-content\/uploads\/2021\/11\/IMG-20211105-WA0068.jpg\" alt=\"\" class=\"wp-image-24685\"\/><\/figure>\n\n\n\n<p><div class=\"jetpack-video-wrapper\"><iframe loading=\"lazy\" title=\"Lan\u00e7amento Pr\u00e9 candidatura Felipe Camar\u00e3o\" width=\"800\" height=\"450\" src=\"https:\/\/www.youtube.com\/embed\/ZrvFnxPFDkI?feature=oembed\" frameborder=\"0\" allow=\"accelerometer; autoplay; clipboard-write; encrypted-media; gyroscope; picture-in-picture; web-share\" referrerpolicy=\"strict-origin-when-cross-origin\" allowfullscreen><\/iframe><\/div><\/p>\n\n\n\n<p>Fonte: Assessoria Felipe Camar\u00e3o<br>5\/11\/2021<\/p>\n","protected":false},"excerpt":{"rendered":"<p>A busca por um Maranh\u00e3o ainda melhor renasce do trabalho s\u00e9rio, da luta e esperan\u00e7a alicer\u00e7ados na vontade de governar,<\/p>\n","protected":false},"author":2,"featured_media":24686,"comment_status":"open","ping_status":"open","sticky":false,"template":"","format":"standard","meta":{"colormag_page_container_layout":"default_layout","colormag_page_sidebar_layout":"default_layout","_jetpack_memberships_contains_paid_content":false,"footnotes":""},"categories":[2,6],"tags":[352],"class_list":["post-24687","post","type-post","status-publish","format-standard","has-post-thumbnail","hentry","category-noticias","category-politica","tag-felipe-camarao"],"magazineBlocksPostFeaturedMedia":{"thumbnail":false,"medium":false,"medium_large":false,"large":false,"1536x1536":false,"2048x2048":false,"colormag-highlighted-post":false,"colormag-featured-post-medium":false,"colormag-featured-post-small":false,"colormag-featured-image":false,"colormag-default-news":false,"colormag-featured-image-large":false},"magazineBlocksPostAuthor":{"name":"maranhaotv","avatar":"https:\/\/secure.gravatar.com\/avatar\/8fadbca458d4cb68b1dd399ae9a40618d747bb1af65ac9fad21c89220a143eb4?s=96&d=mm&r=g"},"magazineBlocksPostCommentsNumber":"0","magazineBlocksPostExcerpt":"A busca por um Maranh\u00e3o ainda melhor renasce do trabalho s\u00e9rio, da luta e esperan\u00e7a alicer\u00e7ados na vontade de governar,","magazineBlocksPostCategories":["not\u00edcias","pol\u00edtica"],"magazineBlocksPostViewCount":156,"magazineBlocksPostReadTime":6,"magazine_blocks_featured_image_url":{"full":false,"medium":false,"thumbnail":false},"magazine_blocks_author":{"display_name":"maranhaotv","author_link":"https:\/\/maranhaotv.com.br\/index.php\/author\/maranhaotv\/"},"magazine_blocks_comment":0,"magazine_blocks_author_image":"https:\/\/secure.gravatar.com\/avatar\/8fadbca458d4cb68b1dd399ae9a40618d747bb1af65ac9fad21c89220a143eb4?s=96&d=mm&r=g","magazine_blocks_category":"<a href=\"#\" class=\"category-link category-link-2\">not\u00edcias<\/a> <a href=\"#\" class=\"category-link category-link-6\">pol\u00edtica<\/a>","yoast_head":"<!-- This site is optimized with the Yoast SEO plugin v27.4 - https:\/\/yoast.com\/product\/yoast-seo-wordpress\/ -->\n<title>Ato de lan\u00e7amento de pr\u00e9-candidatura de Felipe Camar\u00e3o ao Governo re\u00fane mais de 3 mil pessoas, em S\u00e3o Lu\u00eds - NOT\u00cdCIAS EM TEMPO REAL<\/title>\n<meta name=\"robots\" content=\"index, follow, max-snippet:-1, max-image-preview:large, max-video-preview:-1\" \/>\n<link rel=\"canonical\" href=\"https:\/\/maranhaotv.com.br\/index.php\/2021\/11\/05\/ato-de-lancamento-de-pre-candidatura-de-felipe-camarao-ao-governo-reune-mais-de-3-mil-pessoas-em-sao-luis\/\" \/>\n<meta property=\"og:locale\" content=\"pt_BR\" \/>\n<meta property=\"og:type\" content=\"article\" \/>\n<meta property=\"og:title\" content=\"Ato de lan\u00e7amento de pr\u00e9-candidatura de Felipe Camar\u00e3o ao Governo re\u00fane mais de 3 mil pessoas, em S\u00e3o Lu\u00eds - NOT\u00cdCIAS EM TEMPO REAL\" \/>\n<meta property=\"og:description\" content=\"A busca por um Maranh\u00e3o ainda melhor renasce do trabalho s\u00e9rio, da luta e esperan\u00e7a alicer\u00e7ados na vontade de governar,\" \/>\n<meta property=\"og:url\" content=\"https:\/\/maranhaotv.com.br\/index.php\/2021\/11\/05\/ato-de-lancamento-de-pre-candidatura-de-felipe-camarao-ao-governo-reune-mais-de-3-mil-pessoas-em-sao-luis\/\" \/>\n<meta property=\"og:site_name\" content=\"NOT\u00cdCIAS EM TEMPO REAL\" \/>\n<meta property=\"article:publisher\" content=\"https:\/\/www.facebook.com\/maiobaotv\" \/>\n<meta property=\"article:published_time\" content=\"2021-11-05T14:50:54+00:00\" \/>\n<meta name=\"author\" content=\"maranhaotv\" \/>\n<meta name=\"twitter:card\" content=\"summary_large_image\" \/>\n<meta name=\"twitter:creator\" content=\"@sitemaranhaotv\" \/>\n<meta name=\"twitter:site\" content=\"@sitemaranhaotv\" \/>\n<meta name=\"twitter:label1\" content=\"Escrito por\" \/>\n\t<meta name=\"twitter:data1\" content=\"maranhaotv\" \/>\n\t<meta name=\"twitter:label2\" content=\"Est. tempo de leitura\" \/>\n\t<meta name=\"twitter:data2\" content=\"5 minutos\" \/>\n<script type=\"application\/ld+json\" class=\"yoast-schema-graph\">{\"@context\":\"https:\\\/\\\/schema.org\",\"@graph\":[{\"@type\":\"Article\",\"@id\":\"https:\\\/\\\/maranhaotv.com.br\\\/index.php\\\/2021\\\/11\\\/05\\\/ato-de-lancamento-de-pre-candidatura-de-felipe-camarao-ao-governo-reune-mais-de-3-mil-pessoas-em-sao-luis\\\/#article\",\"isPartOf\":{\"@id\":\"https:\\\/\\\/maranhaotv.com.br\\\/index.php\\\/2021\\\/11\\\/05\\\/ato-de-lancamento-de-pre-candidatura-de-felipe-camarao-ao-governo-reune-mais-de-3-mil-pessoas-em-sao-luis\\\/\"},\"author\":{\"name\":\"maranhaotv\",\"@id\":\"https:\\\/\\\/maranhaotv.com.br\\\/#\\\/schema\\\/person\\\/3d54238e86b20bb5c89ab2fdb8f8829a\"},\"headline\":\"Ato de lan\u00e7amento de pr\u00e9-candidatura de Felipe Camar\u00e3o ao Governo re\u00fane mais de 3 mil pessoas, em S\u00e3o Lu\u00eds\",\"datePublished\":\"2021-11-05T14:50:54+00:00\",\"mainEntityOfPage\":{\"@id\":\"https:\\\/\\\/maranhaotv.com.br\\\/index.php\\\/2021\\\/11\\\/05\\\/ato-de-lancamento-de-pre-candidatura-de-felipe-camarao-ao-governo-reune-mais-de-3-mil-pessoas-em-sao-luis\\\/\"},\"wordCount\":1025,\"commentCount\":0,\"publisher\":{\"@id\":\"https:\\\/\\\/maranhaotv.com.br\\\/#organization\"},\"image\":{\"@id\":\"https:\\\/\\\/maranhaotv.com.br\\\/index.php\\\/2021\\\/11\\\/05\\\/ato-de-lancamento-de-pre-candidatura-de-felipe-camarao-ao-governo-reune-mais-de-3-mil-pessoas-em-sao-luis\\\/#primaryimage\"},\"thumbnailUrl\":\"\",\"keywords\":[\"Felipe Camar\u00e3o\"],\"articleSection\":[\"not\u00edcias\",\"pol\u00edtica\"],\"inLanguage\":\"pt-BR\",\"potentialAction\":[{\"@type\":\"CommentAction\",\"name\":\"Comment\",\"target\":[\"https:\\\/\\\/maranhaotv.com.br\\\/index.php\\\/2021\\\/11\\\/05\\\/ato-de-lancamento-de-pre-candidatura-de-felipe-camarao-ao-governo-reune-mais-de-3-mil-pessoas-em-sao-luis\\\/#respond\"]}]},{\"@type\":\"WebPage\",\"@id\":\"https:\\\/\\\/maranhaotv.com.br\\\/index.php\\\/2021\\\/11\\\/05\\\/ato-de-lancamento-de-pre-candidatura-de-felipe-camarao-ao-governo-reune-mais-de-3-mil-pessoas-em-sao-luis\\\/\",\"url\":\"https:\\\/\\\/maranhaotv.com.br\\\/index.php\\\/2021\\\/11\\\/05\\\/ato-de-lancamento-de-pre-candidatura-de-felipe-camarao-ao-governo-reune-mais-de-3-mil-pessoas-em-sao-luis\\\/\",\"name\":\"Ato de lan\u00e7amento de pr\u00e9-candidatura de Felipe Camar\u00e3o ao Governo re\u00fane mais de 3 mil pessoas, em S\u00e3o Lu\u00eds - NOT\u00cdCIAS EM TEMPO REAL\",\"isPartOf\":{\"@id\":\"https:\\\/\\\/maranhaotv.com.br\\\/#website\"},\"primaryImageOfPage\":{\"@id\":\"https:\\\/\\\/maranhaotv.com.br\\\/index.php\\\/2021\\\/11\\\/05\\\/ato-de-lancamento-de-pre-candidatura-de-felipe-camarao-ao-governo-reune-mais-de-3-mil-pessoas-em-sao-luis\\\/#primaryimage\"},\"image\":{\"@id\":\"https:\\\/\\\/maranhaotv.com.br\\\/index.php\\\/2021\\\/11\\\/05\\\/ato-de-lancamento-de-pre-candidatura-de-felipe-camarao-ao-governo-reune-mais-de-3-mil-pessoas-em-sao-luis\\\/#primaryimage\"},\"thumbnailUrl\":\"\",\"datePublished\":\"2021-11-05T14:50:54+00:00\",\"breadcrumb\":{\"@id\":\"https:\\\/\\\/maranhaotv.com.br\\\/index.php\\\/2021\\\/11\\\/05\\\/ato-de-lancamento-de-pre-candidatura-de-felipe-camarao-ao-governo-reune-mais-de-3-mil-pessoas-em-sao-luis\\\/#breadcrumb\"},\"inLanguage\":\"pt-BR\",\"potentialAction\":[{\"@type\":\"ReadAction\",\"target\":[\"https:\\\/\\\/maranhaotv.com.br\\\/index.php\\\/2021\\\/11\\\/05\\\/ato-de-lancamento-de-pre-candidatura-de-felipe-camarao-ao-governo-reune-mais-de-3-mil-pessoas-em-sao-luis\\\/\"]}]},{\"@type\":\"ImageObject\",\"inLanguage\":\"pt-BR\",\"@id\":\"https:\\\/\\\/maranhaotv.com.br\\\/index.php\\\/2021\\\/11\\\/05\\\/ato-de-lancamento-de-pre-candidatura-de-felipe-camarao-ao-governo-reune-mais-de-3-mil-pessoas-em-sao-luis\\\/#primaryimage\",\"url\":\"\",\"contentUrl\":\"\"},{\"@type\":\"BreadcrumbList\",\"@id\":\"https:\\\/\\\/maranhaotv.com.br\\\/index.php\\\/2021\\\/11\\\/05\\\/ato-de-lancamento-de-pre-candidatura-de-felipe-camarao-ao-governo-reune-mais-de-3-mil-pessoas-em-sao-luis\\\/#breadcrumb\",\"itemListElement\":[{\"@type\":\"ListItem\",\"position\":1,\"name\":\"In\u00edcio\",\"item\":\"https:\\\/\\\/maranhaotv.com.br\\\/\"},{\"@type\":\"ListItem\",\"position\":2,\"name\":\"Ato de lan\u00e7amento de pr\u00e9-candidatura de Felipe Camar\u00e3o ao Governo re\u00fane mais de 3 mil pessoas, em S\u00e3o Lu\u00eds\"}]},{\"@type\":\"WebSite\",\"@id\":\"https:\\\/\\\/maranhaotv.com.br\\\/#website\",\"url\":\"https:\\\/\\\/maranhaotv.com.br\\\/\",\"name\":\"Maranh\u00e3oTV\",\"description\":\"\",\"publisher\":{\"@id\":\"https:\\\/\\\/maranhaotv.com.br\\\/#organization\"},\"potentialAction\":[{\"@type\":\"SearchAction\",\"target\":{\"@type\":\"EntryPoint\",\"urlTemplate\":\"https:\\\/\\\/maranhaotv.com.br\\\/?s={search_term_string}\"},\"query-input\":{\"@type\":\"PropertyValueSpecification\",\"valueRequired\":true,\"valueName\":\"search_term_string\"}}],\"inLanguage\":\"pt-BR\"},{\"@type\":\"Organization\",\"@id\":\"https:\\\/\\\/maranhaotv.com.br\\\/#organization\",\"name\":\"Portal de Not\u00edcias\",\"url\":\"https:\\\/\\\/maranhaotv.com.br\\\/\",\"logo\":{\"@type\":\"ImageObject\",\"inLanguage\":\"pt-BR\",\"@id\":\"https:\\\/\\\/maranhaotv.com.br\\\/#\\\/schema\\\/logo\\\/image\\\/\",\"url\":\"https:\\\/\\\/maranhaotv.com.br\\\/wp-content\\\/uploads\\\/2024\\\/05\\\/cropped-cropped-avatar-1.png\",\"contentUrl\":\"https:\\\/\\\/maranhaotv.com.br\\\/wp-content\\\/uploads\\\/2024\\\/05\\\/cropped-cropped-avatar-1.png\",\"width\":792,\"height\":428,\"caption\":\"Portal de Not\u00edcias\"},\"image\":{\"@id\":\"https:\\\/\\\/maranhaotv.com.br\\\/#\\\/schema\\\/logo\\\/image\\\/\"},\"sameAs\":[\"https:\\\/\\\/www.facebook.com\\\/maiobaotv\",\"https:\\\/\\\/x.com\\\/sitemaranhaotv\",\"https:\\\/\\\/www.instagram.com\\\/maranhao.tv\",\"https:\\\/\\\/www.threads.net\\\/@maranhao.tv\"]},{\"@type\":\"Person\",\"@id\":\"https:\\\/\\\/maranhaotv.com.br\\\/#\\\/schema\\\/person\\\/3d54238e86b20bb5c89ab2fdb8f8829a\",\"name\":\"maranhaotv\",\"image\":{\"@type\":\"ImageObject\",\"inLanguage\":\"pt-BR\",\"@id\":\"https:\\\/\\\/secure.gravatar.com\\\/avatar\\\/8fadbca458d4cb68b1dd399ae9a40618d747bb1af65ac9fad21c89220a143eb4?s=96&d=mm&r=g\",\"url\":\"https:\\\/\\\/secure.gravatar.com\\\/avatar\\\/8fadbca458d4cb68b1dd399ae9a40618d747bb1af65ac9fad21c89220a143eb4?s=96&d=mm&r=g\",\"contentUrl\":\"https:\\\/\\\/secure.gravatar.com\\\/avatar\\\/8fadbca458d4cb68b1dd399ae9a40618d747bb1af65ac9fad21c89220a143eb4?s=96&d=mm&r=g\",\"caption\":\"maranhaotv\"},\"sameAs\":[\"https:\\\/\\\/maranhaotv.com.br\\\/\"],\"url\":\"https:\\\/\\\/maranhaotv.com.br\\\/index.php\\\/author\\\/maranhaotv\\\/\"}]}<\/script>\n<!-- \/ Yoast SEO plugin. -->","yoast_head_json":{"title":"Ato de lan\u00e7amento de pr\u00e9-candidatura de Felipe Camar\u00e3o ao Governo re\u00fane mais de 3 mil pessoas, em S\u00e3o Lu\u00eds - NOT\u00cdCIAS EM TEMPO REAL","robots":{"index":"index","follow":"follow","max-snippet":"max-snippet:-1","max-image-preview":"max-image-preview:large","max-video-preview":"max-video-preview:-1"},"canonical":"https:\/\/maranhaotv.com.br\/index.php\/2021\/11\/05\/ato-de-lancamento-de-pre-candidatura-de-felipe-camarao-ao-governo-reune-mais-de-3-mil-pessoas-em-sao-luis\/","og_locale":"pt_BR","og_type":"article","og_title":"Ato de lan\u00e7amento de pr\u00e9-candidatura de Felipe Camar\u00e3o ao Governo re\u00fane mais de 3 mil pessoas, em S\u00e3o Lu\u00eds - NOT\u00cdCIAS EM TEMPO REAL","og_description":"A busca por um Maranh\u00e3o ainda melhor renasce do trabalho s\u00e9rio, da luta e esperan\u00e7a alicer\u00e7ados na vontade de governar,","og_url":"https:\/\/maranhaotv.com.br\/index.php\/2021\/11\/05\/ato-de-lancamento-de-pre-candidatura-de-felipe-camarao-ao-governo-reune-mais-de-3-mil-pessoas-em-sao-luis\/","og_site_name":"NOT\u00cdCIAS EM TEMPO REAL","article_publisher":"https:\/\/www.facebook.com\/maiobaotv","article_published_time":"2021-11-05T14:50:54+00:00","author":"maranhaotv","twitter_card":"summary_large_image","twitter_creator":"@sitemaranhaotv","twitter_site":"@sitemaranhaotv","twitter_misc":{"Escrito por":"maranhaotv","Est. tempo de leitura":"5 minutos"},"schema":{"@context":"https:\/\/schema.org","@graph":[{"@type":"Article","@id":"https:\/\/maranhaotv.com.br\/index.php\/2021\/11\/05\/ato-de-lancamento-de-pre-candidatura-de-felipe-camarao-ao-governo-reune-mais-de-3-mil-pessoas-em-sao-luis\/#article","isPartOf":{"@id":"https:\/\/maranhaotv.com.br\/index.php\/2021\/11\/05\/ato-de-lancamento-de-pre-candidatura-de-felipe-camarao-ao-governo-reune-mais-de-3-mil-pessoas-em-sao-luis\/"},"author":{"name":"maranhaotv","@id":"https:\/\/maranhaotv.com.br\/#\/schema\/person\/3d54238e86b20bb5c89ab2fdb8f8829a"},"headline":"Ato de lan\u00e7amento de pr\u00e9-candidatura de Felipe Camar\u00e3o ao Governo re\u00fane mais de 3 mil pessoas, em S\u00e3o Lu\u00eds","datePublished":"2021-11-05T14:50:54+00:00","mainEntityOfPage":{"@id":"https:\/\/maranhaotv.com.br\/index.php\/2021\/11\/05\/ato-de-lancamento-de-pre-candidatura-de-felipe-camarao-ao-governo-reune-mais-de-3-mil-pessoas-em-sao-luis\/"},"wordCount":1025,"commentCount":0,"publisher":{"@id":"https:\/\/maranhaotv.com.br\/#organization"},"image":{"@id":"https:\/\/maranhaotv.com.br\/index.php\/2021\/11\/05\/ato-de-lancamento-de-pre-candidatura-de-felipe-camarao-ao-governo-reune-mais-de-3-mil-pessoas-em-sao-luis\/#primaryimage"},"thumbnailUrl":"","keywords":["Felipe Camar\u00e3o"],"articleSection":["not\u00edcias","pol\u00edtica"],"inLanguage":"pt-BR","potentialAction":[{"@type":"CommentAction","name":"Comment","target":["https:\/\/maranhaotv.com.br\/index.php\/2021\/11\/05\/ato-de-lancamento-de-pre-candidatura-de-felipe-camarao-ao-governo-reune-mais-de-3-mil-pessoas-em-sao-luis\/#respond"]}]},{"@type":"WebPage","@id":"https:\/\/maranhaotv.com.br\/index.php\/2021\/11\/05\/ato-de-lancamento-de-pre-candidatura-de-felipe-camarao-ao-governo-reune-mais-de-3-mil-pessoas-em-sao-luis\/","url":"https:\/\/maranhaotv.com.br\/index.php\/2021\/11\/05\/ato-de-lancamento-de-pre-candidatura-de-felipe-camarao-ao-governo-reune-mais-de-3-mil-pessoas-em-sao-luis\/","name":"Ato de lan\u00e7amento de pr\u00e9-candidatura de Felipe Camar\u00e3o ao Governo re\u00fane mais de 3 mil pessoas, em S\u00e3o Lu\u00eds - NOT\u00cdCIAS EM TEMPO REAL","isPartOf":{"@id":"https:\/\/maranhaotv.com.br\/#website"},"primaryImageOfPage":{"@id":"https:\/\/maranhaotv.com.br\/index.php\/2021\/11\/05\/ato-de-lancamento-de-pre-candidatura-de-felipe-camarao-ao-governo-reune-mais-de-3-mil-pessoas-em-sao-luis\/#primaryimage"},"image":{"@id":"https:\/\/maranhaotv.com.br\/index.php\/2021\/11\/05\/ato-de-lancamento-de-pre-candidatura-de-felipe-camarao-ao-governo-reune-mais-de-3-mil-pessoas-em-sao-luis\/#primaryimage"},"thumbnailUrl":"","datePublished":"2021-11-05T14:50:54+00:00","breadcrumb":{"@id":"https:\/\/maranhaotv.com.br\/index.php\/2021\/11\/05\/ato-de-lancamento-de-pre-candidatura-de-felipe-camarao-ao-governo-reune-mais-de-3-mil-pessoas-em-sao-luis\/#breadcrumb"},"inLanguage":"pt-BR","potentialAction":[{"@type":"ReadAction","target":["https:\/\/maranhaotv.com.br\/index.php\/2021\/11\/05\/ato-de-lancamento-de-pre-candidatura-de-felipe-camarao-ao-governo-reune-mais-de-3-mil-pessoas-em-sao-luis\/"]}]},{"@type":"ImageObject","inLanguage":"pt-BR","@id":"https:\/\/maranhaotv.com.br\/index.php\/2021\/11\/05\/ato-de-lancamento-de-pre-candidatura-de-felipe-camarao-ao-governo-reune-mais-de-3-mil-pessoas-em-sao-luis\/#primaryimage","url":"","contentUrl":""},{"@type":"BreadcrumbList","@id":"https:\/\/maranhaotv.com.br\/index.php\/2021\/11\/05\/ato-de-lancamento-de-pre-candidatura-de-felipe-camarao-ao-governo-reune-mais-de-3-mil-pessoas-em-sao-luis\/#breadcrumb","itemListElement":[{"@type":"ListItem","position":1,"name":"In\u00edcio","item":"https:\/\/maranhaotv.com.br\/"},{"@type":"ListItem","position":2,"name":"Ato de lan\u00e7amento de pr\u00e9-candidatura de Felipe Camar\u00e3o ao Governo re\u00fane mais de 3 mil pessoas, em S\u00e3o Lu\u00eds"}]},{"@type":"WebSite","@id":"https:\/\/maranhaotv.com.br\/#website","url":"https:\/\/maranhaotv.com.br\/","name":"Maranh\u00e3oTV","description":"","publisher":{"@id":"https:\/\/maranhaotv.com.br\/#organization"},"potentialAction":[{"@type":"SearchAction","target":{"@type":"EntryPoint","urlTemplate":"https:\/\/maranhaotv.com.br\/?s={search_term_string}"},"query-input":{"@type":"PropertyValueSpecification","valueRequired":true,"valueName":"search_term_string"}}],"inLanguage":"pt-BR"},{"@type":"Organization","@id":"https:\/\/maranhaotv.com.br\/#organization","name":"Portal de Not\u00edcias","url":"https:\/\/maranhaotv.com.br\/","logo":{"@type":"ImageObject","inLanguage":"pt-BR","@id":"https:\/\/maranhaotv.com.br\/#\/schema\/logo\/image\/","url":"https:\/\/maranhaotv.com.br\/wp-content\/uploads\/2024\/05\/cropped-cropped-avatar-1.png","contentUrl":"https:\/\/maranhaotv.com.br\/wp-content\/uploads\/2024\/05\/cropped-cropped-avatar-1.png","width":792,"height":428,"caption":"Portal de Not\u00edcias"},"image":{"@id":"https:\/\/maranhaotv.com.br\/#\/schema\/logo\/image\/"},"sameAs":["https:\/\/www.facebook.com\/maiobaotv","https:\/\/x.com\/sitemaranhaotv","https:\/\/www.instagram.com\/maranhao.tv","https:\/\/www.threads.net\/@maranhao.tv"]},{"@type":"Person","@id":"https:\/\/maranhaotv.com.br\/#\/schema\/person\/3d54238e86b20bb5c89ab2fdb8f8829a","name":"maranhaotv","image":{"@type":"ImageObject","inLanguage":"pt-BR","@id":"https:\/\/secure.gravatar.com\/avatar\/8fadbca458d4cb68b1dd399ae9a40618d747bb1af65ac9fad21c89220a143eb4?s=96&d=mm&r=g","url":"https:\/\/secure.gravatar.com\/avatar\/8fadbca458d4cb68b1dd399ae9a40618d747bb1af65ac9fad21c89220a143eb4?s=96&d=mm&r=g","contentUrl":"https:\/\/secure.gravatar.com\/avatar\/8fadbca458d4cb68b1dd399ae9a40618d747bb1af65ac9fad21c89220a143eb4?s=96&d=mm&r=g","caption":"maranhaotv"},"sameAs":["https:\/\/maranhaotv.com.br\/"],"url":"https:\/\/maranhaotv.com.br\/index.php\/author\/maranhaotv\/"}]}},"jetpack_featured_media_url":"","jetpack_sharing_enabled":true,"_links":{"self":[{"href":"https:\/\/maranhaotv.com.br\/index.php\/wp-json\/wp\/v2\/posts\/24687","targetHints":{"allow":["GET"]}}],"collection":[{"href":"https:\/\/maranhaotv.com.br\/index.php\/wp-json\/wp\/v2\/posts"}],"about":[{"href":"https:\/\/maranhaotv.com.br\/index.php\/wp-json\/wp\/v2\/types\/post"}],"author":[{"embeddable":true,"href":"https:\/\/maranhaotv.com.br\/index.php\/wp-json\/wp\/v2\/users\/2"}],"replies":[{"embeddable":true,"href":"https:\/\/maranhaotv.com.br\/index.php\/wp-json\/wp\/v2\/comments?post=24687"}],"version-history":[{"count":0,"href":"https:\/\/maranhaotv.com.br\/index.php\/wp-json\/wp\/v2\/posts\/24687\/revisions"}],"wp:featuredmedia":[{"embeddable":true,"href":"https:\/\/maranhaotv.com.br\/index.php\/wp-json\/"}],"wp:attachment":[{"href":"https:\/\/maranhaotv.com.br\/index.php\/wp-json\/wp\/v2\/media?parent=24687"}],"wp:term":[{"taxonomy":"category","embeddable":true,"href":"https:\/\/maranhaotv.com.br\/index.php\/wp-json\/wp\/v2\/categories?post=24687"},{"taxonomy":"post_tag","embeddable":true,"href":"https:\/\/maranhaotv.com.br\/index.php\/wp-json\/wp\/v2\/tags?post=24687"}],"curies":[{"name":"wp","href":"https:\/\/api.w.org\/{rel}","templated":true}]}}