{"id":25303,"date":"2021-12-14T10:55:54","date_gmt":"2021-12-14T13:55:54","guid":{"rendered":"https:\/\/maranhaotv.com.br\/?p=25303"},"modified":"2021-12-14T10:55:54","modified_gmt":"2021-12-14T13:55:54","slug":"insatisfeitos-associacoes-de-policiais-e-bombeiros-militares-emitem-nota-repudiando-reajuste-do-governo-dino","status":"publish","type":"post","link":"https:\/\/maranhaotv.com.br\/index.php\/2021\/12\/14\/insatisfeitos-associacoes-de-policiais-e-bombeiros-militares-emitem-nota-repudiando-reajuste-do-governo-dino\/","title":{"rendered":"Insatisfeitos, Associa\u00e7\u00f5es de Policiais e Bombeiros Militares emitem nota repudiando reajuste do governo Dino"},"content":{"rendered":"\n<p>Para as Associa\u00e7\u00f5es unidas de Policiais e Bombeiros Militares o reajuste salarial de apenas 7%, e o pequeno abono sobre o vale alimenta\u00e7\u00e3o est\u00e1 muito aqu\u00e9m dos 43% perdidos para a infla\u00e7\u00e3o nestes sete anos do governo de Fl\u00e1vio Dino. Categoria negociava algo em torno de 30% de aumento salarial.<\/p>\n\n\n\n<p>Vejam a nota na \u00edntegra:<\/p>\n\n\n\n<p>NOTA P\u00daBLICA<\/p>\n\n\n\n<p>As ASSOCIA\u00c7\u00d5ES UNIDAS DA POL\u00cdCIA MILITAR E BOMBEIROS MILITARES DO MARANH\u00c3O vem a p\u00fablico externar surpresa e total insatisfa\u00e7\u00e3o, pela forma unilateral e antidemocr\u00e1tica em que o governo do Estado enviou a mensagem n\u00ba 124\/2021, datada de 10 de dezembro de 2021 \u00e0 Assembleia legislativa do Maranh\u00e3o, que disp\u00f5es sobre a remunera\u00e7\u00e3o dos servidores p\u00fablicos estadual.<\/p>\n\n\n\n<p>As ASSOCIA\u00c7\u00d5ES UNIDAS DA POL\u00cdCIA MILITAR E BOMBEIROS MILITARES DO MARANH\u00c3O est\u00e1 h\u00e1 meses, de forma honesta, digna, confiante e respeitosa buscando o executivo para tratar das perdas salariais que tivemos durante os \u00faltimos sete anos deste atual mandato, e somos surpreendidos com este percentual que desestimula e indigna toda a classe Policial Miliar e Bombeiro Militar do Estado do Maranh\u00e3o.<\/p>\n\n\n\n<p>As ASSOCIA\u00c7\u00d5ES UNIDAS DA POL\u00cdCIA MILITAR E BOMBEIROS MILITARES DO MARANH\u00c3O, atrav\u00e9s de seus representantes, h\u00e1 tempos levaram ao poder executivo a planilha com o demonstrativo da enorme defasagem do soldo do sofrido militar deste Estado; esteve presente nas reuni\u00f5es com os secret\u00e1rios do governo; e sempre teve uma resposta que haveria um di\u00e1logo conosco sobre as condi\u00e7\u00f5es do Estado e, juntos, deliberar\u00edamos sobre um percentual digno.<\/p>\n\n\n\n<p>N\u00e3o se pode falar em processo democr\u00e1tico, quando se decide arbitrariamente sobre um assunto que come\u00e7ou a ser discutido em conjunto e terminou, melancolicamente, em um ato unilateral e insens\u00edvel. Insens\u00edvel, pois os militares da pol\u00edcia e dos Bombeiros, sempre se sacrificaram em prol da sociedade maranhense, sobretudo neste terr\u00edvel momento pand\u00eamico em que o pa\u00eds se encontra ao custo da pr\u00f3pria vida. Muitas vezes sem os m\u00ednimos equipamentos de seguran\u00e7a contra este v\u00edrus nefasto, que levou muitos de nossos colegas.<\/p>\n\n\n\n<p>Finalizamos esta nota afirmando que o percentual de 7%, mais o pequeno abono sobre o vale alimenta\u00e7\u00e3o (que n\u00e3o alcan\u00e7ar\u00e1 os policiais reformados, que tanto contribu\u00edram para o Estado quando na ativa) dado aos policiais e bombeiros militares est\u00e1 muito aqu\u00e9m dos 43% perdidos para a infla\u00e7\u00e3o nestes sete longos anos de sacrif\u00edcios.<\/p>\n\n\n\n<p>Em tempo: As ASSOCIA\u00c7\u00d5ES UNIDAS DA POL\u00cdCIA MILITAR E BOMBEIROS MILITARES DO MARANH\u00c3O n\u00e3o fogem \u00e0 luta, e est\u00e3o se reunindo para deliberar sobre este fat\u00eddico assunto e articular os pr\u00f3ximos passos em busca da justi\u00e7a para nossa classe.<\/p>\n\n\n\n<p>Assinam esta nota:<\/p>\n\n\n\n<p>Associa\u00e7\u00e3o Atl\u00e9tica Tiradentes dos PM\u2019s do 7\u00ba BPM &#8211; AAT \u2013 Pindar\u00e9<br \/>Associa\u00e7\u00e3o dos Servidores P\u00fablicos Militares Estaduais do Maranh\u00e3o \u2013 S\u00e3o Luis<br \/>Associa\u00e7\u00e3o dos Bombeiros do Maranh\u00e3o do Sul &#8211; ABOMMSUL<br \/>Associa\u00e7\u00e3o dos Inativos e Pensionistas da PM e BM &#8211; AIPPCBMMA<br \/>Associa\u00e7\u00e3o dos Militares Ativos e inativos de Caxias &#8211; AMAIC<br \/>Associa\u00e7\u00e3o dos Militares do Corpo de Bombeiros do Maranh\u00e3o \u2013 ASMB<br \/>Associa\u00e7\u00e3o dos Oficiais Militares do Corpo de Bombeiros do Maranh\u00e3o<br \/>Associa\u00e7\u00e3o dos Policiais Militares de Timon &#8211; ASPOM<br \/>Associa\u00e7\u00e3o dos Servidores P\u00fablicos Militares do Maranh\u00e3o \u2013 PM\/BM &#8211; ASSEPMMA<br \/>Associa\u00e7\u00e3o Recreativa de Cabos e Soldados do 4\u00ba BPM- ARCS &#8211; Balsas<br \/>Associa\u00e7\u00e3o Regional dos Cabos e Soldados de Imperatriz e A\u00e7ail\u00e2ndia \u2013 ASCPMIA<br \/>Associa\u00e7\u00e3o Regional dos Policiais Militares &#8211; ARPM \/ Presidente Dutra<br \/>Associa\u00e7\u00e3o Regional dos Policiais Militares do 5\u00ba BPM &#8211; Barra do Borda\/AREPOM<br \/>Caixa Beneficente dos Oficiais e Pra\u00e7as da Pol\u00edcia Militar e Corpo de Bombeiros Militar<br \/>Clube dos Oficiais da Pol\u00edcia Militar \u2013 COPMBM<br \/>Clube Recreativo das Pra\u00e7as do 10 BPM \u2013 CRP \/ Pinheiro<\/p>\n","protected":false},"excerpt":{"rendered":"<p>Para as Associa\u00e7\u00f5es unidas de Policiais e Bombeiros Militares o reajuste salarial de apenas 7%, e o pequeno abono sobre<\/p>\n","protected":false},"author":2,"featured_media":25302,"comment_status":"open","ping_status":"open","sticky":false,"template":"","format":"standard","meta":{"colormag_page_container_layout":"default_layout","colormag_page_sidebar_layout":"default_layout","_jetpack_memberships_contains_paid_content":false,"footnotes":""},"categories":[2],"tags":[],"class_list":["post-25303","post","type-post","status-publish","format-standard","has-post-thumbnail","hentry","category-noticias"],"magazineBlocksPostFeaturedMedia":{"thumbnail":false,"medium":false,"medium_large":false,"large":false,"1536x1536":false,"2048x2048":false,"colormag-highlighted-post":false,"colormag-featured-post-medium":false,"colormag-featured-post-small":false,"colormag-featured-image":false,"colormag-default-news":false,"colormag-featured-image-large":false},"magazineBlocksPostAuthor":{"name":"maranhaotv","avatar":"https:\/\/secure.gravatar.com\/avatar\/8fadbca458d4cb68b1dd399ae9a40618d747bb1af65ac9fad21c89220a143eb4?s=96&d=mm&r=g"},"magazineBlocksPostCommentsNumber":"0","magazineBlocksPostExcerpt":"Para as Associa\u00e7\u00f5es unidas de Policiais e Bombeiros Militares o reajuste salarial de apenas 7%, e o pequeno abono sobre","magazineBlocksPostCategories":["not\u00edcias"],"magazineBlocksPostViewCount":177,"magazineBlocksPostReadTime":4,"magazine_blocks_featured_image_url":{"full":false,"medium":false,"thumbnail":false},"magazine_blocks_author":{"display_name":"maranhaotv","author_link":"https:\/\/maranhaotv.com.br\/index.php\/author\/maranhaotv\/"},"magazine_blocks_comment":0,"magazine_blocks_author_image":"https:\/\/secure.gravatar.com\/avatar\/8fadbca458d4cb68b1dd399ae9a40618d747bb1af65ac9fad21c89220a143eb4?s=96&d=mm&r=g","magazine_blocks_category":"<a href=\"#\" class=\"category-link category-link-2\">not\u00edcias<\/a>","jetpack_featured_media_url":"","jetpack_sharing_enabled":true,"_links":{"self":[{"href":"https:\/\/maranhaotv.com.br\/index.php\/wp-json\/wp\/v2\/posts\/25303","targetHints":{"allow":["GET"]}}],"collection":[{"href":"https:\/\/maranhaotv.com.br\/index.php\/wp-json\/wp\/v2\/posts"}],"about":[{"href":"https:\/\/maranhaotv.com.br\/index.php\/wp-json\/wp\/v2\/types\/post"}],"author":[{"embeddable":true,"href":"https:\/\/maranhaotv.com.br\/index.php\/wp-json\/wp\/v2\/users\/2"}],"replies":[{"embeddable":true,"href":"https:\/\/maranhaotv.com.br\/index.php\/wp-json\/wp\/v2\/comments?post=25303"}],"version-history":[{"count":0,"href":"https:\/\/maranhaotv.com.br\/index.php\/wp-json\/wp\/v2\/posts\/25303\/revisions"}],"wp:featuredmedia":[{"embeddable":true,"href":"https:\/\/maranhaotv.com.br\/index.php\/wp-json\/"}],"wp:attachment":[{"href":"https:\/\/maranhaotv.com.br\/index.php\/wp-json\/wp\/v2\/media?parent=25303"}],"wp:term":[{"taxonomy":"category","embeddable":true,"href":"https:\/\/maranhaotv.com.br\/index.php\/wp-json\/wp\/v2\/categories?post=25303"},{"taxonomy":"post_tag","embeddable":true,"href":"https:\/\/maranhaotv.com.br\/index.php\/wp-json\/wp\/v2\/tags?post=25303"}],"curies":[{"name":"wp","href":"https:\/\/api.w.org\/{rel}","templated":true}]}}