{"id":27128,"date":"2022-05-02T15:21:11","date_gmt":"2022-05-02T18:21:11","guid":{"rendered":"https:\/\/maranhaotv.com.br\/?p=27128"},"modified":"2022-05-02T15:21:11","modified_gmt":"2022-05-02T18:21:11","slug":"homem-e-morto-a-tiros-por-grupo-rival-na-vila-apaco-em-sao-luis","status":"publish","type":"post","link":"https:\/\/maranhaotv.com.br\/index.php\/2022\/05\/02\/homem-e-morto-a-tiros-por-grupo-rival-na-vila-apaco-em-sao-luis\/","title":{"rendered":"Homem \u00e9 morto a tiros por grupo rival na Vila Apaco em S\u00e3o Lu\u00eds"},"content":{"rendered":"\n<p><br>Segundo a pol\u00edcia, a v\u00edtima era suspeita de praticar diversos roubos na Grande Ilha<br>Um homem identificado como Ismael Sousa, de 19 anos, foi morto a tiros na noite deste s\u00e1bado (30), por uma organiza\u00e7\u00e3o criminosa rival na Vila Apaco, em S\u00e3o Lu\u00eds. Segundo a pol\u00edcia, a v\u00edtima era suspeita de praticar diversos roubos na Grande Ilha.<br>Segundo a pol\u00edcia, Ismael tinha sa\u00eddo na tarde de s\u00e1bado para encontrar alguns amigos para cometer assaltos na regi\u00e3o do Jardim Am\u00e9rica. Nas proximidades de uma empresa de \u00f4nibus, ele foi baleado e morto pelo grupo rival.<br>O corpo de Ismael foi removido para o Instituto M\u00e9dico Legal (IML), no Bacanga. O caso est\u00e1 sendo investigado pela Superint\u00eandencia Estadual de Investiga\u00e7\u00e3o de Homic\u00eddios e Prote\u00e7\u00e3o a Pessoa.<\/p>\n","protected":false},"excerpt":{"rendered":"<p>Segundo a pol\u00edcia, a v\u00edtima era suspeita de praticar diversos roubos na Grande IlhaUm homem identificado como Ismael Sousa, de<\/p>\n","protected":false},"author":2,"featured_media":27127,"comment_status":"open","ping_status":"open","sticky":false,"template":"","format":"standard","meta":{"colormag_page_container_layout":"default_layout","colormag_page_sidebar_layout":"default_layout","_jetpack_memberships_contains_paid_content":false,"footnotes":""},"categories":[3],"tags":[],"class_list":["post-27128","post","type-post","status-publish","format-standard","has-post-thumbnail","hentry","category-policial"],"magazineBlocksPostFeaturedMedia":{"thumbnail":false,"medium":false,"medium_large":false,"large":false,"1536x1536":false,"2048x2048":false,"colormag-highlighted-post":false,"colormag-featured-post-medium":false,"colormag-featured-post-small":false,"colormag-featured-image":false,"colormag-default-news":false,"colormag-featured-image-large":false},"magazineBlocksPostAuthor":{"name":"maranhaotv","avatar":"https:\/\/secure.gravatar.com\/avatar\/8fadbca458d4cb68b1dd399ae9a40618d747bb1af65ac9fad21c89220a143eb4?s=96&d=mm&r=g"},"magazineBlocksPostCommentsNumber":"0","magazineBlocksPostExcerpt":"Segundo a pol\u00edcia, a v\u00edtima era suspeita de praticar diversos roubos na Grande IlhaUm homem identificado como Ismael Sousa, de","magazineBlocksPostCategories":["policial"],"magazineBlocksPostViewCount":234,"magazineBlocksPostReadTime":1,"magazine_blocks_featured_image_url":{"full":false,"medium":false,"thumbnail":false},"magazine_blocks_author":{"display_name":"maranhaotv","author_link":"https:\/\/maranhaotv.com.br\/index.php\/author\/maranhaotv\/"},"magazine_blocks_comment":0,"magazine_blocks_author_image":"https:\/\/secure.gravatar.com\/avatar\/8fadbca458d4cb68b1dd399ae9a40618d747bb1af65ac9fad21c89220a143eb4?s=96&d=mm&r=g","magazine_blocks_category":"<a href=\"#\" class=\"category-link category-link-3\">policial<\/a>","jetpack_featured_media_url":"","jetpack_sharing_enabled":true,"_links":{"self":[{"href":"https:\/\/maranhaotv.com.br\/index.php\/wp-json\/wp\/v2\/posts\/27128","targetHints":{"allow":["GET"]}}],"collection":[{"href":"https:\/\/maranhaotv.com.br\/index.php\/wp-json\/wp\/v2\/posts"}],"about":[{"href":"https:\/\/maranhaotv.com.br\/index.php\/wp-json\/wp\/v2\/types\/post"}],"author":[{"embeddable":true,"href":"https:\/\/maranhaotv.com.br\/index.php\/wp-json\/wp\/v2\/users\/2"}],"replies":[{"embeddable":true,"href":"https:\/\/maranhaotv.com.br\/index.php\/wp-json\/wp\/v2\/comments?post=27128"}],"version-history":[{"count":0,"href":"https:\/\/maranhaotv.com.br\/index.php\/wp-json\/wp\/v2\/posts\/27128\/revisions"}],"wp:featuredmedia":[{"embeddable":true,"href":"https:\/\/maranhaotv.com.br\/index.php\/wp-json\/"}],"wp:attachment":[{"href":"https:\/\/maranhaotv.com.br\/index.php\/wp-json\/wp\/v2\/media?parent=27128"}],"wp:term":[{"taxonomy":"category","embeddable":true,"href":"https:\/\/maranhaotv.com.br\/index.php\/wp-json\/wp\/v2\/categories?post=27128"},{"taxonomy":"post_tag","embeddable":true,"href":"https:\/\/maranhaotv.com.br\/index.php\/wp-json\/wp\/v2\/tags?post=27128"}],"curies":[{"name":"wp","href":"https:\/\/api.w.org\/{rel}","templated":true}]}}