{"id":27131,"date":"2022-05-02T16:49:54","date_gmt":"2022-05-02T19:49:54","guid":{"rendered":"https:\/\/maranhaotv.com.br\/?p=27131"},"modified":"2022-05-02T16:49:54","modified_gmt":"2022-05-02T19:49:54","slug":"pl-de-rubens-jr-estabelece-prazo-para-apresentacao-da-defesa-nos-juizados-especiais-civeis","status":"publish","type":"post","link":"https:\/\/maranhaotv.com.br\/index.php\/2022\/05\/02\/pl-de-rubens-jr-estabelece-prazo-para-apresentacao-da-defesa-nos-juizados-especiais-civeis\/","title":{"rendered":"PL de Rubens Jr estabelece prazo para apresenta\u00e7\u00e3o da defesa nos Juizados Especiais C\u00edveis"},"content":{"rendered":"\n<p>Texto inclui na lei prazo j\u00e1 aceito pela jurisprud\u00eancia e previsto no C\u00f3digo de Processo Civil<br><br>O Projeto de Lei 882\/22 estabelece que a defesa dos r\u00e9us nos Juizados Especiais C\u00edveis dever\u00e1 ser apresentada por escrito no prazo de 15 dias, a contar da data de realiza\u00e7\u00e3o da audi\u00eancia de concilia\u00e7\u00e3o. O texto tramita na C\u00e2mara dos Deputados.<br>A proposta \u00e9 do deputado Rubens Pereira J\u00fanior (PT-MA). Ele afirma que a Lei dos Juizados Especiais n\u00e3o disp\u00f5e sobre o prazo para o oferecimento da contesta\u00e7\u00e3o pelo r\u00e9u, o que gera inseguran\u00e7a jur\u00eddica.<br>Atualmente, segundo Pereira J\u00fanior, parte da jurisprud\u00eancia recomenda usar o prazo de 15 dias ap\u00f3s a audi\u00eancia de media\u00e7\u00e3o ou concilia\u00e7\u00e3o, previsto no C\u00f3digo de Processo Civil.<br>\u201cPara al\u00e9m da aludida inseguran\u00e7a jur\u00eddica causada, \u00e9 uma tend\u00eancia do sistema processual civil uniformizar os prazos para realiza\u00e7\u00e3o dos atos processuais\u201d, disse.<br>A proposta do deputado determina ainda que a contesta\u00e7\u00e3o dever\u00e1 ser apenas por escrito. Hoje tamb\u00e9m \u00e9 admitida a apresenta\u00e7\u00e3o oral. Pereira J\u00fanior explica que a mudan\u00e7a agiliza a presta\u00e7\u00e3o da justi\u00e7a, j\u00e1 que atualmente a maior parte das a\u00e7\u00f5es s\u00e3o digitais.<br>Tramita\u00e7\u00e3o<br>O projeto ser\u00e1 analisado em car\u00e1ter conclusivo pela Comiss\u00e3o de Constitui\u00e7\u00e3o e Justi\u00e7a e de Cidadania (CCJ).<\/p>\n","protected":false},"excerpt":{"rendered":"<p>Texto inclui na lei prazo j\u00e1 aceito pela jurisprud\u00eancia e previsto no C\u00f3digo de Processo Civil O Projeto de Lei<\/p>\n","protected":false},"author":2,"featured_media":27130,"comment_status":"open","ping_status":"open","sticky":false,"template":"","format":"standard","meta":{"colormag_page_container_layout":"default_layout","colormag_page_sidebar_layout":"default_layout","_jetpack_memberships_contains_paid_content":false,"footnotes":""},"categories":[2],"tags":[],"class_list":["post-27131","post","type-post","status-publish","format-standard","has-post-thumbnail","hentry","category-noticias"],"magazineBlocksPostFeaturedMedia":{"thumbnail":false,"medium":false,"medium_large":false,"large":false,"1536x1536":false,"2048x2048":false,"colormag-highlighted-post":false,"colormag-featured-post-medium":false,"colormag-featured-post-small":false,"colormag-featured-image":false,"colormag-default-news":false,"colormag-featured-image-large":false},"magazineBlocksPostAuthor":{"name":"maranhaotv","avatar":"https:\/\/secure.gravatar.com\/avatar\/8fadbca458d4cb68b1dd399ae9a40618d747bb1af65ac9fad21c89220a143eb4?s=96&d=mm&r=g"},"magazineBlocksPostCommentsNumber":"0","magazineBlocksPostExcerpt":"Texto inclui na lei prazo j\u00e1 aceito pela jurisprud\u00eancia e previsto no C\u00f3digo de Processo Civil O Projeto de Lei","magazineBlocksPostCategories":["not\u00edcias"],"magazineBlocksPostViewCount":243,"magazineBlocksPostReadTime":2,"magazine_blocks_featured_image_url":{"full":false,"medium":false,"thumbnail":false},"magazine_blocks_author":{"display_name":"maranhaotv","author_link":"https:\/\/maranhaotv.com.br\/index.php\/author\/maranhaotv\/"},"magazine_blocks_comment":0,"magazine_blocks_author_image":"https:\/\/secure.gravatar.com\/avatar\/8fadbca458d4cb68b1dd399ae9a40618d747bb1af65ac9fad21c89220a143eb4?s=96&d=mm&r=g","magazine_blocks_category":"<a href=\"#\" class=\"category-link category-link-2\">not\u00edcias<\/a>","jetpack_featured_media_url":"","jetpack_sharing_enabled":true,"_links":{"self":[{"href":"https:\/\/maranhaotv.com.br\/index.php\/wp-json\/wp\/v2\/posts\/27131","targetHints":{"allow":["GET"]}}],"collection":[{"href":"https:\/\/maranhaotv.com.br\/index.php\/wp-json\/wp\/v2\/posts"}],"about":[{"href":"https:\/\/maranhaotv.com.br\/index.php\/wp-json\/wp\/v2\/types\/post"}],"author":[{"embeddable":true,"href":"https:\/\/maranhaotv.com.br\/index.php\/wp-json\/wp\/v2\/users\/2"}],"replies":[{"embeddable":true,"href":"https:\/\/maranhaotv.com.br\/index.php\/wp-json\/wp\/v2\/comments?post=27131"}],"version-history":[{"count":0,"href":"https:\/\/maranhaotv.com.br\/index.php\/wp-json\/wp\/v2\/posts\/27131\/revisions"}],"wp:featuredmedia":[{"embeddable":true,"href":"https:\/\/maranhaotv.com.br\/index.php\/wp-json\/"}],"wp:attachment":[{"href":"https:\/\/maranhaotv.com.br\/index.php\/wp-json\/wp\/v2\/media?parent=27131"}],"wp:term":[{"taxonomy":"category","embeddable":true,"href":"https:\/\/maranhaotv.com.br\/index.php\/wp-json\/wp\/v2\/categories?post=27131"},{"taxonomy":"post_tag","embeddable":true,"href":"https:\/\/maranhaotv.com.br\/index.php\/wp-json\/wp\/v2\/tags?post=27131"}],"curies":[{"name":"wp","href":"https:\/\/api.w.org\/{rel}","templated":true}]}}