{"id":27138,"date":"2022-05-02T16:51:56","date_gmt":"2022-05-02T19:51:56","guid":{"rendered":"https:\/\/maranhaotv.com.br\/?p=27138"},"modified":"2022-05-02T16:51:56","modified_gmt":"2022-05-02T19:51:56","slug":"sedes-promove-oficina-chefs-mirins-para-criancas-da-vila-cascavel","status":"publish","type":"post","link":"https:\/\/maranhaotv.com.br\/index.php\/2022\/05\/02\/sedes-promove-oficina-chefs-mirins-para-criancas-da-vila-cascavel\/","title":{"rendered":"Sedes promove Oficina Chefs Mirins para crian\u00e7as da Vila Cascavel"},"content":{"rendered":"\n<p>A Secretaria de Estado do Desenvolvimento Social (Sedes), por meio da Secretaria Adjunta de Seguran\u00e7a Alimentar e Nutricional (Sasan), promoveu nesta sexta-feira (29), a Oficina Chefs Mirins, na creche comunit\u00e1ria Lar do Saber, no bairro Vila Cascavel.<br>A iniciativa faz parte das atividades mensais promovidas pelo Banco de Alimentos. Seu objetivo \u00e9 trabalhar com as crian\u00e7as a educa\u00e7\u00e3o alimentar e nutricional, fazendo-as ter consci\u00eancia sobre os alimentos consumidos.<br>Al\u00e9m dos Chefs Mirins, servi\u00e7os como aferi\u00e7\u00e3o de press\u00e3o arterial, teste de glicemia, vacina\u00e7\u00e3o contra a gripe para crian\u00e7as e idosos e palestras educativas sobre sa\u00fade mental, tamb\u00e9m foram ofertados para a popula\u00e7\u00e3o, no local<br>Para o secret\u00e1rio da Sedes, Paulo Cas\u00e9 Fernandes essas a\u00e7\u00f5es s\u00e3o fundamentais para a popula\u00e7\u00e3o. &#8220;O Banco de Alimentos nos \u00faltimos dias levou diversos servi\u00e7os e atividades educativas \u00e0quela popula\u00e7\u00e3o, principalmente para as crian\u00e7as, com a Oficina Chefs Mirins. Assim, estamos promovendo a conscientiza\u00e7\u00e3o e uma melhor qualidade de vida, com uma alimenta\u00e7\u00e3o saud\u00e1vel para os participantes, garantindo seguran\u00e7a alimentar e nutricional\u201d, declarou o secret\u00e1rio.<br>A coordenadora do Banco de Alimentos, Danielle Arraes, falou sobre o encerramento das a\u00e7\u00f5es promovidas pela entidade, que iniciaram na \u00faltima ter\u00e7a-feira (26). \u201cEstamos muito felizes por conseguir alcan\u00e7ar essa popula\u00e7\u00e3o. Come\u00e7amos a semana com v\u00e1rias atividades e estamos finalizando com a Oficina Chefs Mirins. Para n\u00f3s tem sido maravilhoso, pois mais uma vez temos feito a miss\u00e3o acontecer. Estamos felizes com o resultado e por fazer parte de uma secretaria que desenvolve esse trabalho. S\u00f3 temos a comemorar\u201d, ressaltou.<br>Segundo a presidente do Instituto Socioeducacional Jesu\u00edna, Francinete Alves, respons\u00e1vel pela creche Lar do Saber, a a\u00e7\u00e3o levou diversos benef\u00edcios para a popula\u00e7\u00e3o da Vila Cascavel. \u201c\u00c9 motivo de muita alegria ter recebido essa a\u00e7\u00e3o em nosso Instituto. Somos imensamente gratos ao Banco de Alimentos e ao Governo do Estado por isso. A popula\u00e7\u00e3o foi muito beneficiada com essa iniciativa\u201d, comentou.  <br>Moradora da Vila Cascavel, Sildeiany Neves, opinou sobre a import\u00e2ncia da oferta de servi\u00e7os da sa\u00fade no local. \u201cMeu filho estuda aqui perto e por isso eu gostei muito que esses servi\u00e7os tenham vindo para c\u00e1. Conseguimos fazer a preven\u00e7\u00e3o e a vacina\u00e7\u00e3o das nossas crian\u00e7as, gra\u00e7as \u00e0 iniciativa. Essa oportunidade foi muito boa, s\u00f3 tenho a agradecer\u201d, disse.<\/p>\n\n\n\n<figure class=\"wp-block-image size-large\"><img decoding=\"async\" src=\"https:\/\/maranhaotv.com.br\/wp-content\/uploads\/2022\/05\/IMG-20220502-WA0296.jpg\" alt=\"\" class=\"wp-image-27134\"\/><\/figure>\n\n\n\n<figure class=\"wp-block-image\"><img decoding=\"async\" src=\"https:\/\/maranhaotv.com.br\/wp-content\/uploads\/2022\/05\/IMG-20220502-WA0293.jpg\" alt=\"\" class=\"wp-image-27136\"\/><\/figure>\n\n\n\n<figure class=\"wp-block-image\"><img decoding=\"async\" src=\"https:\/\/maranhaotv.com.br\/wp-content\/uploads\/2022\/05\/IMG-20220502-WA0292.jpg\" alt=\"\" class=\"wp-image-27133\"\/><\/figure>\n\n\n\n<figure class=\"wp-block-image\"><img decoding=\"async\" src=\"https:\/\/maranhaotv.com.br\/wp-content\/uploads\/2022\/05\/IMG-20220502-WA0291.jpg\" alt=\"\" class=\"wp-image-27135\"\/><\/figure>\n","protected":false},"excerpt":{"rendered":"<p>A Secretaria de Estado do Desenvolvimento Social (Sedes), por meio da Secretaria Adjunta de Seguran\u00e7a Alimentar e Nutricional (Sasan), promoveu<\/p>\n","protected":false},"author":2,"featured_media":27137,"comment_status":"open","ping_status":"open","sticky":false,"template":"","format":"standard","meta":{"colormag_page_container_layout":"default_layout","colormag_page_sidebar_layout":"default_layout","_jetpack_memberships_contains_paid_content":false,"footnotes":""},"categories":[2],"tags":[],"class_list":["post-27138","post","type-post","status-publish","format-standard","has-post-thumbnail","hentry","category-noticias"],"magazineBlocksPostFeaturedMedia":{"thumbnail":false,"medium":false,"medium_large":false,"large":false,"1536x1536":false,"2048x2048":false,"colormag-highlighted-post":false,"colormag-featured-post-medium":false,"colormag-featured-post-small":false,"colormag-featured-image":false,"colormag-default-news":false,"colormag-featured-image-large":false},"magazineBlocksPostAuthor":{"name":"maranhaotv","avatar":"https:\/\/secure.gravatar.com\/avatar\/8fadbca458d4cb68b1dd399ae9a40618d747bb1af65ac9fad21c89220a143eb4?s=96&d=mm&r=g"},"magazineBlocksPostCommentsNumber":"0","magazineBlocksPostExcerpt":"A Secretaria de Estado do Desenvolvimento Social (Sedes), por meio da Secretaria Adjunta de Seguran\u00e7a Alimentar e Nutricional (Sasan), promoveu","magazineBlocksPostCategories":["not\u00edcias"],"magazineBlocksPostViewCount":141,"magazineBlocksPostReadTime":3,"magazine_blocks_featured_image_url":{"full":false,"medium":false,"thumbnail":false},"magazine_blocks_author":{"display_name":"maranhaotv","author_link":"https:\/\/maranhaotv.com.br\/index.php\/author\/maranhaotv\/"},"magazine_blocks_comment":0,"magazine_blocks_author_image":"https:\/\/secure.gravatar.com\/avatar\/8fadbca458d4cb68b1dd399ae9a40618d747bb1af65ac9fad21c89220a143eb4?s=96&d=mm&r=g","magazine_blocks_category":"<a href=\"#\" class=\"category-link category-link-2\">not\u00edcias<\/a>","jetpack_featured_media_url":"","jetpack_sharing_enabled":true,"_links":{"self":[{"href":"https:\/\/maranhaotv.com.br\/index.php\/wp-json\/wp\/v2\/posts\/27138","targetHints":{"allow":["GET"]}}],"collection":[{"href":"https:\/\/maranhaotv.com.br\/index.php\/wp-json\/wp\/v2\/posts"}],"about":[{"href":"https:\/\/maranhaotv.com.br\/index.php\/wp-json\/wp\/v2\/types\/post"}],"author":[{"embeddable":true,"href":"https:\/\/maranhaotv.com.br\/index.php\/wp-json\/wp\/v2\/users\/2"}],"replies":[{"embeddable":true,"href":"https:\/\/maranhaotv.com.br\/index.php\/wp-json\/wp\/v2\/comments?post=27138"}],"version-history":[{"count":0,"href":"https:\/\/maranhaotv.com.br\/index.php\/wp-json\/wp\/v2\/posts\/27138\/revisions"}],"wp:featuredmedia":[{"embeddable":true,"href":"https:\/\/maranhaotv.com.br\/index.php\/wp-json\/"}],"wp:attachment":[{"href":"https:\/\/maranhaotv.com.br\/index.php\/wp-json\/wp\/v2\/media?parent=27138"}],"wp:term":[{"taxonomy":"category","embeddable":true,"href":"https:\/\/maranhaotv.com.br\/index.php\/wp-json\/wp\/v2\/categories?post=27138"},{"taxonomy":"post_tag","embeddable":true,"href":"https:\/\/maranhaotv.com.br\/index.php\/wp-json\/wp\/v2\/tags?post=27138"}],"curies":[{"name":"wp","href":"https:\/\/api.w.org\/{rel}","templated":true}]}}