{"id":27583,"date":"2022-06-07T11:45:39","date_gmt":"2022-06-07T14:45:39","guid":{"rendered":"https:\/\/maranhaotv.com.br\/?p=27583"},"modified":"2022-06-07T11:45:39","modified_gmt":"2022-06-07T14:45:39","slug":"empresario-silvio-bedi-e-o-professor-alexandri-mendonca-pt-declaram-apoio-ao-deputado-federal-rubens-pereira-junior","status":"publish","type":"post","link":"https:\/\/maranhaotv.com.br\/index.php\/2022\/06\/07\/empresario-silvio-bedi-e-o-professor-alexandri-mendonca-pt-declaram-apoio-ao-deputado-federal-rubens-pereira-junior\/","title":{"rendered":"Empres\u00e1rio Silvio Bedi e o Professor Alexandri Mendon\u00e7a-PT declaram apoio ao Deputado Federal Rubens Pereira J\u00fanior"},"content":{"rendered":"\n<p>O Deputado Federal Rubens Pereira J\u00fanior-PT recebeu o apoio de duas pessoas ligadas ao campo da esquerda em Viana. O Maranh\u00e3o TV apurou a not\u00edcia em primeira m\u00e3o onde os dois afirmaram via WhatsApp que em um m\u00eas, ele ter\u00e1 apoio de outras lideran\u00e7as pol\u00edticas da sede e da zona rural em virtude do seu papel fundamental como parlamentar. <\/p>\n\n\n\n<p>Vendo a situa\u00e7\u00e3o das estradas vicinais os dois procuraram Rubens P. J\u00fanior para conseguir melhorias para as estradas vicinais, que se encontram danificaras pelas fortes chuvas. Rubens estar\u00e1 em Viana no pr\u00f3ximo m\u00eas para avaliar a possibilidade de ajudar o quanto antes, pois segundo o parlamentar Viana, al\u00e9m de ser um grande centro de escoamento agr\u00edcola \u00e9 a cidade natal da sua av\u00f3 Concita Mendon\u00e7a.<\/p>\n","protected":false},"excerpt":{"rendered":"<p>O Deputado Federal Rubens Pereira J\u00fanior-PT recebeu o apoio de duas pessoas ligadas ao campo da esquerda em Viana. O<\/p>\n","protected":false},"author":2,"featured_media":27582,"comment_status":"open","ping_status":"open","sticky":false,"template":"","format":"standard","meta":{"colormag_page_container_layout":"default_layout","colormag_page_sidebar_layout":"default_layout","_jetpack_memberships_contains_paid_content":false,"footnotes":""},"categories":[6],"tags":[],"class_list":["post-27583","post","type-post","status-publish","format-standard","has-post-thumbnail","hentry","category-politica"],"magazineBlocksPostFeaturedMedia":{"thumbnail":false,"medium":false,"medium_large":false,"large":false,"1536x1536":false,"2048x2048":false,"colormag-highlighted-post":false,"colormag-featured-post-medium":false,"colormag-featured-post-small":false,"colormag-featured-image":false,"colormag-default-news":false,"colormag-featured-image-large":false},"magazineBlocksPostAuthor":{"name":"maranhaotv","avatar":"https:\/\/secure.gravatar.com\/avatar\/8fadbca458d4cb68b1dd399ae9a40618d747bb1af65ac9fad21c89220a143eb4?s=96&d=mm&r=g"},"magazineBlocksPostCommentsNumber":"0","magazineBlocksPostExcerpt":"O Deputado Federal Rubens Pereira J\u00fanior-PT recebeu o apoio de duas pessoas ligadas ao campo da esquerda em Viana. O","magazineBlocksPostCategories":["pol\u00edtica"],"magazineBlocksPostViewCount":142,"magazineBlocksPostReadTime":1,"magazine_blocks_featured_image_url":{"full":false,"medium":false,"thumbnail":false},"magazine_blocks_author":{"display_name":"maranhaotv","author_link":"https:\/\/maranhaotv.com.br\/index.php\/author\/maranhaotv\/"},"magazine_blocks_comment":0,"magazine_blocks_author_image":"https:\/\/secure.gravatar.com\/avatar\/8fadbca458d4cb68b1dd399ae9a40618d747bb1af65ac9fad21c89220a143eb4?s=96&d=mm&r=g","magazine_blocks_category":"<a href=\"#\" class=\"category-link category-link-6\">pol\u00edtica<\/a>","yoast_head":"<!-- This site is optimized with the Yoast SEO plugin v27.4 - https:\/\/yoast.com\/product\/yoast-seo-wordpress\/ -->\n<title>Empres\u00e1rio Silvio Bedi e o Professor Alexandri Mendon\u00e7a-PT declaram apoio ao Deputado Federal Rubens Pereira J\u00fanior - NOT\u00cdCIAS EM TEMPO REAL<\/title>\n<meta name=\"robots\" content=\"index, follow, max-snippet:-1, max-image-preview:large, max-video-preview:-1\" \/>\n<link rel=\"canonical\" href=\"https:\/\/maranhaotv.com.br\/index.php\/2022\/06\/07\/empresario-silvio-bedi-e-o-professor-alexandri-mendonca-pt-declaram-apoio-ao-deputado-federal-rubens-pereira-junior\/\" \/>\n<meta property=\"og:locale\" content=\"pt_BR\" \/>\n<meta property=\"og:type\" content=\"article\" \/>\n<meta property=\"og:title\" content=\"Empres\u00e1rio Silvio Bedi e o Professor Alexandri Mendon\u00e7a-PT declaram apoio ao Deputado Federal Rubens Pereira J\u00fanior - NOT\u00cdCIAS EM TEMPO REAL\" \/>\n<meta property=\"og:description\" content=\"O Deputado Federal Rubens Pereira J\u00fanior-PT recebeu o apoio de duas pessoas ligadas ao campo da esquerda em Viana. O\" \/>\n<meta property=\"og:url\" content=\"https:\/\/maranhaotv.com.br\/index.php\/2022\/06\/07\/empresario-silvio-bedi-e-o-professor-alexandri-mendonca-pt-declaram-apoio-ao-deputado-federal-rubens-pereira-junior\/\" \/>\n<meta property=\"og:site_name\" content=\"NOT\u00cdCIAS EM TEMPO REAL\" \/>\n<meta property=\"article:publisher\" content=\"https:\/\/www.facebook.com\/maiobaotv\" \/>\n<meta property=\"article:published_time\" content=\"2022-06-07T14:45:39+00:00\" \/>\n<meta name=\"author\" content=\"maranhaotv\" \/>\n<meta name=\"twitter:card\" content=\"summary_large_image\" \/>\n<meta name=\"twitter:creator\" content=\"@sitemaranhaotv\" \/>\n<meta name=\"twitter:site\" content=\"@sitemaranhaotv\" \/>\n<meta name=\"twitter:label1\" content=\"Escrito por\" \/>\n\t<meta name=\"twitter:data1\" content=\"maranhaotv\" \/>\n\t<meta name=\"twitter:label2\" content=\"Est. tempo de leitura\" \/>\n\t<meta name=\"twitter:data2\" content=\"1 minuto\" \/>\n<script type=\"application\/ld+json\" class=\"yoast-schema-graph\">{\"@context\":\"https:\\\/\\\/schema.org\",\"@graph\":[{\"@type\":\"Article\",\"@id\":\"https:\\\/\\\/maranhaotv.com.br\\\/index.php\\\/2022\\\/06\\\/07\\\/empresario-silvio-bedi-e-o-professor-alexandri-mendonca-pt-declaram-apoio-ao-deputado-federal-rubens-pereira-junior\\\/#article\",\"isPartOf\":{\"@id\":\"https:\\\/\\\/maranhaotv.com.br\\\/index.php\\\/2022\\\/06\\\/07\\\/empresario-silvio-bedi-e-o-professor-alexandri-mendonca-pt-declaram-apoio-ao-deputado-federal-rubens-pereira-junior\\\/\"},\"author\":{\"name\":\"maranhaotv\",\"@id\":\"https:\\\/\\\/maranhaotv.com.br\\\/#\\\/schema\\\/person\\\/3d54238e86b20bb5c89ab2fdb8f8829a\"},\"headline\":\"Empres\u00e1rio Silvio Bedi e o Professor Alexandri Mendon\u00e7a-PT declaram apoio ao Deputado Federal Rubens Pereira J\u00fanior\",\"datePublished\":\"2022-06-07T14:45:39+00:00\",\"mainEntityOfPage\":{\"@id\":\"https:\\\/\\\/maranhaotv.com.br\\\/index.php\\\/2022\\\/06\\\/07\\\/empresario-silvio-bedi-e-o-professor-alexandri-mendonca-pt-declaram-apoio-ao-deputado-federal-rubens-pereira-junior\\\/\"},\"wordCount\":156,\"commentCount\":0,\"publisher\":{\"@id\":\"https:\\\/\\\/maranhaotv.com.br\\\/#organization\"},\"image\":{\"@id\":\"https:\\\/\\\/maranhaotv.com.br\\\/index.php\\\/2022\\\/06\\\/07\\\/empresario-silvio-bedi-e-o-professor-alexandri-mendonca-pt-declaram-apoio-ao-deputado-federal-rubens-pereira-junior\\\/#primaryimage\"},\"thumbnailUrl\":\"\",\"articleSection\":[\"pol\u00edtica\"],\"inLanguage\":\"pt-BR\",\"potentialAction\":[{\"@type\":\"CommentAction\",\"name\":\"Comment\",\"target\":[\"https:\\\/\\\/maranhaotv.com.br\\\/index.php\\\/2022\\\/06\\\/07\\\/empresario-silvio-bedi-e-o-professor-alexandri-mendonca-pt-declaram-apoio-ao-deputado-federal-rubens-pereira-junior\\\/#respond\"]}]},{\"@type\":\"WebPage\",\"@id\":\"https:\\\/\\\/maranhaotv.com.br\\\/index.php\\\/2022\\\/06\\\/07\\\/empresario-silvio-bedi-e-o-professor-alexandri-mendonca-pt-declaram-apoio-ao-deputado-federal-rubens-pereira-junior\\\/\",\"url\":\"https:\\\/\\\/maranhaotv.com.br\\\/index.php\\\/2022\\\/06\\\/07\\\/empresario-silvio-bedi-e-o-professor-alexandri-mendonca-pt-declaram-apoio-ao-deputado-federal-rubens-pereira-junior\\\/\",\"name\":\"Empres\u00e1rio Silvio Bedi e o Professor Alexandri Mendon\u00e7a-PT declaram apoio ao Deputado Federal Rubens Pereira J\u00fanior - NOT\u00cdCIAS EM TEMPO REAL\",\"isPartOf\":{\"@id\":\"https:\\\/\\\/maranhaotv.com.br\\\/#website\"},\"primaryImageOfPage\":{\"@id\":\"https:\\\/\\\/maranhaotv.com.br\\\/index.php\\\/2022\\\/06\\\/07\\\/empresario-silvio-bedi-e-o-professor-alexandri-mendonca-pt-declaram-apoio-ao-deputado-federal-rubens-pereira-junior\\\/#primaryimage\"},\"image\":{\"@id\":\"https:\\\/\\\/maranhaotv.com.br\\\/index.php\\\/2022\\\/06\\\/07\\\/empresario-silvio-bedi-e-o-professor-alexandri-mendonca-pt-declaram-apoio-ao-deputado-federal-rubens-pereira-junior\\\/#primaryimage\"},\"thumbnailUrl\":\"\",\"datePublished\":\"2022-06-07T14:45:39+00:00\",\"breadcrumb\":{\"@id\":\"https:\\\/\\\/maranhaotv.com.br\\\/index.php\\\/2022\\\/06\\\/07\\\/empresario-silvio-bedi-e-o-professor-alexandri-mendonca-pt-declaram-apoio-ao-deputado-federal-rubens-pereira-junior\\\/#breadcrumb\"},\"inLanguage\":\"pt-BR\",\"potentialAction\":[{\"@type\":\"ReadAction\",\"target\":[\"https:\\\/\\\/maranhaotv.com.br\\\/index.php\\\/2022\\\/06\\\/07\\\/empresario-silvio-bedi-e-o-professor-alexandri-mendonca-pt-declaram-apoio-ao-deputado-federal-rubens-pereira-junior\\\/\"]}]},{\"@type\":\"ImageObject\",\"inLanguage\":\"pt-BR\",\"@id\":\"https:\\\/\\\/maranhaotv.com.br\\\/index.php\\\/2022\\\/06\\\/07\\\/empresario-silvio-bedi-e-o-professor-alexandri-mendonca-pt-declaram-apoio-ao-deputado-federal-rubens-pereira-junior\\\/#primaryimage\",\"url\":\"\",\"contentUrl\":\"\"},{\"@type\":\"BreadcrumbList\",\"@id\":\"https:\\\/\\\/maranhaotv.com.br\\\/index.php\\\/2022\\\/06\\\/07\\\/empresario-silvio-bedi-e-o-professor-alexandri-mendonca-pt-declaram-apoio-ao-deputado-federal-rubens-pereira-junior\\\/#breadcrumb\",\"itemListElement\":[{\"@type\":\"ListItem\",\"position\":1,\"name\":\"In\u00edcio\",\"item\":\"https:\\\/\\\/maranhaotv.com.br\\\/\"},{\"@type\":\"ListItem\",\"position\":2,\"name\":\"Empres\u00e1rio Silvio Bedi e o Professor Alexandri Mendon\u00e7a-PT declaram apoio ao Deputado Federal Rubens Pereira J\u00fanior\"}]},{\"@type\":\"WebSite\",\"@id\":\"https:\\\/\\\/maranhaotv.com.br\\\/#website\",\"url\":\"https:\\\/\\\/maranhaotv.com.br\\\/\",\"name\":\"Maranh\u00e3oTV\",\"description\":\"\",\"publisher\":{\"@id\":\"https:\\\/\\\/maranhaotv.com.br\\\/#organization\"},\"potentialAction\":[{\"@type\":\"SearchAction\",\"target\":{\"@type\":\"EntryPoint\",\"urlTemplate\":\"https:\\\/\\\/maranhaotv.com.br\\\/?s={search_term_string}\"},\"query-input\":{\"@type\":\"PropertyValueSpecification\",\"valueRequired\":true,\"valueName\":\"search_term_string\"}}],\"inLanguage\":\"pt-BR\"},{\"@type\":\"Organization\",\"@id\":\"https:\\\/\\\/maranhaotv.com.br\\\/#organization\",\"name\":\"Portal de Not\u00edcias\",\"url\":\"https:\\\/\\\/maranhaotv.com.br\\\/\",\"logo\":{\"@type\":\"ImageObject\",\"inLanguage\":\"pt-BR\",\"@id\":\"https:\\\/\\\/maranhaotv.com.br\\\/#\\\/schema\\\/logo\\\/image\\\/\",\"url\":\"https:\\\/\\\/maranhaotv.com.br\\\/wp-content\\\/uploads\\\/2024\\\/05\\\/cropped-cropped-avatar-1.png\",\"contentUrl\":\"https:\\\/\\\/maranhaotv.com.br\\\/wp-content\\\/uploads\\\/2024\\\/05\\\/cropped-cropped-avatar-1.png\",\"width\":792,\"height\":428,\"caption\":\"Portal de Not\u00edcias\"},\"image\":{\"@id\":\"https:\\\/\\\/maranhaotv.com.br\\\/#\\\/schema\\\/logo\\\/image\\\/\"},\"sameAs\":[\"https:\\\/\\\/www.facebook.com\\\/maiobaotv\",\"https:\\\/\\\/x.com\\\/sitemaranhaotv\",\"https:\\\/\\\/www.instagram.com\\\/maranhao.tv\",\"https:\\\/\\\/www.threads.net\\\/@maranhao.tv\"]},{\"@type\":\"Person\",\"@id\":\"https:\\\/\\\/maranhaotv.com.br\\\/#\\\/schema\\\/person\\\/3d54238e86b20bb5c89ab2fdb8f8829a\",\"name\":\"maranhaotv\",\"image\":{\"@type\":\"ImageObject\",\"inLanguage\":\"pt-BR\",\"@id\":\"https:\\\/\\\/secure.gravatar.com\\\/avatar\\\/8fadbca458d4cb68b1dd399ae9a40618d747bb1af65ac9fad21c89220a143eb4?s=96&d=mm&r=g\",\"url\":\"https:\\\/\\\/secure.gravatar.com\\\/avatar\\\/8fadbca458d4cb68b1dd399ae9a40618d747bb1af65ac9fad21c89220a143eb4?s=96&d=mm&r=g\",\"contentUrl\":\"https:\\\/\\\/secure.gravatar.com\\\/avatar\\\/8fadbca458d4cb68b1dd399ae9a40618d747bb1af65ac9fad21c89220a143eb4?s=96&d=mm&r=g\",\"caption\":\"maranhaotv\"},\"sameAs\":[\"https:\\\/\\\/maranhaotv.com.br\\\/\"],\"url\":\"https:\\\/\\\/maranhaotv.com.br\\\/index.php\\\/author\\\/maranhaotv\\\/\"}]}<\/script>\n<!-- \/ Yoast SEO plugin. -->","yoast_head_json":{"title":"Empres\u00e1rio Silvio Bedi e o Professor Alexandri Mendon\u00e7a-PT declaram apoio ao Deputado Federal Rubens Pereira J\u00fanior - NOT\u00cdCIAS EM TEMPO REAL","robots":{"index":"index","follow":"follow","max-snippet":"max-snippet:-1","max-image-preview":"max-image-preview:large","max-video-preview":"max-video-preview:-1"},"canonical":"https:\/\/maranhaotv.com.br\/index.php\/2022\/06\/07\/empresario-silvio-bedi-e-o-professor-alexandri-mendonca-pt-declaram-apoio-ao-deputado-federal-rubens-pereira-junior\/","og_locale":"pt_BR","og_type":"article","og_title":"Empres\u00e1rio Silvio Bedi e o Professor Alexandri Mendon\u00e7a-PT declaram apoio ao Deputado Federal Rubens Pereira J\u00fanior - NOT\u00cdCIAS EM TEMPO REAL","og_description":"O Deputado Federal Rubens Pereira J\u00fanior-PT recebeu o apoio de duas pessoas ligadas ao campo da esquerda em Viana. O","og_url":"https:\/\/maranhaotv.com.br\/index.php\/2022\/06\/07\/empresario-silvio-bedi-e-o-professor-alexandri-mendonca-pt-declaram-apoio-ao-deputado-federal-rubens-pereira-junior\/","og_site_name":"NOT\u00cdCIAS EM TEMPO REAL","article_publisher":"https:\/\/www.facebook.com\/maiobaotv","article_published_time":"2022-06-07T14:45:39+00:00","author":"maranhaotv","twitter_card":"summary_large_image","twitter_creator":"@sitemaranhaotv","twitter_site":"@sitemaranhaotv","twitter_misc":{"Escrito por":"maranhaotv","Est. tempo de leitura":"1 minuto"},"schema":{"@context":"https:\/\/schema.org","@graph":[{"@type":"Article","@id":"https:\/\/maranhaotv.com.br\/index.php\/2022\/06\/07\/empresario-silvio-bedi-e-o-professor-alexandri-mendonca-pt-declaram-apoio-ao-deputado-federal-rubens-pereira-junior\/#article","isPartOf":{"@id":"https:\/\/maranhaotv.com.br\/index.php\/2022\/06\/07\/empresario-silvio-bedi-e-o-professor-alexandri-mendonca-pt-declaram-apoio-ao-deputado-federal-rubens-pereira-junior\/"},"author":{"name":"maranhaotv","@id":"https:\/\/maranhaotv.com.br\/#\/schema\/person\/3d54238e86b20bb5c89ab2fdb8f8829a"},"headline":"Empres\u00e1rio Silvio Bedi e o Professor Alexandri Mendon\u00e7a-PT declaram apoio ao Deputado Federal Rubens Pereira J\u00fanior","datePublished":"2022-06-07T14:45:39+00:00","mainEntityOfPage":{"@id":"https:\/\/maranhaotv.com.br\/index.php\/2022\/06\/07\/empresario-silvio-bedi-e-o-professor-alexandri-mendonca-pt-declaram-apoio-ao-deputado-federal-rubens-pereira-junior\/"},"wordCount":156,"commentCount":0,"publisher":{"@id":"https:\/\/maranhaotv.com.br\/#organization"},"image":{"@id":"https:\/\/maranhaotv.com.br\/index.php\/2022\/06\/07\/empresario-silvio-bedi-e-o-professor-alexandri-mendonca-pt-declaram-apoio-ao-deputado-federal-rubens-pereira-junior\/#primaryimage"},"thumbnailUrl":"","articleSection":["pol\u00edtica"],"inLanguage":"pt-BR","potentialAction":[{"@type":"CommentAction","name":"Comment","target":["https:\/\/maranhaotv.com.br\/index.php\/2022\/06\/07\/empresario-silvio-bedi-e-o-professor-alexandri-mendonca-pt-declaram-apoio-ao-deputado-federal-rubens-pereira-junior\/#respond"]}]},{"@type":"WebPage","@id":"https:\/\/maranhaotv.com.br\/index.php\/2022\/06\/07\/empresario-silvio-bedi-e-o-professor-alexandri-mendonca-pt-declaram-apoio-ao-deputado-federal-rubens-pereira-junior\/","url":"https:\/\/maranhaotv.com.br\/index.php\/2022\/06\/07\/empresario-silvio-bedi-e-o-professor-alexandri-mendonca-pt-declaram-apoio-ao-deputado-federal-rubens-pereira-junior\/","name":"Empres\u00e1rio Silvio Bedi e o Professor Alexandri Mendon\u00e7a-PT declaram apoio ao Deputado Federal Rubens Pereira J\u00fanior - NOT\u00cdCIAS EM TEMPO REAL","isPartOf":{"@id":"https:\/\/maranhaotv.com.br\/#website"},"primaryImageOfPage":{"@id":"https:\/\/maranhaotv.com.br\/index.php\/2022\/06\/07\/empresario-silvio-bedi-e-o-professor-alexandri-mendonca-pt-declaram-apoio-ao-deputado-federal-rubens-pereira-junior\/#primaryimage"},"image":{"@id":"https:\/\/maranhaotv.com.br\/index.php\/2022\/06\/07\/empresario-silvio-bedi-e-o-professor-alexandri-mendonca-pt-declaram-apoio-ao-deputado-federal-rubens-pereira-junior\/#primaryimage"},"thumbnailUrl":"","datePublished":"2022-06-07T14:45:39+00:00","breadcrumb":{"@id":"https:\/\/maranhaotv.com.br\/index.php\/2022\/06\/07\/empresario-silvio-bedi-e-o-professor-alexandri-mendonca-pt-declaram-apoio-ao-deputado-federal-rubens-pereira-junior\/#breadcrumb"},"inLanguage":"pt-BR","potentialAction":[{"@type":"ReadAction","target":["https:\/\/maranhaotv.com.br\/index.php\/2022\/06\/07\/empresario-silvio-bedi-e-o-professor-alexandri-mendonca-pt-declaram-apoio-ao-deputado-federal-rubens-pereira-junior\/"]}]},{"@type":"ImageObject","inLanguage":"pt-BR","@id":"https:\/\/maranhaotv.com.br\/index.php\/2022\/06\/07\/empresario-silvio-bedi-e-o-professor-alexandri-mendonca-pt-declaram-apoio-ao-deputado-federal-rubens-pereira-junior\/#primaryimage","url":"","contentUrl":""},{"@type":"BreadcrumbList","@id":"https:\/\/maranhaotv.com.br\/index.php\/2022\/06\/07\/empresario-silvio-bedi-e-o-professor-alexandri-mendonca-pt-declaram-apoio-ao-deputado-federal-rubens-pereira-junior\/#breadcrumb","itemListElement":[{"@type":"ListItem","position":1,"name":"In\u00edcio","item":"https:\/\/maranhaotv.com.br\/"},{"@type":"ListItem","position":2,"name":"Empres\u00e1rio Silvio Bedi e o Professor Alexandri Mendon\u00e7a-PT declaram apoio ao Deputado Federal Rubens Pereira J\u00fanior"}]},{"@type":"WebSite","@id":"https:\/\/maranhaotv.com.br\/#website","url":"https:\/\/maranhaotv.com.br\/","name":"Maranh\u00e3oTV","description":"","publisher":{"@id":"https:\/\/maranhaotv.com.br\/#organization"},"potentialAction":[{"@type":"SearchAction","target":{"@type":"EntryPoint","urlTemplate":"https:\/\/maranhaotv.com.br\/?s={search_term_string}"},"query-input":{"@type":"PropertyValueSpecification","valueRequired":true,"valueName":"search_term_string"}}],"inLanguage":"pt-BR"},{"@type":"Organization","@id":"https:\/\/maranhaotv.com.br\/#organization","name":"Portal de Not\u00edcias","url":"https:\/\/maranhaotv.com.br\/","logo":{"@type":"ImageObject","inLanguage":"pt-BR","@id":"https:\/\/maranhaotv.com.br\/#\/schema\/logo\/image\/","url":"https:\/\/maranhaotv.com.br\/wp-content\/uploads\/2024\/05\/cropped-cropped-avatar-1.png","contentUrl":"https:\/\/maranhaotv.com.br\/wp-content\/uploads\/2024\/05\/cropped-cropped-avatar-1.png","width":792,"height":428,"caption":"Portal de Not\u00edcias"},"image":{"@id":"https:\/\/maranhaotv.com.br\/#\/schema\/logo\/image\/"},"sameAs":["https:\/\/www.facebook.com\/maiobaotv","https:\/\/x.com\/sitemaranhaotv","https:\/\/www.instagram.com\/maranhao.tv","https:\/\/www.threads.net\/@maranhao.tv"]},{"@type":"Person","@id":"https:\/\/maranhaotv.com.br\/#\/schema\/person\/3d54238e86b20bb5c89ab2fdb8f8829a","name":"maranhaotv","image":{"@type":"ImageObject","inLanguage":"pt-BR","@id":"https:\/\/secure.gravatar.com\/avatar\/8fadbca458d4cb68b1dd399ae9a40618d747bb1af65ac9fad21c89220a143eb4?s=96&d=mm&r=g","url":"https:\/\/secure.gravatar.com\/avatar\/8fadbca458d4cb68b1dd399ae9a40618d747bb1af65ac9fad21c89220a143eb4?s=96&d=mm&r=g","contentUrl":"https:\/\/secure.gravatar.com\/avatar\/8fadbca458d4cb68b1dd399ae9a40618d747bb1af65ac9fad21c89220a143eb4?s=96&d=mm&r=g","caption":"maranhaotv"},"sameAs":["https:\/\/maranhaotv.com.br\/"],"url":"https:\/\/maranhaotv.com.br\/index.php\/author\/maranhaotv\/"}]}},"jetpack_featured_media_url":"","jetpack_sharing_enabled":true,"_links":{"self":[{"href":"https:\/\/maranhaotv.com.br\/index.php\/wp-json\/wp\/v2\/posts\/27583","targetHints":{"allow":["GET"]}}],"collection":[{"href":"https:\/\/maranhaotv.com.br\/index.php\/wp-json\/wp\/v2\/posts"}],"about":[{"href":"https:\/\/maranhaotv.com.br\/index.php\/wp-json\/wp\/v2\/types\/post"}],"author":[{"embeddable":true,"href":"https:\/\/maranhaotv.com.br\/index.php\/wp-json\/wp\/v2\/users\/2"}],"replies":[{"embeddable":true,"href":"https:\/\/maranhaotv.com.br\/index.php\/wp-json\/wp\/v2\/comments?post=27583"}],"version-history":[{"count":0,"href":"https:\/\/maranhaotv.com.br\/index.php\/wp-json\/wp\/v2\/posts\/27583\/revisions"}],"wp:featuredmedia":[{"embeddable":true,"href":"https:\/\/maranhaotv.com.br\/index.php\/wp-json\/"}],"wp:attachment":[{"href":"https:\/\/maranhaotv.com.br\/index.php\/wp-json\/wp\/v2\/media?parent=27583"}],"wp:term":[{"taxonomy":"category","embeddable":true,"href":"https:\/\/maranhaotv.com.br\/index.php\/wp-json\/wp\/v2\/categories?post=27583"},{"taxonomy":"post_tag","embeddable":true,"href":"https:\/\/maranhaotv.com.br\/index.php\/wp-json\/wp\/v2\/tags?post=27583"}],"curies":[{"name":"wp","href":"https:\/\/api.w.org\/{rel}","templated":true}]}}