{"id":27587,"date":"2022-06-07T14:04:48","date_gmt":"2022-06-07T17:04:48","guid":{"rendered":"https:\/\/maranhaotv.com.br\/?p=27587"},"modified":"2022-06-07T14:04:48","modified_gmt":"2022-06-07T17:04:48","slug":"em-1-ano-e-5-meses-de-gestao-maura-jorge-tem-feito-a-diferenca-em-lago-da-pedra","status":"publish","type":"post","link":"https:\/\/maranhaotv.com.br\/index.php\/2022\/06\/07\/em-1-ano-e-5-meses-de-gestao-maura-jorge-tem-feito-a-diferenca-em-lago-da-pedra\/","title":{"rendered":"Em 1 ano e 5 meses de gest\u00e3o, Maura Jorge tem feito a diferen\u00e7a em Lago da Pedra"},"content":{"rendered":"\n<p>A prefeita Maura Jorge est\u00e1 colocando o munic\u00edpio de Lago da Pedra nos trilhos do desenvolvimento. Todas as semanas s\u00e3o reinauguradas obras e entregues benef\u00edcios \u00e0 popula\u00e7\u00e3o.<br><br>Prefeita experiente e articulada, Maura tem sempre buscado melhorias para o munic\u00edpio. S\u00f3 neste in\u00edcio de m\u00eas, j\u00e1 foram entregues ve\u00edculos e equipamentos para a guarda municipal, o que ir\u00e1  fortalecer o trabalho dos profissionais que contribuem com a seguran\u00e7a p\u00fablica do munic\u00edpio.<br><br>Acompanhada dos vereadores e equipe de governo, a prefeita tamb\u00e9m entregou capacetes e coletes para todos os mototaxistas do munic\u00edpio. A entrega faz parte do programa de valoriza\u00e7\u00e3o da classe, em parceria com a Prefeitura Municipal.  <br><br>Na educa\u00e7\u00e3o, est\u00e1 sendo executado o maior programa de reformas e requalifica\u00e7\u00e3o de todas as escolas do munic\u00edpio. Maura Jorge fez a entrega da 18\u00aa escola na sede. Ainda ser\u00e3o entregues 18 escolas na zona rural, totalizando 36 escolas reformadas em apenas um ano e cinco meses de gest\u00e3o.<br><br>As festividades juninas iniciaram em grande estilo na cidade, com um arraial para os garis, uma justa homenagem aos agentes de limpeza que deixam todos os dias a cidade de Lago da Pedra mais bela.<\/p>\n\n\n\n<figure class=\"wp-block-image size-large\"><img decoding=\"async\" src=\"https:\/\/maranhaotv.com.br\/wp-content\/uploads\/2022\/06\/IMG-20220607-WA0193.jpg\" alt=\"\" class=\"wp-image-27585\"\/><\/figure>\n","protected":false},"excerpt":{"rendered":"<p>A prefeita Maura Jorge est\u00e1 colocando o munic\u00edpio de Lago da Pedra nos trilhos do desenvolvimento. Todas as semanas s\u00e3o<\/p>\n","protected":false},"author":2,"featured_media":27586,"comment_status":"open","ping_status":"open","sticky":false,"template":"","format":"standard","meta":{"colormag_page_container_layout":"default_layout","colormag_page_sidebar_layout":"default_layout","_jetpack_memberships_contains_paid_content":false,"footnotes":""},"categories":[2],"tags":[],"class_list":["post-27587","post","type-post","status-publish","format-standard","has-post-thumbnail","hentry","category-noticias"],"magazineBlocksPostFeaturedMedia":{"thumbnail":false,"medium":false,"medium_large":false,"large":false,"1536x1536":false,"2048x2048":false,"colormag-highlighted-post":false,"colormag-featured-post-medium":false,"colormag-featured-post-small":false,"colormag-featured-image":false,"colormag-default-news":false,"colormag-featured-image-large":false},"magazineBlocksPostAuthor":{"name":"maranhaotv","avatar":"https:\/\/secure.gravatar.com\/avatar\/8fadbca458d4cb68b1dd399ae9a40618d747bb1af65ac9fad21c89220a143eb4?s=96&d=mm&r=g"},"magazineBlocksPostCommentsNumber":"0","magazineBlocksPostExcerpt":"A prefeita Maura Jorge est\u00e1 colocando o munic\u00edpio de Lago da Pedra nos trilhos do desenvolvimento. Todas as semanas s\u00e3o","magazineBlocksPostCategories":["not\u00edcias"],"magazineBlocksPostViewCount":128,"magazineBlocksPostReadTime":2,"magazine_blocks_featured_image_url":{"full":false,"medium":false,"thumbnail":false},"magazine_blocks_author":{"display_name":"maranhaotv","author_link":"https:\/\/maranhaotv.com.br\/index.php\/author\/maranhaotv\/"},"magazine_blocks_comment":0,"magazine_blocks_author_image":"https:\/\/secure.gravatar.com\/avatar\/8fadbca458d4cb68b1dd399ae9a40618d747bb1af65ac9fad21c89220a143eb4?s=96&d=mm&r=g","magazine_blocks_category":"<a href=\"#\" class=\"category-link category-link-2\">not\u00edcias<\/a>","jetpack_featured_media_url":"","jetpack_sharing_enabled":true,"_links":{"self":[{"href":"https:\/\/maranhaotv.com.br\/index.php\/wp-json\/wp\/v2\/posts\/27587","targetHints":{"allow":["GET"]}}],"collection":[{"href":"https:\/\/maranhaotv.com.br\/index.php\/wp-json\/wp\/v2\/posts"}],"about":[{"href":"https:\/\/maranhaotv.com.br\/index.php\/wp-json\/wp\/v2\/types\/post"}],"author":[{"embeddable":true,"href":"https:\/\/maranhaotv.com.br\/index.php\/wp-json\/wp\/v2\/users\/2"}],"replies":[{"embeddable":true,"href":"https:\/\/maranhaotv.com.br\/index.php\/wp-json\/wp\/v2\/comments?post=27587"}],"version-history":[{"count":0,"href":"https:\/\/maranhaotv.com.br\/index.php\/wp-json\/wp\/v2\/posts\/27587\/revisions"}],"wp:featuredmedia":[{"embeddable":true,"href":"https:\/\/maranhaotv.com.br\/index.php\/wp-json\/"}],"wp:attachment":[{"href":"https:\/\/maranhaotv.com.br\/index.php\/wp-json\/wp\/v2\/media?parent=27587"}],"wp:term":[{"taxonomy":"category","embeddable":true,"href":"https:\/\/maranhaotv.com.br\/index.php\/wp-json\/wp\/v2\/categories?post=27587"},{"taxonomy":"post_tag","embeddable":true,"href":"https:\/\/maranhaotv.com.br\/index.php\/wp-json\/wp\/v2\/tags?post=27587"}],"curies":[{"name":"wp","href":"https:\/\/api.w.org\/{rel}","templated":true}]}}