{"id":27592,"date":"2022-06-07T14:55:45","date_gmt":"2022-06-07T17:55:45","guid":{"rendered":"https:\/\/maranhaotv.com.br\/?p=27592"},"modified":"2022-06-07T14:55:45","modified_gmt":"2022-06-07T17:55:45","slug":"em-visita-institucional-glalbert-cutrim-e-paulo-velten-reforcam-relacao-de-harmonia-entre-o-legislativo-e-o-executivo","status":"publish","type":"post","link":"https:\/\/maranhaotv.com.br\/index.php\/2022\/06\/07\/em-visita-institucional-glalbert-cutrim-e-paulo-velten-reforcam-relacao-de-harmonia-entre-o-legislativo-e-o-executivo\/","title":{"rendered":"Em visita institucional, Glalbert Cutrim e Paulo Velten refor\u00e7am rela\u00e7\u00e3o de harmonia entre o Legislativo e o Executivo"},"content":{"rendered":"\n<p>O presidente em exerc\u00edcio da Assembleia Legislativa do Maranh\u00e3o, deputado Glalbert Cutrim (PDT), recebeu, nesta ter\u00e7a-feira (7), a visita de cortesia do governador em exerc\u00edcio do Estado, desembargador Paulo Velten. No encontro institucional, os chefes dos dois poderes refor\u00e7aram a rela\u00e7\u00e3o de harmonia e respeito entre o Legislativo e o Executivo.<br><br>Glalbert Cutrim destacou a trajet\u00f3ria de Paulo Velten como magistrado e presidente do Poder Judici\u00e1rio, que agora se soma \u00e0 experi\u00eancia de conhecer de perto as demandas dos maranhenses no comando do Executivo. <br><br>O presidente em exerc\u00edcio do Parlamento Estadual tamb\u00e9m entregou dois projetos de lei, de autoria do Judici\u00e1rio, aprovados na sess\u00e3o plen\u00e1ria desta ter\u00e7a-feira, em regime de urg\u00eancia, e que seguem para san\u00e7\u00e3o governamental. <br><br>\u201cNesse momento, o desembargador Paulo Velten tem a oportunidade de assumir o Governo do Estado e n\u00f3s seguimos mantendo a rela\u00e7\u00e3o de harmonia e dando celeridade naquilo que \u00e9 importante para o povo do Maranh\u00e3o. \u00c9 uma grande honra receb\u00ea-lo na Casa e nos colocamos sempre \u00e0 disposi\u00e7\u00e3o para ajudar a construir um estado melhor. S\u00e3o poderes independentes, mas parceiros, e assim seguiremos caminhando\u201d, afirmou Glalbert Cutrim.<br><br>Desafios<br><br>O governador em exerc\u00edcio, desembargador Paulo Velten, disse que estar provisoriamente \u00e0 frente do Executivo \u00e9 uma oportunidade para conhecer mais de perto e profundamente os desafios do Maranh\u00e3o, al\u00e9m de aprimorar a vis\u00e3o sobre o funcionamento do Estado.<br><br>\u201cFico feliz em ver que temos poderes t\u00e3o entrosados e funcionando bem, cada qual dentro da sua capacidade operativa e, sobretudo, com respeito e defer\u00eancia. O trabalho feito dentro desse ambiente de harmonia \u00e9 fundamental para o Maranh\u00e3o. Externo o meu respeito a cada um dos deputados da Assembleia\u201d, declarou Velten.<br><br>Tamb\u00e9m estiveram presentes os deputados C\u00e9sar Pires (PSD), Cleide Coutinho (PSB), Z\u00e9 In\u00e1cio Lula (PT), Wellington do Curso (PSC), Socorro Waquim (PP), Jota Pinto (Podemos), Roberto Costa (MDB), Vinicius Louro (PL), Neto Evangelista (Uni\u00e3o Brasil), Ariston Ribeiro (PSB),  Mical Damasceno (PSD) e Rafael (PSB).<br><br>O deputado Neto Evangelista afirmou que, a partir dessa experi\u00eancia, o desembargador Paulo Velten retornar\u00e1 ao Judici\u00e1rio com um olhar social muito mais amplo. \u201cEssa experi\u00eancia talvez seja o maior ganho para o nosso estado, pois um representante do Poder Judici\u00e1rio est\u00e1 acompanhando de perto o dia a dia e as necessidades do nosso povo\u201d, frisou.<br><br>J\u00e1 a deputada Socorro Waquim ratificou o apoio da Assembleia Legislativa ao governador em exerc\u00edcio neste per\u00edodo. \u201cEsse olhar mais humanizado da da tessitura social que o governador em exerc\u00edcio Paulo Velten est\u00e1 tendo nos agrada muito, pois \u00e9 no dia a dia que fazemos essa constru\u00e7\u00e3o das demandas da sociedade\u201d, disse a parlamentar.<\/p>\n\n\n\n<figure class=\"wp-block-image size-large\"><img decoding=\"async\" src=\"https:\/\/maranhaotv.com.br\/wp-content\/uploads\/2022\/06\/IMG-20220607-WA0217.jpg\" alt=\"\" class=\"wp-image-27590\"\/><\/figure>\n\n\n\n<figure class=\"wp-block-image\"><img decoding=\"async\" src=\"https:\/\/maranhaotv.com.br\/wp-content\/uploads\/2022\/06\/IMG-20220607-WA0215.jpg\" alt=\"\" class=\"wp-image-27589\"\/><\/figure>\n","protected":false},"excerpt":{"rendered":"<p>O presidente em exerc\u00edcio da Assembleia Legislativa do Maranh\u00e3o, deputado Glalbert Cutrim (PDT), recebeu, nesta ter\u00e7a-feira (7), a visita de<\/p>\n","protected":false},"author":2,"featured_media":27591,"comment_status":"open","ping_status":"open","sticky":false,"template":"","format":"standard","meta":{"colormag_page_container_layout":"default_layout","colormag_page_sidebar_layout":"default_layout","_jetpack_memberships_contains_paid_content":false,"footnotes":""},"categories":[2],"tags":[],"class_list":["post-27592","post","type-post","status-publish","format-standard","has-post-thumbnail","hentry","category-noticias"],"magazineBlocksPostFeaturedMedia":{"thumbnail":false,"medium":false,"medium_large":false,"large":false,"1536x1536":false,"2048x2048":false,"colormag-highlighted-post":false,"colormag-featured-post-medium":false,"colormag-featured-post-small":false,"colormag-featured-image":false,"colormag-default-news":false,"colormag-featured-image-large":false},"magazineBlocksPostAuthor":{"name":"maranhaotv","avatar":"https:\/\/secure.gravatar.com\/avatar\/8fadbca458d4cb68b1dd399ae9a40618d747bb1af65ac9fad21c89220a143eb4?s=96&d=mm&r=g"},"magazineBlocksPostCommentsNumber":"0","magazineBlocksPostExcerpt":"O presidente em exerc\u00edcio da Assembleia Legislativa do Maranh\u00e3o, deputado Glalbert Cutrim (PDT), recebeu, nesta ter\u00e7a-feira (7), a visita de","magazineBlocksPostCategories":["not\u00edcias"],"magazineBlocksPostViewCount":128,"magazineBlocksPostReadTime":3,"magazine_blocks_featured_image_url":{"full":false,"medium":false,"thumbnail":false},"magazine_blocks_author":{"display_name":"maranhaotv","author_link":"https:\/\/maranhaotv.com.br\/index.php\/author\/maranhaotv\/"},"magazine_blocks_comment":0,"magazine_blocks_author_image":"https:\/\/secure.gravatar.com\/avatar\/8fadbca458d4cb68b1dd399ae9a40618d747bb1af65ac9fad21c89220a143eb4?s=96&d=mm&r=g","magazine_blocks_category":"<a href=\"#\" class=\"category-link category-link-2\">not\u00edcias<\/a>","jetpack_featured_media_url":"","jetpack_sharing_enabled":true,"_links":{"self":[{"href":"https:\/\/maranhaotv.com.br\/index.php\/wp-json\/wp\/v2\/posts\/27592","targetHints":{"allow":["GET"]}}],"collection":[{"href":"https:\/\/maranhaotv.com.br\/index.php\/wp-json\/wp\/v2\/posts"}],"about":[{"href":"https:\/\/maranhaotv.com.br\/index.php\/wp-json\/wp\/v2\/types\/post"}],"author":[{"embeddable":true,"href":"https:\/\/maranhaotv.com.br\/index.php\/wp-json\/wp\/v2\/users\/2"}],"replies":[{"embeddable":true,"href":"https:\/\/maranhaotv.com.br\/index.php\/wp-json\/wp\/v2\/comments?post=27592"}],"version-history":[{"count":0,"href":"https:\/\/maranhaotv.com.br\/index.php\/wp-json\/wp\/v2\/posts\/27592\/revisions"}],"wp:featuredmedia":[{"embeddable":true,"href":"https:\/\/maranhaotv.com.br\/index.php\/wp-json\/"}],"wp:attachment":[{"href":"https:\/\/maranhaotv.com.br\/index.php\/wp-json\/wp\/v2\/media?parent=27592"}],"wp:term":[{"taxonomy":"category","embeddable":true,"href":"https:\/\/maranhaotv.com.br\/index.php\/wp-json\/wp\/v2\/categories?post=27592"},{"taxonomy":"post_tag","embeddable":true,"href":"https:\/\/maranhaotv.com.br\/index.php\/wp-json\/wp\/v2\/tags?post=27592"}],"curies":[{"name":"wp","href":"https:\/\/api.w.org\/{rel}","templated":true}]}}