{"id":27595,"date":"2022-06-07T15:21:34","date_gmt":"2022-06-07T18:21:34","guid":{"rendered":"https:\/\/maranhaotv.com.br\/?p=27595"},"modified":"2022-06-07T15:21:34","modified_gmt":"2022-06-07T18:21:34","slug":"viva-o-sus-que-da-certo-viva-o-sao-joao-do-maranhao-comemora-carlos-lula-com-volta-das-festividades","status":"publish","type":"post","link":"https:\/\/maranhaotv.com.br\/index.php\/2022\/06\/07\/viva-o-sus-que-da-certo-viva-o-sao-joao-do-maranhao-comemora-carlos-lula-com-volta-das-festividades\/","title":{"rendered":"&#8216;Viva o SUS que d\u00e1 certo! Viva o S\u00e3o Jo\u00e3o do Maranh\u00e3o&#8217;, comemora Carlos Lula com volta das festividades"},"content":{"rendered":"\n<p>Um dos respons\u00e1veis pelo vacina\u00e7\u00e3o satisfat\u00f3ria contra o COVID-19 no Maranh\u00e3o, o ex-secret\u00e1rio de Sa\u00fade Carlos Lula comemorou a volta dos festejos juninos no estado atrav\u00e9s de v\u00eddeo divulgado em suas redes sociais.<br \/><br \/>\u201cTa\u00ed o resultado da vacina! O maior S\u00e3o Jo\u00e3o do Brasil est\u00e1 de volta! Com sa\u00fade e celebrando a vida\u201d, disse Lula.<br \/><br \/>O pr\u00e9-candidato a deputado estadual afirmou que defender o Sistema \u00danico de Sa\u00fade (SUS) foi essencial pra que pud\u00e9ssemos resgatar esses dias de festa.<\/p>\n\n\n\n<blockquote class=\"wp-block-quote is-layout-flow wp-block-quote-is-layout-flow\"><p>\u201cEssa luta segue comigo e no cora\u00e7\u00e3o de quem esteve conosco superando dias t\u00e3o dif\u00edceis. Viva o SUS que d\u00e1 certo! Viva o S\u00e3o Jo\u00e3o do Maranh\u00e3o\u201d, finalizou.<\/p><\/blockquote>\n\n\n\n<p><div class=\"jetpack-video-wrapper\"><iframe loading=\"lazy\" title=\"7 de junho de 2022\" width=\"800\" height=\"450\" src=\"https:\/\/www.youtube.com\/embed\/KDnx_9nPBmw?feature=oembed\" frameborder=\"0\" allow=\"accelerometer; autoplay; clipboard-write; encrypted-media; gyroscope; picture-in-picture; web-share\" referrerpolicy=\"strict-origin-when-cross-origin\" allowfullscreen><\/iframe><\/div><\/p>\n","protected":false},"excerpt":{"rendered":"<p>Um dos respons\u00e1veis pelo vacina\u00e7\u00e3o satisfat\u00f3ria contra o COVID-19 no Maranh\u00e3o, o ex-secret\u00e1rio de Sa\u00fade Carlos Lula comemorou a volta<\/p>\n","protected":false},"author":2,"featured_media":27594,"comment_status":"open","ping_status":"open","sticky":false,"template":"","format":"standard","meta":{"colormag_page_container_layout":"default_layout","colormag_page_sidebar_layout":"default_layout","_jetpack_memberships_contains_paid_content":false,"footnotes":""},"categories":[2],"tags":[],"class_list":["post-27595","post","type-post","status-publish","format-standard","has-post-thumbnail","hentry","category-noticias"],"magazineBlocksPostFeaturedMedia":{"thumbnail":false,"medium":false,"medium_large":false,"large":false,"1536x1536":false,"2048x2048":false,"colormag-highlighted-post":false,"colormag-featured-post-medium":false,"colormag-featured-post-small":false,"colormag-featured-image":false,"colormag-default-news":false,"colormag-featured-image-large":false},"magazineBlocksPostAuthor":{"name":"maranhaotv","avatar":"https:\/\/secure.gravatar.com\/avatar\/8fadbca458d4cb68b1dd399ae9a40618d747bb1af65ac9fad21c89220a143eb4?s=96&d=mm&r=g"},"magazineBlocksPostCommentsNumber":"0","magazineBlocksPostExcerpt":"Um dos respons\u00e1veis pelo vacina\u00e7\u00e3o satisfat\u00f3ria contra o COVID-19 no Maranh\u00e3o, o ex-secret\u00e1rio de Sa\u00fade Carlos Lula comemorou a volta","magazineBlocksPostCategories":["not\u00edcias"],"magazineBlocksPostViewCount":192,"magazineBlocksPostReadTime":1,"magazine_blocks_featured_image_url":{"full":false,"medium":false,"thumbnail":false},"magazine_blocks_author":{"display_name":"maranhaotv","author_link":"https:\/\/maranhaotv.com.br\/index.php\/author\/maranhaotv\/"},"magazine_blocks_comment":0,"magazine_blocks_author_image":"https:\/\/secure.gravatar.com\/avatar\/8fadbca458d4cb68b1dd399ae9a40618d747bb1af65ac9fad21c89220a143eb4?s=96&d=mm&r=g","magazine_blocks_category":"<a href=\"#\" class=\"category-link category-link-2\">not\u00edcias<\/a>","jetpack_featured_media_url":"","jetpack_sharing_enabled":true,"_links":{"self":[{"href":"https:\/\/maranhaotv.com.br\/index.php\/wp-json\/wp\/v2\/posts\/27595","targetHints":{"allow":["GET"]}}],"collection":[{"href":"https:\/\/maranhaotv.com.br\/index.php\/wp-json\/wp\/v2\/posts"}],"about":[{"href":"https:\/\/maranhaotv.com.br\/index.php\/wp-json\/wp\/v2\/types\/post"}],"author":[{"embeddable":true,"href":"https:\/\/maranhaotv.com.br\/index.php\/wp-json\/wp\/v2\/users\/2"}],"replies":[{"embeddable":true,"href":"https:\/\/maranhaotv.com.br\/index.php\/wp-json\/wp\/v2\/comments?post=27595"}],"version-history":[{"count":0,"href":"https:\/\/maranhaotv.com.br\/index.php\/wp-json\/wp\/v2\/posts\/27595\/revisions"}],"wp:featuredmedia":[{"embeddable":true,"href":"https:\/\/maranhaotv.com.br\/index.php\/wp-json\/"}],"wp:attachment":[{"href":"https:\/\/maranhaotv.com.br\/index.php\/wp-json\/wp\/v2\/media?parent=27595"}],"wp:term":[{"taxonomy":"category","embeddable":true,"href":"https:\/\/maranhaotv.com.br\/index.php\/wp-json\/wp\/v2\/categories?post=27595"},{"taxonomy":"post_tag","embeddable":true,"href":"https:\/\/maranhaotv.com.br\/index.php\/wp-json\/wp\/v2\/tags?post=27595"}],"curies":[{"name":"wp","href":"https:\/\/api.w.org\/{rel}","templated":true}]}}