{"id":27602,"date":"2022-06-08T09:35:59","date_gmt":"2022-06-08T12:35:59","guid":{"rendered":"https:\/\/maranhaotv.com.br\/?p=27602"},"modified":"2022-06-08T09:35:59","modified_gmt":"2022-06-08T12:35:59","slug":"felipe-camarao-iniciara-debates-com-segmentos-para-construcao-do-plano-de-governo-de-carlos-brandao","status":"publish","type":"post","link":"https:\/\/maranhaotv.com.br\/index.php\/2022\/06\/08\/felipe-camarao-iniciara-debates-com-segmentos-para-construcao-do-plano-de-governo-de-carlos-brandao\/","title":{"rendered":"Felipe Camar\u00e3o iniciar\u00e1 debates com segmentos para constru\u00e7\u00e3o do Plano de Governo de Carlos Brand\u00e3o"},"content":{"rendered":"\n<p><br><br>Felipe Camar\u00e3o, pr\u00e9-candidato do PT  a vice-governador na chapa de reelei\u00e7\u00e3o do governador Carlos Brand\u00e3o, realizar\u00e1, nesta quinta-feira (9), uma plen\u00e1ria para educadores e estudantes, que visa dar in\u00edcio ao debate para montagem do plano de governo da dupla. O evento ser\u00e1 realizado \u00e0s 18:30, no Espa\u00e7o Orienta, localizado na Rua das Laranjeiras, Jardim Renascen\u00e7a, em S\u00e3o Lu\u00eds.<br><br>\u201cEsse \u00e9 um convite para educadores, estudantes e todos aqueles que enxergam a educa\u00e7\u00e3o como uma \u00e1rea essencial, para debatermos juntos quais dever\u00e3o ser as prioridades da \u00e1rea na educa\u00e7\u00e3o, para o Maranh\u00e3o continuar avan\u00e7ando. Queremos construir nosso plano de governo ouvindo a popula\u00e7\u00e3o e seus anseios. Esse \u00e9 o nosso primeiro encontro e percorreremos o Maranh\u00e3o com esses debates\u201d, destacou Felipe Camar\u00e3o.<br><br>*Servi\u00e7o:*<br>*O qu\u00ea:* Plen\u00e1ria com Felipe Camar\u00e3o, educadores e estudantes sobre propostas para a constru\u00e7\u00e3o do Plano de Governo<br>*Quando:* Quinta-feira, dia 9 de junho<br>*Onde:* Espa\u00e7o Orienta, localizado na Rua das Laranjeiras, Jardim Renascen\u00e7a, em S\u00e3o Lu\u00eds.<br>*Hor\u00e1rio:* 18h30<\/p>\n","protected":false},"excerpt":{"rendered":"<p>Felipe Camar\u00e3o, pr\u00e9-candidato do PT a vice-governador na chapa de reelei\u00e7\u00e3o do governador Carlos Brand\u00e3o, realizar\u00e1, nesta quinta-feira (9), uma<\/p>\n","protected":false},"author":2,"featured_media":27601,"comment_status":"open","ping_status":"open","sticky":false,"template":"","format":"standard","meta":{"colormag_page_container_layout":"default_layout","colormag_page_sidebar_layout":"default_layout","_jetpack_memberships_contains_paid_content":false,"footnotes":""},"categories":[2],"tags":[],"class_list":["post-27602","post","type-post","status-publish","format-standard","has-post-thumbnail","hentry","category-noticias"],"magazineBlocksPostFeaturedMedia":{"thumbnail":false,"medium":false,"medium_large":false,"large":false,"1536x1536":false,"2048x2048":false,"colormag-highlighted-post":false,"colormag-featured-post-medium":false,"colormag-featured-post-small":false,"colormag-featured-image":false,"colormag-default-news":false,"colormag-featured-image-large":false},"magazineBlocksPostAuthor":{"name":"maranhaotv","avatar":"https:\/\/secure.gravatar.com\/avatar\/8fadbca458d4cb68b1dd399ae9a40618d747bb1af65ac9fad21c89220a143eb4?s=96&d=mm&r=g"},"magazineBlocksPostCommentsNumber":"0","magazineBlocksPostExcerpt":"Felipe Camar\u00e3o, pr\u00e9-candidato do PT a vice-governador na chapa de reelei\u00e7\u00e3o do governador Carlos Brand\u00e3o, realizar\u00e1, nesta quinta-feira (9), uma","magazineBlocksPostCategories":["not\u00edcias"],"magazineBlocksPostViewCount":125,"magazineBlocksPostReadTime":1,"magazine_blocks_featured_image_url":{"full":false,"medium":false,"thumbnail":false},"magazine_blocks_author":{"display_name":"maranhaotv","author_link":"https:\/\/maranhaotv.com.br\/index.php\/author\/maranhaotv\/"},"magazine_blocks_comment":0,"magazine_blocks_author_image":"https:\/\/secure.gravatar.com\/avatar\/8fadbca458d4cb68b1dd399ae9a40618d747bb1af65ac9fad21c89220a143eb4?s=96&d=mm&r=g","magazine_blocks_category":"<a href=\"#\" class=\"category-link category-link-2\">not\u00edcias<\/a>","jetpack_featured_media_url":"","jetpack_sharing_enabled":true,"_links":{"self":[{"href":"https:\/\/maranhaotv.com.br\/index.php\/wp-json\/wp\/v2\/posts\/27602","targetHints":{"allow":["GET"]}}],"collection":[{"href":"https:\/\/maranhaotv.com.br\/index.php\/wp-json\/wp\/v2\/posts"}],"about":[{"href":"https:\/\/maranhaotv.com.br\/index.php\/wp-json\/wp\/v2\/types\/post"}],"author":[{"embeddable":true,"href":"https:\/\/maranhaotv.com.br\/index.php\/wp-json\/wp\/v2\/users\/2"}],"replies":[{"embeddable":true,"href":"https:\/\/maranhaotv.com.br\/index.php\/wp-json\/wp\/v2\/comments?post=27602"}],"version-history":[{"count":0,"href":"https:\/\/maranhaotv.com.br\/index.php\/wp-json\/wp\/v2\/posts\/27602\/revisions"}],"wp:featuredmedia":[{"embeddable":true,"href":"https:\/\/maranhaotv.com.br\/index.php\/wp-json\/"}],"wp:attachment":[{"href":"https:\/\/maranhaotv.com.br\/index.php\/wp-json\/wp\/v2\/media?parent=27602"}],"wp:term":[{"taxonomy":"category","embeddable":true,"href":"https:\/\/maranhaotv.com.br\/index.php\/wp-json\/wp\/v2\/categories?post=27602"},{"taxonomy":"post_tag","embeddable":true,"href":"https:\/\/maranhaotv.com.br\/index.php\/wp-json\/wp\/v2\/tags?post=27602"}],"curies":[{"name":"wp","href":"https:\/\/api.w.org\/{rel}","templated":true}]}}