{"id":27616,"date":"2022-06-09T14:19:18","date_gmt":"2022-06-09T17:19:18","guid":{"rendered":"https:\/\/maranhaotv.com.br\/?p=27616"},"modified":"2022-06-09T14:19:18","modified_gmt":"2022-06-09T17:19:18","slug":"mais-renda-sedes-capacita-mais-80-beneficiarios-da-ilha-de-sao-luis","status":"publish","type":"post","link":"https:\/\/maranhaotv.com.br\/index.php\/2022\/06\/09\/mais-renda-sedes-capacita-mais-80-beneficiarios-da-ilha-de-sao-luis\/","title":{"rendered":"Mais Renda: Sedes capacita mais 80 benefici\u00e1rios da Ilha de S\u00e3o Lu\u00eds"},"content":{"rendered":"\n<p><br>Nesta quarta-feira (8), a Secretaria de Estado do Desenvolvimento Social (Sedes) realizou a capacita\u00e7\u00e3o de mais 80 benefici\u00e1rios do programa Mais Renda. A a\u00e7\u00e3o, que ocorreu durante todo o dia, no Centro Social Urbano, no Vinhais, visou a profissionaliza\u00e7\u00e3o de trabalhadores informais do setor aliment\u00edcio para atuarem nos arraiais do S\u00e3o Jo\u00e3o 2022, promovido pelo Governo do Estado.<br>Ap\u00f3s essa etapa, os contemplados do programa receber\u00e3o equipamentos para trabalharem nos arraiais e um aux\u00edlio no valor de R$ 500,00. Na \u00faltima quinta-feira (2), 116 benefici\u00e1rios j\u00e1 iniciaram a venda dos seus lanches, sendo 85 distribu\u00eddos no arraial da Vila Palmeira e 31 no arraial do Ceprama. Ao todo, ser\u00e3o 300 beneficiados atuando durante toda a programa\u00e7\u00e3o junina em S\u00e3o Lu\u00eds.  <br>Para o secret\u00e1rio da Sedes, Paulo Cas\u00e9 Fernandes, o programa tem o objetivo de fomentar a renda de fam\u00edlias assistidas por pol\u00edticas de assist\u00eancia social e que, nos \u00faltimos dois anos, foram afetadas pela pandemia da Covid-19. \u201cDevido a esse cen\u00e1rio, h\u00e1 muitos maranhenses precisando de uma oportunidade. Por isso, a Sedes vem investindo nas capacita\u00e7\u00f5es, al\u00e9m das entregas de equipamentos e aux\u00edlios, para assegurar a renda familiar desses trabalhadores\u201d, explicou.<br>Durante a capacita\u00e7\u00e3o, o secret\u00e1rio adjunto de Inclus\u00e3o Socioprodutiva, J\u00fanior Rodrigues, relembrou que o programa \u00e9 uma porta de entrada para o surgimento de novos microempreendedores. \u201cAp\u00f3s o per\u00edodo de S\u00e3o Jo\u00e3o, a expectativa \u00e9 que esses trabalhadores possam expandir seus neg\u00f3cios\u201d, afirmou.<br>O benefici\u00e1rio Nauro Cesar ressaltou estar satisfeito em ter sido capacitado pelo programa. \u201cCom a oferta do treinamento e dos equipamentos, n\u00f3s vamos estar mais preparados para atender e conquistar nossos clientes\u201d, destacou. Segundo o microempreendedor, sem o Mais Renda, ele n\u00e3o teria condi\u00e7\u00f5es de comprar o carrinho para vender os seus lanches.<br>Implementado em 2015 pelo Governo do Maranh\u00e3o, e sob administra\u00e7\u00e3o da Sedes, o Mais Renda j\u00e1 atendeu 4 mil maranhenses. \u201cA inser\u00e7\u00e3o do programa no S\u00e3o Jo\u00e3o \u00e9 uma determina\u00e7\u00e3o do governador Carlos Brand\u00e3o a fim de dar assist\u00eancia a quem mais precisa\u201d, relembrou o secret\u00e1rio Paulo Cas\u00e9. Ainda de acordo com o secret\u00e1rio, a expectativa \u00e9 de entregar mil kits operacionais em todo o Maranh\u00e3o at\u00e9 o final de julho.<\/p>\n\n\n\n<figure class=\"wp-block-image size-large\"><img decoding=\"async\" src=\"https:\/\/maranhaotv.com.br\/wp-content\/uploads\/2022\/06\/IMG-20220609-WA0219.jpg\" alt=\"\" class=\"wp-image-27613\"\/><\/figure>\n\n\n\n<figure class=\"wp-block-image\"><img decoding=\"async\" src=\"https:\/\/maranhaotv.com.br\/wp-content\/uploads\/2022\/06\/IMG-20220609-WA0217.jpg\" alt=\"\" class=\"wp-image-27614\"\/><\/figure>\n","protected":false},"excerpt":{"rendered":"<p>Nesta quarta-feira (8), a Secretaria de Estado do Desenvolvimento Social (Sedes) realizou a capacita\u00e7\u00e3o de mais 80 benefici\u00e1rios do programa<\/p>\n","protected":false},"author":2,"featured_media":27615,"comment_status":"open","ping_status":"open","sticky":false,"template":"","format":"standard","meta":{"colormag_page_container_layout":"default_layout","colormag_page_sidebar_layout":"default_layout","_jetpack_memberships_contains_paid_content":false,"footnotes":""},"categories":[2],"tags":[],"class_list":["post-27616","post","type-post","status-publish","format-standard","has-post-thumbnail","hentry","category-noticias"],"magazineBlocksPostFeaturedMedia":{"thumbnail":false,"medium":false,"medium_large":false,"large":false,"1536x1536":false,"2048x2048":false,"colormag-highlighted-post":false,"colormag-featured-post-medium":false,"colormag-featured-post-small":false,"colormag-featured-image":false,"colormag-default-news":false,"colormag-featured-image-large":false},"magazineBlocksPostAuthor":{"name":"maranhaotv","avatar":"https:\/\/secure.gravatar.com\/avatar\/8fadbca458d4cb68b1dd399ae9a40618d747bb1af65ac9fad21c89220a143eb4?s=96&d=mm&r=g"},"magazineBlocksPostCommentsNumber":"0","magazineBlocksPostExcerpt":"Nesta quarta-feira (8), a Secretaria de Estado do Desenvolvimento Social (Sedes) realizou a capacita\u00e7\u00e3o de mais 80 benefici\u00e1rios do programa","magazineBlocksPostCategories":["not\u00edcias"],"magazineBlocksPostViewCount":121,"magazineBlocksPostReadTime":2,"magazine_blocks_featured_image_url":{"full":false,"medium":false,"thumbnail":false},"magazine_blocks_author":{"display_name":"maranhaotv","author_link":"https:\/\/maranhaotv.com.br\/index.php\/author\/maranhaotv\/"},"magazine_blocks_comment":0,"magazine_blocks_author_image":"https:\/\/secure.gravatar.com\/avatar\/8fadbca458d4cb68b1dd399ae9a40618d747bb1af65ac9fad21c89220a143eb4?s=96&d=mm&r=g","magazine_blocks_category":"<a href=\"#\" class=\"category-link category-link-2\">not\u00edcias<\/a>","jetpack_featured_media_url":"","jetpack_sharing_enabled":true,"_links":{"self":[{"href":"https:\/\/maranhaotv.com.br\/index.php\/wp-json\/wp\/v2\/posts\/27616","targetHints":{"allow":["GET"]}}],"collection":[{"href":"https:\/\/maranhaotv.com.br\/index.php\/wp-json\/wp\/v2\/posts"}],"about":[{"href":"https:\/\/maranhaotv.com.br\/index.php\/wp-json\/wp\/v2\/types\/post"}],"author":[{"embeddable":true,"href":"https:\/\/maranhaotv.com.br\/index.php\/wp-json\/wp\/v2\/users\/2"}],"replies":[{"embeddable":true,"href":"https:\/\/maranhaotv.com.br\/index.php\/wp-json\/wp\/v2\/comments?post=27616"}],"version-history":[{"count":0,"href":"https:\/\/maranhaotv.com.br\/index.php\/wp-json\/wp\/v2\/posts\/27616\/revisions"}],"wp:featuredmedia":[{"embeddable":true,"href":"https:\/\/maranhaotv.com.br\/index.php\/wp-json\/"}],"wp:attachment":[{"href":"https:\/\/maranhaotv.com.br\/index.php\/wp-json\/wp\/v2\/media?parent=27616"}],"wp:term":[{"taxonomy":"category","embeddable":true,"href":"https:\/\/maranhaotv.com.br\/index.php\/wp-json\/wp\/v2\/categories?post=27616"},{"taxonomy":"post_tag","embeddable":true,"href":"https:\/\/maranhaotv.com.br\/index.php\/wp-json\/wp\/v2\/tags?post=27616"}],"curies":[{"name":"wp","href":"https:\/\/api.w.org\/{rel}","templated":true}]}}