{"id":27634,"date":"2022-06-10T12:12:51","date_gmt":"2022-06-10T15:12:51","guid":{"rendered":"https:\/\/maranhaotv.com.br\/?p=27634"},"modified":"2022-06-10T12:12:51","modified_gmt":"2022-06-10T15:12:51","slug":"paula-azevedo-inauguracao-ruas-no-conjunto-abdalla-ii-e-residencial-roseana-sarney","status":"publish","type":"post","link":"https:\/\/maranhaotv.com.br\/index.php\/2022\/06\/10\/paula-azevedo-inauguracao-ruas-no-conjunto-abdalla-ii-e-residencial-roseana-sarney\/","title":{"rendered":"Paula Azevedo inaugura\u00e7\u00e3o ruas no Conjunto Abdalla II e Residencial Roseana Sarney"},"content":{"rendered":"\n<p><br \/><br \/><br \/>Um sonho realizado! Depois de mais de 20 anos de espera, os moradores da Rua 04 do Residencial Abdalla II e da Rua do Ferreiro, no Conjunto Roseana Sarney agora podem sair de casa e andar por vias recuperadas e pavimentadas com revestimento em bloquetes. Os servi\u00e7os foram executados com recursos pr\u00f3prios da Prefeitura de Pa\u00e7o do Lumiar, atrav\u00e9s da Secretaria Municipal de Infraestrutura e Urbanismo-SEMIU. A Rua 04, possui 147 metros de extens\u00e3o e a Rua do Ferreiro, possui um total de 130 metros, conforme o cronograma da Prefeitura.<br \/><br \/>As obras foram prometidas no in\u00edcio da gest\u00e3o da Prefeita Paula Azevedo(PCdoB), em 2019, quando ela caminhou com os moradores e garantiu revitalizar ruas e levar melhorias para as comunidades. Na \u00e9poca a prefeita conversou com a popula\u00e7\u00e3o, que em sua maioria, se dizia desesperan\u00e7osa, no entanto, as promessas gradativamente se tornaram realidade e Paula ganhou a confian\u00e7a popular, desde ent\u00e3o, foram v\u00e1rias melhorias, o corredor de transportes do Abdalla II foi completamente restaurado, beneficiando as duas comunidades com mais transporte e qualidade  de vida, al\u00e9m de servi\u00e7os de regulariza\u00e7\u00e3o fundi\u00e1ria e um vasto cronograma de a\u00e7\u00f5es que vem sendo cumprido nas duas localidades e em todo o munic\u00edpio. <br \/><br \/>Paula vem desconstruindo fal\u00e1cias dos seus opositores, com uma linguagem popular, por\u00e9m bastante eficaz, ela discursou, comparando a antiga realidade das vias recuperadas com a atual:&#8221;Quando caminhamos na Rua 04 do Conjunto Abdalla II e na Rua do Ferreiro, no Residencial Roseana Sarney, n\u00f3s v\u00edamos ruas intrafeg\u00e1veis, era realmente muito dif\u00edcil, desde ent\u00e3o percebemos que seriam necess\u00e1rias v\u00e1rias interven\u00e7\u00f5es e assim fizemos, estamos cumprindo todo o cronograma e iremos ampliar nossos projetos e melhorias, pois a popula\u00e7\u00e3o das comunidades merecem&#8221;, ela falou.<br \/><br \/>O Secret\u00e1rio Municipal de Infraestrutura e Urbanismo de Pa\u00e7o do Lumiar, Walburg Neto, falou sobre o cronograma de obras: &#8220;Nesta quinta-feira(09) estamos entregando estas duas ruas mas o trabalho n\u00e3o para, tamb\u00e9m seguimos trabalhando na Comunidade Roseana Sarney, na Rua Mestre de Obras, que possui 375 metros de extens\u00e3o e na Rua do Servente, que possui 130 metros, em seguida iniciarmos as obras da Rua do Carpinteiro, que possui 312 metros, todas ser\u00e3o pavimentadas em bloquetes com recursos pr\u00f3prios do munic\u00edpio. Nossa prefeita Paula Azevedo tamb\u00e9m deu a ordem de servi\u00e7o para recupera\u00e7\u00e3o  da Avenida 04 e da Rua 02 do Conjunto Abdalla II, que juntas possuem aproximadamente 300 metros de extens\u00e3o, esse \u00e9 um compromisso que n\u00f3s assumimos e cumpriremos como o prometido&#8221;, disse ele.<br \/><br \/>Marisa Ferreira \u00e9 moradora do Abdalla II h\u00e1  mais de 20 anos e explicou que ficou emocionada ao ver a Rua 04 pavimentada:&#8221;Agira eu fico orgulhosa com a minha rua, por muitos anos nenhum transporte parava na porta da minha casa, isso era uma realidade triste, mas hoje o que eu vejo s\u00e3o crian\u00e7as brincando, pessoas circulando livremente, sem medo dos dias de chuva, isso \u00e9 simplesmente emocionante&#8221;, disse ela.<\/p>\n\n\n\n<figure class=\"wp-block-image size-large\"><img decoding=\"async\" src=\"https:\/\/maranhaotv.com.br\/wp-content\/uploads\/2022\/06\/IMG-20220610-WA0096.jpg\" alt=\"\" class=\"wp-image-27639\"\/><\/figure>\n\n\n\n<figure class=\"wp-block-image\"><img decoding=\"async\" src=\"https:\/\/maranhaotv.com.br\/wp-content\/uploads\/2022\/06\/IMG-20220610-WA0100.jpg\" alt=\"\" class=\"wp-image-27637\"\/><\/figure>\n\n\n\n<figure class=\"wp-block-image\"><img decoding=\"async\" src=\"https:\/\/maranhaotv.com.br\/wp-content\/uploads\/2022\/06\/IMG-20220610-WA0098.jpg\" alt=\"\" class=\"wp-image-27638\"\/><\/figure>\n\n\n\n<figure class=\"wp-block-image\"><img decoding=\"async\" src=\"https:\/\/maranhaotv.com.br\/wp-content\/uploads\/2022\/06\/IMG-20220610-WA0097.jpg\" alt=\"\" class=\"wp-image-27640\"\/><\/figure>\n","protected":false},"excerpt":{"rendered":"<p>Um sonho realizado! Depois de mais de 20 anos de espera, os moradores da Rua 04 do Residencial Abdalla II<\/p>\n","protected":false},"author":2,"featured_media":27641,"comment_status":"open","ping_status":"open","sticky":false,"template":"","format":"standard","meta":{"colormag_page_container_layout":"default_layout","colormag_page_sidebar_layout":"default_layout","_jetpack_memberships_contains_paid_content":false,"footnotes":""},"categories":[2],"tags":[],"class_list":["post-27634","post","type-post","status-publish","format-standard","has-post-thumbnail","hentry","category-noticias"],"magazineBlocksPostFeaturedMedia":{"thumbnail":false,"medium":false,"medium_large":false,"large":false,"1536x1536":false,"2048x2048":false,"colormag-highlighted-post":false,"colormag-featured-post-medium":false,"colormag-featured-post-small":false,"colormag-featured-image":false,"colormag-default-news":false,"colormag-featured-image-large":false},"magazineBlocksPostAuthor":{"name":"maranhaotv","avatar":"https:\/\/secure.gravatar.com\/avatar\/8fadbca458d4cb68b1dd399ae9a40618d747bb1af65ac9fad21c89220a143eb4?s=96&d=mm&r=g"},"magazineBlocksPostCommentsNumber":"0","magazineBlocksPostExcerpt":"Um sonho realizado! Depois de mais de 20 anos de espera, os moradores da Rua 04 do Residencial Abdalla II","magazineBlocksPostCategories":["not\u00edcias"],"magazineBlocksPostViewCount":141,"magazineBlocksPostReadTime":3,"magazine_blocks_featured_image_url":{"full":false,"medium":false,"thumbnail":false},"magazine_blocks_author":{"display_name":"maranhaotv","author_link":"https:\/\/maranhaotv.com.br\/index.php\/author\/maranhaotv\/"},"magazine_blocks_comment":0,"magazine_blocks_author_image":"https:\/\/secure.gravatar.com\/avatar\/8fadbca458d4cb68b1dd399ae9a40618d747bb1af65ac9fad21c89220a143eb4?s=96&d=mm&r=g","magazine_blocks_category":"<a href=\"#\" class=\"category-link category-link-2\">not\u00edcias<\/a>","jetpack_featured_media_url":"","jetpack_sharing_enabled":true,"_links":{"self":[{"href":"https:\/\/maranhaotv.com.br\/index.php\/wp-json\/wp\/v2\/posts\/27634","targetHints":{"allow":["GET"]}}],"collection":[{"href":"https:\/\/maranhaotv.com.br\/index.php\/wp-json\/wp\/v2\/posts"}],"about":[{"href":"https:\/\/maranhaotv.com.br\/index.php\/wp-json\/wp\/v2\/types\/post"}],"author":[{"embeddable":true,"href":"https:\/\/maranhaotv.com.br\/index.php\/wp-json\/wp\/v2\/users\/2"}],"replies":[{"embeddable":true,"href":"https:\/\/maranhaotv.com.br\/index.php\/wp-json\/wp\/v2\/comments?post=27634"}],"version-history":[{"count":0,"href":"https:\/\/maranhaotv.com.br\/index.php\/wp-json\/wp\/v2\/posts\/27634\/revisions"}],"wp:featuredmedia":[{"embeddable":true,"href":"https:\/\/maranhaotv.com.br\/index.php\/wp-json\/"}],"wp:attachment":[{"href":"https:\/\/maranhaotv.com.br\/index.php\/wp-json\/wp\/v2\/media?parent=27634"}],"wp:term":[{"taxonomy":"category","embeddable":true,"href":"https:\/\/maranhaotv.com.br\/index.php\/wp-json\/wp\/v2\/categories?post=27634"},{"taxonomy":"post_tag","embeddable":true,"href":"https:\/\/maranhaotv.com.br\/index.php\/wp-json\/wp\/v2\/tags?post=27634"}],"curies":[{"name":"wp","href":"https:\/\/api.w.org\/{rel}","templated":true}]}}