{"id":27656,"date":"2022-06-10T15:21:12","date_gmt":"2022-06-10T18:21:12","guid":{"rendered":"https:\/\/maranhaotv.com.br\/?p=27656"},"modified":"2022-06-10T15:21:12","modified_gmt":"2022-06-10T18:21:12","slug":"felipe-camarao-reuniu-centenas-de-pessoas-para-debater-propostas-para-o-plano-de-governo-de-carlos-brandao","status":"publish","type":"post","link":"https:\/\/maranhaotv.com.br\/index.php\/2022\/06\/10\/felipe-camarao-reuniu-centenas-de-pessoas-para-debater-propostas-para-o-plano-de-governo-de-carlos-brandao\/","title":{"rendered":"Felipe Camar\u00e3o reuniu centenas de pessoas para debater propostas para o plano de Governo de Carlos Brand\u00e3o"},"content":{"rendered":"\n<p><br><p><br>Mais de 600 pessoas, entre educadores, estudantes, profissionais da educa\u00e7\u00e3o e representantes de diversas entidades, estiveram reunidas em S\u00e3o Lu\u00eds, na noite desta quinta-feira (9), na plen\u00e1ria &#8220;O Maranh\u00e3o n\u00e3o pode parar&#8221;, coordenada por Felipe Camar\u00e3o, pr\u00e9-candidato do PT a vice-governador na chapa de reelei\u00e7\u00e3o do governador Carlos Brand\u00e3o.<br><br>O objetivo da plen\u00e1ria foi iniciar o debate para montagem do plano de governo de reelei\u00e7\u00e3o do governador Carlos Brand\u00e3o. <br><br>Para Felipe Camar\u00e3o o momento \u00e9 de extrema relev\u00e2ncia, pois busca escutar dos participantes, quais novas a\u00e7\u00f5es elas querem que sejam priorizadas pelo governo, a partir de 2023. <br><br>&#8220;Iniciamos nosso encontro com uma pergunta aos participantes: quais prioridades ou novas a\u00e7\u00f5es na educa\u00e7\u00e3o para o Maranh\u00e3o continuar avan\u00e7ando? Uma pergunta simb\u00f3lica, que demonstra que mesmo sendo um governo de continuidade do legado de Fl\u00e1vio Dino, queremos ouvir a popula\u00e7\u00e3o sobre os pr\u00f3ximos avan\u00e7os e passos que ela quer. E \u00e9 assim que construiremos nosso plano de governo. Esse \u00e9 o nosso primeiro encontro, mas faremos muitos outros, percorrendo o Maranh\u00e3o com esses debates&#8221;, declarou Felipe Camar\u00e3o.<br><br>A secret\u00e1ria de Educa\u00e7\u00e3o do Maranh\u00e3o, Leuzinete Pereira, participou, do momento e destacou a import\u00e2ncia dele para continuidade das a\u00e7\u00f5es que tanto modificaram a educa\u00e7\u00e3o nos \u00faltimos anos. <br><br>&#8220;Avan\u00e7amos muito na educa\u00e7\u00e3o integral, profissional, nos esfor\u00e7os pela alfabetiza\u00e7\u00e3o, por meio do Pacto e parceria com os munic\u00edpios, entre tantas outras \u00e1reas. Mas precisamos continuar avan\u00e7ando. Eu tenho certeza que vamos continuar essa pol\u00edtica que se confirmou como uma pol\u00edtica exitosa, aprimorando-a ainda mais, apoiando os munic\u00edpios, fortalecendo o pacto pela aprendizagem e todos os trabalhos que v\u00eam sendo feitos. N\u00f3s nao podemos retroceder a toda essa revolu\u00e7\u00e3o que foi feita, pois o custo \u00e9 muito alto e o Maranh\u00e3o ja sofreu demais&#8221;, destacou Leuzinete.<br><br>&#8220;Muito bom estar aqui nesse momento, discutindo educa\u00e7\u00e3o e contribuindo de alguma forma. Ao meu ver, o primeiro ponto que temos que avan\u00e7ar na educa\u00e7\u00e3o \u00e9 a amplia\u00e7\u00e3o das escolas em tempo integral, pois j\u00e1 temos as atuais que s\u00e3o um sucesso e merecem ser expandidas. E uma necessidade que vemos em nossos alunos nesse p\u00f3s pandemia \u00e9 a de termos psic\u00f3logos dentro dos ambientes escolares&#8221;, refor\u00e7ou o professor Willian Rosa, que \u00e9 gestor de uma escola de tempo integral na capital maranhense.<br><br>A estudante Rebeca Ataide participou do momento e fez quest\u00e3o de ressaltar a sua admira\u00e7\u00e3o por sua escola, que \u00e9 uma das unidades de tempo integral da rede p\u00fablica estadual. &#8220;Minha escola \u00e9 maravilhosa, venho de escola particular e vejo o quanto nossa escola \u00e9 excelente. A minha contribui\u00e7\u00e3o para o plano de governo \u00e9 que temhamos mais livros nas escolas e espa\u00e7os de leituras, que incentivem os estudantes \u00e0 leitura&#8221;, disse a estudante de 16 anos.<\/p>\n\n\n\n<p>O Maranh\u00e3o n\u00e3o pode parar &#8211; nesta sexta-feira (10), a plen\u00e1ria ser\u00e1 realizada no munic\u00edpio de Presidente Dutra, a partir das 18h, no Clube dos Jovens (Avenida House).<\/p>\n\n\n\n<figure class=\"wp-block-image size-large\"><img decoding=\"async\" src=\"https:\/\/maranhaotv.com.br\/wp-content\/uploads\/2022\/06\/IMG-20220610-WA0247.jpg\" alt=\"\" class=\"wp-image-27653\"\/><\/figure>\n\n\n\n<figure class=\"wp-block-image\"><img decoding=\"async\" src=\"https:\/\/maranhaotv.com.br\/wp-content\/uploads\/2022\/06\/IMG-20220610-WA0245.jpg\" alt=\"\" class=\"wp-image-27651\"\/><\/figure>\n\n\n\n<figure class=\"wp-block-image\"><img decoding=\"async\" src=\"https:\/\/maranhaotv.com.br\/wp-content\/uploads\/2022\/06\/IMG-20220610-WA0242.jpg\" alt=\"\" class=\"wp-image-27652\"\/><\/figure>\n\n\n\n<figure class=\"wp-block-image\"><img decoding=\"async\" src=\"https:\/\/maranhaotv.com.br\/wp-content\/uploads\/2022\/06\/IMG-20220610-WA0243.jpg\" alt=\"\" class=\"wp-image-27654\"\/><\/figure>\n\n\n\n<figure class=\"wp-block-image\"><img decoding=\"async\" src=\"https:\/\/maranhaotv.com.br\/wp-content\/uploads\/2022\/06\/IMG-20220610-WA0240.jpg\" alt=\"\" class=\"wp-image-27655\"\/><\/figure>\n","protected":false},"excerpt":{"rendered":"<p>Mais de 600 pessoas, entre educadores, estudantes, profissionais da educa\u00e7\u00e3o e representantes de diversas entidades, estiveram reunidas em S\u00e3o Lu\u00eds,<\/p>\n","protected":false},"author":2,"featured_media":27658,"comment_status":"open","ping_status":"open","sticky":false,"template":"","format":"standard","meta":{"colormag_page_container_layout":"default_layout","colormag_page_sidebar_layout":"default_layout","_jetpack_memberships_contains_paid_content":false,"footnotes":""},"categories":[2],"tags":[352],"class_list":["post-27656","post","type-post","status-publish","format-standard","has-post-thumbnail","hentry","category-noticias","tag-felipe-camarao"],"magazineBlocksPostFeaturedMedia":{"thumbnail":false,"medium":false,"medium_large":false,"large":false,"1536x1536":false,"2048x2048":false,"colormag-highlighted-post":false,"colormag-featured-post-medium":false,"colormag-featured-post-small":false,"colormag-featured-image":false,"colormag-default-news":false,"colormag-featured-image-large":false},"magazineBlocksPostAuthor":{"name":"maranhaotv","avatar":"https:\/\/secure.gravatar.com\/avatar\/8fadbca458d4cb68b1dd399ae9a40618d747bb1af65ac9fad21c89220a143eb4?s=96&d=mm&r=g"},"magazineBlocksPostCommentsNumber":"0","magazineBlocksPostExcerpt":"Mais de 600 pessoas, entre educadores, estudantes, profissionais da educa\u00e7\u00e3o e representantes de diversas entidades, estiveram reunidas em S\u00e3o Lu\u00eds,","magazineBlocksPostCategories":["not\u00edcias"],"magazineBlocksPostViewCount":273,"magazineBlocksPostReadTime":3,"magazine_blocks_featured_image_url":{"full":false,"medium":false,"thumbnail":false},"magazine_blocks_author":{"display_name":"maranhaotv","author_link":"https:\/\/maranhaotv.com.br\/index.php\/author\/maranhaotv\/"},"magazine_blocks_comment":0,"magazine_blocks_author_image":"https:\/\/secure.gravatar.com\/avatar\/8fadbca458d4cb68b1dd399ae9a40618d747bb1af65ac9fad21c89220a143eb4?s=96&d=mm&r=g","magazine_blocks_category":"<a href=\"#\" class=\"category-link category-link-2\">not\u00edcias<\/a>","jetpack_featured_media_url":"","jetpack_sharing_enabled":true,"_links":{"self":[{"href":"https:\/\/maranhaotv.com.br\/index.php\/wp-json\/wp\/v2\/posts\/27656","targetHints":{"allow":["GET"]}}],"collection":[{"href":"https:\/\/maranhaotv.com.br\/index.php\/wp-json\/wp\/v2\/posts"}],"about":[{"href":"https:\/\/maranhaotv.com.br\/index.php\/wp-json\/wp\/v2\/types\/post"}],"author":[{"embeddable":true,"href":"https:\/\/maranhaotv.com.br\/index.php\/wp-json\/wp\/v2\/users\/2"}],"replies":[{"embeddable":true,"href":"https:\/\/maranhaotv.com.br\/index.php\/wp-json\/wp\/v2\/comments?post=27656"}],"version-history":[{"count":0,"href":"https:\/\/maranhaotv.com.br\/index.php\/wp-json\/wp\/v2\/posts\/27656\/revisions"}],"wp:featuredmedia":[{"embeddable":true,"href":"https:\/\/maranhaotv.com.br\/index.php\/wp-json\/"}],"wp:attachment":[{"href":"https:\/\/maranhaotv.com.br\/index.php\/wp-json\/wp\/v2\/media?parent=27656"}],"wp:term":[{"taxonomy":"category","embeddable":true,"href":"https:\/\/maranhaotv.com.br\/index.php\/wp-json\/wp\/v2\/categories?post=27656"},{"taxonomy":"post_tag","embeddable":true,"href":"https:\/\/maranhaotv.com.br\/index.php\/wp-json\/wp\/v2\/tags?post=27656"}],"curies":[{"name":"wp","href":"https:\/\/api.w.org\/{rel}","templated":true}]}}