{"id":27667,"date":"2022-06-11T08:54:01","date_gmt":"2022-06-11T11:54:01","guid":{"rendered":"https:\/\/maranhaotv.com.br\/?p=27667"},"modified":"2022-06-11T08:54:01","modified_gmt":"2022-06-11T11:54:01","slug":"governo-do-ma-secretario-paulo-case-entrega-111-restaurante-popular-desta-vez-em-urbano-santos","status":"publish","type":"post","link":"https:\/\/maranhaotv.com.br\/index.php\/2022\/06\/11\/governo-do-ma-secretario-paulo-case-entrega-111-restaurante-popular-desta-vez-em-urbano-santos\/","title":{"rendered":"Governo do MA: Secret\u00e1rio Paulo Cas\u00e9 entrega 111\u00b0 Restaurante Popular, desta vez em Urbano Santos"},"content":{"rendered":"\n<p><br>O Governo do Maranh\u00e3o, por meio da Secretaria de Estado do Desenvolvimento Social (Sedes), entregou, na quarta-feira (9), o 111\u00ba Restaurante Popular do Maranh\u00e3o, dessa vez, no munic\u00edpio de Urbano Santos. O equipamento amplia a rede de seguran\u00e7a alimentar e nutricional beneficiando a popula\u00e7\u00e3o. No local, ser\u00e3o servidas 350 refei\u00e7\u00f5es por dia, sendo 200 almo\u00e7os e 150 jantares, ao custo de R$ 1,00.\u00a0\u2028\u2028O secret\u00e1rio-chefe da Casa Civil, Sebasti\u00e3o Madeira, ressaltou que o estado tem a maior rede de Restaurantes Populares do pa\u00eds. \u201cEssa unidade aqui em Urbano Santos \u00e9 o cent\u00e9simo d\u00e9cimo primeiro Restaurante Popular implantado no Maranh\u00e3o. Na pr\u00f3xima semana teremos mais unidades para inaugurar. Somos a maior rede do pa\u00eds, temos o dobro de unidades que S\u00e3o Paulo\u201d, enfatizou.\u2028\u2028A inaugura\u00e7\u00e3o contou com a presen\u00e7a do secret\u00e1rio da Sedes, Paulo Cas\u00e9 Fernandes, que pontuou a economia para a popula\u00e7\u00e3o. \u201cH\u00e1 um dado recente que mostrou aproximadamente 33 milh\u00f5es de brasileiros passando fome este ano. O Restaurante Popular vem caminhando contra isso. Esse \u00e9 um momento muito importante para o nosso estado em que inauguramos mais uma unidade, que ajudar\u00e1 quem tanto precisa\u201d, ressaltou o secret\u00e1rio.\u2028\u2028Presente na abertura, o prefeito de Urbano Santos, Clemilton Barros, externou sua gratid\u00e3o ao Governo do Estado. \u201cOferecer refei\u00e7\u00f5es para as pessoas \u00e0 R$1,00, isso s\u00f3 o Governo do Estado do Maranh\u00e3o para fazer. Por isso, n\u00f3s somos muito gratos ao governador Carlos Brand\u00e3o por essa pol\u00edtica p\u00fablica de seguran\u00e7a alimentar que vai ser muito importante para a nossa popula\u00e7\u00e3o\u201d, declarou o prefeito.\u2028\u2028Os moradores destacaram a import\u00e2ncia do Restaurante Popular para a cidade. \u201cEstou muito satisfeita com esse restaurante em nossa cidade. Essa unidade vai nos ajudar muito. Tem muita gente que n\u00e3o possui condi\u00e7\u00f5es para comprar o p\u00e3o de cada dia, mas o governador nos enviou esse restaurante muito especial. Estou muito feliz com esse presente para nossa cidade\u201d, frisou a moradora de Urbano Santos, Izauria da Silva.<\/p>\n\n\n\n<figure class=\"wp-block-image\"><img decoding=\"async\" src=\"https:\/\/maranhaotv.com.br\/wp-content\/uploads\/2022\/06\/IMG-20220611-WA0049.jpg\" alt=\"\" class=\"wp-image-27661\"\/><\/figure>\n\n\n\n<figure class=\"wp-block-image\"><img decoding=\"async\" src=\"https:\/\/maranhaotv.com.br\/wp-content\/uploads\/2022\/06\/IMG-20220611-WA0047.jpg\" alt=\"\" class=\"wp-image-27662\"\/><\/figure>\n\n\n\n<figure class=\"wp-block-image\"><img decoding=\"async\" src=\"https:\/\/maranhaotv.com.br\/wp-content\/uploads\/2022\/06\/IMG-20220611-WA0048.jpg\" alt=\"\" class=\"wp-image-27663\"\/><\/figure>\n\n\n\n<figure class=\"wp-block-image\"><img decoding=\"async\" src=\"https:\/\/maranhaotv.com.br\/wp-content\/uploads\/2022\/06\/IMG-20220611-WA0046.jpg\" alt=\"\" class=\"wp-image-27664\"\/><\/figure>\n\n\n\n<figure class=\"wp-block-image\"><img decoding=\"async\" src=\"https:\/\/maranhaotv.com.br\/wp-content\/uploads\/2022\/06\/IMG-20220611-WA0051.jpg\" alt=\"\" class=\"wp-image-27665\"\/><\/figure>\n","protected":false},"excerpt":{"rendered":"<p>O Governo do Maranh\u00e3o, por meio da Secretaria de Estado do Desenvolvimento Social (Sedes), entregou, na quarta-feira (9), o 111\u00ba<\/p>\n","protected":false},"author":2,"featured_media":27666,"comment_status":"open","ping_status":"open","sticky":false,"template":"","format":"standard","meta":{"colormag_page_container_layout":"default_layout","colormag_page_sidebar_layout":"default_layout","_jetpack_memberships_contains_paid_content":false,"footnotes":""},"categories":[2],"tags":[],"class_list":["post-27667","post","type-post","status-publish","format-standard","has-post-thumbnail","hentry","category-noticias"],"magazineBlocksPostFeaturedMedia":{"thumbnail":false,"medium":false,"medium_large":false,"large":false,"1536x1536":false,"2048x2048":false,"colormag-highlighted-post":false,"colormag-featured-post-medium":false,"colormag-featured-post-small":false,"colormag-featured-image":false,"colormag-default-news":false,"colormag-featured-image-large":false},"magazineBlocksPostAuthor":{"name":"maranhaotv","avatar":"https:\/\/secure.gravatar.com\/avatar\/8fadbca458d4cb68b1dd399ae9a40618d747bb1af65ac9fad21c89220a143eb4?s=96&d=mm&r=g"},"magazineBlocksPostCommentsNumber":"0","magazineBlocksPostExcerpt":"O Governo do Maranh\u00e3o, por meio da Secretaria de Estado do Desenvolvimento Social (Sedes), entregou, na quarta-feira (9), o 111\u00ba","magazineBlocksPostCategories":["not\u00edcias"],"magazineBlocksPostViewCount":171,"magazineBlocksPostReadTime":2,"magazine_blocks_featured_image_url":{"full":false,"medium":false,"thumbnail":false},"magazine_blocks_author":{"display_name":"maranhaotv","author_link":"https:\/\/maranhaotv.com.br\/index.php\/author\/maranhaotv\/"},"magazine_blocks_comment":0,"magazine_blocks_author_image":"https:\/\/secure.gravatar.com\/avatar\/8fadbca458d4cb68b1dd399ae9a40618d747bb1af65ac9fad21c89220a143eb4?s=96&d=mm&r=g","magazine_blocks_category":"<a href=\"#\" class=\"category-link category-link-2\">not\u00edcias<\/a>","jetpack_featured_media_url":"","jetpack_sharing_enabled":true,"_links":{"self":[{"href":"https:\/\/maranhaotv.com.br\/index.php\/wp-json\/wp\/v2\/posts\/27667","targetHints":{"allow":["GET"]}}],"collection":[{"href":"https:\/\/maranhaotv.com.br\/index.php\/wp-json\/wp\/v2\/posts"}],"about":[{"href":"https:\/\/maranhaotv.com.br\/index.php\/wp-json\/wp\/v2\/types\/post"}],"author":[{"embeddable":true,"href":"https:\/\/maranhaotv.com.br\/index.php\/wp-json\/wp\/v2\/users\/2"}],"replies":[{"embeddable":true,"href":"https:\/\/maranhaotv.com.br\/index.php\/wp-json\/wp\/v2\/comments?post=27667"}],"version-history":[{"count":0,"href":"https:\/\/maranhaotv.com.br\/index.php\/wp-json\/wp\/v2\/posts\/27667\/revisions"}],"wp:featuredmedia":[{"embeddable":true,"href":"https:\/\/maranhaotv.com.br\/index.php\/wp-json\/"}],"wp:attachment":[{"href":"https:\/\/maranhaotv.com.br\/index.php\/wp-json\/wp\/v2\/media?parent=27667"}],"wp:term":[{"taxonomy":"category","embeddable":true,"href":"https:\/\/maranhaotv.com.br\/index.php\/wp-json\/wp\/v2\/categories?post=27667"},{"taxonomy":"post_tag","embeddable":true,"href":"https:\/\/maranhaotv.com.br\/index.php\/wp-json\/wp\/v2\/tags?post=27667"}],"curies":[{"name":"wp","href":"https:\/\/api.w.org\/{rel}","templated":true}]}}