{"id":27675,"date":"2022-06-11T08:56:48","date_gmt":"2022-06-11T11:56:48","guid":{"rendered":"https:\/\/maranhaotv.com.br\/?p=27675"},"modified":"2022-06-11T08:56:48","modified_gmt":"2022-06-11T11:56:48","slug":"presidente-dutra-recebe-a-plenaria-o-maranhao-nao-pode-parar-com-flavio-dino-e-felipe-camarao","status":"publish","type":"post","link":"https:\/\/maranhaotv.com.br\/index.php\/2022\/06\/11\/presidente-dutra-recebe-a-plenaria-o-maranhao-nao-pode-parar-com-flavio-dino-e-felipe-camarao\/","title":{"rendered":"Presidente Dutra recebe a plen\u00e1ria o Maranh\u00e3o n\u00e3o pode parar, com Fl\u00e1vio Dino e Felipe Camar\u00e3o"},"content":{"rendered":"\n<p><br>Com a presen\u00e7a de centenas de pessoas, o munic\u00edpio de Presidente Dutra recebeu, na noite desta sexta-feira (10), a plen\u00e1ria o Maranh\u00e3o n\u00e3o pode parar, que contou com a participa\u00e7\u00e3o do ex-governador Fl\u00e1vio Dino, do pr\u00e9-candidato a vice-governador na chapa de reelei\u00e7\u00e3o do governador Carlos Brand\u00e3o, Felipe Camar\u00e3o, e dezenas de pr\u00e9-candidatos a deputado estadual e federal, al\u00e9m de autoridades pol\u00edticas da regi\u00e3o. <br><br>A a\u00e7\u00e3o que iniciou na noite da \u00faltima quinta-feira, em S\u00e3o Lu\u00eds, chegou a Presidente Dutra para debater com a popula\u00e7\u00e3o da regi\u00e3o sobre as propostas do plano de governo para reelei\u00e7\u00e3o do governador Carlos Brand\u00e3o. <br><br>Leticia Rodrigues, 17 anos, \u00e9 estudante e aprovou a iniciativa.  &#8220;\u00c9 muito importante esses momentos, porque d\u00e1 oportunidade para participarmos das a\u00e7\u00f5es e sugest\u00f5es&#8221;, refor\u00e7ou. <br><br>Para o ex-governador do Maranh\u00e3o e atual pr\u00e9-candidato ao Senado, Fl\u00e1vio Dino, o evento marcou o in\u00edcio da pr\u00e9-campanha do time que representa o governador Carlos Brand\u00e3o, nesse momento em que ele est\u00e1 se recuperando. <br><br>&#8220;Eu tenho a convic\u00e7\u00e3o de que logo, logo o governador Carlos Brand\u00e3o estar\u00e1 plenamente recuperado aqui do nosso lado, conversando com a popula\u00e7\u00e3o. Agora, enquanto ele est\u00e1 afastado por motivos de sa\u00fade, n\u00f3s &#8211; eu, Felipe Camar\u00e3o e todo nosso time &#8211; representamos ele nesse in\u00edcio de pr\u00e9-campanha. Em breve ele estar\u00e1 fisicamente recuperado para construir com a gente essa grande vit\u00f3ria, com ele como nosso candidato ao governo, comigo para o Senado e com todos os nossos candidatos a deputados estaduais e federais&#8221;, destacou Dino. <br><br>Felipe Camar\u00e3o, pr\u00e9-candidato a vice-governador na chapa de Carlos Brand\u00e3o, destaca que a ideia \u00e9 percorrer o estado, ouvindo a popula\u00e7\u00e3o e seus anseios, para a constru\u00e7\u00e3o do plano de governo da dupla. &#8220;Estamos aqui porque defendemos que o Maranh\u00e3o n\u00e3o pode parar, ele deve continuar avan\u00e7ando e isso representa defender tudo que o governador Fl\u00e1vio Dino fez, tendo Carlos Brand\u00e3o ao seu lado. Nossa luta \u00e9 pela continuidade das pol\u00edticas p\u00fablicas implantadas e o avan\u00e7o de novas. Em breve o governador Carlos Brand\u00e3o estar\u00e1 aqui ao nosso lado, nesse di\u00e1logo e sentindo o calor da popula\u00e7\u00e3o&#8221;, disse.<\/p>\n\n\n\n<figure class=\"wp-block-image size-large\"><img decoding=\"async\" src=\"https:\/\/maranhaotv.com.br\/wp-content\/uploads\/2022\/06\/IMG-20220611-WA0068.jpg\" alt=\"\" class=\"wp-image-27671\"\/><\/figure>\n\n\n\n<figure class=\"wp-block-image\"><img decoding=\"async\" src=\"https:\/\/maranhaotv.com.br\/wp-content\/uploads\/2022\/06\/IMG-20220611-WA0067.jpg\" alt=\"\" class=\"wp-image-27669\"\/><\/figure>\n\n\n\n<figure class=\"wp-block-image\"><img decoding=\"async\" src=\"https:\/\/maranhaotv.com.br\/wp-content\/uploads\/2022\/06\/IMG-20220611-WA0070.jpg\" alt=\"\" class=\"wp-image-27670\"\/><\/figure>\n\n\n\n<figure class=\"wp-block-image\"><img decoding=\"async\" src=\"https:\/\/maranhaotv.com.br\/wp-content\/uploads\/2022\/06\/IMG-20220611-WA0066.jpg\" alt=\"\" class=\"wp-image-27672\"\/><\/figure>\n\n\n\n<figure class=\"wp-block-image\"><img decoding=\"async\" src=\"https:\/\/maranhaotv.com.br\/wp-content\/uploads\/2022\/06\/IMG-20220611-WA0065.jpg\" alt=\"\" class=\"wp-image-27673\"\/><\/figure>\n","protected":false},"excerpt":{"rendered":"<p>Com a presen\u00e7a de centenas de pessoas, o munic\u00edpio de Presidente Dutra recebeu, na noite desta sexta-feira (10), a plen\u00e1ria<\/p>\n","protected":false},"author":2,"featured_media":27674,"comment_status":"open","ping_status":"open","sticky":false,"template":"","format":"standard","meta":{"colormag_page_container_layout":"default_layout","colormag_page_sidebar_layout":"default_layout","_jetpack_memberships_contains_paid_content":false,"footnotes":""},"categories":[2],"tags":[],"class_list":["post-27675","post","type-post","status-publish","format-standard","has-post-thumbnail","hentry","category-noticias"],"magazineBlocksPostFeaturedMedia":{"thumbnail":false,"medium":false,"medium_large":false,"large":false,"1536x1536":false,"2048x2048":false,"colormag-highlighted-post":false,"colormag-featured-post-medium":false,"colormag-featured-post-small":false,"colormag-featured-image":false,"colormag-default-news":false,"colormag-featured-image-large":false},"magazineBlocksPostAuthor":{"name":"maranhaotv","avatar":"https:\/\/secure.gravatar.com\/avatar\/8fadbca458d4cb68b1dd399ae9a40618d747bb1af65ac9fad21c89220a143eb4?s=96&d=mm&r=g"},"magazineBlocksPostCommentsNumber":"0","magazineBlocksPostExcerpt":"Com a presen\u00e7a de centenas de pessoas, o munic\u00edpio de Presidente Dutra recebeu, na noite desta sexta-feira (10), a plen\u00e1ria","magazineBlocksPostCategories":["not\u00edcias"],"magazineBlocksPostViewCount":163,"magazineBlocksPostReadTime":2,"magazine_blocks_featured_image_url":{"full":false,"medium":false,"thumbnail":false},"magazine_blocks_author":{"display_name":"maranhaotv","author_link":"https:\/\/maranhaotv.com.br\/index.php\/author\/maranhaotv\/"},"magazine_blocks_comment":0,"magazine_blocks_author_image":"https:\/\/secure.gravatar.com\/avatar\/8fadbca458d4cb68b1dd399ae9a40618d747bb1af65ac9fad21c89220a143eb4?s=96&d=mm&r=g","magazine_blocks_category":"<a href=\"#\" class=\"category-link category-link-2\">not\u00edcias<\/a>","jetpack_featured_media_url":"","jetpack_sharing_enabled":true,"_links":{"self":[{"href":"https:\/\/maranhaotv.com.br\/index.php\/wp-json\/wp\/v2\/posts\/27675","targetHints":{"allow":["GET"]}}],"collection":[{"href":"https:\/\/maranhaotv.com.br\/index.php\/wp-json\/wp\/v2\/posts"}],"about":[{"href":"https:\/\/maranhaotv.com.br\/index.php\/wp-json\/wp\/v2\/types\/post"}],"author":[{"embeddable":true,"href":"https:\/\/maranhaotv.com.br\/index.php\/wp-json\/wp\/v2\/users\/2"}],"replies":[{"embeddable":true,"href":"https:\/\/maranhaotv.com.br\/index.php\/wp-json\/wp\/v2\/comments?post=27675"}],"version-history":[{"count":0,"href":"https:\/\/maranhaotv.com.br\/index.php\/wp-json\/wp\/v2\/posts\/27675\/revisions"}],"wp:featuredmedia":[{"embeddable":true,"href":"https:\/\/maranhaotv.com.br\/index.php\/wp-json\/"}],"wp:attachment":[{"href":"https:\/\/maranhaotv.com.br\/index.php\/wp-json\/wp\/v2\/media?parent=27675"}],"wp:term":[{"taxonomy":"category","embeddable":true,"href":"https:\/\/maranhaotv.com.br\/index.php\/wp-json\/wp\/v2\/categories?post=27675"},{"taxonomy":"post_tag","embeddable":true,"href":"https:\/\/maranhaotv.com.br\/index.php\/wp-json\/wp\/v2\/tags?post=27675"}],"curies":[{"name":"wp","href":"https:\/\/api.w.org\/{rel}","templated":true}]}}