{"id":27687,"date":"2022-06-12T20:14:48","date_gmt":"2022-06-12T23:14:48","guid":{"rendered":"https:\/\/maranhaotv.com.br\/?p=27687"},"modified":"2022-06-12T20:14:48","modified_gmt":"2022-06-12T23:14:48","slug":"feirinha-luminense-atrai-multidao-em-noite-de-grande-festa-na-praca-da-familia","status":"publish","type":"post","link":"https:\/\/maranhaotv.com.br\/index.php\/2022\/06\/12\/feirinha-luminense-atrai-multidao-em-noite-de-grande-festa-na-praca-da-familia\/","title":{"rendered":"Feirinha Luminense atrai multid\u00e3o em noite de grande festa na Pra\u00e7a da Fam\u00edlia"},"content":{"rendered":"\n<p><br><br>Pela primeira vez ap\u00f3s dois anos de pandemia, o povo de Pa\u00e7o do Lumiar encheu a Pra\u00e7a da Fam\u00edlia, no Maiob\u00e3o, para festejar. A segunda edi\u00e7\u00e3o da Feirinha Luminense contou com aproximadamente 10.000 pessoas presentes e garantiu sucesso total de vendas dos produtos de pequenos agricultores, artesanato, bebidas e comidas t\u00edpicas produzidas por produtores e artes\u00e3os atendidos pelos programas de fomento ao com\u00e9rcio e \u00e0 agricultura familiar do munic\u00edpio. A Prefeita Agricultora e &#8220;P\u00e9 no Ch\u00e3o&#8221;, Paula Azevedo(PCdoB) mostrou que sabe valorizar o agricultor local e tamb\u00e9m exaltou a cultura luminense com apresenta\u00e7\u00f5es como o Cacuri\u00e1 do Candinho, Show de Bruno Rodrigues e apresenta\u00e7\u00e3o apote\u00f3tica do Boi da Maioba. A Feirinha tamb\u00e9m recebeu a visita do Deputado Federal, Bira do Pindar\u00e9(PSB), do ex-secret\u00e1rio de estado da agricultura familiar, Rodrigo Lago(PSB) e de Carlos Lula, ex-secret\u00e1rio de estado da sa\u00fade do Maranh\u00e3o, al\u00e9m dos vereadores Jorge Maru(Republicanos) e Alexissandra Garcia(Rede).<br><br>Se a expectativa do povo luminense pelo S\u00e3o Jo\u00e3o j\u00e1 era grande, agora ela ficou ainda maior, pois o evento foi uma importante demonstra\u00e7\u00e3o do que ser\u00e1 o S\u00e3o Jo\u00e3o 2022 de Pa\u00e7o do Lumiar, prometido para ser o Melhor S\u00e3o Jo\u00e3o da Hist\u00f3ria do munic\u00edpio, que come\u00e7a no dia 16 de Junho, na Pra\u00e7a da Fam\u00edlia, no Maiob\u00e3o com show de Mesa de Bar e seguir\u00e1 com v\u00e1rios dias de festa no bairro Nova Cana\u00e3 e na Sede do Pa\u00e7o, onde a banda encerrar\u00e1 as programa\u00e7\u00f5es juninas, no dia 1 de Julho.<br><br>De acordo com a prefeita de Pa\u00e7o do Lumiar, Paula Azevedo a Feirinha Luminense valorizou e garantiu  visibilidade \u00e0 agricultura familiar: &#8220;Para mim \u00e9 um orgulho ver a feira cheia de pessoas comprando e participando, Pa\u00e7o do Lumiar precisa conhecer seu potencial produtivo e eu me sinto muito feliz e motivada para investirmos ainda mais nas pr\u00f3ximas edi\u00e7\u00f5es da Feirinha&#8221;, disse ela.<br><br>Segundo o Secret\u00e1rio Municipal de Ind\u00fastria, Com\u00e9rcio e Turismo de Pa\u00e7o do Lumiar, Bin\u00e9 Amado, a experi\u00eancia foi muito valiosa: &#8220;N\u00f3s queremos levar a feirinha a outras regi\u00f5es de Pa\u00e7o do Lumiar e hoje n\u00f3s observamos como essa experi\u00eancia \u00e9 importante para o com\u00e9rcio de produtos locais, seguiremos trabalhando em parceria com a Secretaria Municipal de Agricultura, Pesca e Abastecimento-SEMAPA para fazer da produ\u00e7\u00e3o agr\u00edcola luminense um sucesso para atrair mais pessoas de toda a regi\u00e3o metropolitana&#8221;, explicou.<\/p>\n\n\n\n<figure class=\"wp-block-image size-large\"><img decoding=\"async\" src=\"https:\/\/maranhaotv.com.br\/wp-content\/uploads\/2022\/06\/IMG-20220612-WA0413.jpg\" alt=\"\" class=\"wp-image-27684\"\/><\/figure>\n\n\n\n<figure class=\"wp-block-image\"><img decoding=\"async\" src=\"https:\/\/maranhaotv.com.br\/wp-content\/uploads\/2022\/06\/IMG-20220612-WA0412.jpg\" alt=\"\" class=\"wp-image-27685\"\/><\/figure>\n\n\n\n<figure class=\"wp-block-image\"><img decoding=\"async\" src=\"https:\/\/maranhaotv.com.br\/wp-content\/uploads\/2022\/06\/IMG-20220612-WA0410.jpg\" alt=\"\" class=\"wp-image-27683\"\/><\/figure>\n","protected":false},"excerpt":{"rendered":"<p>Pela primeira vez ap\u00f3s dois anos de pandemia, o povo de Pa\u00e7o do Lumiar encheu a Pra\u00e7a da Fam\u00edlia, no<\/p>\n","protected":false},"author":2,"featured_media":27686,"comment_status":"open","ping_status":"open","sticky":false,"template":"","format":"standard","meta":{"colormag_page_container_layout":"default_layout","colormag_page_sidebar_layout":"default_layout","_jetpack_memberships_contains_paid_content":false,"footnotes":""},"categories":[8],"tags":[],"class_list":["post-27687","post","type-post","status-publish","format-standard","has-post-thumbnail","hentry","category-servicos"],"magazineBlocksPostFeaturedMedia":{"thumbnail":false,"medium":false,"medium_large":false,"large":false,"1536x1536":false,"2048x2048":false,"colormag-highlighted-post":false,"colormag-featured-post-medium":false,"colormag-featured-post-small":false,"colormag-featured-image":false,"colormag-default-news":false,"colormag-featured-image-large":false},"magazineBlocksPostAuthor":{"name":"maranhaotv","avatar":"https:\/\/secure.gravatar.com\/avatar\/8fadbca458d4cb68b1dd399ae9a40618d747bb1af65ac9fad21c89220a143eb4?s=96&d=mm&r=g"},"magazineBlocksPostCommentsNumber":"0","magazineBlocksPostExcerpt":"Pela primeira vez ap\u00f3s dois anos de pandemia, o povo de Pa\u00e7o do Lumiar encheu a Pra\u00e7a da Fam\u00edlia, no","magazineBlocksPostCategories":["servi\u00e7os"],"magazineBlocksPostViewCount":136,"magazineBlocksPostReadTime":3,"magazine_blocks_featured_image_url":{"full":false,"medium":false,"thumbnail":false},"magazine_blocks_author":{"display_name":"maranhaotv","author_link":"https:\/\/maranhaotv.com.br\/index.php\/author\/maranhaotv\/"},"magazine_blocks_comment":0,"magazine_blocks_author_image":"https:\/\/secure.gravatar.com\/avatar\/8fadbca458d4cb68b1dd399ae9a40618d747bb1af65ac9fad21c89220a143eb4?s=96&d=mm&r=g","magazine_blocks_category":"<a href=\"#\" class=\"category-link category-link-8\">servi\u00e7os<\/a>","jetpack_featured_media_url":"","jetpack_sharing_enabled":true,"_links":{"self":[{"href":"https:\/\/maranhaotv.com.br\/index.php\/wp-json\/wp\/v2\/posts\/27687","targetHints":{"allow":["GET"]}}],"collection":[{"href":"https:\/\/maranhaotv.com.br\/index.php\/wp-json\/wp\/v2\/posts"}],"about":[{"href":"https:\/\/maranhaotv.com.br\/index.php\/wp-json\/wp\/v2\/types\/post"}],"author":[{"embeddable":true,"href":"https:\/\/maranhaotv.com.br\/index.php\/wp-json\/wp\/v2\/users\/2"}],"replies":[{"embeddable":true,"href":"https:\/\/maranhaotv.com.br\/index.php\/wp-json\/wp\/v2\/comments?post=27687"}],"version-history":[{"count":0,"href":"https:\/\/maranhaotv.com.br\/index.php\/wp-json\/wp\/v2\/posts\/27687\/revisions"}],"wp:featuredmedia":[{"embeddable":true,"href":"https:\/\/maranhaotv.com.br\/index.php\/wp-json\/"}],"wp:attachment":[{"href":"https:\/\/maranhaotv.com.br\/index.php\/wp-json\/wp\/v2\/media?parent=27687"}],"wp:term":[{"taxonomy":"category","embeddable":true,"href":"https:\/\/maranhaotv.com.br\/index.php\/wp-json\/wp\/v2\/categories?post=27687"},{"taxonomy":"post_tag","embeddable":true,"href":"https:\/\/maranhaotv.com.br\/index.php\/wp-json\/wp\/v2\/tags?post=27687"}],"curies":[{"name":"wp","href":"https:\/\/api.w.org\/{rel}","templated":true}]}}