{"id":27691,"date":"2022-06-13T09:26:11","date_gmt":"2022-06-13T12:26:11","guid":{"rendered":"https:\/\/maranhaotv.com.br\/?p=27691"},"modified":"2022-06-13T09:26:11","modified_gmt":"2022-06-13T12:26:11","slug":"deputado-wellington-se-reune-com-condutores-de-ambulancia-do-maranhao-e-defende-valorizacao-da-categoria","status":"publish","type":"post","link":"https:\/\/maranhaotv.com.br\/index.php\/2022\/06\/13\/deputado-wellington-se-reune-com-condutores-de-ambulancia-do-maranhao-e-defende-valorizacao-da-categoria\/","title":{"rendered":"Deputado Wellington se re\u00fane com condutores de ambul\u00e2ncia do Maranh\u00e3o e defende valoriza\u00e7\u00e3o da categoria"},"content":{"rendered":"\n<p>O deputado estadual Wellington do Curso esteve em reuni\u00e3o com condutores de ambul\u00e2ncia do Maranh\u00e3o na \u00faltima sexta-feira (10). O encontro ocorreu durante manifesta\u00e7\u00e3o pac\u00edfica realizada pelos profissionais em frente ao Hospital Socorr\u00e3o 1 em S\u00e3o Lu\u00eds.<br><br>Ap\u00f3s ouvir os condutores de ambul\u00e2ncia, o deputado estadual Wellington do Curso informou que encaminhar\u00e1 proposi\u00e7\u00e3o \u00e0 C\u00e2mara Federal para sensibilizar os deputados e garantir a aprova\u00e7\u00e3o  dos Projetos de Lei n\u00b0 245\/2019 e 3829\/2019.<br><br>\u201cNesse momento, acompanho manifesta\u00e7\u00e3o pac\u00edfica dos condutores de ambul\u00e2ncia. A manifesta\u00e7\u00e3o ocorre em frente ao Hospital Socorr\u00e3o 1 e busca sensibilizar os deputados federais para garantir a aprova\u00e7\u00e3o dos Projetos de Lei n\u00b0 245\/2019 e 3829\/2019, que disp\u00f5e sobre a concess\u00e3o de aposentadoria especial e outros aspectos importantes. Na Assembleia Legislativa, encaminharei indica\u00e7\u00e3o aos deputados federais e senadores para garantir a aprova\u00e7\u00e3o dessa propositura que amplia os direitos dos condutores de ambul\u00e2ncia. Durante a pandemia, fui o \u00fanico deputado estadual a percorrer UPAs e hospitais, raz\u00e3o pela qual acompanhei de perto o trabalho dos condutores de ambul\u00e2ncia. Contem comigo!\u201d, disse Wellington do Curso nas redes sociais.<\/p>\n\n\n\n<figure class=\"wp-block-image size-large\"><img decoding=\"async\" src=\"https:\/\/maranhaotv.com.br\/wp-content\/uploads\/2022\/06\/IMG-20220613-WA0038.jpg\" alt=\"\" class=\"wp-image-27689\"\/><\/figure>\n","protected":false},"excerpt":{"rendered":"<p>O deputado estadual Wellington do Curso esteve em reuni\u00e3o com condutores de ambul\u00e2ncia do Maranh\u00e3o na \u00faltima sexta-feira (10). O<\/p>\n","protected":false},"author":2,"featured_media":27690,"comment_status":"open","ping_status":"open","sticky":false,"template":"","format":"standard","meta":{"colormag_page_container_layout":"default_layout","colormag_page_sidebar_layout":"default_layout","_jetpack_memberships_contains_paid_content":false,"footnotes":""},"categories":[2],"tags":[],"class_list":["post-27691","post","type-post","status-publish","format-standard","has-post-thumbnail","hentry","category-noticias"],"magazineBlocksPostFeaturedMedia":{"thumbnail":false,"medium":false,"medium_large":false,"large":false,"1536x1536":false,"2048x2048":false,"colormag-highlighted-post":false,"colormag-featured-post-medium":false,"colormag-featured-post-small":false,"colormag-featured-image":false,"colormag-default-news":false,"colormag-featured-image-large":false},"magazineBlocksPostAuthor":{"name":"maranhaotv","avatar":"https:\/\/secure.gravatar.com\/avatar\/8fadbca458d4cb68b1dd399ae9a40618d747bb1af65ac9fad21c89220a143eb4?s=96&d=mm&r=g"},"magazineBlocksPostCommentsNumber":"0","magazineBlocksPostExcerpt":"O deputado estadual Wellington do Curso esteve em reuni\u00e3o com condutores de ambul\u00e2ncia do Maranh\u00e3o na \u00faltima sexta-feira (10). O","magazineBlocksPostCategories":["not\u00edcias"],"magazineBlocksPostViewCount":243,"magazineBlocksPostReadTime":1,"magazine_blocks_featured_image_url":{"full":false,"medium":false,"thumbnail":false},"magazine_blocks_author":{"display_name":"maranhaotv","author_link":"https:\/\/maranhaotv.com.br\/index.php\/author\/maranhaotv\/"},"magazine_blocks_comment":0,"magazine_blocks_author_image":"https:\/\/secure.gravatar.com\/avatar\/8fadbca458d4cb68b1dd399ae9a40618d747bb1af65ac9fad21c89220a143eb4?s=96&d=mm&r=g","magazine_blocks_category":"<a href=\"#\" class=\"category-link category-link-2\">not\u00edcias<\/a>","jetpack_featured_media_url":"","jetpack_sharing_enabled":true,"_links":{"self":[{"href":"https:\/\/maranhaotv.com.br\/index.php\/wp-json\/wp\/v2\/posts\/27691","targetHints":{"allow":["GET"]}}],"collection":[{"href":"https:\/\/maranhaotv.com.br\/index.php\/wp-json\/wp\/v2\/posts"}],"about":[{"href":"https:\/\/maranhaotv.com.br\/index.php\/wp-json\/wp\/v2\/types\/post"}],"author":[{"embeddable":true,"href":"https:\/\/maranhaotv.com.br\/index.php\/wp-json\/wp\/v2\/users\/2"}],"replies":[{"embeddable":true,"href":"https:\/\/maranhaotv.com.br\/index.php\/wp-json\/wp\/v2\/comments?post=27691"}],"version-history":[{"count":0,"href":"https:\/\/maranhaotv.com.br\/index.php\/wp-json\/wp\/v2\/posts\/27691\/revisions"}],"wp:featuredmedia":[{"embeddable":true,"href":"https:\/\/maranhaotv.com.br\/index.php\/wp-json\/"}],"wp:attachment":[{"href":"https:\/\/maranhaotv.com.br\/index.php\/wp-json\/wp\/v2\/media?parent=27691"}],"wp:term":[{"taxonomy":"category","embeddable":true,"href":"https:\/\/maranhaotv.com.br\/index.php\/wp-json\/wp\/v2\/categories?post=27691"},{"taxonomy":"post_tag","embeddable":true,"href":"https:\/\/maranhaotv.com.br\/index.php\/wp-json\/wp\/v2\/tags?post=27691"}],"curies":[{"name":"wp","href":"https:\/\/api.w.org\/{rel}","templated":true}]}}