{"id":27754,"date":"2022-06-17T10:41:17","date_gmt":"2022-06-17T13:41:17","guid":{"rendered":"https:\/\/maranhaotv.com.br\/?p=27754"},"modified":"2022-06-17T10:41:17","modified_gmt":"2022-06-17T13:41:17","slug":"victor-mendes-acompanha-acao-de-comissao-que-fiscaliza-condicoes-das-brs-135-e-222","status":"publish","type":"post","link":"https:\/\/maranhaotv.com.br\/index.php\/2022\/06\/17\/victor-mendes-acompanha-acao-de-comissao-que-fiscaliza-condicoes-das-brs-135-e-222\/","title":{"rendered":"Victor Mendes acompanha a\u00e7\u00e3o de comiss\u00e3o que fiscaliza condi\u00e7\u00f5es das BR&#8217;s 135 e 222"},"content":{"rendered":"\n<p><em>Objetivo \u00e9 chamar aten\u00e7\u00e3o para as condi\u00e7\u00f5es da rodovia e cobrar melhorias urgentes. Visita t\u00e9cnica conta com participa\u00e7\u00e3o de representantes do DNIT, TCU, de entidades ligadas \u00e0 Fiema, Sebrae, Associa\u00e7\u00e3o Comercial e aos segmentos empresariais interessados em melhorias nesse importante modal de transporte para o Maranh\u00e3o<\/em><br><br>O deputado federal Victor Mendes (MDB) integra um conjunto de autoridades que percorreram nesta sexta-feira (17) trechos das rodovias BR-135 e BR-222. A fiscaliza\u00e7\u00e3o foi solicitada pelo presidente da Comiss\u00e3o de Via\u00e7\u00e3o e Transportes, deputado federal Hildo Rocha (MDB\/MA) e a a\u00e7\u00e3o conta com participa\u00e7\u00e3o tamb\u00e9m do coordenador da bancada federal, deputado Cleber Verde.<br><br>O ponto de partida foi o km 002 da BR 135, em frente \u00e0 Superintend\u00eancia da Pol\u00edcia Rodovi\u00e1ria Federal\/MA, de onde a comitiva partiu \u00e0s 08 horas. Na BR-135, ser\u00e3o fiscalizados dois trechos: a parte duplicada, entre Estiva e Bacabeira, e a parte a ser duplicada, entre Bacabeira e Entroncamento. A etapa seguinte prev\u00ea inspe\u00e7\u00f5es em v\u00e1rios trechos da BR-135, entre Peritor\u00f3 e Presidente Dutra.<br>.<br>Na etapa final da visita t\u00e9cnica os parlamentares e demais autoridades ir\u00e3o se reunir na prefeitura de Presidente Dutra, onde ser\u00e1 realizada uma rodada de debates acerca da situa\u00e7\u00e3o em que se encontram as duas rodovias em quest\u00e3o.<br><br>\u201cAcompanho, nesta sexta-feira, 17,  a Comiss\u00e3o de Transportes da C\u00e2mara dos Deputados, presidida pelo Deputado Hildo Rocha, que realiza vistoria nas condi\u00e7\u00f5es das BR&#8217;s 135 e 222. Momento de avalia\u00e7\u00e3o e di\u00e1logo institucional importante e estrat\u00e9gico para o estado, no qual temos a satisfa\u00e7\u00e3o de contribuir em busca das solu\u00e7\u00f5es de melhorias para essas rodovias\u201d, declarou Victor Mendes.<br>.<br>&#8220;Eixos rodovi\u00e1rios importantes para o Maranh\u00e3o, as duas rodovias, que se encontram em condi\u00e7\u00f5es sofr\u00edveis e inseguras, precisam de reparos e aten\u00e7\u00e3o urgentes. \u00c9 inadmiss\u00edvel que um estado com o potencial do Maranh\u00e3o tenha que conviver com esses gargalos de infraestrutura, que impactam diretamente a economia, o turismo, o escoamento da produ\u00e7\u00e3o agr\u00edcola, comprometendo o desempenho das empresas, afastando investimentos e oferecendo inseguran\u00e7a permanente aos cidad\u00e3os&#8221;, enfatizou Mendes.<\/p>\n\n\n\n<figure class=\"wp-block-image size-large\"><img decoding=\"async\" src=\"https:\/\/maranhaotv.com.br\/wp-content\/uploads\/2022\/06\/IMG-20220617-WA0080.jpg\" alt=\"\" class=\"wp-image-27749\"\/><\/figure>\n\n\n\n<figure class=\"wp-block-image\"><img decoding=\"async\" src=\"https:\/\/maranhaotv.com.br\/wp-content\/uploads\/2022\/06\/IMG-20220617-WA0079.jpg\" alt=\"\" class=\"wp-image-27748\"\/><\/figure>\n\n\n\n<figure class=\"wp-block-image\"><img decoding=\"async\" src=\"https:\/\/maranhaotv.com.br\/wp-content\/uploads\/2022\/06\/IMG-20220617-WA0074.jpg\" alt=\"\" class=\"wp-image-27751\"\/><\/figure>\n\n\n\n<figure class=\"wp-block-image\"><img decoding=\"async\" src=\"https:\/\/maranhaotv.com.br\/wp-content\/uploads\/2022\/06\/IMG-20220617-WA0077.jpg\" alt=\"\" class=\"wp-image-27750\"\/><\/figure>\n\n\n\n<figure class=\"wp-block-image\"><img decoding=\"async\" src=\"https:\/\/maranhaotv.com.br\/wp-content\/uploads\/2022\/06\/IMG-20220617-WA0078.jpg\" alt=\"\" class=\"wp-image-27752\"\/><\/figure>\n","protected":false},"excerpt":{"rendered":"<p>Objetivo \u00e9 chamar aten\u00e7\u00e3o para as condi\u00e7\u00f5es da rodovia e cobrar melhorias urgentes. Visita t\u00e9cnica conta com participa\u00e7\u00e3o de representantes<\/p>\n","protected":false},"author":2,"featured_media":27753,"comment_status":"open","ping_status":"open","sticky":false,"template":"","format":"standard","meta":{"colormag_page_container_layout":"default_layout","colormag_page_sidebar_layout":"default_layout","_jetpack_memberships_contains_paid_content":false,"footnotes":""},"categories":[2],"tags":[369],"class_list":["post-27754","post","type-post","status-publish","format-standard","has-post-thumbnail","hentry","category-noticias","tag-victor-mendes"],"magazineBlocksPostFeaturedMedia":{"thumbnail":false,"medium":false,"medium_large":false,"large":false,"1536x1536":false,"2048x2048":false,"colormag-highlighted-post":false,"colormag-featured-post-medium":false,"colormag-featured-post-small":false,"colormag-featured-image":false,"colormag-default-news":false,"colormag-featured-image-large":false},"magazineBlocksPostAuthor":{"name":"maranhaotv","avatar":"https:\/\/secure.gravatar.com\/avatar\/8fadbca458d4cb68b1dd399ae9a40618d747bb1af65ac9fad21c89220a143eb4?s=96&d=mm&r=g"},"magazineBlocksPostCommentsNumber":"0","magazineBlocksPostExcerpt":"Objetivo \u00e9 chamar aten\u00e7\u00e3o para as condi\u00e7\u00f5es da rodovia e cobrar melhorias urgentes. Visita t\u00e9cnica conta com participa\u00e7\u00e3o de representantes","magazineBlocksPostCategories":["not\u00edcias"],"magazineBlocksPostViewCount":133,"magazineBlocksPostReadTime":2,"magazine_blocks_featured_image_url":{"full":false,"medium":false,"thumbnail":false},"magazine_blocks_author":{"display_name":"maranhaotv","author_link":"https:\/\/maranhaotv.com.br\/index.php\/author\/maranhaotv\/"},"magazine_blocks_comment":0,"magazine_blocks_author_image":"https:\/\/secure.gravatar.com\/avatar\/8fadbca458d4cb68b1dd399ae9a40618d747bb1af65ac9fad21c89220a143eb4?s=96&d=mm&r=g","magazine_blocks_category":"<a href=\"#\" class=\"category-link category-link-2\">not\u00edcias<\/a>","jetpack_featured_media_url":"","jetpack_sharing_enabled":true,"_links":{"self":[{"href":"https:\/\/maranhaotv.com.br\/index.php\/wp-json\/wp\/v2\/posts\/27754","targetHints":{"allow":["GET"]}}],"collection":[{"href":"https:\/\/maranhaotv.com.br\/index.php\/wp-json\/wp\/v2\/posts"}],"about":[{"href":"https:\/\/maranhaotv.com.br\/index.php\/wp-json\/wp\/v2\/types\/post"}],"author":[{"embeddable":true,"href":"https:\/\/maranhaotv.com.br\/index.php\/wp-json\/wp\/v2\/users\/2"}],"replies":[{"embeddable":true,"href":"https:\/\/maranhaotv.com.br\/index.php\/wp-json\/wp\/v2\/comments?post=27754"}],"version-history":[{"count":0,"href":"https:\/\/maranhaotv.com.br\/index.php\/wp-json\/wp\/v2\/posts\/27754\/revisions"}],"wp:featuredmedia":[{"embeddable":true,"href":"https:\/\/maranhaotv.com.br\/index.php\/wp-json\/"}],"wp:attachment":[{"href":"https:\/\/maranhaotv.com.br\/index.php\/wp-json\/wp\/v2\/media?parent=27754"}],"wp:term":[{"taxonomy":"category","embeddable":true,"href":"https:\/\/maranhaotv.com.br\/index.php\/wp-json\/wp\/v2\/categories?post=27754"},{"taxonomy":"post_tag","embeddable":true,"href":"https:\/\/maranhaotv.com.br\/index.php\/wp-json\/wp\/v2\/tags?post=27754"}],"curies":[{"name":"wp","href":"https:\/\/api.w.org\/{rel}","templated":true}]}}