{"id":27757,"date":"2022-06-17T17:32:32","date_gmt":"2022-06-17T20:32:32","guid":{"rendered":"https:\/\/maranhaotv.com.br\/?p=27757"},"modified":"2022-06-17T17:32:32","modified_gmt":"2022-06-17T20:32:32","slug":"oito-veiculos-sao-tomados-de-assalto-em-menos-de-12-horas-na-regiao-metropolitana-de-sao-luis","status":"publish","type":"post","link":"https:\/\/maranhaotv.com.br\/index.php\/2022\/06\/17\/oito-veiculos-sao-tomados-de-assalto-em-menos-de-12-horas-na-regiao-metropolitana-de-sao-luis\/","title":{"rendered":"Oito ve\u00edculos s\u00e3o tomados de assalto em menos de 12 horas na regi\u00e3o metropolitana de S\u00e3o Lu\u00eds"},"content":{"rendered":"\n<p><br>O per\u00edodo junino come\u00e7ou e h\u00e1 festas em todos os cantos da Ilha, mas, os brincantes devem tomar cuidado para n\u00e3o ser v\u00edtima de algum ato criminoso. Segundo a Pol\u00edcia Civil do Maranh\u00e3o (PC-MA), em um intervalo de 12 horas, oito ve\u00edculos foram tomados de assaltos na Regi\u00e3o Metropolitana de S\u00e3o Lu\u00eds e sendo que dois casos ocorreram em pontos de festividades.<\/p>\n","protected":false},"excerpt":{"rendered":"<p>O per\u00edodo junino come\u00e7ou e h\u00e1 festas em todos os cantos da Ilha, mas, os brincantes devem tomar cuidado para<\/p>\n","protected":false},"author":2,"featured_media":27756,"comment_status":"open","ping_status":"open","sticky":false,"template":"","format":"standard","meta":{"colormag_page_container_layout":"default_layout","colormag_page_sidebar_layout":"default_layout","_jetpack_memberships_contains_paid_content":false,"footnotes":""},"categories":[2],"tags":[],"class_list":["post-27757","post","type-post","status-publish","format-standard","has-post-thumbnail","hentry","category-noticias"],"magazineBlocksPostFeaturedMedia":{"thumbnail":false,"medium":false,"medium_large":false,"large":false,"1536x1536":false,"2048x2048":false,"colormag-highlighted-post":false,"colormag-featured-post-medium":false,"colormag-featured-post-small":false,"colormag-featured-image":false,"colormag-default-news":false,"colormag-featured-image-large":false},"magazineBlocksPostAuthor":{"name":"maranhaotv","avatar":"https:\/\/secure.gravatar.com\/avatar\/8fadbca458d4cb68b1dd399ae9a40618d747bb1af65ac9fad21c89220a143eb4?s=96&d=mm&r=g"},"magazineBlocksPostCommentsNumber":"0","magazineBlocksPostExcerpt":"O per\u00edodo junino come\u00e7ou e h\u00e1 festas em todos os cantos da Ilha, mas, os brincantes devem tomar cuidado para","magazineBlocksPostCategories":["not\u00edcias"],"magazineBlocksPostViewCount":183,"magazineBlocksPostReadTime":1,"magazine_blocks_featured_image_url":{"full":false,"medium":false,"thumbnail":false},"magazine_blocks_author":{"display_name":"maranhaotv","author_link":"https:\/\/maranhaotv.com.br\/index.php\/author\/maranhaotv\/"},"magazine_blocks_comment":0,"magazine_blocks_author_image":"https:\/\/secure.gravatar.com\/avatar\/8fadbca458d4cb68b1dd399ae9a40618d747bb1af65ac9fad21c89220a143eb4?s=96&d=mm&r=g","magazine_blocks_category":"<a href=\"#\" class=\"category-link category-link-2\">not\u00edcias<\/a>","jetpack_featured_media_url":"","jetpack_sharing_enabled":true,"_links":{"self":[{"href":"https:\/\/maranhaotv.com.br\/index.php\/wp-json\/wp\/v2\/posts\/27757","targetHints":{"allow":["GET"]}}],"collection":[{"href":"https:\/\/maranhaotv.com.br\/index.php\/wp-json\/wp\/v2\/posts"}],"about":[{"href":"https:\/\/maranhaotv.com.br\/index.php\/wp-json\/wp\/v2\/types\/post"}],"author":[{"embeddable":true,"href":"https:\/\/maranhaotv.com.br\/index.php\/wp-json\/wp\/v2\/users\/2"}],"replies":[{"embeddable":true,"href":"https:\/\/maranhaotv.com.br\/index.php\/wp-json\/wp\/v2\/comments?post=27757"}],"version-history":[{"count":0,"href":"https:\/\/maranhaotv.com.br\/index.php\/wp-json\/wp\/v2\/posts\/27757\/revisions"}],"wp:featuredmedia":[{"embeddable":true,"href":"https:\/\/maranhaotv.com.br\/index.php\/wp-json\/"}],"wp:attachment":[{"href":"https:\/\/maranhaotv.com.br\/index.php\/wp-json\/wp\/v2\/media?parent=27757"}],"wp:term":[{"taxonomy":"category","embeddable":true,"href":"https:\/\/maranhaotv.com.br\/index.php\/wp-json\/wp\/v2\/categories?post=27757"},{"taxonomy":"post_tag","embeddable":true,"href":"https:\/\/maranhaotv.com.br\/index.php\/wp-json\/wp\/v2\/tags?post=27757"}],"curies":[{"name":"wp","href":"https:\/\/api.w.org\/{rel}","templated":true}]}}