{"id":27766,"date":"2022-06-17T20:05:53","date_gmt":"2022-06-17T23:05:53","guid":{"rendered":"https:\/\/maranhaotv.com.br\/?p=27766"},"modified":"2022-06-17T20:05:53","modified_gmt":"2022-06-17T23:05:53","slug":"prefeitura-promete-e-realiza-festa-gigantesca-na-abertura-do-sao-joao-de-paco-do-lumiar","status":"publish","type":"post","link":"https:\/\/maranhaotv.com.br\/index.php\/2022\/06\/17\/prefeitura-promete-e-realiza-festa-gigantesca-na-abertura-do-sao-joao-de-paco-do-lumiar\/","title":{"rendered":"Prefeitura promete e realiza festa gigantesca na abertura do S\u00e3o Jo\u00e3o de Pa\u00e7o do Lumiar"},"content":{"rendered":"\n<p><br><br>Chegou a hora de matar a saudade das festas juninas, pegar o pandeir\u00e3o e bater matraca, porque o S\u00e3o Jo\u00e3o 2022 come\u00e7ou oficialmente em Pa\u00e7o do Lumiar. A Prefeitura prometeu e mostrou que a volta das celebra\u00e7\u00f5es tem tudo para ficar marcada como o Melhor S\u00e3o Jo\u00e3o da Hist\u00f3ria do munic\u00edpio. A grande festa de abertura aconteceu nesta quinta-feira(16), na Pra\u00e7a da Fam\u00edlia, no Maiob\u00e3o, atrav\u00e9s da parceria entre a Prefeitura de Pa\u00e7o do Lumiar, por meio da Secretaria Municipal de Cultura, Esporte e Lazer-SEMCEL e o Governo do Estado do Maranh\u00e3o, atrav\u00e9s da Secretaria de Estado da Cultura-SECMA e agitou a noite de luar com apresenta\u00e7\u00f5es de bandas, Cacuri\u00e1 e muito Bumba-Meu-Boi. Al\u00e9m do grande p\u00fablico, o evento contou com a presen\u00e7a do Deputado Federal M\u00e1rcio Jerry(PCdoB) que acompanhou a festa ao lado da prefeita de Pa\u00e7o do Lumiar, Paula Azevedo, secret\u00e1rios e vereadores do munic\u00edpio.<br><br>A turma do Centro de Conviv\u00eancia do Idoso abriu as programa\u00e7\u00f5es com duas apresenta\u00e7\u00f5es de dan\u00e7a, seguida pelo Bumba-Meu-Boi de Jaguarema, e depois o cantor Totti Moreira e Banda subiram no palco cantando cl\u00e1ssicos do S\u00e3o Jo\u00e3o maranhense. Sem perder a empolga\u00e7\u00e3o, o p\u00fablico caiu no ritmo do Sotaque de Orquestra com o Boi Estrela da Cohab. Com a pra\u00e7a completamente lotada, o ch\u00e3o tremeu ao som das matracas e pandeir\u00f5es do Batalh\u00e3o Pesado do Boi da Maioba, levando o p\u00fablico ao del\u00edrio com suas toadas. Para encerrar a noite, a Bruta do Arrocha subiu no palco e fez o p\u00fablico cair na dan\u00e7a. <br><br>A programa\u00e7\u00e3o do S\u00e3o Jo\u00e3o 2022 de Pa\u00e7o  do  Lumiar ter\u00e1 tr\u00eas arraiais oficiais, na Pra\u00e7a da Fam\u00edlia as festividades acontecem do dia 16 de Junho a 1 de Julho, na Sede do Pa\u00e7o a programa\u00e7\u00e3o do arraial ser\u00e1 entre os dias 24 e 30 de Junho e nos dias 28 e 29, acontece  arraial do Residencial Cana\u00e3. Vale destacar que neste ano a SEMCEL est\u00e1 apoiando mais de 40 Arraiais Comunit\u00e1rios, um diferencial que faz as pol\u00edticas de incentivo \u00e0 cultura luminense, um exemplo para todo o Maranh\u00e3o.<br><br>A prefeita de Pa\u00e7o  do  Lumiar, Paula Azevedo(PCdoB) falou que est\u00e1 muito otimista com as festividades do S\u00e3o Jo\u00e3o 2022:&#8221; Este S\u00e3o Jo\u00e3o \u00e9 especial, \u00e9 o primeiro a ser celebrado ap\u00f3s o per\u00edodo de isolamento social, tamb\u00e9m \u00e9 o primeiro ap\u00f3s a moderniza\u00e7\u00e3o da Pra\u00e7a da Fam\u00edlia e o que n\u00f3s vemos \u00e9 uma popula\u00e7\u00e3o empolgada para festejar e o munic\u00edpio est\u00e1 disposto a corresponder a esse anseio do povo luminense&#8221;, falou a prefeita.<br><br>O Secret\u00e1rio Municipal de Cultura, Esporte e Lazer, Jocileno Golvea falou sobre a grandeza do S\u00e3o Jo\u00e3o 2022 em Pa\u00e7o do Lumiar: &#8220;Quebramos recorde de p\u00fablico na abertura do nosso S\u00e3o Jo\u00e3o e n\u00f3s ainda iremos festejar muito em tr\u00eas grandes arraiais, al\u00e9m de apoiar por volta de 40 arraiais comunit\u00e1rios, assim n\u00f3s mostramos que o desafio de fazer o Melhor S\u00e3o Jo\u00e3o da Hist\u00f3ria de Pa\u00e7o do Lumiar, n\u00e3o s\u00f3 \u00e9 poss\u00edvel, como ser\u00e1 realidade&#8221;, afirmou o secret\u00e1rio.<\/p>\n\n\n\n\n\n<figure class=\"wp-block-image size-large\"><img decoding=\"async\" src=\"https:\/\/maranhaotv.com.br\/wp-content\/uploads\/2022\/06\/IMG-20220617-WA0457.jpg\" alt=\"\" class=\"wp-image-27764\"\/><\/figure>\n\n\n\n<figure class=\"wp-block-image\"><img decoding=\"async\" src=\"https:\/\/maranhaotv.com.br\/wp-content\/uploads\/2022\/06\/IMG-20220617-WA0456.jpg\" alt=\"\" class=\"wp-image-27763\"\/><\/figure>\n\n\n\n<figure class=\"wp-block-image\"><img decoding=\"async\" src=\"https:\/\/maranhaotv.com.br\/wp-content\/uploads\/2022\/06\/IMG-20220617-WA0458.jpg\" alt=\"\" class=\"wp-image-27762\"\/><\/figure>\n","protected":false},"excerpt":{"rendered":"<p>Chegou a hora de matar a saudade das festas juninas, pegar o pandeir\u00e3o e bater matraca, porque o S\u00e3o Jo\u00e3o<\/p>\n","protected":false},"author":2,"featured_media":27765,"comment_status":"open","ping_status":"open","sticky":false,"template":"","format":"standard","meta":{"colormag_page_container_layout":"default_layout","colormag_page_sidebar_layout":"default_layout","_jetpack_memberships_contains_paid_content":false,"footnotes":""},"categories":[2],"tags":[],"class_list":["post-27766","post","type-post","status-publish","format-standard","has-post-thumbnail","hentry","category-noticias"],"magazineBlocksPostFeaturedMedia":{"thumbnail":false,"medium":false,"medium_large":false,"large":false,"1536x1536":false,"2048x2048":false,"colormag-highlighted-post":false,"colormag-featured-post-medium":false,"colormag-featured-post-small":false,"colormag-featured-image":false,"colormag-default-news":false,"colormag-featured-image-large":false},"magazineBlocksPostAuthor":{"name":"maranhaotv","avatar":"https:\/\/secure.gravatar.com\/avatar\/8fadbca458d4cb68b1dd399ae9a40618d747bb1af65ac9fad21c89220a143eb4?s=96&d=mm&r=g"},"magazineBlocksPostCommentsNumber":"0","magazineBlocksPostExcerpt":"Chegou a hora de matar a saudade das festas juninas, pegar o pandeir\u00e3o e bater matraca, porque o S\u00e3o Jo\u00e3o","magazineBlocksPostCategories":["not\u00edcias"],"magazineBlocksPostViewCount":160,"magazineBlocksPostReadTime":3,"magazine_blocks_featured_image_url":{"full":false,"medium":false,"thumbnail":false},"magazine_blocks_author":{"display_name":"maranhaotv","author_link":"https:\/\/maranhaotv.com.br\/index.php\/author\/maranhaotv\/"},"magazine_blocks_comment":0,"magazine_blocks_author_image":"https:\/\/secure.gravatar.com\/avatar\/8fadbca458d4cb68b1dd399ae9a40618d747bb1af65ac9fad21c89220a143eb4?s=96&d=mm&r=g","magazine_blocks_category":"<a href=\"#\" class=\"category-link category-link-2\">not\u00edcias<\/a>","jetpack_featured_media_url":"","jetpack_sharing_enabled":true,"_links":{"self":[{"href":"https:\/\/maranhaotv.com.br\/index.php\/wp-json\/wp\/v2\/posts\/27766","targetHints":{"allow":["GET"]}}],"collection":[{"href":"https:\/\/maranhaotv.com.br\/index.php\/wp-json\/wp\/v2\/posts"}],"about":[{"href":"https:\/\/maranhaotv.com.br\/index.php\/wp-json\/wp\/v2\/types\/post"}],"author":[{"embeddable":true,"href":"https:\/\/maranhaotv.com.br\/index.php\/wp-json\/wp\/v2\/users\/2"}],"replies":[{"embeddable":true,"href":"https:\/\/maranhaotv.com.br\/index.php\/wp-json\/wp\/v2\/comments?post=27766"}],"version-history":[{"count":0,"href":"https:\/\/maranhaotv.com.br\/index.php\/wp-json\/wp\/v2\/posts\/27766\/revisions"}],"wp:featuredmedia":[{"embeddable":true,"href":"https:\/\/maranhaotv.com.br\/index.php\/wp-json\/"}],"wp:attachment":[{"href":"https:\/\/maranhaotv.com.br\/index.php\/wp-json\/wp\/v2\/media?parent=27766"}],"wp:term":[{"taxonomy":"category","embeddable":true,"href":"https:\/\/maranhaotv.com.br\/index.php\/wp-json\/wp\/v2\/categories?post=27766"},{"taxonomy":"post_tag","embeddable":true,"href":"https:\/\/maranhaotv.com.br\/index.php\/wp-json\/wp\/v2\/tags?post=27766"}],"curies":[{"name":"wp","href":"https:\/\/api.w.org\/{rel}","templated":true}]}}