{"id":28018,"date":"2022-07-08T16:31:18","date_gmt":"2022-07-08T19:31:18","guid":{"rendered":"https:\/\/maranhaotv.com.br\/?p=28018"},"modified":"2022-07-08T16:31:18","modified_gmt":"2022-07-08T19:31:18","slug":"paco-do-lumiar-paula-azevedo-cumpre-mais-uma-meta-de-infraestrutura-entregando-cinco-ruas-em-um-so-dia","status":"publish","type":"post","link":"https:\/\/maranhaotv.com.br\/index.php\/2022\/07\/08\/paco-do-lumiar-paula-azevedo-cumpre-mais-uma-meta-de-infraestrutura-entregando-cinco-ruas-em-um-so-dia\/","title":{"rendered":"Pa\u00e7o do Lumiar: Paula Azevedo cumpre mais uma meta de infraestrutura entregando cinco ruas em um s\u00f3 dia"},"content":{"rendered":"\n<p><br><br>O projeto de infraestrutura da Prefeita de Pa\u00e7o do Lumiar,  Paula Azevedo(PCdoB) acaba de encerrar uma espera de 30 anos nas comunidades Jaguarema e Cumbique, atrav\u00e9s do programa municipal de revitaliza\u00e7\u00e3o de ruas e avenidas.<br>Foram entregues nesta quinta-feira(07), cinco ruas em duas comunidades com grande contingente populacional no munic\u00edpio, atrav\u00e9s da parceria entre a Prefeitura de Pa\u00e7o do Lumiar, atrav\u00e9s da Secretaria Municipal de Infraestrutura e Urbanismo-SEMIU e o Governo do Estado, atrav\u00e9s da Secretaria de Estado do Trabalho e Economia Solid\u00e1ria-SETRES. Primeiro as equipes da gest\u00e3o de Paula Azevedo e do Governo do Estado estiveram no Residencial Jaguarema, que foi beneficiado com a pavimenta\u00e7\u00e3o em bloquetes das ruas 02, 05, 06 e 08. Durante a inaugura\u00e7\u00e3o tamb\u00e9m foram anunciadas as obras para recupera\u00e7\u00e3o e pavimenta\u00e7\u00e3o em bloquetes da Rua 09 da comunidade.<br><br>A tarde de entregas n\u00e3o acabou por aqui, a Prefeita cumpriu mais uma importante promessa, ao entregar a Rua Sousa Vale aos moradores do Cumbique, que possui mais de 500 metros de extens\u00e3o e tamb\u00e9m pavimentada em bloquetes junto \u00e0 SETRES, um sonho realizado que beneficia os estudantes da UEB Cumbique, moradores com defici\u00eancia f\u00edsica e toda a popula\u00e7\u00e3o desse importante p\u00f3lo agr\u00edcola para o munic\u00edpio, destacando a preocupa\u00e7\u00e3o da prefeita em atender as comunidades menos favorecidas em gest\u00f5es anteriores. Paula falou da import\u00e2ncia das inaugura\u00e7\u00f5es: &#8220;Quando ouvimos os moradores do Cumbique e do Jaguarema, encontramos muitos problemas de trafegabilidade nas ruas dessas comunidades e o Governo Carlos Brand\u00e3o nos apoiou na realiza\u00e7\u00e3o  desse sonho ousado, participando conosco da pavimenta\u00e7\u00e3o destas ruas, que mudam a realidade de muita gente&#8221;, disse ela.<br><br>L\u00edlia Raquel, Secret\u00e1ria de Estado da SETRES, falou sobre o relevante cronograma de obras do munic\u00edpio: &#8220;N\u00f3s conhecemos o empenho da prefeita  Paula Azevedo com a popula\u00e7\u00e3o de Pa\u00e7o do Lumiar, essas obras s\u00e3o resultado do trabalho de algu\u00e9m que possui um olhar sens\u00edvel a quem precisa, a prefeita presta um grande servi\u00e7o \u00e0 popula\u00e7\u00e3o e para isso, ela pode contar com o Governo Carlos Brand\u00e3o&#8221;, concluiu.<br><br>Walburg Neto, destacou o benef\u00edcio que as obras trazem \u00e0s fam\u00edlias beneficiadas: &#8220;N\u00f3s assumimos um compromisso com os moradores do Jaguarema e do Cumbique diante de uma demanda de pessoas que aguardaram por muito tempo, temos idosos, crian\u00e7as, cadeirantes, jovens e adultos que dependem muito dessas ruas e n\u00f3s decidimos buscar essas obras junto ao Governo do Estado e dar esse presente \u00e0 popula\u00e7\u00e3o&#8221;, falou o secret\u00e1rio.<\/p>\n\n\n\n<figure class=\"wp-block-image size-large\"><img decoding=\"async\" src=\"https:\/\/maranhaotv.com.br\/wp-content\/uploads\/2022\/07\/IMG-20220708-WA0459.jpg\" alt=\"\" class=\"wp-image-28016\"\/><\/figure>\n\n\n\n<figure class=\"wp-block-image\"><img decoding=\"async\" src=\"https:\/\/maranhaotv.com.br\/wp-content\/uploads\/2022\/07\/IMG-20220708-WA0460.jpg\" alt=\"\" class=\"wp-image-28015\"\/><\/figure>\n","protected":false},"excerpt":{"rendered":"<p>O projeto de infraestrutura da Prefeita de Pa\u00e7o do Lumiar, Paula Azevedo(PCdoB) acaba de encerrar uma espera de 30 anos<\/p>\n","protected":false},"author":2,"featured_media":28017,"comment_status":"open","ping_status":"open","sticky":false,"template":"","format":"standard","meta":{"colormag_page_container_layout":"default_layout","colormag_page_sidebar_layout":"default_layout","_jetpack_memberships_contains_paid_content":false,"footnotes":""},"categories":[2],"tags":[],"class_list":["post-28018","post","type-post","status-publish","format-standard","has-post-thumbnail","hentry","category-noticias"],"magazineBlocksPostFeaturedMedia":{"thumbnail":false,"medium":false,"medium_large":false,"large":false,"1536x1536":false,"2048x2048":false,"colormag-highlighted-post":false,"colormag-featured-post-medium":false,"colormag-featured-post-small":false,"colormag-featured-image":false,"colormag-default-news":false,"colormag-featured-image-large":false},"magazineBlocksPostAuthor":{"name":"maranhaotv","avatar":"https:\/\/secure.gravatar.com\/avatar\/8fadbca458d4cb68b1dd399ae9a40618d747bb1af65ac9fad21c89220a143eb4?s=96&d=mm&r=g"},"magazineBlocksPostCommentsNumber":"0","magazineBlocksPostExcerpt":"O projeto de infraestrutura da Prefeita de Pa\u00e7o do Lumiar, Paula Azevedo(PCdoB) acaba de encerrar uma espera de 30 anos","magazineBlocksPostCategories":["not\u00edcias"],"magazineBlocksPostViewCount":228,"magazineBlocksPostReadTime":3,"magazine_blocks_featured_image_url":{"full":false,"medium":false,"thumbnail":false},"magazine_blocks_author":{"display_name":"maranhaotv","author_link":"https:\/\/maranhaotv.com.br\/index.php\/author\/maranhaotv\/"},"magazine_blocks_comment":0,"magazine_blocks_author_image":"https:\/\/secure.gravatar.com\/avatar\/8fadbca458d4cb68b1dd399ae9a40618d747bb1af65ac9fad21c89220a143eb4?s=96&d=mm&r=g","magazine_blocks_category":"<a href=\"#\" class=\"category-link category-link-2\">not\u00edcias<\/a>","jetpack_featured_media_url":"","jetpack_sharing_enabled":true,"_links":{"self":[{"href":"https:\/\/maranhaotv.com.br\/index.php\/wp-json\/wp\/v2\/posts\/28018","targetHints":{"allow":["GET"]}}],"collection":[{"href":"https:\/\/maranhaotv.com.br\/index.php\/wp-json\/wp\/v2\/posts"}],"about":[{"href":"https:\/\/maranhaotv.com.br\/index.php\/wp-json\/wp\/v2\/types\/post"}],"author":[{"embeddable":true,"href":"https:\/\/maranhaotv.com.br\/index.php\/wp-json\/wp\/v2\/users\/2"}],"replies":[{"embeddable":true,"href":"https:\/\/maranhaotv.com.br\/index.php\/wp-json\/wp\/v2\/comments?post=28018"}],"version-history":[{"count":0,"href":"https:\/\/maranhaotv.com.br\/index.php\/wp-json\/wp\/v2\/posts\/28018\/revisions"}],"wp:featuredmedia":[{"embeddable":true,"href":"https:\/\/maranhaotv.com.br\/index.php\/wp-json\/"}],"wp:attachment":[{"href":"https:\/\/maranhaotv.com.br\/index.php\/wp-json\/wp\/v2\/media?parent=28018"}],"wp:term":[{"taxonomy":"category","embeddable":true,"href":"https:\/\/maranhaotv.com.br\/index.php\/wp-json\/wp\/v2\/categories?post=28018"},{"taxonomy":"post_tag","embeddable":true,"href":"https:\/\/maranhaotv.com.br\/index.php\/wp-json\/wp\/v2\/tags?post=28018"}],"curies":[{"name":"wp","href":"https:\/\/api.w.org\/{rel}","templated":true}]}}