{"id":28514,"date":"2022-08-19T08:56:48","date_gmt":"2022-08-19T11:56:48","guid":{"rendered":"https:\/\/maranhaotv.com.br\/?p=28514"},"modified":"2022-08-19T08:56:48","modified_gmt":"2022-08-19T11:56:48","slug":"rubens-jr-recebe-apoio-de-paulo-victor-na-caminhada-rumo-a-reeleicao","status":"publish","type":"post","link":"https:\/\/maranhaotv.com.br\/index.php\/2022\/08\/19\/rubens-jr-recebe-apoio-de-paulo-victor-na-caminhada-rumo-a-reeleicao\/","title":{"rendered":"Rubens Jr recebe apoio de Paulo Victor na caminhada rumo \u00e0 reelei\u00e7\u00e3o"},"content":{"rendered":"\n<p><br><br>O deputado federal Rubens Pereira Jr recebeu mais um apoio de peso na sua busca pela reelei\u00e7\u00e3o por uma vaga na C\u00e2mara Federal em 2023, presidente da C\u00e2mara de Vereadores licenciado e ex-secret\u00e1rio de cultura, Paulo Victor. <br><br>O apoio foi oficializado em visita \u00e0 cidade de Mat\u00f5es, na \u00faltima quinta-feira (18), onde Paulo Victor, que hoje coordena a campanha do governador Carlos Brand\u00e3o, destacou seu apoio e refor\u00e7ou a import\u00e2ncia do mandato de Rubens Jr para o Maranh\u00e3o.<br><br>\u201cNessa data t\u00e3o festiva, em que a caravana do Maranh\u00e3o passa pela cidade base do nosso deputado federal Rubens Jr, tenho a alegria de anunciar com todo o carinho e, sobretudo com toda empatia, o apoio ao nosso amigo Rubens Pereira nessa caminhada. Ele \u00e9 um cara de f\u00e9, que tem um trabalho positivo por nossa cidade de S\u00e3o Lu\u00eds e todo nosso estado. Tem um trabalho muito importante e representa muito bem nossa juventude e nossa for\u00e7a l\u00e1 em Bras\u00edlia. Pode ter certeza que vamos caminhar pela sua vit\u00f3ria e do governador Carlos Brand\u00e3o\u201d afirmou Paulo Victor.<br><br>Rubens Jr se disse muito feliz com o apoio de um pol\u00edtico do calibre de Paulo Victor, um dos jovens parlamentares mais destacados do legislativo municipal de S\u00e3o Lu\u00eds e com uma tarefa muito intensa nos pr\u00f3ximos anos \u00e0 frente da C\u00e2mara. \u201cFico muito feliz em estar recebendo o apoio do nosso companheiro Paulo Victor, com quem marchamos juntos na \u00faltima elei\u00e7\u00e3o municipal. Um cara que arrebenta em tudo que faz, foi assim na secretaria de cultura, onde ele fez o maior S\u00e3o Jo\u00e3o do Brasil. \u00c9 assim quando ele j\u00e1 foi eleito o pr\u00f3ximo presidente da C\u00e2mara Municipal de S\u00e3o Lu\u00eds e agora, coordenando a campanha do governador Carlos Brand\u00e3o, que por onde est\u00e1 sendo um sucesso de mobiliza\u00e7\u00e3o. Fico muito honrado e tenho certeza que o Paulo Victor tem uma trajet\u00f3ria ainda maior pela frente\u201d agradeceu o deputado.<\/p>\n","protected":false},"excerpt":{"rendered":"<p>O deputado federal Rubens Pereira Jr recebeu mais um apoio de peso na sua busca pela reelei\u00e7\u00e3o por uma vaga<\/p>\n","protected":false},"author":2,"featured_media":28513,"comment_status":"open","ping_status":"open","sticky":false,"template":"","format":"standard","meta":{"colormag_page_container_layout":"default_layout","colormag_page_sidebar_layout":"default_layout","_jetpack_memberships_contains_paid_content":false,"footnotes":""},"categories":[2],"tags":[],"class_list":["post-28514","post","type-post","status-publish","format-standard","has-post-thumbnail","hentry","category-noticias"],"magazineBlocksPostFeaturedMedia":{"thumbnail":false,"medium":false,"medium_large":false,"large":false,"1536x1536":false,"2048x2048":false,"colormag-highlighted-post":false,"colormag-featured-post-medium":false,"colormag-featured-post-small":false,"colormag-featured-image":false,"colormag-default-news":false,"colormag-featured-image-large":false},"magazineBlocksPostAuthor":{"name":"maranhaotv","avatar":"https:\/\/secure.gravatar.com\/avatar\/8fadbca458d4cb68b1dd399ae9a40618d747bb1af65ac9fad21c89220a143eb4?s=96&d=mm&r=g"},"magazineBlocksPostCommentsNumber":"0","magazineBlocksPostExcerpt":"O deputado federal Rubens Pereira Jr recebeu mais um apoio de peso na sua busca pela reelei\u00e7\u00e3o por uma vaga","magazineBlocksPostCategories":["not\u00edcias"],"magazineBlocksPostViewCount":226,"magazineBlocksPostReadTime":2,"magazine_blocks_featured_image_url":{"full":false,"medium":false,"thumbnail":false},"magazine_blocks_author":{"display_name":"maranhaotv","author_link":"https:\/\/maranhaotv.com.br\/index.php\/author\/maranhaotv\/"},"magazine_blocks_comment":0,"magazine_blocks_author_image":"https:\/\/secure.gravatar.com\/avatar\/8fadbca458d4cb68b1dd399ae9a40618d747bb1af65ac9fad21c89220a143eb4?s=96&d=mm&r=g","magazine_blocks_category":"<a href=\"#\" class=\"category-link category-link-2\">not\u00edcias<\/a>","jetpack_featured_media_url":"","jetpack_sharing_enabled":true,"_links":{"self":[{"href":"https:\/\/maranhaotv.com.br\/index.php\/wp-json\/wp\/v2\/posts\/28514","targetHints":{"allow":["GET"]}}],"collection":[{"href":"https:\/\/maranhaotv.com.br\/index.php\/wp-json\/wp\/v2\/posts"}],"about":[{"href":"https:\/\/maranhaotv.com.br\/index.php\/wp-json\/wp\/v2\/types\/post"}],"author":[{"embeddable":true,"href":"https:\/\/maranhaotv.com.br\/index.php\/wp-json\/wp\/v2\/users\/2"}],"replies":[{"embeddable":true,"href":"https:\/\/maranhaotv.com.br\/index.php\/wp-json\/wp\/v2\/comments?post=28514"}],"version-history":[{"count":0,"href":"https:\/\/maranhaotv.com.br\/index.php\/wp-json\/wp\/v2\/posts\/28514\/revisions"}],"wp:featuredmedia":[{"embeddable":true,"href":"https:\/\/maranhaotv.com.br\/index.php\/wp-json\/"}],"wp:attachment":[{"href":"https:\/\/maranhaotv.com.br\/index.php\/wp-json\/wp\/v2\/media?parent=28514"}],"wp:term":[{"taxonomy":"category","embeddable":true,"href":"https:\/\/maranhaotv.com.br\/index.php\/wp-json\/wp\/v2\/categories?post=28514"},{"taxonomy":"post_tag","embeddable":true,"href":"https:\/\/maranhaotv.com.br\/index.php\/wp-json\/wp\/v2\/tags?post=28514"}],"curies":[{"name":"wp","href":"https:\/\/api.w.org\/{rel}","templated":true}]}}