{"id":28836,"date":"2022-09-10T21:18:06","date_gmt":"2022-09-11T00:18:06","guid":{"rendered":"https:\/\/maranhaotv.com.br\/?p=28836"},"modified":"2022-09-10T21:18:06","modified_gmt":"2022-09-11T00:18:06","slug":"carro-da-campanha-de-amanda-gentil-sofre-grave-acidente-e-duas-pessoas-morrem","status":"publish","type":"post","link":"https:\/\/maranhaotv.com.br\/index.php\/2022\/09\/10\/carro-da-campanha-de-amanda-gentil-sofre-grave-acidente-e-duas-pessoas-morrem\/","title":{"rendered":"Carro da campanha de Amanda Gentil sofre grave acidente e duas pessoas morrem"},"content":{"rendered":"\n<p>Um ve\u00edculo da campanha da candidata a deputada federal Amanda Gentil (PP), sofreu um grave acidente na noite deste s\u00e1bado (10), na MA-034, pr\u00f3ximo ao cruzamento da BR-316. As primeiras informa\u00e7\u00f5es d\u00e3o conta que duas pessoas vieram a \u00f3bito, mas que a filha do prefeito de Caxias passa bem.<\/p>\n\n\n\n<p>Amanda Gentil estava cumprindo agenda na cidade Chapadinha e Anapurus. Ela estava na companhia de assessores e foi a respons\u00e1vel por chamar o socorro, logo ap\u00f3s o acidente.<\/p>\n\n\n\n<p>As v\u00edtimas fatais do acidente est\u00e3o sendo apontados com um fot\u00f3grafo da campanha e uma assessora de Amanda Gentil.<\/p>\n\n\n\n<p>Ainda h\u00e1 informa\u00e7\u00f5es desencontradas sobre a presen\u00e7a ou n\u00e3o de Amanda Gentil no ve\u00edculo acidentado.<\/p>\n\n\n\n<p>Aguarde mais informa\u00e7\u00f5es\u2026<\/p>\n","protected":false},"excerpt":{"rendered":"<p>Um ve\u00edculo da campanha da candidata a deputada federal Amanda Gentil (PP), sofreu um grave acidente na noite deste s\u00e1bado<\/p>\n","protected":false},"author":2,"featured_media":28835,"comment_status":"open","ping_status":"open","sticky":false,"template":"","format":"standard","meta":{"colormag_page_container_layout":"default_layout","colormag_page_sidebar_layout":"default_layout","_jetpack_memberships_contains_paid_content":false,"footnotes":""},"categories":[2],"tags":[],"class_list":["post-28836","post","type-post","status-publish","format-standard","has-post-thumbnail","hentry","category-noticias"],"magazineBlocksPostFeaturedMedia":{"thumbnail":false,"medium":false,"medium_large":false,"large":false,"1536x1536":false,"2048x2048":false,"colormag-highlighted-post":false,"colormag-featured-post-medium":false,"colormag-featured-post-small":false,"colormag-featured-image":false,"colormag-default-news":false,"colormag-featured-image-large":false},"magazineBlocksPostAuthor":{"name":"maranhaotv","avatar":"https:\/\/secure.gravatar.com\/avatar\/8fadbca458d4cb68b1dd399ae9a40618d747bb1af65ac9fad21c89220a143eb4?s=96&d=mm&r=g"},"magazineBlocksPostCommentsNumber":"0","magazineBlocksPostExcerpt":"Um ve\u00edculo da campanha da candidata a deputada federal Amanda Gentil (PP), sofreu um grave acidente na noite deste s\u00e1bado","magazineBlocksPostCategories":["not\u00edcias"],"magazineBlocksPostViewCount":163,"magazineBlocksPostReadTime":1,"magazine_blocks_featured_image_url":{"full":false,"medium":false,"thumbnail":false},"magazine_blocks_author":{"display_name":"maranhaotv","author_link":"https:\/\/maranhaotv.com.br\/index.php\/author\/maranhaotv\/"},"magazine_blocks_comment":0,"magazine_blocks_author_image":"https:\/\/secure.gravatar.com\/avatar\/8fadbca458d4cb68b1dd399ae9a40618d747bb1af65ac9fad21c89220a143eb4?s=96&d=mm&r=g","magazine_blocks_category":"<a href=\"#\" class=\"category-link category-link-2\">not\u00edcias<\/a>","jetpack_featured_media_url":"","jetpack_sharing_enabled":true,"_links":{"self":[{"href":"https:\/\/maranhaotv.com.br\/index.php\/wp-json\/wp\/v2\/posts\/28836","targetHints":{"allow":["GET"]}}],"collection":[{"href":"https:\/\/maranhaotv.com.br\/index.php\/wp-json\/wp\/v2\/posts"}],"about":[{"href":"https:\/\/maranhaotv.com.br\/index.php\/wp-json\/wp\/v2\/types\/post"}],"author":[{"embeddable":true,"href":"https:\/\/maranhaotv.com.br\/index.php\/wp-json\/wp\/v2\/users\/2"}],"replies":[{"embeddable":true,"href":"https:\/\/maranhaotv.com.br\/index.php\/wp-json\/wp\/v2\/comments?post=28836"}],"version-history":[{"count":0,"href":"https:\/\/maranhaotv.com.br\/index.php\/wp-json\/wp\/v2\/posts\/28836\/revisions"}],"wp:featuredmedia":[{"embeddable":true,"href":"https:\/\/maranhaotv.com.br\/index.php\/wp-json\/"}],"wp:attachment":[{"href":"https:\/\/maranhaotv.com.br\/index.php\/wp-json\/wp\/v2\/media?parent=28836"}],"wp:term":[{"taxonomy":"category","embeddable":true,"href":"https:\/\/maranhaotv.com.br\/index.php\/wp-json\/wp\/v2\/categories?post=28836"},{"taxonomy":"post_tag","embeddable":true,"href":"https:\/\/maranhaotv.com.br\/index.php\/wp-json\/wp\/v2\/tags?post=28836"}],"curies":[{"name":"wp","href":"https:\/\/api.w.org\/{rel}","templated":true}]}}