{"id":28857,"date":"2022-09-12T11:54:27","date_gmt":"2022-09-12T14:54:27","guid":{"rendered":"https:\/\/maranhaotv.com.br\/?p=28857"},"modified":"2022-09-12T11:54:27","modified_gmt":"2022-09-12T14:54:27","slug":"fim-do-jogo-tre-diz-que-magrado-nao-pode-ser-candidato-e-ele-esta-fora-das-eleicoes-para-deputado","status":"publish","type":"post","link":"https:\/\/maranhaotv.com.br\/index.php\/2022\/09\/12\/fim-do-jogo-tre-diz-que-magrado-nao-pode-ser-candidato-e-ele-esta-fora-das-eleicoes-para-deputado\/","title":{"rendered":"Fim do jogo: TRE diz que Magrado n\u00e3o pode ser candidato e ele est\u00e1 fora das elei\u00e7\u00f5es para deputado"},"content":{"rendered":"\n<p>O Tribunal Regional Eleitoral indeferiu a candidatura a deputado federal de Magrado Barros, ex-prefeito da cidade de Viana, na Baixada Maranhense. A decis\u00e3o foi tomada neste domingo (11), por unanimidade pelos ju\u00edzes e desembargadores do TRE, ap\u00f3s o Minist\u00e9rio P\u00fablico Eleitoral se manifestar contra a candidatura do ex-prefeito. Cabe recurso ao pr\u00f3prio TRE e depois ao TSE.<br><br><br><br>Com informamos na semana passada, Magrado Barros teve complica\u00e7\u00f5es com multas eleitorais, decorrentes de a\u00e7\u00f5es nas elei\u00e7\u00f5es de 2020. Segundo o procurador do Minist\u00e9rio P\u00fablico Eleitoral, Hilton de Melo, o ex-prefeito n\u00e3o pagou as multas eleitorais e que isso o impede de participar do processo eleitoral deste ano. Os d\u00e9bitos ultrapassam os R$ 45 mil reais.<br><br>Ontem, ao julgar o caso, os membros do TRE reconheceram a inelegibilidade de Magrado, que concorre ao cargo de deputado federal pelo Uni\u00e3o Brasil. O relator do processo, juiz Lino Sousa, entendeu que o candidato n\u00e3o estava com sua quita\u00e7\u00e3o eleitoral. &#8220;Acordam os Membros do Tribunal Regional Eleitoral do Maranh\u00e3o, por unanimidade, indeferir o registro de candidatura, nos termos do voto do juiz relator&#8221;, diz a decis\u00e3o.<br><br>No site do TSE, o DivulgaCand, a decis\u00e3o j\u00e1 consta no processo do ex-prefeito, mas informa que ele j\u00e1 recorreu da decis\u00e3o, e a candidatura aparece como &#8216;indeferida com recurso&#8217;, o que permite que Magrado Barros continue fazendo campanha at\u00e9 o julgamento dos recursos na corte superior. Procurado desde ontem pelo blog, ele ainda n\u00e3o se manifestou oficialmente.<br><br>Vejam a decis\u00e3o, na \u00edntegra.<\/p>\n\n\n\n<figure class=\"wp-block-image size-large\"><img decoding=\"async\" src=\"https:\/\/maranhaotv.com.br\/wp-content\/uploads\/2022\/09\/gmtmtgm-668x1024.png\" alt=\"\" class=\"wp-image-28855\"\/><\/figure>\n\n\n\n<p><br><br>Blog Jailson Mendes<\/p>\n","protected":false},"excerpt":{"rendered":"<p>O Tribunal Regional Eleitoral indeferiu a candidatura a deputado federal de Magrado Barros, ex-prefeito da cidade de Viana, na Baixada<\/p>\n","protected":false},"author":2,"featured_media":28856,"comment_status":"closed","ping_status":"open","sticky":false,"template":"","format":"standard","meta":{"colormag_page_container_layout":"default_layout","colormag_page_sidebar_layout":"default_layout","_jetpack_memberships_contains_paid_content":false,"footnotes":""},"categories":[2],"tags":[],"class_list":["post-28857","post","type-post","status-publish","format-standard","has-post-thumbnail","hentry","category-noticias"],"magazineBlocksPostFeaturedMedia":{"thumbnail":false,"medium":false,"medium_large":false,"large":false,"1536x1536":false,"2048x2048":false,"colormag-highlighted-post":false,"colormag-featured-post-medium":false,"colormag-featured-post-small":false,"colormag-featured-image":false,"colormag-default-news":false,"colormag-featured-image-large":false},"magazineBlocksPostAuthor":{"name":"maranhaotv","avatar":"https:\/\/secure.gravatar.com\/avatar\/8fadbca458d4cb68b1dd399ae9a40618d747bb1af65ac9fad21c89220a143eb4?s=96&d=mm&r=g"},"magazineBlocksPostCommentsNumber":false,"magazineBlocksPostExcerpt":"O Tribunal Regional Eleitoral indeferiu a candidatura a deputado federal de Magrado Barros, ex-prefeito da cidade de Viana, na Baixada","magazineBlocksPostCategories":["not\u00edcias"],"magazineBlocksPostViewCount":166,"magazineBlocksPostReadTime":2,"magazine_blocks_featured_image_url":{"full":false,"medium":false,"thumbnail":false},"magazine_blocks_author":{"display_name":"maranhaotv","author_link":"https:\/\/maranhaotv.com.br\/index.php\/author\/maranhaotv\/"},"magazine_blocks_comment":0,"magazine_blocks_author_image":"https:\/\/secure.gravatar.com\/avatar\/8fadbca458d4cb68b1dd399ae9a40618d747bb1af65ac9fad21c89220a143eb4?s=96&d=mm&r=g","magazine_blocks_category":"<a href=\"#\" class=\"category-link category-link-2\">not\u00edcias<\/a>","jetpack_featured_media_url":"","jetpack_sharing_enabled":true,"_links":{"self":[{"href":"https:\/\/maranhaotv.com.br\/index.php\/wp-json\/wp\/v2\/posts\/28857","targetHints":{"allow":["GET"]}}],"collection":[{"href":"https:\/\/maranhaotv.com.br\/index.php\/wp-json\/wp\/v2\/posts"}],"about":[{"href":"https:\/\/maranhaotv.com.br\/index.php\/wp-json\/wp\/v2\/types\/post"}],"author":[{"embeddable":true,"href":"https:\/\/maranhaotv.com.br\/index.php\/wp-json\/wp\/v2\/users\/2"}],"replies":[{"embeddable":true,"href":"https:\/\/maranhaotv.com.br\/index.php\/wp-json\/wp\/v2\/comments?post=28857"}],"version-history":[{"count":0,"href":"https:\/\/maranhaotv.com.br\/index.php\/wp-json\/wp\/v2\/posts\/28857\/revisions"}],"wp:featuredmedia":[{"embeddable":true,"href":"https:\/\/maranhaotv.com.br\/index.php\/wp-json\/"}],"wp:attachment":[{"href":"https:\/\/maranhaotv.com.br\/index.php\/wp-json\/wp\/v2\/media?parent=28857"}],"wp:term":[{"taxonomy":"category","embeddable":true,"href":"https:\/\/maranhaotv.com.br\/index.php\/wp-json\/wp\/v2\/categories?post=28857"},{"taxonomy":"post_tag","embeddable":true,"href":"https:\/\/maranhaotv.com.br\/index.php\/wp-json\/wp\/v2\/tags?post=28857"}],"curies":[{"name":"wp","href":"https:\/\/api.w.org\/{rel}","templated":true}]}}