{"id":28861,"date":"2022-09-12T13:49:49","date_gmt":"2022-09-12T16:49:49","guid":{"rendered":"https:\/\/maranhaotv.com.br\/?p=28861"},"modified":"2022-09-12T13:49:49","modified_gmt":"2022-09-12T16:49:49","slug":"na-assembleia-alem-da-saude-minhas-bandeiras-tambem-serao-a-cultura-e-educacao-diz-carlos-lula","status":"publish","type":"post","link":"https:\/\/maranhaotv.com.br\/index.php\/2022\/09\/12\/na-assembleia-alem-da-saude-minhas-bandeiras-tambem-serao-a-cultura-e-educacao-diz-carlos-lula\/","title":{"rendered":"&#8220;Na Assembleia, al\u00e9m da sa\u00fade, minhas bandeiras tamb\u00e9m ser\u00e3o a cultura e educa\u00e7\u00e3o\u201d, diz Carlos Lula"},"content":{"rendered":"\n<p><br><br>O candidato a deputado estadual, Carlos Lula (PSB), realizou uma panfletagem na Pra\u00e7a Maria Arag\u00e3o, local das festividades em comemora\u00e7\u00e3o dos 410 anos de funda\u00e7\u00e3o de S\u00e3o Lu\u00eds.<br><br>Durante a a\u00e7\u00e3o, Carlos Lula relembrou a import\u00e2ncia da campanha de vacina\u00e7\u00e3o contra a Covid-19, o que possibilitou o retorno de grandes eventos no estado, ap\u00f3s dois anos de suspens\u00e3o em decorr\u00eancia da pandemia.<br><br>\u201c\u00c9 muito gratificante ver S\u00e3o Lu\u00eds em festa novamente, isso \u00e9 fruto da dedica\u00e7\u00e3o e do trabalho que realizamos durante a pandemia da Covid-19. A vacina\u00e7\u00e3o contra o v\u00edrus possibilitou o retorno das festas no Maranh\u00e3o e quem vive da cultura p\u00f4de voltar a trabalhar. Na Assembleia, al\u00e9m da sa\u00fade, minhas bandeiras tamb\u00e9m ser\u00e3o a cultura e educa\u00e7\u00e3o\u201d, disse o futuro deputado estadual, Carlos Lula.<br><br>De acordo com o candidato a deputado federal Wesley Sousa, que tamb\u00e9m estava na Pra\u00e7a Maria Arag\u00e3o, Carlos Lula teve uma fun\u00e7\u00e3o essencial na pandemia e n\u00e3o foi s\u00f3 na fun\u00e7\u00e3o de salvar vidas. \u201cCarlos Lula, ainda secret\u00e1rio de sa\u00fade, recebeu a mim e o Victor [Grupo de Samba Argumento] quando escrevemos o primeiro protocolo que propunha a volta da m\u00fasica ao vivo. E era uma situa\u00e7\u00e3o muito delicada para ele, pois ao mesmo tempo que era preciso salvar vidas por meio do distanciamento e do isolamento social, por outro lado havia uma s\u00e9rie de profissionais que precisavam voltar a trabalhar e ele foi muito sens\u00edvel a olhar o nosso <br>Wesley complementa ainda destacando a import\u00e2ncia de Carlos Lula para a pol\u00edtica maranhense. \u201cO Lula teve que trabalhar, ele prestou concurso p\u00fablico, e aqui no Maranh\u00e3o essa n\u00e3o \u00e9 a hist\u00f3ria da nossa pol\u00edtica, pois sete de cada dez deputados estaduais herdaram dos pais o mandato, \u00e9 gente cujo primeiro emprego foi ser deputado e isso tem um impacto direto na condi\u00e7\u00e3o do nosso estado. \u00c9 preciso construir a hist\u00f3ria do Maranh\u00e3o atrav\u00e9s de gente que tem trabalho e hist\u00f3ria, que viveu e sabe os problemas da vida real e Carlos Lula \u00e9 essa pessoa\u201d, concluiu o candidato a deputado federal.<br><br>Propostas<br><br>No campo da cultura, Lula tem uma s\u00e9rie de propostas para ajudar na recupera\u00e7\u00e3o do setor que foi muito prejudicado nos \u00faltimos anos, entre elas:<br><br>\u2022Propor uma pol\u00edtica de manuten\u00e7\u00e3o das manifesta\u00e7\u00f5es culturais de grande valor tradicional para o Maranh\u00e3o, levando em considera\u00e7\u00e3o sua incapacidade de sustenta\u00e7\u00e3o independente;<br><br>\u2022 Incentivar a promo\u00e7\u00e3o de atividades culturais nas regi\u00f5es de grande potencial tur\u00edstico do estado;<br><br>\u2022 Estimular o uso dos espa\u00e7os p\u00fablicos pelas manifesta\u00e7\u00f5es culturais. Propor a\u00e7\u00f5es culturais e tur\u00edsticas permanentes no Centro Hist\u00f3rico de S\u00e3o Lu\u00eds, fortalecendo assim a cadeia do turismo e da cultura;<br><br>\u2022 Propor o funcionamento do conselho gestor da TV Assembleia, com isso ser\u00e1 poss\u00edvel viabilizar recursos da Ag\u00eancia Nacional do Cinema (ANCINE) para promover programa\u00e7\u00e3o independente, al\u00e9m de fortalecer a produ\u00e7\u00e3o cinematogr\u00e1fica maranhense por meio de editais e ainda promover o turismo no estado do Maranh\u00e3o;<br><br>\u2022 Propor a descentraliza\u00e7\u00e3o das maiores e mais importantes festas e eventos tornando-os assim mais democr\u00e1ticos. Hoje existe uma grande concentra\u00e7\u00e3o dessas importantes festas e eventos na capital do estado.<br><\/p>\n\n\n\n<figure class=\"wp-block-image size-large\"><img decoding=\"async\" src=\"https:\/\/maranhaotv.com.br\/wp-content\/uploads\/2022\/09\/DA2E0A3F-3AA8-40F9-98D7-6D5639FEAA32-1024x682.jpeg\" alt=\"\" class=\"wp-image-28859\"\/><\/figure>\n","protected":false},"excerpt":{"rendered":"<p>O candidato a deputado estadual, Carlos Lula (PSB), realizou uma panfletagem na Pra\u00e7a Maria Arag\u00e3o, local das festividades em comemora\u00e7\u00e3o<\/p>\n","protected":false},"author":2,"featured_media":28860,"comment_status":"closed","ping_status":"open","sticky":false,"template":"","format":"standard","meta":{"colormag_page_container_layout":"default_layout","colormag_page_sidebar_layout":"default_layout","_jetpack_memberships_contains_paid_content":false,"footnotes":""},"categories":[2],"tags":[],"class_list":["post-28861","post","type-post","status-publish","format-standard","has-post-thumbnail","hentry","category-noticias"],"magazineBlocksPostFeaturedMedia":{"thumbnail":false,"medium":false,"medium_large":false,"large":false,"1536x1536":false,"2048x2048":false,"colormag-highlighted-post":false,"colormag-featured-post-medium":false,"colormag-featured-post-small":false,"colormag-featured-image":false,"colormag-default-news":false,"colormag-featured-image-large":false},"magazineBlocksPostAuthor":{"name":"maranhaotv","avatar":"https:\/\/secure.gravatar.com\/avatar\/8fadbca458d4cb68b1dd399ae9a40618d747bb1af65ac9fad21c89220a143eb4?s=96&d=mm&r=g"},"magazineBlocksPostCommentsNumber":false,"magazineBlocksPostExcerpt":"O candidato a deputado estadual, Carlos Lula (PSB), realizou uma panfletagem na Pra\u00e7a Maria Arag\u00e3o, local das festividades em comemora\u00e7\u00e3o","magazineBlocksPostCategories":["not\u00edcias"],"magazineBlocksPostViewCount":147,"magazineBlocksPostReadTime":3,"magazine_blocks_featured_image_url":{"full":false,"medium":false,"thumbnail":false},"magazine_blocks_author":{"display_name":"maranhaotv","author_link":"https:\/\/maranhaotv.com.br\/index.php\/author\/maranhaotv\/"},"magazine_blocks_comment":0,"magazine_blocks_author_image":"https:\/\/secure.gravatar.com\/avatar\/8fadbca458d4cb68b1dd399ae9a40618d747bb1af65ac9fad21c89220a143eb4?s=96&d=mm&r=g","magazine_blocks_category":"<a href=\"#\" class=\"category-link category-link-2\">not\u00edcias<\/a>","jetpack_featured_media_url":"","jetpack_sharing_enabled":true,"_links":{"self":[{"href":"https:\/\/maranhaotv.com.br\/index.php\/wp-json\/wp\/v2\/posts\/28861","targetHints":{"allow":["GET"]}}],"collection":[{"href":"https:\/\/maranhaotv.com.br\/index.php\/wp-json\/wp\/v2\/posts"}],"about":[{"href":"https:\/\/maranhaotv.com.br\/index.php\/wp-json\/wp\/v2\/types\/post"}],"author":[{"embeddable":true,"href":"https:\/\/maranhaotv.com.br\/index.php\/wp-json\/wp\/v2\/users\/2"}],"replies":[{"embeddable":true,"href":"https:\/\/maranhaotv.com.br\/index.php\/wp-json\/wp\/v2\/comments?post=28861"}],"version-history":[{"count":0,"href":"https:\/\/maranhaotv.com.br\/index.php\/wp-json\/wp\/v2\/posts\/28861\/revisions"}],"wp:featuredmedia":[{"embeddable":true,"href":"https:\/\/maranhaotv.com.br\/index.php\/wp-json\/"}],"wp:attachment":[{"href":"https:\/\/maranhaotv.com.br\/index.php\/wp-json\/wp\/v2\/media?parent=28861"}],"wp:term":[{"taxonomy":"category","embeddable":true,"href":"https:\/\/maranhaotv.com.br\/index.php\/wp-json\/wp\/v2\/categories?post=28861"},{"taxonomy":"post_tag","embeddable":true,"href":"https:\/\/maranhaotv.com.br\/index.php\/wp-json\/wp\/v2\/tags?post=28861"}],"curies":[{"name":"wp","href":"https:\/\/api.w.org\/{rel}","templated":true}]}}