{"id":28866,"date":"2022-09-12T14:46:14","date_gmt":"2022-09-12T17:46:14","guid":{"rendered":"https:\/\/maranhaotv.com.br\/?p=28866"},"modified":"2022-09-12T14:46:14","modified_gmt":"2022-09-12T17:46:14","slug":"paula-azevedo-movimenta-fim-de-semana-com-agenda-politica-em-paco-do-lumiar","status":"publish","type":"post","link":"https:\/\/maranhaotv.com.br\/index.php\/2022\/09\/12\/paula-azevedo-movimenta-fim-de-semana-com-agenda-politica-em-paco-do-lumiar\/","title":{"rendered":"Paula Azevedo movimenta fim de semana com agenda pol\u00edtica em Pa\u00e7o do Lumiar"},"content":{"rendered":"\n<p><br>Fim de semana hist\u00f3rico em Pa\u00e7o do Lumiar. Na sexta-feira (9), a prefeita Paula Azevedo (PCdoB) levou uma multid\u00e3o \u00e0s ruas do bairro Maiob\u00e3o durante a maior caminhada j\u00e1 realizada no munic\u00edpio ao longo da atual campanha eleitoral em apoio \u00e0 candidatura de Carlos Brand\u00e3o (PSB) ao Governo do Estado. <br> <br> <br>Partindo da Feira da Avenida 10 com o candidato a vice-governador, Felipe Camar\u00e3o (PT), e ao lado do deputado federal Bira do Pindar\u00e9 (PSB) e do candidato a deputado estadual e ex-secret\u00e1rio de Estado da Sa\u00fade, Carlos Lula (PSB), Paula seguiu pela Avenida 13 at\u00e9 a Pra\u00e7a da Fam\u00edlia, onde recebeu, tamb\u00e9m, a esposa do governador, Larissa Brand\u00e3o.<br> <br> <br>\u201cPa\u00e7o do Lumiar nunca teve tanta visibilidade como agora. N\u00f3s estamos desmistificando muita coisa falada l\u00e1 atr\u00e1s, quando disseram que n\u00e3o ir\u00edamos conseguir. Hoje, estamos abrindo as portas do munic\u00edpio para quem acreditou no nosso projeto de gest\u00e3o e trouxe resultados. Esse \u00e9 o time de Brand\u00e3o, que temos orgulho de apoiar e dizer N\u00c3O para forasteiros que n\u00e3o conhecem nossa realidade\u201d, disse a prefeita.<br> <br> <br>Felipe Camar\u00e3o destacou a mobiliza\u00e7\u00e3o organizada pela prefeita. \u201cPa\u00e7o do Lumiar tem uma prefeita gigante, que passou por cima de todo preconceito e ternou-se exemplo para todo o Maranh\u00e3o. Assim como nossos candidatos, como o ex-governador e futuro senador Fl\u00e1vio Dino, ela trabalha com seriedade. Por isso, Pa\u00e7o do Lumiar \u00e9 decisivo para a continuidade dessa jornada de vit\u00f3rias que nosso time e este povo v\u00eam tendo at\u00e9 hoje\u201d.<br> <br> <br>No s\u00e1bado (10), Paula Azevedo visitou associa\u00e7\u00f5es de moradores e comunidades, come\u00e7ando pelo Maiob\u00e3o, com o deputado estadual candidato \u00e0 reelei\u00e7\u00e3o Par\u00e1 Figueiredo (PL) e representantes do deputado federal M\u00e1rcio Jerry (PCdoB). \u00c0 tarde, esteve na comunidade Renascer, onde a l\u00edder comunit\u00e1ria Luzia Castro e moradores receberam sua comitiva levando boas not\u00edcias \u00e0 regi\u00e3o.<br> <br> <br>\u201cPela primeira vez, nossa comunidade recebeu apoio e estamos confiantes, pois a prefeita Paula Azevedo prometeu recuperar os acessos \u00e0 esta localidade e, ao lado de seus candidatos, que s\u00e3o s\u00e9rios, isso se tornar\u00e1 realidade\u201d, disse Luzia Castro.<br> <br> <br>Para finalizar, Paula e Par\u00e1 Figueiredo estiveram com a popula\u00e7\u00e3o do Tendal e Moj\u00f3, que agradeceu pelas obras de asfaltamento da estrada da comunidade e o porto, realizadas durante o governo Fl\u00e1vio Dino, tendo M\u00e1rcio Jerry secret\u00e1rio de Estado das Cidades \u00e0 \u00e9poca.<\/p>\n\n\n\n<figure class=\"wp-block-image size-large\"><img decoding=\"async\" src=\"https:\/\/maranhaotv.com.br\/wp-content\/uploads\/2022\/09\/IMG-20220912-WA0212-1024x682.jpg\" alt=\"\" class=\"wp-image-28864\"\/><\/figure>\n\n\n\n<figure class=\"wp-block-image\"><img decoding=\"async\" src=\"https:\/\/maranhaotv.com.br\/wp-content\/uploads\/2022\/09\/IMG-20220912-WA0213-1024x682.jpg\" alt=\"\" class=\"wp-image-28863\"\/><\/figure>\n","protected":false},"excerpt":{"rendered":"<p>Fim de semana hist\u00f3rico em Pa\u00e7o do Lumiar. Na sexta-feira (9), a prefeita Paula Azevedo (PCdoB) levou uma multid\u00e3o \u00e0s<\/p>\n","protected":false},"author":2,"featured_media":28865,"comment_status":"closed","ping_status":"open","sticky":false,"template":"","format":"standard","meta":{"colormag_page_container_layout":"default_layout","colormag_page_sidebar_layout":"default_layout","_jetpack_memberships_contains_paid_content":false,"footnotes":""},"categories":[2],"tags":[],"class_list":["post-28866","post","type-post","status-publish","format-standard","has-post-thumbnail","hentry","category-noticias"],"magazineBlocksPostFeaturedMedia":{"thumbnail":false,"medium":false,"medium_large":false,"large":false,"1536x1536":false,"2048x2048":false,"colormag-highlighted-post":false,"colormag-featured-post-medium":false,"colormag-featured-post-small":false,"colormag-featured-image":false,"colormag-default-news":false,"colormag-featured-image-large":false},"magazineBlocksPostAuthor":{"name":"maranhaotv","avatar":"https:\/\/secure.gravatar.com\/avatar\/8fadbca458d4cb68b1dd399ae9a40618d747bb1af65ac9fad21c89220a143eb4?s=96&d=mm&r=g"},"magazineBlocksPostCommentsNumber":false,"magazineBlocksPostExcerpt":"Fim de semana hist\u00f3rico em Pa\u00e7o do Lumiar. Na sexta-feira (9), a prefeita Paula Azevedo (PCdoB) levou uma multid\u00e3o \u00e0s","magazineBlocksPostCategories":["not\u00edcias"],"magazineBlocksPostViewCount":279,"magazineBlocksPostReadTime":3,"magazine_blocks_featured_image_url":{"full":false,"medium":false,"thumbnail":false},"magazine_blocks_author":{"display_name":"maranhaotv","author_link":"https:\/\/maranhaotv.com.br\/index.php\/author\/maranhaotv\/"},"magazine_blocks_comment":0,"magazine_blocks_author_image":"https:\/\/secure.gravatar.com\/avatar\/8fadbca458d4cb68b1dd399ae9a40618d747bb1af65ac9fad21c89220a143eb4?s=96&d=mm&r=g","magazine_blocks_category":"<a href=\"#\" class=\"category-link category-link-2\">not\u00edcias<\/a>","jetpack_featured_media_url":"","jetpack_sharing_enabled":true,"_links":{"self":[{"href":"https:\/\/maranhaotv.com.br\/index.php\/wp-json\/wp\/v2\/posts\/28866","targetHints":{"allow":["GET"]}}],"collection":[{"href":"https:\/\/maranhaotv.com.br\/index.php\/wp-json\/wp\/v2\/posts"}],"about":[{"href":"https:\/\/maranhaotv.com.br\/index.php\/wp-json\/wp\/v2\/types\/post"}],"author":[{"embeddable":true,"href":"https:\/\/maranhaotv.com.br\/index.php\/wp-json\/wp\/v2\/users\/2"}],"replies":[{"embeddable":true,"href":"https:\/\/maranhaotv.com.br\/index.php\/wp-json\/wp\/v2\/comments?post=28866"}],"version-history":[{"count":0,"href":"https:\/\/maranhaotv.com.br\/index.php\/wp-json\/wp\/v2\/posts\/28866\/revisions"}],"wp:featuredmedia":[{"embeddable":true,"href":"https:\/\/maranhaotv.com.br\/index.php\/wp-json\/"}],"wp:attachment":[{"href":"https:\/\/maranhaotv.com.br\/index.php\/wp-json\/wp\/v2\/media?parent=28866"}],"wp:term":[{"taxonomy":"category","embeddable":true,"href":"https:\/\/maranhaotv.com.br\/index.php\/wp-json\/wp\/v2\/categories?post=28866"},{"taxonomy":"post_tag","embeddable":true,"href":"https:\/\/maranhaotv.com.br\/index.php\/wp-json\/wp\/v2\/tags?post=28866"}],"curies":[{"name":"wp","href":"https:\/\/api.w.org\/{rel}","templated":true}]}}