{"id":29501,"date":"2022-11-12T10:55:13","date_gmt":"2022-11-12T13:55:13","guid":{"rendered":"https:\/\/maranhaotv.com.br\/?p=29501"},"modified":"2022-11-12T10:55:13","modified_gmt":"2022-11-12T13:55:13","slug":"ex-vice-prefeito-de-sao-mateus-sofre-tentativa-de-homicidio-na-cohama","status":"publish","type":"post","link":"https:\/\/maranhaotv.com.br\/index.php\/2022\/11\/12\/ex-vice-prefeito-de-sao-mateus-sofre-tentativa-de-homicidio-na-cohama\/","title":{"rendered":"Ex-vice-prefeito de S\u00e3o Mateus sofre tentativa de homic\u00eddio na Cohama"},"content":{"rendered":"\n<p><br><br><br>O ex-vice-prefeito de S\u00e3o Mateus Rog\u00e9rio Sousa Garcia &#8211; entre 2013 e 2016 &#8211; sofreu uma tentativa de homic\u00eddio em plena Avenida Daniel de La Touche, na Cohama, em S\u00e3o Lu\u00eds. Segundo informa\u00e7\u00f5es, o crime aconteceu por volta das 22h desta sexta-feira (11).<br><br>Rog\u00e9rio estava em uma caminhonete e, quando parou no sem\u00e1foro pr\u00f3ximo ao Supermercado Mateus, foi surpreendido por um motociclista que efetuou, pelo menos, oito disparos de arma de fogo. Dos oito tiros, apenas dois o atingiram, sendo um na boca e outro no pesco\u00e7o. Rog\u00e9rio foi socorrido pelo SAMU e encaminhado para o Hospital S\u00e3o Domingos. A PM tamb\u00e9m esteve no local realizando os procedimentos necess\u00e1rios.<\/p>\n","protected":false},"excerpt":{"rendered":"<p>O ex-vice-prefeito de S\u00e3o Mateus Rog\u00e9rio Sousa Garcia &#8211; entre 2013 e 2016 &#8211; sofreu uma tentativa de homic\u00eddio em<\/p>\n","protected":false},"author":2,"featured_media":29500,"comment_status":"open","ping_status":"open","sticky":false,"template":"","format":"standard","meta":{"colormag_page_container_layout":"default_layout","colormag_page_sidebar_layout":"default_layout","_jetpack_memberships_contains_paid_content":false,"footnotes":""},"categories":[2],"tags":[],"class_list":["post-29501","post","type-post","status-publish","format-standard","has-post-thumbnail","hentry","category-noticias"],"magazineBlocksPostFeaturedMedia":{"thumbnail":false,"medium":false,"medium_large":false,"large":false,"1536x1536":false,"2048x2048":false,"colormag-highlighted-post":false,"colormag-featured-post-medium":false,"colormag-featured-post-small":false,"colormag-featured-image":false,"colormag-default-news":false,"colormag-featured-image-large":false},"magazineBlocksPostAuthor":{"name":"maranhaotv","avatar":"https:\/\/secure.gravatar.com\/avatar\/8fadbca458d4cb68b1dd399ae9a40618d747bb1af65ac9fad21c89220a143eb4?s=96&d=mm&r=g"},"magazineBlocksPostCommentsNumber":"0","magazineBlocksPostExcerpt":"O ex-vice-prefeito de S\u00e3o Mateus Rog\u00e9rio Sousa Garcia &#8211; entre 2013 e 2016 &#8211; sofreu uma tentativa de homic\u00eddio em","magazineBlocksPostCategories":["not\u00edcias"],"magazineBlocksPostViewCount":218,"magazineBlocksPostReadTime":1,"magazine_blocks_featured_image_url":{"full":false,"medium":false,"thumbnail":false},"magazine_blocks_author":{"display_name":"maranhaotv","author_link":"https:\/\/maranhaotv.com.br\/index.php\/author\/maranhaotv\/"},"magazine_blocks_comment":0,"magazine_blocks_author_image":"https:\/\/secure.gravatar.com\/avatar\/8fadbca458d4cb68b1dd399ae9a40618d747bb1af65ac9fad21c89220a143eb4?s=96&d=mm&r=g","magazine_blocks_category":"<a href=\"#\" class=\"category-link category-link-2\">not\u00edcias<\/a>","yoast_head":"<!-- This site is optimized with the Yoast SEO plugin v27.4 - https:\/\/yoast.com\/product\/yoast-seo-wordpress\/ -->\n<title>Ex-vice-prefeito de S\u00e3o Mateus sofre tentativa de homic\u00eddio na Cohama - NOT\u00cdCIAS EM TEMPO REAL<\/title>\n<meta name=\"robots\" content=\"index, follow, max-snippet:-1, max-image-preview:large, max-video-preview:-1\" \/>\n<link rel=\"canonical\" href=\"https:\/\/maranhaotv.com.br\/index.php\/2022\/11\/12\/ex-vice-prefeito-de-sao-mateus-sofre-tentativa-de-homicidio-na-cohama\/\" \/>\n<meta property=\"og:locale\" content=\"pt_BR\" \/>\n<meta property=\"og:type\" content=\"article\" \/>\n<meta property=\"og:title\" content=\"Ex-vice-prefeito de S\u00e3o Mateus sofre tentativa de homic\u00eddio na Cohama - NOT\u00cdCIAS EM TEMPO REAL\" \/>\n<meta property=\"og:description\" content=\"O ex-vice-prefeito de S\u00e3o Mateus Rog\u00e9rio Sousa Garcia &#8211; entre 2013 e 2016 &#8211; sofreu uma tentativa de homic\u00eddio em\" \/>\n<meta property=\"og:url\" content=\"https:\/\/maranhaotv.com.br\/index.php\/2022\/11\/12\/ex-vice-prefeito-de-sao-mateus-sofre-tentativa-de-homicidio-na-cohama\/\" \/>\n<meta property=\"og:site_name\" content=\"NOT\u00cdCIAS EM TEMPO REAL\" \/>\n<meta property=\"article:publisher\" content=\"https:\/\/www.facebook.com\/maiobaotv\" \/>\n<meta property=\"article:published_time\" content=\"2022-11-12T13:55:13+00:00\" \/>\n<meta name=\"author\" content=\"maranhaotv\" \/>\n<meta name=\"twitter:card\" content=\"summary_large_image\" \/>\n<meta name=\"twitter:creator\" content=\"@sitemaranhaotv\" \/>\n<meta name=\"twitter:site\" content=\"@sitemaranhaotv\" \/>\n<meta name=\"twitter:label1\" content=\"Escrito por\" \/>\n\t<meta name=\"twitter:data1\" content=\"maranhaotv\" \/>\n\t<meta name=\"twitter:label2\" content=\"Est. tempo de leitura\" \/>\n\t<meta name=\"twitter:data2\" content=\"1 minuto\" \/>\n<script type=\"application\/ld+json\" class=\"yoast-schema-graph\">{\"@context\":\"https:\\\/\\\/schema.org\",\"@graph\":[{\"@type\":\"Article\",\"@id\":\"https:\\\/\\\/maranhaotv.com.br\\\/index.php\\\/2022\\\/11\\\/12\\\/ex-vice-prefeito-de-sao-mateus-sofre-tentativa-de-homicidio-na-cohama\\\/#article\",\"isPartOf\":{\"@id\":\"https:\\\/\\\/maranhaotv.com.br\\\/index.php\\\/2022\\\/11\\\/12\\\/ex-vice-prefeito-de-sao-mateus-sofre-tentativa-de-homicidio-na-cohama\\\/\"},\"author\":{\"name\":\"maranhaotv\",\"@id\":\"https:\\\/\\\/maranhaotv.com.br\\\/#\\\/schema\\\/person\\\/3d54238e86b20bb5c89ab2fdb8f8829a\"},\"headline\":\"Ex-vice-prefeito de S\u00e3o Mateus sofre tentativa de homic\u00eddio na Cohama\",\"datePublished\":\"2022-11-12T13:55:13+00:00\",\"mainEntityOfPage\":{\"@id\":\"https:\\\/\\\/maranhaotv.com.br\\\/index.php\\\/2022\\\/11\\\/12\\\/ex-vice-prefeito-de-sao-mateus-sofre-tentativa-de-homicidio-na-cohama\\\/\"},\"wordCount\":132,\"commentCount\":0,\"publisher\":{\"@id\":\"https:\\\/\\\/maranhaotv.com.br\\\/#organization\"},\"image\":{\"@id\":\"https:\\\/\\\/maranhaotv.com.br\\\/index.php\\\/2022\\\/11\\\/12\\\/ex-vice-prefeito-de-sao-mateus-sofre-tentativa-de-homicidio-na-cohama\\\/#primaryimage\"},\"thumbnailUrl\":\"\",\"articleSection\":[\"not\u00edcias\"],\"inLanguage\":\"pt-BR\",\"potentialAction\":[{\"@type\":\"CommentAction\",\"name\":\"Comment\",\"target\":[\"https:\\\/\\\/maranhaotv.com.br\\\/index.php\\\/2022\\\/11\\\/12\\\/ex-vice-prefeito-de-sao-mateus-sofre-tentativa-de-homicidio-na-cohama\\\/#respond\"]}]},{\"@type\":\"WebPage\",\"@id\":\"https:\\\/\\\/maranhaotv.com.br\\\/index.php\\\/2022\\\/11\\\/12\\\/ex-vice-prefeito-de-sao-mateus-sofre-tentativa-de-homicidio-na-cohama\\\/\",\"url\":\"https:\\\/\\\/maranhaotv.com.br\\\/index.php\\\/2022\\\/11\\\/12\\\/ex-vice-prefeito-de-sao-mateus-sofre-tentativa-de-homicidio-na-cohama\\\/\",\"name\":\"Ex-vice-prefeito de S\u00e3o Mateus sofre tentativa de homic\u00eddio na Cohama - NOT\u00cdCIAS EM TEMPO REAL\",\"isPartOf\":{\"@id\":\"https:\\\/\\\/maranhaotv.com.br\\\/#website\"},\"primaryImageOfPage\":{\"@id\":\"https:\\\/\\\/maranhaotv.com.br\\\/index.php\\\/2022\\\/11\\\/12\\\/ex-vice-prefeito-de-sao-mateus-sofre-tentativa-de-homicidio-na-cohama\\\/#primaryimage\"},\"image\":{\"@id\":\"https:\\\/\\\/maranhaotv.com.br\\\/index.php\\\/2022\\\/11\\\/12\\\/ex-vice-prefeito-de-sao-mateus-sofre-tentativa-de-homicidio-na-cohama\\\/#primaryimage\"},\"thumbnailUrl\":\"\",\"datePublished\":\"2022-11-12T13:55:13+00:00\",\"breadcrumb\":{\"@id\":\"https:\\\/\\\/maranhaotv.com.br\\\/index.php\\\/2022\\\/11\\\/12\\\/ex-vice-prefeito-de-sao-mateus-sofre-tentativa-de-homicidio-na-cohama\\\/#breadcrumb\"},\"inLanguage\":\"pt-BR\",\"potentialAction\":[{\"@type\":\"ReadAction\",\"target\":[\"https:\\\/\\\/maranhaotv.com.br\\\/index.php\\\/2022\\\/11\\\/12\\\/ex-vice-prefeito-de-sao-mateus-sofre-tentativa-de-homicidio-na-cohama\\\/\"]}]},{\"@type\":\"ImageObject\",\"inLanguage\":\"pt-BR\",\"@id\":\"https:\\\/\\\/maranhaotv.com.br\\\/index.php\\\/2022\\\/11\\\/12\\\/ex-vice-prefeito-de-sao-mateus-sofre-tentativa-de-homicidio-na-cohama\\\/#primaryimage\",\"url\":\"\",\"contentUrl\":\"\"},{\"@type\":\"BreadcrumbList\",\"@id\":\"https:\\\/\\\/maranhaotv.com.br\\\/index.php\\\/2022\\\/11\\\/12\\\/ex-vice-prefeito-de-sao-mateus-sofre-tentativa-de-homicidio-na-cohama\\\/#breadcrumb\",\"itemListElement\":[{\"@type\":\"ListItem\",\"position\":1,\"name\":\"In\u00edcio\",\"item\":\"https:\\\/\\\/maranhaotv.com.br\\\/\"},{\"@type\":\"ListItem\",\"position\":2,\"name\":\"Ex-vice-prefeito de S\u00e3o Mateus sofre tentativa de homic\u00eddio na Cohama\"}]},{\"@type\":\"WebSite\",\"@id\":\"https:\\\/\\\/maranhaotv.com.br\\\/#website\",\"url\":\"https:\\\/\\\/maranhaotv.com.br\\\/\",\"name\":\"Maranh\u00e3oTV\",\"description\":\"\",\"publisher\":{\"@id\":\"https:\\\/\\\/maranhaotv.com.br\\\/#organization\"},\"potentialAction\":[{\"@type\":\"SearchAction\",\"target\":{\"@type\":\"EntryPoint\",\"urlTemplate\":\"https:\\\/\\\/maranhaotv.com.br\\\/?s={search_term_string}\"},\"query-input\":{\"@type\":\"PropertyValueSpecification\",\"valueRequired\":true,\"valueName\":\"search_term_string\"}}],\"inLanguage\":\"pt-BR\"},{\"@type\":\"Organization\",\"@id\":\"https:\\\/\\\/maranhaotv.com.br\\\/#organization\",\"name\":\"Portal de Not\u00edcias\",\"url\":\"https:\\\/\\\/maranhaotv.com.br\\\/\",\"logo\":{\"@type\":\"ImageObject\",\"inLanguage\":\"pt-BR\",\"@id\":\"https:\\\/\\\/maranhaotv.com.br\\\/#\\\/schema\\\/logo\\\/image\\\/\",\"url\":\"https:\\\/\\\/maranhaotv.com.br\\\/wp-content\\\/uploads\\\/2024\\\/05\\\/cropped-cropped-avatar-1.png\",\"contentUrl\":\"https:\\\/\\\/maranhaotv.com.br\\\/wp-content\\\/uploads\\\/2024\\\/05\\\/cropped-cropped-avatar-1.png\",\"width\":792,\"height\":428,\"caption\":\"Portal de Not\u00edcias\"},\"image\":{\"@id\":\"https:\\\/\\\/maranhaotv.com.br\\\/#\\\/schema\\\/logo\\\/image\\\/\"},\"sameAs\":[\"https:\\\/\\\/www.facebook.com\\\/maiobaotv\",\"https:\\\/\\\/x.com\\\/sitemaranhaotv\",\"https:\\\/\\\/www.instagram.com\\\/maranhao.tv\",\"https:\\\/\\\/www.threads.net\\\/@maranhao.tv\"]},{\"@type\":\"Person\",\"@id\":\"https:\\\/\\\/maranhaotv.com.br\\\/#\\\/schema\\\/person\\\/3d54238e86b20bb5c89ab2fdb8f8829a\",\"name\":\"maranhaotv\",\"image\":{\"@type\":\"ImageObject\",\"inLanguage\":\"pt-BR\",\"@id\":\"https:\\\/\\\/secure.gravatar.com\\\/avatar\\\/8fadbca458d4cb68b1dd399ae9a40618d747bb1af65ac9fad21c89220a143eb4?s=96&d=mm&r=g\",\"url\":\"https:\\\/\\\/secure.gravatar.com\\\/avatar\\\/8fadbca458d4cb68b1dd399ae9a40618d747bb1af65ac9fad21c89220a143eb4?s=96&d=mm&r=g\",\"contentUrl\":\"https:\\\/\\\/secure.gravatar.com\\\/avatar\\\/8fadbca458d4cb68b1dd399ae9a40618d747bb1af65ac9fad21c89220a143eb4?s=96&d=mm&r=g\",\"caption\":\"maranhaotv\"},\"sameAs\":[\"https:\\\/\\\/maranhaotv.com.br\\\/\"],\"url\":\"https:\\\/\\\/maranhaotv.com.br\\\/index.php\\\/author\\\/maranhaotv\\\/\"}]}<\/script>\n<!-- \/ Yoast SEO plugin. -->","yoast_head_json":{"title":"Ex-vice-prefeito de S\u00e3o Mateus sofre tentativa de homic\u00eddio na Cohama - NOT\u00cdCIAS EM TEMPO REAL","robots":{"index":"index","follow":"follow","max-snippet":"max-snippet:-1","max-image-preview":"max-image-preview:large","max-video-preview":"max-video-preview:-1"},"canonical":"https:\/\/maranhaotv.com.br\/index.php\/2022\/11\/12\/ex-vice-prefeito-de-sao-mateus-sofre-tentativa-de-homicidio-na-cohama\/","og_locale":"pt_BR","og_type":"article","og_title":"Ex-vice-prefeito de S\u00e3o Mateus sofre tentativa de homic\u00eddio na Cohama - NOT\u00cdCIAS EM TEMPO REAL","og_description":"O ex-vice-prefeito de S\u00e3o Mateus Rog\u00e9rio Sousa Garcia &#8211; entre 2013 e 2016 &#8211; sofreu uma tentativa de homic\u00eddio em","og_url":"https:\/\/maranhaotv.com.br\/index.php\/2022\/11\/12\/ex-vice-prefeito-de-sao-mateus-sofre-tentativa-de-homicidio-na-cohama\/","og_site_name":"NOT\u00cdCIAS EM TEMPO REAL","article_publisher":"https:\/\/www.facebook.com\/maiobaotv","article_published_time":"2022-11-12T13:55:13+00:00","author":"maranhaotv","twitter_card":"summary_large_image","twitter_creator":"@sitemaranhaotv","twitter_site":"@sitemaranhaotv","twitter_misc":{"Escrito por":"maranhaotv","Est. tempo de leitura":"1 minuto"},"schema":{"@context":"https:\/\/schema.org","@graph":[{"@type":"Article","@id":"https:\/\/maranhaotv.com.br\/index.php\/2022\/11\/12\/ex-vice-prefeito-de-sao-mateus-sofre-tentativa-de-homicidio-na-cohama\/#article","isPartOf":{"@id":"https:\/\/maranhaotv.com.br\/index.php\/2022\/11\/12\/ex-vice-prefeito-de-sao-mateus-sofre-tentativa-de-homicidio-na-cohama\/"},"author":{"name":"maranhaotv","@id":"https:\/\/maranhaotv.com.br\/#\/schema\/person\/3d54238e86b20bb5c89ab2fdb8f8829a"},"headline":"Ex-vice-prefeito de S\u00e3o Mateus sofre tentativa de homic\u00eddio na Cohama","datePublished":"2022-11-12T13:55:13+00:00","mainEntityOfPage":{"@id":"https:\/\/maranhaotv.com.br\/index.php\/2022\/11\/12\/ex-vice-prefeito-de-sao-mateus-sofre-tentativa-de-homicidio-na-cohama\/"},"wordCount":132,"commentCount":0,"publisher":{"@id":"https:\/\/maranhaotv.com.br\/#organization"},"image":{"@id":"https:\/\/maranhaotv.com.br\/index.php\/2022\/11\/12\/ex-vice-prefeito-de-sao-mateus-sofre-tentativa-de-homicidio-na-cohama\/#primaryimage"},"thumbnailUrl":"","articleSection":["not\u00edcias"],"inLanguage":"pt-BR","potentialAction":[{"@type":"CommentAction","name":"Comment","target":["https:\/\/maranhaotv.com.br\/index.php\/2022\/11\/12\/ex-vice-prefeito-de-sao-mateus-sofre-tentativa-de-homicidio-na-cohama\/#respond"]}]},{"@type":"WebPage","@id":"https:\/\/maranhaotv.com.br\/index.php\/2022\/11\/12\/ex-vice-prefeito-de-sao-mateus-sofre-tentativa-de-homicidio-na-cohama\/","url":"https:\/\/maranhaotv.com.br\/index.php\/2022\/11\/12\/ex-vice-prefeito-de-sao-mateus-sofre-tentativa-de-homicidio-na-cohama\/","name":"Ex-vice-prefeito de S\u00e3o Mateus sofre tentativa de homic\u00eddio na Cohama - NOT\u00cdCIAS EM TEMPO REAL","isPartOf":{"@id":"https:\/\/maranhaotv.com.br\/#website"},"primaryImageOfPage":{"@id":"https:\/\/maranhaotv.com.br\/index.php\/2022\/11\/12\/ex-vice-prefeito-de-sao-mateus-sofre-tentativa-de-homicidio-na-cohama\/#primaryimage"},"image":{"@id":"https:\/\/maranhaotv.com.br\/index.php\/2022\/11\/12\/ex-vice-prefeito-de-sao-mateus-sofre-tentativa-de-homicidio-na-cohama\/#primaryimage"},"thumbnailUrl":"","datePublished":"2022-11-12T13:55:13+00:00","breadcrumb":{"@id":"https:\/\/maranhaotv.com.br\/index.php\/2022\/11\/12\/ex-vice-prefeito-de-sao-mateus-sofre-tentativa-de-homicidio-na-cohama\/#breadcrumb"},"inLanguage":"pt-BR","potentialAction":[{"@type":"ReadAction","target":["https:\/\/maranhaotv.com.br\/index.php\/2022\/11\/12\/ex-vice-prefeito-de-sao-mateus-sofre-tentativa-de-homicidio-na-cohama\/"]}]},{"@type":"ImageObject","inLanguage":"pt-BR","@id":"https:\/\/maranhaotv.com.br\/index.php\/2022\/11\/12\/ex-vice-prefeito-de-sao-mateus-sofre-tentativa-de-homicidio-na-cohama\/#primaryimage","url":"","contentUrl":""},{"@type":"BreadcrumbList","@id":"https:\/\/maranhaotv.com.br\/index.php\/2022\/11\/12\/ex-vice-prefeito-de-sao-mateus-sofre-tentativa-de-homicidio-na-cohama\/#breadcrumb","itemListElement":[{"@type":"ListItem","position":1,"name":"In\u00edcio","item":"https:\/\/maranhaotv.com.br\/"},{"@type":"ListItem","position":2,"name":"Ex-vice-prefeito de S\u00e3o Mateus sofre tentativa de homic\u00eddio na Cohama"}]},{"@type":"WebSite","@id":"https:\/\/maranhaotv.com.br\/#website","url":"https:\/\/maranhaotv.com.br\/","name":"Maranh\u00e3oTV","description":"","publisher":{"@id":"https:\/\/maranhaotv.com.br\/#organization"},"potentialAction":[{"@type":"SearchAction","target":{"@type":"EntryPoint","urlTemplate":"https:\/\/maranhaotv.com.br\/?s={search_term_string}"},"query-input":{"@type":"PropertyValueSpecification","valueRequired":true,"valueName":"search_term_string"}}],"inLanguage":"pt-BR"},{"@type":"Organization","@id":"https:\/\/maranhaotv.com.br\/#organization","name":"Portal de Not\u00edcias","url":"https:\/\/maranhaotv.com.br\/","logo":{"@type":"ImageObject","inLanguage":"pt-BR","@id":"https:\/\/maranhaotv.com.br\/#\/schema\/logo\/image\/","url":"https:\/\/maranhaotv.com.br\/wp-content\/uploads\/2024\/05\/cropped-cropped-avatar-1.png","contentUrl":"https:\/\/maranhaotv.com.br\/wp-content\/uploads\/2024\/05\/cropped-cropped-avatar-1.png","width":792,"height":428,"caption":"Portal de Not\u00edcias"},"image":{"@id":"https:\/\/maranhaotv.com.br\/#\/schema\/logo\/image\/"},"sameAs":["https:\/\/www.facebook.com\/maiobaotv","https:\/\/x.com\/sitemaranhaotv","https:\/\/www.instagram.com\/maranhao.tv","https:\/\/www.threads.net\/@maranhao.tv"]},{"@type":"Person","@id":"https:\/\/maranhaotv.com.br\/#\/schema\/person\/3d54238e86b20bb5c89ab2fdb8f8829a","name":"maranhaotv","image":{"@type":"ImageObject","inLanguage":"pt-BR","@id":"https:\/\/secure.gravatar.com\/avatar\/8fadbca458d4cb68b1dd399ae9a40618d747bb1af65ac9fad21c89220a143eb4?s=96&d=mm&r=g","url":"https:\/\/secure.gravatar.com\/avatar\/8fadbca458d4cb68b1dd399ae9a40618d747bb1af65ac9fad21c89220a143eb4?s=96&d=mm&r=g","contentUrl":"https:\/\/secure.gravatar.com\/avatar\/8fadbca458d4cb68b1dd399ae9a40618d747bb1af65ac9fad21c89220a143eb4?s=96&d=mm&r=g","caption":"maranhaotv"},"sameAs":["https:\/\/maranhaotv.com.br\/"],"url":"https:\/\/maranhaotv.com.br\/index.php\/author\/maranhaotv\/"}]}},"jetpack_featured_media_url":"","jetpack_sharing_enabled":true,"_links":{"self":[{"href":"https:\/\/maranhaotv.com.br\/index.php\/wp-json\/wp\/v2\/posts\/29501","targetHints":{"allow":["GET"]}}],"collection":[{"href":"https:\/\/maranhaotv.com.br\/index.php\/wp-json\/wp\/v2\/posts"}],"about":[{"href":"https:\/\/maranhaotv.com.br\/index.php\/wp-json\/wp\/v2\/types\/post"}],"author":[{"embeddable":true,"href":"https:\/\/maranhaotv.com.br\/index.php\/wp-json\/wp\/v2\/users\/2"}],"replies":[{"embeddable":true,"href":"https:\/\/maranhaotv.com.br\/index.php\/wp-json\/wp\/v2\/comments?post=29501"}],"version-history":[{"count":0,"href":"https:\/\/maranhaotv.com.br\/index.php\/wp-json\/wp\/v2\/posts\/29501\/revisions"}],"wp:featuredmedia":[{"embeddable":true,"href":"https:\/\/maranhaotv.com.br\/index.php\/wp-json\/"}],"wp:attachment":[{"href":"https:\/\/maranhaotv.com.br\/index.php\/wp-json\/wp\/v2\/media?parent=29501"}],"wp:term":[{"taxonomy":"category","embeddable":true,"href":"https:\/\/maranhaotv.com.br\/index.php\/wp-json\/wp\/v2\/categories?post=29501"},{"taxonomy":"post_tag","embeddable":true,"href":"https:\/\/maranhaotv.com.br\/index.php\/wp-json\/wp\/v2\/tags?post=29501"}],"curies":[{"name":"wp","href":"https:\/\/api.w.org\/{rel}","templated":true}]}}