{"id":29504,"date":"2022-11-12T16:13:36","date_gmt":"2022-11-12T19:13:36","guid":{"rendered":"https:\/\/maranhaotv.com.br\/?p=29504"},"modified":"2022-11-12T16:13:36","modified_gmt":"2022-11-12T19:13:36","slug":"lago-da-pedra-e-1o-lugar-no-programa-previne-brasil-entre-os-municipios-do-maranhao","status":"publish","type":"post","link":"https:\/\/maranhaotv.com.br\/index.php\/2022\/11\/12\/lago-da-pedra-e-1o-lugar-no-programa-previne-brasil-entre-os-municipios-do-maranhao\/","title":{"rendered":"Lago da Pedra \u00e9 1\u00ba lugar no programa Previne Brasil entre os munic\u00edpios do Maranh\u00e3o"},"content":{"rendered":"\n<p><br><br>O sistema de sa\u00fade do munic\u00edpio alcan\u00e7ou a melhor nota entre os munic\u00edpios maranhenses de 50 mil a 100 mil habitantes. O Previne Brasil \u00e9 composto por sete indicadores. Lago da Pedra foi destaque em todos eles.<br><br>A premia\u00e7\u00e3o \u00e9 mais um indicativo de que a gest\u00e3o que Maura Jorge desempenha em Lago da Pedra, \u00e9 uma das mais exitosas do Maranh\u00e3o. O feito soma-se a um conjunto de a\u00e7\u00f5es que vem melhorando os \u00edndices do munic\u00edpio em todas as \u00e1reas, produzindo um efeito de crescimento a passos largos.<br><br>\u201cO Previne Brasil se alicer\u00e7a em sete indicadores da aten\u00e7\u00e3o prim\u00e1ria que atendem a\u00e7\u00f5es estrat\u00e9gicas voltadas para o Pr\u00e9-natal, Sa\u00fade da Mulher, Sa\u00fade da Crian\u00e7a e Condi\u00e7\u00f5es Cr\u00f4nicas, que garantem sa\u00fade de qualidade na base, ampliando o sistema de preven\u00e7\u00e3o do munic\u00edpio\u201d, explicou a secret\u00e1ria municipal de sa\u00fade, Almiralice Mendes.<br><br>Maura Jorge comemorou a premia\u00e7\u00e3o com entusiasmo, n\u00e3o s\u00f3 pelo reconhecimento do seu trabalho, segundo ela, mas, principalmente, \u201cpor perceber que a popula\u00e7\u00e3o de Lago da Pedra, dentro da sua faixa de monitoramento, \u00e9 a que mais faz uso dos atendimentos ofertados pelo programa, e nossa equipe a que mais se esfor\u00e7a para que esses benef\u00edcios alcancem a todos\u201d. Para ela, \u201co resultado significa preserva\u00e7\u00e3o da vida e cidadania garantida\u201d.<br>\u201cMe alegra muito estarmos fazendo hist\u00f3ria em Lago da Pedra e no Maranh\u00e3o. Nosso trabalho vem melhorando a vida do nosso povo de forma pr\u00e1tica e atestada pelos mais s\u00e9rios institutos e programas de monitoramento das a\u00e7\u00f5es p\u00fablicas\u201d, concluiu a prefeita.<br>Em tempo, o munic\u00edpio tamb\u00e9m foi premiado por estar entre os que alcan\u00e7aram 70% da popula\u00e7\u00e3o vacinada.<\/p>\n","protected":false},"excerpt":{"rendered":"<p>O sistema de sa\u00fade do munic\u00edpio alcan\u00e7ou a melhor nota entre os munic\u00edpios maranhenses de 50 mil a 100 mil<\/p>\n","protected":false},"author":2,"featured_media":29503,"comment_status":"open","ping_status":"open","sticky":false,"template":"","format":"standard","meta":{"colormag_page_container_layout":"default_layout","colormag_page_sidebar_layout":"default_layout","_jetpack_memberships_contains_paid_content":false,"footnotes":""},"categories":[2],"tags":[],"class_list":["post-29504","post","type-post","status-publish","format-standard","has-post-thumbnail","hentry","category-noticias"],"magazineBlocksPostFeaturedMedia":{"thumbnail":false,"medium":false,"medium_large":false,"large":false,"1536x1536":false,"2048x2048":false,"colormag-highlighted-post":false,"colormag-featured-post-medium":false,"colormag-featured-post-small":false,"colormag-featured-image":false,"colormag-default-news":false,"colormag-featured-image-large":false},"magazineBlocksPostAuthor":{"name":"maranhaotv","avatar":"https:\/\/secure.gravatar.com\/avatar\/8fadbca458d4cb68b1dd399ae9a40618d747bb1af65ac9fad21c89220a143eb4?s=96&d=mm&r=g"},"magazineBlocksPostCommentsNumber":"0","magazineBlocksPostExcerpt":"O sistema de sa\u00fade do munic\u00edpio alcan\u00e7ou a melhor nota entre os munic\u00edpios maranhenses de 50 mil a 100 mil","magazineBlocksPostCategories":["not\u00edcias"],"magazineBlocksPostViewCount":219,"magazineBlocksPostReadTime":2,"magazine_blocks_featured_image_url":{"full":false,"medium":false,"thumbnail":false},"magazine_blocks_author":{"display_name":"maranhaotv","author_link":"https:\/\/maranhaotv.com.br\/index.php\/author\/maranhaotv\/"},"magazine_blocks_comment":0,"magazine_blocks_author_image":"https:\/\/secure.gravatar.com\/avatar\/8fadbca458d4cb68b1dd399ae9a40618d747bb1af65ac9fad21c89220a143eb4?s=96&d=mm&r=g","magazine_blocks_category":"<a href=\"#\" class=\"category-link category-link-2\">not\u00edcias<\/a>","yoast_head":"<!-- This site is optimized with the Yoast SEO plugin v27.4 - https:\/\/yoast.com\/product\/yoast-seo-wordpress\/ -->\n<title>Lago da Pedra \u00e9 1\u00ba lugar no programa Previne Brasil entre os munic\u00edpios do Maranh\u00e3o - NOT\u00cdCIAS EM TEMPO REAL<\/title>\n<meta name=\"robots\" content=\"index, follow, max-snippet:-1, max-image-preview:large, max-video-preview:-1\" \/>\n<link rel=\"canonical\" href=\"https:\/\/maranhaotv.com.br\/index.php\/2022\/11\/12\/lago-da-pedra-e-1o-lugar-no-programa-previne-brasil-entre-os-municipios-do-maranhao\/\" \/>\n<meta property=\"og:locale\" content=\"pt_BR\" \/>\n<meta property=\"og:type\" content=\"article\" \/>\n<meta property=\"og:title\" content=\"Lago da Pedra \u00e9 1\u00ba lugar no programa Previne Brasil entre os munic\u00edpios do Maranh\u00e3o - NOT\u00cdCIAS EM TEMPO REAL\" \/>\n<meta property=\"og:description\" content=\"O sistema de sa\u00fade do munic\u00edpio alcan\u00e7ou a melhor nota entre os munic\u00edpios maranhenses de 50 mil a 100 mil\" \/>\n<meta property=\"og:url\" content=\"https:\/\/maranhaotv.com.br\/index.php\/2022\/11\/12\/lago-da-pedra-e-1o-lugar-no-programa-previne-brasil-entre-os-municipios-do-maranhao\/\" \/>\n<meta property=\"og:site_name\" content=\"NOT\u00cdCIAS EM TEMPO REAL\" \/>\n<meta property=\"article:publisher\" content=\"https:\/\/www.facebook.com\/maiobaotv\" \/>\n<meta property=\"article:published_time\" content=\"2022-11-12T19:13:36+00:00\" \/>\n<meta name=\"author\" content=\"maranhaotv\" \/>\n<meta name=\"twitter:card\" content=\"summary_large_image\" \/>\n<meta name=\"twitter:creator\" content=\"@sitemaranhaotv\" \/>\n<meta name=\"twitter:site\" content=\"@sitemaranhaotv\" \/>\n<meta name=\"twitter:label1\" content=\"Escrito por\" \/>\n\t<meta name=\"twitter:data1\" content=\"maranhaotv\" \/>\n\t<meta name=\"twitter:label2\" content=\"Est. tempo de leitura\" \/>\n\t<meta name=\"twitter:data2\" content=\"2 minutos\" \/>\n<script type=\"application\/ld+json\" class=\"yoast-schema-graph\">{\"@context\":\"https:\\\/\\\/schema.org\",\"@graph\":[{\"@type\":\"Article\",\"@id\":\"https:\\\/\\\/maranhaotv.com.br\\\/index.php\\\/2022\\\/11\\\/12\\\/lago-da-pedra-e-1o-lugar-no-programa-previne-brasil-entre-os-municipios-do-maranhao\\\/#article\",\"isPartOf\":{\"@id\":\"https:\\\/\\\/maranhaotv.com.br\\\/index.php\\\/2022\\\/11\\\/12\\\/lago-da-pedra-e-1o-lugar-no-programa-previne-brasil-entre-os-municipios-do-maranhao\\\/\"},\"author\":{\"name\":\"maranhaotv\",\"@id\":\"https:\\\/\\\/maranhaotv.com.br\\\/#\\\/schema\\\/person\\\/3d54238e86b20bb5c89ab2fdb8f8829a\"},\"headline\":\"Lago da Pedra \u00e9 1\u00ba lugar no programa Previne Brasil entre os munic\u00edpios do Maranh\u00e3o\",\"datePublished\":\"2022-11-12T19:13:36+00:00\",\"mainEntityOfPage\":{\"@id\":\"https:\\\/\\\/maranhaotv.com.br\\\/index.php\\\/2022\\\/11\\\/12\\\/lago-da-pedra-e-1o-lugar-no-programa-previne-brasil-entre-os-municipios-do-maranhao\\\/\"},\"wordCount\":316,\"commentCount\":0,\"publisher\":{\"@id\":\"https:\\\/\\\/maranhaotv.com.br\\\/#organization\"},\"image\":{\"@id\":\"https:\\\/\\\/maranhaotv.com.br\\\/index.php\\\/2022\\\/11\\\/12\\\/lago-da-pedra-e-1o-lugar-no-programa-previne-brasil-entre-os-municipios-do-maranhao\\\/#primaryimage\"},\"thumbnailUrl\":\"\",\"articleSection\":[\"not\u00edcias\"],\"inLanguage\":\"pt-BR\",\"potentialAction\":[{\"@type\":\"CommentAction\",\"name\":\"Comment\",\"target\":[\"https:\\\/\\\/maranhaotv.com.br\\\/index.php\\\/2022\\\/11\\\/12\\\/lago-da-pedra-e-1o-lugar-no-programa-previne-brasil-entre-os-municipios-do-maranhao\\\/#respond\"]}]},{\"@type\":\"WebPage\",\"@id\":\"https:\\\/\\\/maranhaotv.com.br\\\/index.php\\\/2022\\\/11\\\/12\\\/lago-da-pedra-e-1o-lugar-no-programa-previne-brasil-entre-os-municipios-do-maranhao\\\/\",\"url\":\"https:\\\/\\\/maranhaotv.com.br\\\/index.php\\\/2022\\\/11\\\/12\\\/lago-da-pedra-e-1o-lugar-no-programa-previne-brasil-entre-os-municipios-do-maranhao\\\/\",\"name\":\"Lago da Pedra \u00e9 1\u00ba lugar no programa Previne Brasil entre os munic\u00edpios do Maranh\u00e3o - NOT\u00cdCIAS EM TEMPO REAL\",\"isPartOf\":{\"@id\":\"https:\\\/\\\/maranhaotv.com.br\\\/#website\"},\"primaryImageOfPage\":{\"@id\":\"https:\\\/\\\/maranhaotv.com.br\\\/index.php\\\/2022\\\/11\\\/12\\\/lago-da-pedra-e-1o-lugar-no-programa-previne-brasil-entre-os-municipios-do-maranhao\\\/#primaryimage\"},\"image\":{\"@id\":\"https:\\\/\\\/maranhaotv.com.br\\\/index.php\\\/2022\\\/11\\\/12\\\/lago-da-pedra-e-1o-lugar-no-programa-previne-brasil-entre-os-municipios-do-maranhao\\\/#primaryimage\"},\"thumbnailUrl\":\"\",\"datePublished\":\"2022-11-12T19:13:36+00:00\",\"breadcrumb\":{\"@id\":\"https:\\\/\\\/maranhaotv.com.br\\\/index.php\\\/2022\\\/11\\\/12\\\/lago-da-pedra-e-1o-lugar-no-programa-previne-brasil-entre-os-municipios-do-maranhao\\\/#breadcrumb\"},\"inLanguage\":\"pt-BR\",\"potentialAction\":[{\"@type\":\"ReadAction\",\"target\":[\"https:\\\/\\\/maranhaotv.com.br\\\/index.php\\\/2022\\\/11\\\/12\\\/lago-da-pedra-e-1o-lugar-no-programa-previne-brasil-entre-os-municipios-do-maranhao\\\/\"]}]},{\"@type\":\"ImageObject\",\"inLanguage\":\"pt-BR\",\"@id\":\"https:\\\/\\\/maranhaotv.com.br\\\/index.php\\\/2022\\\/11\\\/12\\\/lago-da-pedra-e-1o-lugar-no-programa-previne-brasil-entre-os-municipios-do-maranhao\\\/#primaryimage\",\"url\":\"\",\"contentUrl\":\"\"},{\"@type\":\"BreadcrumbList\",\"@id\":\"https:\\\/\\\/maranhaotv.com.br\\\/index.php\\\/2022\\\/11\\\/12\\\/lago-da-pedra-e-1o-lugar-no-programa-previne-brasil-entre-os-municipios-do-maranhao\\\/#breadcrumb\",\"itemListElement\":[{\"@type\":\"ListItem\",\"position\":1,\"name\":\"In\u00edcio\",\"item\":\"https:\\\/\\\/maranhaotv.com.br\\\/\"},{\"@type\":\"ListItem\",\"position\":2,\"name\":\"Lago da Pedra \u00e9 1\u00ba lugar no programa Previne Brasil entre os munic\u00edpios do Maranh\u00e3o\"}]},{\"@type\":\"WebSite\",\"@id\":\"https:\\\/\\\/maranhaotv.com.br\\\/#website\",\"url\":\"https:\\\/\\\/maranhaotv.com.br\\\/\",\"name\":\"Maranh\u00e3oTV\",\"description\":\"\",\"publisher\":{\"@id\":\"https:\\\/\\\/maranhaotv.com.br\\\/#organization\"},\"potentialAction\":[{\"@type\":\"SearchAction\",\"target\":{\"@type\":\"EntryPoint\",\"urlTemplate\":\"https:\\\/\\\/maranhaotv.com.br\\\/?s={search_term_string}\"},\"query-input\":{\"@type\":\"PropertyValueSpecification\",\"valueRequired\":true,\"valueName\":\"search_term_string\"}}],\"inLanguage\":\"pt-BR\"},{\"@type\":\"Organization\",\"@id\":\"https:\\\/\\\/maranhaotv.com.br\\\/#organization\",\"name\":\"Portal de Not\u00edcias\",\"url\":\"https:\\\/\\\/maranhaotv.com.br\\\/\",\"logo\":{\"@type\":\"ImageObject\",\"inLanguage\":\"pt-BR\",\"@id\":\"https:\\\/\\\/maranhaotv.com.br\\\/#\\\/schema\\\/logo\\\/image\\\/\",\"url\":\"https:\\\/\\\/maranhaotv.com.br\\\/wp-content\\\/uploads\\\/2024\\\/05\\\/cropped-cropped-avatar-1.png\",\"contentUrl\":\"https:\\\/\\\/maranhaotv.com.br\\\/wp-content\\\/uploads\\\/2024\\\/05\\\/cropped-cropped-avatar-1.png\",\"width\":792,\"height\":428,\"caption\":\"Portal de Not\u00edcias\"},\"image\":{\"@id\":\"https:\\\/\\\/maranhaotv.com.br\\\/#\\\/schema\\\/logo\\\/image\\\/\"},\"sameAs\":[\"https:\\\/\\\/www.facebook.com\\\/maiobaotv\",\"https:\\\/\\\/x.com\\\/sitemaranhaotv\",\"https:\\\/\\\/www.instagram.com\\\/maranhao.tv\",\"https:\\\/\\\/www.threads.net\\\/@maranhao.tv\"]},{\"@type\":\"Person\",\"@id\":\"https:\\\/\\\/maranhaotv.com.br\\\/#\\\/schema\\\/person\\\/3d54238e86b20bb5c89ab2fdb8f8829a\",\"name\":\"maranhaotv\",\"image\":{\"@type\":\"ImageObject\",\"inLanguage\":\"pt-BR\",\"@id\":\"https:\\\/\\\/secure.gravatar.com\\\/avatar\\\/8fadbca458d4cb68b1dd399ae9a40618d747bb1af65ac9fad21c89220a143eb4?s=96&d=mm&r=g\",\"url\":\"https:\\\/\\\/secure.gravatar.com\\\/avatar\\\/8fadbca458d4cb68b1dd399ae9a40618d747bb1af65ac9fad21c89220a143eb4?s=96&d=mm&r=g\",\"contentUrl\":\"https:\\\/\\\/secure.gravatar.com\\\/avatar\\\/8fadbca458d4cb68b1dd399ae9a40618d747bb1af65ac9fad21c89220a143eb4?s=96&d=mm&r=g\",\"caption\":\"maranhaotv\"},\"sameAs\":[\"https:\\\/\\\/maranhaotv.com.br\\\/\"],\"url\":\"https:\\\/\\\/maranhaotv.com.br\\\/index.php\\\/author\\\/maranhaotv\\\/\"}]}<\/script>\n<!-- \/ Yoast SEO plugin. -->","yoast_head_json":{"title":"Lago da Pedra \u00e9 1\u00ba lugar no programa Previne Brasil entre os munic\u00edpios do Maranh\u00e3o - NOT\u00cdCIAS EM TEMPO REAL","robots":{"index":"index","follow":"follow","max-snippet":"max-snippet:-1","max-image-preview":"max-image-preview:large","max-video-preview":"max-video-preview:-1"},"canonical":"https:\/\/maranhaotv.com.br\/index.php\/2022\/11\/12\/lago-da-pedra-e-1o-lugar-no-programa-previne-brasil-entre-os-municipios-do-maranhao\/","og_locale":"pt_BR","og_type":"article","og_title":"Lago da Pedra \u00e9 1\u00ba lugar no programa Previne Brasil entre os munic\u00edpios do Maranh\u00e3o - NOT\u00cdCIAS EM TEMPO REAL","og_description":"O sistema de sa\u00fade do munic\u00edpio alcan\u00e7ou a melhor nota entre os munic\u00edpios maranhenses de 50 mil a 100 mil","og_url":"https:\/\/maranhaotv.com.br\/index.php\/2022\/11\/12\/lago-da-pedra-e-1o-lugar-no-programa-previne-brasil-entre-os-municipios-do-maranhao\/","og_site_name":"NOT\u00cdCIAS EM TEMPO REAL","article_publisher":"https:\/\/www.facebook.com\/maiobaotv","article_published_time":"2022-11-12T19:13:36+00:00","author":"maranhaotv","twitter_card":"summary_large_image","twitter_creator":"@sitemaranhaotv","twitter_site":"@sitemaranhaotv","twitter_misc":{"Escrito por":"maranhaotv","Est. tempo de leitura":"2 minutos"},"schema":{"@context":"https:\/\/schema.org","@graph":[{"@type":"Article","@id":"https:\/\/maranhaotv.com.br\/index.php\/2022\/11\/12\/lago-da-pedra-e-1o-lugar-no-programa-previne-brasil-entre-os-municipios-do-maranhao\/#article","isPartOf":{"@id":"https:\/\/maranhaotv.com.br\/index.php\/2022\/11\/12\/lago-da-pedra-e-1o-lugar-no-programa-previne-brasil-entre-os-municipios-do-maranhao\/"},"author":{"name":"maranhaotv","@id":"https:\/\/maranhaotv.com.br\/#\/schema\/person\/3d54238e86b20bb5c89ab2fdb8f8829a"},"headline":"Lago da Pedra \u00e9 1\u00ba lugar no programa Previne Brasil entre os munic\u00edpios do Maranh\u00e3o","datePublished":"2022-11-12T19:13:36+00:00","mainEntityOfPage":{"@id":"https:\/\/maranhaotv.com.br\/index.php\/2022\/11\/12\/lago-da-pedra-e-1o-lugar-no-programa-previne-brasil-entre-os-municipios-do-maranhao\/"},"wordCount":316,"commentCount":0,"publisher":{"@id":"https:\/\/maranhaotv.com.br\/#organization"},"image":{"@id":"https:\/\/maranhaotv.com.br\/index.php\/2022\/11\/12\/lago-da-pedra-e-1o-lugar-no-programa-previne-brasil-entre-os-municipios-do-maranhao\/#primaryimage"},"thumbnailUrl":"","articleSection":["not\u00edcias"],"inLanguage":"pt-BR","potentialAction":[{"@type":"CommentAction","name":"Comment","target":["https:\/\/maranhaotv.com.br\/index.php\/2022\/11\/12\/lago-da-pedra-e-1o-lugar-no-programa-previne-brasil-entre-os-municipios-do-maranhao\/#respond"]}]},{"@type":"WebPage","@id":"https:\/\/maranhaotv.com.br\/index.php\/2022\/11\/12\/lago-da-pedra-e-1o-lugar-no-programa-previne-brasil-entre-os-municipios-do-maranhao\/","url":"https:\/\/maranhaotv.com.br\/index.php\/2022\/11\/12\/lago-da-pedra-e-1o-lugar-no-programa-previne-brasil-entre-os-municipios-do-maranhao\/","name":"Lago da Pedra \u00e9 1\u00ba lugar no programa Previne Brasil entre os munic\u00edpios do Maranh\u00e3o - NOT\u00cdCIAS EM TEMPO REAL","isPartOf":{"@id":"https:\/\/maranhaotv.com.br\/#website"},"primaryImageOfPage":{"@id":"https:\/\/maranhaotv.com.br\/index.php\/2022\/11\/12\/lago-da-pedra-e-1o-lugar-no-programa-previne-brasil-entre-os-municipios-do-maranhao\/#primaryimage"},"image":{"@id":"https:\/\/maranhaotv.com.br\/index.php\/2022\/11\/12\/lago-da-pedra-e-1o-lugar-no-programa-previne-brasil-entre-os-municipios-do-maranhao\/#primaryimage"},"thumbnailUrl":"","datePublished":"2022-11-12T19:13:36+00:00","breadcrumb":{"@id":"https:\/\/maranhaotv.com.br\/index.php\/2022\/11\/12\/lago-da-pedra-e-1o-lugar-no-programa-previne-brasil-entre-os-municipios-do-maranhao\/#breadcrumb"},"inLanguage":"pt-BR","potentialAction":[{"@type":"ReadAction","target":["https:\/\/maranhaotv.com.br\/index.php\/2022\/11\/12\/lago-da-pedra-e-1o-lugar-no-programa-previne-brasil-entre-os-municipios-do-maranhao\/"]}]},{"@type":"ImageObject","inLanguage":"pt-BR","@id":"https:\/\/maranhaotv.com.br\/index.php\/2022\/11\/12\/lago-da-pedra-e-1o-lugar-no-programa-previne-brasil-entre-os-municipios-do-maranhao\/#primaryimage","url":"","contentUrl":""},{"@type":"BreadcrumbList","@id":"https:\/\/maranhaotv.com.br\/index.php\/2022\/11\/12\/lago-da-pedra-e-1o-lugar-no-programa-previne-brasil-entre-os-municipios-do-maranhao\/#breadcrumb","itemListElement":[{"@type":"ListItem","position":1,"name":"In\u00edcio","item":"https:\/\/maranhaotv.com.br\/"},{"@type":"ListItem","position":2,"name":"Lago da Pedra \u00e9 1\u00ba lugar no programa Previne Brasil entre os munic\u00edpios do Maranh\u00e3o"}]},{"@type":"WebSite","@id":"https:\/\/maranhaotv.com.br\/#website","url":"https:\/\/maranhaotv.com.br\/","name":"Maranh\u00e3oTV","description":"","publisher":{"@id":"https:\/\/maranhaotv.com.br\/#organization"},"potentialAction":[{"@type":"SearchAction","target":{"@type":"EntryPoint","urlTemplate":"https:\/\/maranhaotv.com.br\/?s={search_term_string}"},"query-input":{"@type":"PropertyValueSpecification","valueRequired":true,"valueName":"search_term_string"}}],"inLanguage":"pt-BR"},{"@type":"Organization","@id":"https:\/\/maranhaotv.com.br\/#organization","name":"Portal de Not\u00edcias","url":"https:\/\/maranhaotv.com.br\/","logo":{"@type":"ImageObject","inLanguage":"pt-BR","@id":"https:\/\/maranhaotv.com.br\/#\/schema\/logo\/image\/","url":"https:\/\/maranhaotv.com.br\/wp-content\/uploads\/2024\/05\/cropped-cropped-avatar-1.png","contentUrl":"https:\/\/maranhaotv.com.br\/wp-content\/uploads\/2024\/05\/cropped-cropped-avatar-1.png","width":792,"height":428,"caption":"Portal de Not\u00edcias"},"image":{"@id":"https:\/\/maranhaotv.com.br\/#\/schema\/logo\/image\/"},"sameAs":["https:\/\/www.facebook.com\/maiobaotv","https:\/\/x.com\/sitemaranhaotv","https:\/\/www.instagram.com\/maranhao.tv","https:\/\/www.threads.net\/@maranhao.tv"]},{"@type":"Person","@id":"https:\/\/maranhaotv.com.br\/#\/schema\/person\/3d54238e86b20bb5c89ab2fdb8f8829a","name":"maranhaotv","image":{"@type":"ImageObject","inLanguage":"pt-BR","@id":"https:\/\/secure.gravatar.com\/avatar\/8fadbca458d4cb68b1dd399ae9a40618d747bb1af65ac9fad21c89220a143eb4?s=96&d=mm&r=g","url":"https:\/\/secure.gravatar.com\/avatar\/8fadbca458d4cb68b1dd399ae9a40618d747bb1af65ac9fad21c89220a143eb4?s=96&d=mm&r=g","contentUrl":"https:\/\/secure.gravatar.com\/avatar\/8fadbca458d4cb68b1dd399ae9a40618d747bb1af65ac9fad21c89220a143eb4?s=96&d=mm&r=g","caption":"maranhaotv"},"sameAs":["https:\/\/maranhaotv.com.br\/"],"url":"https:\/\/maranhaotv.com.br\/index.php\/author\/maranhaotv\/"}]}},"jetpack_featured_media_url":"","jetpack_sharing_enabled":true,"_links":{"self":[{"href":"https:\/\/maranhaotv.com.br\/index.php\/wp-json\/wp\/v2\/posts\/29504","targetHints":{"allow":["GET"]}}],"collection":[{"href":"https:\/\/maranhaotv.com.br\/index.php\/wp-json\/wp\/v2\/posts"}],"about":[{"href":"https:\/\/maranhaotv.com.br\/index.php\/wp-json\/wp\/v2\/types\/post"}],"author":[{"embeddable":true,"href":"https:\/\/maranhaotv.com.br\/index.php\/wp-json\/wp\/v2\/users\/2"}],"replies":[{"embeddable":true,"href":"https:\/\/maranhaotv.com.br\/index.php\/wp-json\/wp\/v2\/comments?post=29504"}],"version-history":[{"count":0,"href":"https:\/\/maranhaotv.com.br\/index.php\/wp-json\/wp\/v2\/posts\/29504\/revisions"}],"wp:featuredmedia":[{"embeddable":true,"href":"https:\/\/maranhaotv.com.br\/index.php\/wp-json\/"}],"wp:attachment":[{"href":"https:\/\/maranhaotv.com.br\/index.php\/wp-json\/wp\/v2\/media?parent=29504"}],"wp:term":[{"taxonomy":"category","embeddable":true,"href":"https:\/\/maranhaotv.com.br\/index.php\/wp-json\/wp\/v2\/categories?post=29504"},{"taxonomy":"post_tag","embeddable":true,"href":"https:\/\/maranhaotv.com.br\/index.php\/wp-json\/wp\/v2\/tags?post=29504"}],"curies":[{"name":"wp","href":"https:\/\/api.w.org\/{rel}","templated":true}]}}