{"id":29507,"date":"2022-11-13T08:37:26","date_gmt":"2022-11-13T11:37:26","guid":{"rendered":"https:\/\/maranhaotv.com.br\/?p=29507"},"modified":"2022-11-13T08:37:26","modified_gmt":"2022-11-13T11:37:26","slug":"flordelis-e-condenada-a-50-anos-de-prisao-por-homicidio-do-pastor-anderson-do-carmo","status":"publish","type":"post","link":"https:\/\/maranhaotv.com.br\/index.php\/2022\/11\/13\/flordelis-e-condenada-a-50-anos-de-prisao-por-homicidio-do-pastor-anderson-do-carmo\/","title":{"rendered":"Flordelis \u00e9 condenada a 50 anos de pris\u00e3o por homic\u00eddio do pastor Anderson do Carmo"},"content":{"rendered":"\n<p><br><br>A ex-deputada e pastora Flordelis foi condenada a 50 anos e 28 dias de pris\u00e3o pelo homic\u00eddio do seu marido, o pastor Anderson do Carmo. O crime aconteceu em junho de 2019. Ela foi condenada por homic\u00eddio triplamente qualificado, tentativa de homic\u00eddio duplamente qualificado, al\u00e9m uso de documento falso e associa\u00e7\u00e3o criminosa armada.<br><br>A Justi\u00e7a tamb\u00e9m condenou a filha biol\u00f3gica de Flordelis, Simone dos Santos Rodrigues, a 31 anos e 4 meses de pris\u00e3o por homic\u00eddio triplamente qualificado, tentativa de homic\u00eddio duplamente qualificado e associa\u00e7\u00e3o criminosa armada.<br><br>Tamb\u00e9m ficou decidida a inoc\u00eancia da neta biol\u00f3gica da ex-deputada, Rayane dos Santos, e dos filhos adotivos do casal, Marzy Teixeira e Andr\u00e9 Luiz de Oliveira, no caso.<br>A decis\u00e3o foi anunciada pela 3\u00aa Vara Criminal de Niter\u00f3i, onde ocorreu um julgamento em j\u00fari popular que durou quase uma semana. A vota\u00e7\u00e3o foi acirrada, sem unanimidade.<br><br>Durante os dias de depoimento, Flordelis disse que sofria abusos dentro de casa e afirmou que era agredida pelo ent\u00e3o marido, mas negou envolvimento com o crime.<\/p>\n","protected":false},"excerpt":{"rendered":"<p>A ex-deputada e pastora Flordelis foi condenada a 50 anos e 28 dias de pris\u00e3o pelo homic\u00eddio do seu marido,<\/p>\n","protected":false},"author":2,"featured_media":29506,"comment_status":"open","ping_status":"open","sticky":false,"template":"","format":"standard","meta":{"colormag_page_container_layout":"default_layout","colormag_page_sidebar_layout":"default_layout","_jetpack_memberships_contains_paid_content":false,"footnotes":""},"categories":[2],"tags":[],"class_list":["post-29507","post","type-post","status-publish","format-standard","has-post-thumbnail","hentry","category-noticias"],"magazineBlocksPostFeaturedMedia":{"thumbnail":false,"medium":false,"medium_large":false,"large":false,"1536x1536":false,"2048x2048":false,"colormag-highlighted-post":false,"colormag-featured-post-medium":false,"colormag-featured-post-small":false,"colormag-featured-image":false,"colormag-default-news":false,"colormag-featured-image-large":false},"magazineBlocksPostAuthor":{"name":"maranhaotv","avatar":"https:\/\/secure.gravatar.com\/avatar\/8fadbca458d4cb68b1dd399ae9a40618d747bb1af65ac9fad21c89220a143eb4?s=96&d=mm&r=g"},"magazineBlocksPostCommentsNumber":"0","magazineBlocksPostExcerpt":"A ex-deputada e pastora Flordelis foi condenada a 50 anos e 28 dias de pris\u00e3o pelo homic\u00eddio do seu marido,","magazineBlocksPostCategories":["not\u00edcias"],"magazineBlocksPostViewCount":263,"magazineBlocksPostReadTime":1,"magazine_blocks_featured_image_url":{"full":false,"medium":false,"thumbnail":false},"magazine_blocks_author":{"display_name":"maranhaotv","author_link":"https:\/\/maranhaotv.com.br\/index.php\/author\/maranhaotv\/"},"magazine_blocks_comment":0,"magazine_blocks_author_image":"https:\/\/secure.gravatar.com\/avatar\/8fadbca458d4cb68b1dd399ae9a40618d747bb1af65ac9fad21c89220a143eb4?s=96&d=mm&r=g","magazine_blocks_category":"<a href=\"#\" class=\"category-link category-link-2\">not\u00edcias<\/a>","yoast_head":"<!-- This site is optimized with the Yoast SEO plugin v27.4 - https:\/\/yoast.com\/product\/yoast-seo-wordpress\/ -->\n<title>Flordelis \u00e9 condenada a 50 anos de pris\u00e3o por homic\u00eddio do pastor Anderson do Carmo - NOT\u00cdCIAS EM TEMPO REAL<\/title>\n<meta name=\"robots\" content=\"index, follow, max-snippet:-1, max-image-preview:large, max-video-preview:-1\" \/>\n<link rel=\"canonical\" href=\"https:\/\/maranhaotv.com.br\/index.php\/2022\/11\/13\/flordelis-e-condenada-a-50-anos-de-prisao-por-homicidio-do-pastor-anderson-do-carmo\/\" \/>\n<meta property=\"og:locale\" content=\"pt_BR\" \/>\n<meta property=\"og:type\" content=\"article\" \/>\n<meta property=\"og:title\" content=\"Flordelis \u00e9 condenada a 50 anos de pris\u00e3o por homic\u00eddio do pastor Anderson do Carmo - NOT\u00cdCIAS EM TEMPO REAL\" \/>\n<meta property=\"og:description\" content=\"A ex-deputada e pastora Flordelis foi condenada a 50 anos e 28 dias de pris\u00e3o pelo homic\u00eddio do seu marido,\" \/>\n<meta property=\"og:url\" content=\"https:\/\/maranhaotv.com.br\/index.php\/2022\/11\/13\/flordelis-e-condenada-a-50-anos-de-prisao-por-homicidio-do-pastor-anderson-do-carmo\/\" \/>\n<meta property=\"og:site_name\" content=\"NOT\u00cdCIAS EM TEMPO REAL\" \/>\n<meta property=\"article:publisher\" content=\"https:\/\/www.facebook.com\/maiobaotv\" \/>\n<meta property=\"article:published_time\" content=\"2022-11-13T11:37:26+00:00\" \/>\n<meta name=\"author\" content=\"maranhaotv\" \/>\n<meta name=\"twitter:card\" content=\"summary_large_image\" \/>\n<meta name=\"twitter:creator\" content=\"@sitemaranhaotv\" \/>\n<meta name=\"twitter:site\" content=\"@sitemaranhaotv\" \/>\n<meta name=\"twitter:label1\" content=\"Escrito por\" \/>\n\t<meta name=\"twitter:data1\" content=\"maranhaotv\" \/>\n\t<meta name=\"twitter:label2\" content=\"Est. tempo de leitura\" \/>\n\t<meta name=\"twitter:data2\" content=\"1 minuto\" \/>\n<script type=\"application\/ld+json\" class=\"yoast-schema-graph\">{\"@context\":\"https:\\\/\\\/schema.org\",\"@graph\":[{\"@type\":\"Article\",\"@id\":\"https:\\\/\\\/maranhaotv.com.br\\\/index.php\\\/2022\\\/11\\\/13\\\/flordelis-e-condenada-a-50-anos-de-prisao-por-homicidio-do-pastor-anderson-do-carmo\\\/#article\",\"isPartOf\":{\"@id\":\"https:\\\/\\\/maranhaotv.com.br\\\/index.php\\\/2022\\\/11\\\/13\\\/flordelis-e-condenada-a-50-anos-de-prisao-por-homicidio-do-pastor-anderson-do-carmo\\\/\"},\"author\":{\"name\":\"maranhaotv\",\"@id\":\"https:\\\/\\\/maranhaotv.com.br\\\/#\\\/schema\\\/person\\\/3d54238e86b20bb5c89ab2fdb8f8829a\"},\"headline\":\"Flordelis \u00e9 condenada a 50 anos de pris\u00e3o por homic\u00eddio do pastor Anderson do Carmo\",\"datePublished\":\"2022-11-13T11:37:26+00:00\",\"mainEntityOfPage\":{\"@id\":\"https:\\\/\\\/maranhaotv.com.br\\\/index.php\\\/2022\\\/11\\\/13\\\/flordelis-e-condenada-a-50-anos-de-prisao-por-homicidio-do-pastor-anderson-do-carmo\\\/\"},\"wordCount\":200,\"commentCount\":0,\"publisher\":{\"@id\":\"https:\\\/\\\/maranhaotv.com.br\\\/#organization\"},\"image\":{\"@id\":\"https:\\\/\\\/maranhaotv.com.br\\\/index.php\\\/2022\\\/11\\\/13\\\/flordelis-e-condenada-a-50-anos-de-prisao-por-homicidio-do-pastor-anderson-do-carmo\\\/#primaryimage\"},\"thumbnailUrl\":\"\",\"articleSection\":[\"not\u00edcias\"],\"inLanguage\":\"pt-BR\",\"potentialAction\":[{\"@type\":\"CommentAction\",\"name\":\"Comment\",\"target\":[\"https:\\\/\\\/maranhaotv.com.br\\\/index.php\\\/2022\\\/11\\\/13\\\/flordelis-e-condenada-a-50-anos-de-prisao-por-homicidio-do-pastor-anderson-do-carmo\\\/#respond\"]}]},{\"@type\":\"WebPage\",\"@id\":\"https:\\\/\\\/maranhaotv.com.br\\\/index.php\\\/2022\\\/11\\\/13\\\/flordelis-e-condenada-a-50-anos-de-prisao-por-homicidio-do-pastor-anderson-do-carmo\\\/\",\"url\":\"https:\\\/\\\/maranhaotv.com.br\\\/index.php\\\/2022\\\/11\\\/13\\\/flordelis-e-condenada-a-50-anos-de-prisao-por-homicidio-do-pastor-anderson-do-carmo\\\/\",\"name\":\"Flordelis \u00e9 condenada a 50 anos de pris\u00e3o por homic\u00eddio do pastor Anderson do Carmo - NOT\u00cdCIAS EM TEMPO REAL\",\"isPartOf\":{\"@id\":\"https:\\\/\\\/maranhaotv.com.br\\\/#website\"},\"primaryImageOfPage\":{\"@id\":\"https:\\\/\\\/maranhaotv.com.br\\\/index.php\\\/2022\\\/11\\\/13\\\/flordelis-e-condenada-a-50-anos-de-prisao-por-homicidio-do-pastor-anderson-do-carmo\\\/#primaryimage\"},\"image\":{\"@id\":\"https:\\\/\\\/maranhaotv.com.br\\\/index.php\\\/2022\\\/11\\\/13\\\/flordelis-e-condenada-a-50-anos-de-prisao-por-homicidio-do-pastor-anderson-do-carmo\\\/#primaryimage\"},\"thumbnailUrl\":\"\",\"datePublished\":\"2022-11-13T11:37:26+00:00\",\"breadcrumb\":{\"@id\":\"https:\\\/\\\/maranhaotv.com.br\\\/index.php\\\/2022\\\/11\\\/13\\\/flordelis-e-condenada-a-50-anos-de-prisao-por-homicidio-do-pastor-anderson-do-carmo\\\/#breadcrumb\"},\"inLanguage\":\"pt-BR\",\"potentialAction\":[{\"@type\":\"ReadAction\",\"target\":[\"https:\\\/\\\/maranhaotv.com.br\\\/index.php\\\/2022\\\/11\\\/13\\\/flordelis-e-condenada-a-50-anos-de-prisao-por-homicidio-do-pastor-anderson-do-carmo\\\/\"]}]},{\"@type\":\"ImageObject\",\"inLanguage\":\"pt-BR\",\"@id\":\"https:\\\/\\\/maranhaotv.com.br\\\/index.php\\\/2022\\\/11\\\/13\\\/flordelis-e-condenada-a-50-anos-de-prisao-por-homicidio-do-pastor-anderson-do-carmo\\\/#primaryimage\",\"url\":\"\",\"contentUrl\":\"\"},{\"@type\":\"BreadcrumbList\",\"@id\":\"https:\\\/\\\/maranhaotv.com.br\\\/index.php\\\/2022\\\/11\\\/13\\\/flordelis-e-condenada-a-50-anos-de-prisao-por-homicidio-do-pastor-anderson-do-carmo\\\/#breadcrumb\",\"itemListElement\":[{\"@type\":\"ListItem\",\"position\":1,\"name\":\"In\u00edcio\",\"item\":\"https:\\\/\\\/maranhaotv.com.br\\\/\"},{\"@type\":\"ListItem\",\"position\":2,\"name\":\"Flordelis \u00e9 condenada a 50 anos de pris\u00e3o por homic\u00eddio do pastor Anderson do Carmo\"}]},{\"@type\":\"WebSite\",\"@id\":\"https:\\\/\\\/maranhaotv.com.br\\\/#website\",\"url\":\"https:\\\/\\\/maranhaotv.com.br\\\/\",\"name\":\"Maranh\u00e3oTV\",\"description\":\"\",\"publisher\":{\"@id\":\"https:\\\/\\\/maranhaotv.com.br\\\/#organization\"},\"potentialAction\":[{\"@type\":\"SearchAction\",\"target\":{\"@type\":\"EntryPoint\",\"urlTemplate\":\"https:\\\/\\\/maranhaotv.com.br\\\/?s={search_term_string}\"},\"query-input\":{\"@type\":\"PropertyValueSpecification\",\"valueRequired\":true,\"valueName\":\"search_term_string\"}}],\"inLanguage\":\"pt-BR\"},{\"@type\":\"Organization\",\"@id\":\"https:\\\/\\\/maranhaotv.com.br\\\/#organization\",\"name\":\"Portal de Not\u00edcias\",\"url\":\"https:\\\/\\\/maranhaotv.com.br\\\/\",\"logo\":{\"@type\":\"ImageObject\",\"inLanguage\":\"pt-BR\",\"@id\":\"https:\\\/\\\/maranhaotv.com.br\\\/#\\\/schema\\\/logo\\\/image\\\/\",\"url\":\"https:\\\/\\\/maranhaotv.com.br\\\/wp-content\\\/uploads\\\/2024\\\/05\\\/cropped-cropped-avatar-1.png\",\"contentUrl\":\"https:\\\/\\\/maranhaotv.com.br\\\/wp-content\\\/uploads\\\/2024\\\/05\\\/cropped-cropped-avatar-1.png\",\"width\":792,\"height\":428,\"caption\":\"Portal de Not\u00edcias\"},\"image\":{\"@id\":\"https:\\\/\\\/maranhaotv.com.br\\\/#\\\/schema\\\/logo\\\/image\\\/\"},\"sameAs\":[\"https:\\\/\\\/www.facebook.com\\\/maiobaotv\",\"https:\\\/\\\/x.com\\\/sitemaranhaotv\",\"https:\\\/\\\/www.instagram.com\\\/maranhao.tv\",\"https:\\\/\\\/www.threads.net\\\/@maranhao.tv\"]},{\"@type\":\"Person\",\"@id\":\"https:\\\/\\\/maranhaotv.com.br\\\/#\\\/schema\\\/person\\\/3d54238e86b20bb5c89ab2fdb8f8829a\",\"name\":\"maranhaotv\",\"image\":{\"@type\":\"ImageObject\",\"inLanguage\":\"pt-BR\",\"@id\":\"https:\\\/\\\/secure.gravatar.com\\\/avatar\\\/8fadbca458d4cb68b1dd399ae9a40618d747bb1af65ac9fad21c89220a143eb4?s=96&d=mm&r=g\",\"url\":\"https:\\\/\\\/secure.gravatar.com\\\/avatar\\\/8fadbca458d4cb68b1dd399ae9a40618d747bb1af65ac9fad21c89220a143eb4?s=96&d=mm&r=g\",\"contentUrl\":\"https:\\\/\\\/secure.gravatar.com\\\/avatar\\\/8fadbca458d4cb68b1dd399ae9a40618d747bb1af65ac9fad21c89220a143eb4?s=96&d=mm&r=g\",\"caption\":\"maranhaotv\"},\"sameAs\":[\"https:\\\/\\\/maranhaotv.com.br\\\/\"],\"url\":\"https:\\\/\\\/maranhaotv.com.br\\\/index.php\\\/author\\\/maranhaotv\\\/\"}]}<\/script>\n<!-- \/ Yoast SEO plugin. -->","yoast_head_json":{"title":"Flordelis \u00e9 condenada a 50 anos de pris\u00e3o por homic\u00eddio do pastor Anderson do Carmo - NOT\u00cdCIAS EM TEMPO REAL","robots":{"index":"index","follow":"follow","max-snippet":"max-snippet:-1","max-image-preview":"max-image-preview:large","max-video-preview":"max-video-preview:-1"},"canonical":"https:\/\/maranhaotv.com.br\/index.php\/2022\/11\/13\/flordelis-e-condenada-a-50-anos-de-prisao-por-homicidio-do-pastor-anderson-do-carmo\/","og_locale":"pt_BR","og_type":"article","og_title":"Flordelis \u00e9 condenada a 50 anos de pris\u00e3o por homic\u00eddio do pastor Anderson do Carmo - NOT\u00cdCIAS EM TEMPO REAL","og_description":"A ex-deputada e pastora Flordelis foi condenada a 50 anos e 28 dias de pris\u00e3o pelo homic\u00eddio do seu marido,","og_url":"https:\/\/maranhaotv.com.br\/index.php\/2022\/11\/13\/flordelis-e-condenada-a-50-anos-de-prisao-por-homicidio-do-pastor-anderson-do-carmo\/","og_site_name":"NOT\u00cdCIAS EM TEMPO REAL","article_publisher":"https:\/\/www.facebook.com\/maiobaotv","article_published_time":"2022-11-13T11:37:26+00:00","author":"maranhaotv","twitter_card":"summary_large_image","twitter_creator":"@sitemaranhaotv","twitter_site":"@sitemaranhaotv","twitter_misc":{"Escrito por":"maranhaotv","Est. tempo de leitura":"1 minuto"},"schema":{"@context":"https:\/\/schema.org","@graph":[{"@type":"Article","@id":"https:\/\/maranhaotv.com.br\/index.php\/2022\/11\/13\/flordelis-e-condenada-a-50-anos-de-prisao-por-homicidio-do-pastor-anderson-do-carmo\/#article","isPartOf":{"@id":"https:\/\/maranhaotv.com.br\/index.php\/2022\/11\/13\/flordelis-e-condenada-a-50-anos-de-prisao-por-homicidio-do-pastor-anderson-do-carmo\/"},"author":{"name":"maranhaotv","@id":"https:\/\/maranhaotv.com.br\/#\/schema\/person\/3d54238e86b20bb5c89ab2fdb8f8829a"},"headline":"Flordelis \u00e9 condenada a 50 anos de pris\u00e3o por homic\u00eddio do pastor Anderson do Carmo","datePublished":"2022-11-13T11:37:26+00:00","mainEntityOfPage":{"@id":"https:\/\/maranhaotv.com.br\/index.php\/2022\/11\/13\/flordelis-e-condenada-a-50-anos-de-prisao-por-homicidio-do-pastor-anderson-do-carmo\/"},"wordCount":200,"commentCount":0,"publisher":{"@id":"https:\/\/maranhaotv.com.br\/#organization"},"image":{"@id":"https:\/\/maranhaotv.com.br\/index.php\/2022\/11\/13\/flordelis-e-condenada-a-50-anos-de-prisao-por-homicidio-do-pastor-anderson-do-carmo\/#primaryimage"},"thumbnailUrl":"","articleSection":["not\u00edcias"],"inLanguage":"pt-BR","potentialAction":[{"@type":"CommentAction","name":"Comment","target":["https:\/\/maranhaotv.com.br\/index.php\/2022\/11\/13\/flordelis-e-condenada-a-50-anos-de-prisao-por-homicidio-do-pastor-anderson-do-carmo\/#respond"]}]},{"@type":"WebPage","@id":"https:\/\/maranhaotv.com.br\/index.php\/2022\/11\/13\/flordelis-e-condenada-a-50-anos-de-prisao-por-homicidio-do-pastor-anderson-do-carmo\/","url":"https:\/\/maranhaotv.com.br\/index.php\/2022\/11\/13\/flordelis-e-condenada-a-50-anos-de-prisao-por-homicidio-do-pastor-anderson-do-carmo\/","name":"Flordelis \u00e9 condenada a 50 anos de pris\u00e3o por homic\u00eddio do pastor Anderson do Carmo - NOT\u00cdCIAS EM TEMPO REAL","isPartOf":{"@id":"https:\/\/maranhaotv.com.br\/#website"},"primaryImageOfPage":{"@id":"https:\/\/maranhaotv.com.br\/index.php\/2022\/11\/13\/flordelis-e-condenada-a-50-anos-de-prisao-por-homicidio-do-pastor-anderson-do-carmo\/#primaryimage"},"image":{"@id":"https:\/\/maranhaotv.com.br\/index.php\/2022\/11\/13\/flordelis-e-condenada-a-50-anos-de-prisao-por-homicidio-do-pastor-anderson-do-carmo\/#primaryimage"},"thumbnailUrl":"","datePublished":"2022-11-13T11:37:26+00:00","breadcrumb":{"@id":"https:\/\/maranhaotv.com.br\/index.php\/2022\/11\/13\/flordelis-e-condenada-a-50-anos-de-prisao-por-homicidio-do-pastor-anderson-do-carmo\/#breadcrumb"},"inLanguage":"pt-BR","potentialAction":[{"@type":"ReadAction","target":["https:\/\/maranhaotv.com.br\/index.php\/2022\/11\/13\/flordelis-e-condenada-a-50-anos-de-prisao-por-homicidio-do-pastor-anderson-do-carmo\/"]}]},{"@type":"ImageObject","inLanguage":"pt-BR","@id":"https:\/\/maranhaotv.com.br\/index.php\/2022\/11\/13\/flordelis-e-condenada-a-50-anos-de-prisao-por-homicidio-do-pastor-anderson-do-carmo\/#primaryimage","url":"","contentUrl":""},{"@type":"BreadcrumbList","@id":"https:\/\/maranhaotv.com.br\/index.php\/2022\/11\/13\/flordelis-e-condenada-a-50-anos-de-prisao-por-homicidio-do-pastor-anderson-do-carmo\/#breadcrumb","itemListElement":[{"@type":"ListItem","position":1,"name":"In\u00edcio","item":"https:\/\/maranhaotv.com.br\/"},{"@type":"ListItem","position":2,"name":"Flordelis \u00e9 condenada a 50 anos de pris\u00e3o por homic\u00eddio do pastor Anderson do Carmo"}]},{"@type":"WebSite","@id":"https:\/\/maranhaotv.com.br\/#website","url":"https:\/\/maranhaotv.com.br\/","name":"Maranh\u00e3oTV","description":"","publisher":{"@id":"https:\/\/maranhaotv.com.br\/#organization"},"potentialAction":[{"@type":"SearchAction","target":{"@type":"EntryPoint","urlTemplate":"https:\/\/maranhaotv.com.br\/?s={search_term_string}"},"query-input":{"@type":"PropertyValueSpecification","valueRequired":true,"valueName":"search_term_string"}}],"inLanguage":"pt-BR"},{"@type":"Organization","@id":"https:\/\/maranhaotv.com.br\/#organization","name":"Portal de Not\u00edcias","url":"https:\/\/maranhaotv.com.br\/","logo":{"@type":"ImageObject","inLanguage":"pt-BR","@id":"https:\/\/maranhaotv.com.br\/#\/schema\/logo\/image\/","url":"https:\/\/maranhaotv.com.br\/wp-content\/uploads\/2024\/05\/cropped-cropped-avatar-1.png","contentUrl":"https:\/\/maranhaotv.com.br\/wp-content\/uploads\/2024\/05\/cropped-cropped-avatar-1.png","width":792,"height":428,"caption":"Portal de Not\u00edcias"},"image":{"@id":"https:\/\/maranhaotv.com.br\/#\/schema\/logo\/image\/"},"sameAs":["https:\/\/www.facebook.com\/maiobaotv","https:\/\/x.com\/sitemaranhaotv","https:\/\/www.instagram.com\/maranhao.tv","https:\/\/www.threads.net\/@maranhao.tv"]},{"@type":"Person","@id":"https:\/\/maranhaotv.com.br\/#\/schema\/person\/3d54238e86b20bb5c89ab2fdb8f8829a","name":"maranhaotv","image":{"@type":"ImageObject","inLanguage":"pt-BR","@id":"https:\/\/secure.gravatar.com\/avatar\/8fadbca458d4cb68b1dd399ae9a40618d747bb1af65ac9fad21c89220a143eb4?s=96&d=mm&r=g","url":"https:\/\/secure.gravatar.com\/avatar\/8fadbca458d4cb68b1dd399ae9a40618d747bb1af65ac9fad21c89220a143eb4?s=96&d=mm&r=g","contentUrl":"https:\/\/secure.gravatar.com\/avatar\/8fadbca458d4cb68b1dd399ae9a40618d747bb1af65ac9fad21c89220a143eb4?s=96&d=mm&r=g","caption":"maranhaotv"},"sameAs":["https:\/\/maranhaotv.com.br\/"],"url":"https:\/\/maranhaotv.com.br\/index.php\/author\/maranhaotv\/"}]}},"jetpack_featured_media_url":"","jetpack_sharing_enabled":true,"_links":{"self":[{"href":"https:\/\/maranhaotv.com.br\/index.php\/wp-json\/wp\/v2\/posts\/29507","targetHints":{"allow":["GET"]}}],"collection":[{"href":"https:\/\/maranhaotv.com.br\/index.php\/wp-json\/wp\/v2\/posts"}],"about":[{"href":"https:\/\/maranhaotv.com.br\/index.php\/wp-json\/wp\/v2\/types\/post"}],"author":[{"embeddable":true,"href":"https:\/\/maranhaotv.com.br\/index.php\/wp-json\/wp\/v2\/users\/2"}],"replies":[{"embeddable":true,"href":"https:\/\/maranhaotv.com.br\/index.php\/wp-json\/wp\/v2\/comments?post=29507"}],"version-history":[{"count":0,"href":"https:\/\/maranhaotv.com.br\/index.php\/wp-json\/wp\/v2\/posts\/29507\/revisions"}],"wp:featuredmedia":[{"embeddable":true,"href":"https:\/\/maranhaotv.com.br\/index.php\/wp-json\/"}],"wp:attachment":[{"href":"https:\/\/maranhaotv.com.br\/index.php\/wp-json\/wp\/v2\/media?parent=29507"}],"wp:term":[{"taxonomy":"category","embeddable":true,"href":"https:\/\/maranhaotv.com.br\/index.php\/wp-json\/wp\/v2\/categories?post=29507"},{"taxonomy":"post_tag","embeddable":true,"href":"https:\/\/maranhaotv.com.br\/index.php\/wp-json\/wp\/v2\/tags?post=29507"}],"curies":[{"name":"wp","href":"https:\/\/api.w.org\/{rel}","templated":true}]}}