{"id":29525,"date":"2022-11-16T11:00:39","date_gmt":"2022-11-16T14:00:39","guid":{"rendered":"https:\/\/maranhaotv.com.br\/?p=29525"},"modified":"2022-11-16T11:00:39","modified_gmt":"2022-11-16T14:00:39","slug":"morre-isabel-aos-62-icone-do-volei-brasileiro-e-ativista","status":"publish","type":"post","link":"https:\/\/maranhaotv.com.br\/index.php\/2022\/11\/16\/morre-isabel-aos-62-icone-do-volei-brasileiro-e-ativista\/","title":{"rendered":"Morre Isabel, aos 62, \u00edcone do v\u00f4lei brasileiro e ativista"},"content":{"rendered":"\n<p><em>Ex-atleta havia sido anunciada na segunda-feira (14) como integrante do grupo de transi\u00e7\u00e3o do governo Lula<\/em><br><br>A jogadora de v\u00f4lei Isabel Salgado morreu na madrugada desta quarta (16), aos 62 anos, no hospital S\u00edrio Liban\u00eas, em S\u00e3o Paulo. A ex-atleta foi acometida de uma pneumonia que se agravou, levando a um quadro de s\u00edndrome aguda respirat\u00f3ria.<br><br>&#8220;Confirmamos a partida de uma das atletas mais importantes que este pa\u00eds teve. No momento, a fam\u00edlia est\u00e1 reunida e n\u00e3o teremos nenhuma declara\u00e7\u00e3o. Pedimos a compreens\u00e3o de todos. Isso ser\u00e1 feito assim que poss\u00edvel&#8221;, disse a assessoria de Isabel.<br><br>Ela estava bem at\u00e9 a semana passada, segundo relato de amigos.<br>Na \u00faltima segunda-feira (14), Isabel havia sido anunciada pelo vice-presidente eleito, Geraldo Alckmin, como integrante do grupo de trabalho de esporte na transi\u00e7\u00e3o de governo Lula.<br>Isabel Salgado nasceu no Rio de Janeiro, no dia 2 de agosto de 1960. Ela come\u00e7ou a jogar v\u00f4lei no Flamengo aos 12 anos e foi campe\u00e3 brasileira em 1978 e 1980. Al\u00e9m disso, defendeu o Brasil nos Jogos Ol\u00edmpicos de Moscou (1980) e de Los Angeles (1984).<br><br>Ela foi uma das jogadoras que abriu o caminho para o v\u00f4lei feminino no Brasil. Foi, inclusive, a primeira jogadora brasileira de v\u00f4lei a atuar em uma liga do exterior, em 1980, quando foi para o Modena, da It\u00e1lia.<br><br>Isabel migrou das quadras para a areia em 1992 e foi campe\u00e3 mundial da etapa de Miami em dupla com Roseli, dois anos depois.<br>Segundo a fam\u00edlia, o funeral est\u00e1 programado para \u00e0s 11h desta quinta-feira (17), no Cremat\u00f3rio e Cemit\u00e9rio do Caju, no Rio de Janeiro.<\/p>\n","protected":false},"excerpt":{"rendered":"<p>Ex-atleta havia sido anunciada na segunda-feira (14) como integrante do grupo de transi\u00e7\u00e3o do governo Lula A jogadora de v\u00f4lei<\/p>\n","protected":false},"author":2,"featured_media":29524,"comment_status":"open","ping_status":"open","sticky":false,"template":"","format":"standard","meta":{"colormag_page_container_layout":"default_layout","colormag_page_sidebar_layout":"default_layout","_jetpack_memberships_contains_paid_content":false,"footnotes":""},"categories":[2],"tags":[],"class_list":["post-29525","post","type-post","status-publish","format-standard","has-post-thumbnail","hentry","category-noticias"],"magazineBlocksPostFeaturedMedia":{"thumbnail":false,"medium":false,"medium_large":false,"large":false,"1536x1536":false,"2048x2048":false,"colormag-highlighted-post":false,"colormag-featured-post-medium":false,"colormag-featured-post-small":false,"colormag-featured-image":false,"colormag-default-news":false,"colormag-featured-image-large":false},"magazineBlocksPostAuthor":{"name":"maranhaotv","avatar":"https:\/\/secure.gravatar.com\/avatar\/8fadbca458d4cb68b1dd399ae9a40618d747bb1af65ac9fad21c89220a143eb4?s=96&d=mm&r=g"},"magazineBlocksPostCommentsNumber":"0","magazineBlocksPostExcerpt":"Ex-atleta havia sido anunciada na segunda-feira (14) como integrante do grupo de transi\u00e7\u00e3o do governo Lula A jogadora de v\u00f4lei","magazineBlocksPostCategories":["not\u00edcias"],"magazineBlocksPostViewCount":140,"magazineBlocksPostReadTime":2,"magazine_blocks_featured_image_url":{"full":false,"medium":false,"thumbnail":false},"magazine_blocks_author":{"display_name":"maranhaotv","author_link":"https:\/\/maranhaotv.com.br\/index.php\/author\/maranhaotv\/"},"magazine_blocks_comment":0,"magazine_blocks_author_image":"https:\/\/secure.gravatar.com\/avatar\/8fadbca458d4cb68b1dd399ae9a40618d747bb1af65ac9fad21c89220a143eb4?s=96&d=mm&r=g","magazine_blocks_category":"<a href=\"#\" class=\"category-link category-link-2\">not\u00edcias<\/a>","yoast_head":"<!-- This site is optimized with the Yoast SEO plugin v27.4 - https:\/\/yoast.com\/product\/yoast-seo-wordpress\/ -->\n<title>Morre Isabel, aos 62, \u00edcone do v\u00f4lei brasileiro e ativista - NOT\u00cdCIAS EM TEMPO REAL<\/title>\n<meta name=\"robots\" content=\"index, follow, max-snippet:-1, max-image-preview:large, max-video-preview:-1\" \/>\n<link rel=\"canonical\" href=\"https:\/\/maranhaotv.com.br\/index.php\/2022\/11\/16\/morre-isabel-aos-62-icone-do-volei-brasileiro-e-ativista\/\" \/>\n<meta property=\"og:locale\" content=\"pt_BR\" \/>\n<meta property=\"og:type\" content=\"article\" \/>\n<meta property=\"og:title\" content=\"Morre Isabel, aos 62, \u00edcone do v\u00f4lei brasileiro e ativista - NOT\u00cdCIAS EM TEMPO REAL\" \/>\n<meta property=\"og:description\" content=\"Ex-atleta havia sido anunciada na segunda-feira (14) como integrante do grupo de transi\u00e7\u00e3o do governo Lula A jogadora de v\u00f4lei\" \/>\n<meta property=\"og:url\" content=\"https:\/\/maranhaotv.com.br\/index.php\/2022\/11\/16\/morre-isabel-aos-62-icone-do-volei-brasileiro-e-ativista\/\" \/>\n<meta property=\"og:site_name\" content=\"NOT\u00cdCIAS EM TEMPO REAL\" \/>\n<meta property=\"article:publisher\" content=\"https:\/\/www.facebook.com\/maiobaotv\" \/>\n<meta property=\"article:published_time\" content=\"2022-11-16T14:00:39+00:00\" \/>\n<meta name=\"author\" content=\"maranhaotv\" \/>\n<meta name=\"twitter:card\" content=\"summary_large_image\" \/>\n<meta name=\"twitter:creator\" content=\"@sitemaranhaotv\" \/>\n<meta name=\"twitter:site\" content=\"@sitemaranhaotv\" \/>\n<meta name=\"twitter:label1\" content=\"Escrito por\" \/>\n\t<meta name=\"twitter:data1\" content=\"maranhaotv\" \/>\n\t<meta name=\"twitter:label2\" content=\"Est. tempo de leitura\" \/>\n\t<meta name=\"twitter:data2\" content=\"1 minuto\" \/>\n<script type=\"application\/ld+json\" class=\"yoast-schema-graph\">{\"@context\":\"https:\\\/\\\/schema.org\",\"@graph\":[{\"@type\":\"Article\",\"@id\":\"https:\\\/\\\/maranhaotv.com.br\\\/index.php\\\/2022\\\/11\\\/16\\\/morre-isabel-aos-62-icone-do-volei-brasileiro-e-ativista\\\/#article\",\"isPartOf\":{\"@id\":\"https:\\\/\\\/maranhaotv.com.br\\\/index.php\\\/2022\\\/11\\\/16\\\/morre-isabel-aos-62-icone-do-volei-brasileiro-e-ativista\\\/\"},\"author\":{\"name\":\"maranhaotv\",\"@id\":\"https:\\\/\\\/maranhaotv.com.br\\\/#\\\/schema\\\/person\\\/3d54238e86b20bb5c89ab2fdb8f8829a\"},\"headline\":\"Morre Isabel, aos 62, \u00edcone do v\u00f4lei brasileiro e ativista\",\"datePublished\":\"2022-11-16T14:00:39+00:00\",\"mainEntityOfPage\":{\"@id\":\"https:\\\/\\\/maranhaotv.com.br\\\/index.php\\\/2022\\\/11\\\/16\\\/morre-isabel-aos-62-icone-do-volei-brasileiro-e-ativista\\\/\"},\"wordCount\":287,\"commentCount\":0,\"publisher\":{\"@id\":\"https:\\\/\\\/maranhaotv.com.br\\\/#organization\"},\"image\":{\"@id\":\"https:\\\/\\\/maranhaotv.com.br\\\/index.php\\\/2022\\\/11\\\/16\\\/morre-isabel-aos-62-icone-do-volei-brasileiro-e-ativista\\\/#primaryimage\"},\"thumbnailUrl\":\"\",\"articleSection\":[\"not\u00edcias\"],\"inLanguage\":\"pt-BR\",\"potentialAction\":[{\"@type\":\"CommentAction\",\"name\":\"Comment\",\"target\":[\"https:\\\/\\\/maranhaotv.com.br\\\/index.php\\\/2022\\\/11\\\/16\\\/morre-isabel-aos-62-icone-do-volei-brasileiro-e-ativista\\\/#respond\"]}]},{\"@type\":\"WebPage\",\"@id\":\"https:\\\/\\\/maranhaotv.com.br\\\/index.php\\\/2022\\\/11\\\/16\\\/morre-isabel-aos-62-icone-do-volei-brasileiro-e-ativista\\\/\",\"url\":\"https:\\\/\\\/maranhaotv.com.br\\\/index.php\\\/2022\\\/11\\\/16\\\/morre-isabel-aos-62-icone-do-volei-brasileiro-e-ativista\\\/\",\"name\":\"Morre Isabel, aos 62, \u00edcone do v\u00f4lei brasileiro e ativista - NOT\u00cdCIAS EM TEMPO REAL\",\"isPartOf\":{\"@id\":\"https:\\\/\\\/maranhaotv.com.br\\\/#website\"},\"primaryImageOfPage\":{\"@id\":\"https:\\\/\\\/maranhaotv.com.br\\\/index.php\\\/2022\\\/11\\\/16\\\/morre-isabel-aos-62-icone-do-volei-brasileiro-e-ativista\\\/#primaryimage\"},\"image\":{\"@id\":\"https:\\\/\\\/maranhaotv.com.br\\\/index.php\\\/2022\\\/11\\\/16\\\/morre-isabel-aos-62-icone-do-volei-brasileiro-e-ativista\\\/#primaryimage\"},\"thumbnailUrl\":\"\",\"datePublished\":\"2022-11-16T14:00:39+00:00\",\"breadcrumb\":{\"@id\":\"https:\\\/\\\/maranhaotv.com.br\\\/index.php\\\/2022\\\/11\\\/16\\\/morre-isabel-aos-62-icone-do-volei-brasileiro-e-ativista\\\/#breadcrumb\"},\"inLanguage\":\"pt-BR\",\"potentialAction\":[{\"@type\":\"ReadAction\",\"target\":[\"https:\\\/\\\/maranhaotv.com.br\\\/index.php\\\/2022\\\/11\\\/16\\\/morre-isabel-aos-62-icone-do-volei-brasileiro-e-ativista\\\/\"]}]},{\"@type\":\"ImageObject\",\"inLanguage\":\"pt-BR\",\"@id\":\"https:\\\/\\\/maranhaotv.com.br\\\/index.php\\\/2022\\\/11\\\/16\\\/morre-isabel-aos-62-icone-do-volei-brasileiro-e-ativista\\\/#primaryimage\",\"url\":\"\",\"contentUrl\":\"\"},{\"@type\":\"BreadcrumbList\",\"@id\":\"https:\\\/\\\/maranhaotv.com.br\\\/index.php\\\/2022\\\/11\\\/16\\\/morre-isabel-aos-62-icone-do-volei-brasileiro-e-ativista\\\/#breadcrumb\",\"itemListElement\":[{\"@type\":\"ListItem\",\"position\":1,\"name\":\"In\u00edcio\",\"item\":\"https:\\\/\\\/maranhaotv.com.br\\\/\"},{\"@type\":\"ListItem\",\"position\":2,\"name\":\"Morre Isabel, aos 62, \u00edcone do v\u00f4lei brasileiro e ativista\"}]},{\"@type\":\"WebSite\",\"@id\":\"https:\\\/\\\/maranhaotv.com.br\\\/#website\",\"url\":\"https:\\\/\\\/maranhaotv.com.br\\\/\",\"name\":\"Maranh\u00e3oTV\",\"description\":\"\",\"publisher\":{\"@id\":\"https:\\\/\\\/maranhaotv.com.br\\\/#organization\"},\"potentialAction\":[{\"@type\":\"SearchAction\",\"target\":{\"@type\":\"EntryPoint\",\"urlTemplate\":\"https:\\\/\\\/maranhaotv.com.br\\\/?s={search_term_string}\"},\"query-input\":{\"@type\":\"PropertyValueSpecification\",\"valueRequired\":true,\"valueName\":\"search_term_string\"}}],\"inLanguage\":\"pt-BR\"},{\"@type\":\"Organization\",\"@id\":\"https:\\\/\\\/maranhaotv.com.br\\\/#organization\",\"name\":\"Portal de Not\u00edcias\",\"url\":\"https:\\\/\\\/maranhaotv.com.br\\\/\",\"logo\":{\"@type\":\"ImageObject\",\"inLanguage\":\"pt-BR\",\"@id\":\"https:\\\/\\\/maranhaotv.com.br\\\/#\\\/schema\\\/logo\\\/image\\\/\",\"url\":\"https:\\\/\\\/maranhaotv.com.br\\\/wp-content\\\/uploads\\\/2024\\\/05\\\/cropped-cropped-avatar-1.png\",\"contentUrl\":\"https:\\\/\\\/maranhaotv.com.br\\\/wp-content\\\/uploads\\\/2024\\\/05\\\/cropped-cropped-avatar-1.png\",\"width\":792,\"height\":428,\"caption\":\"Portal de Not\u00edcias\"},\"image\":{\"@id\":\"https:\\\/\\\/maranhaotv.com.br\\\/#\\\/schema\\\/logo\\\/image\\\/\"},\"sameAs\":[\"https:\\\/\\\/www.facebook.com\\\/maiobaotv\",\"https:\\\/\\\/x.com\\\/sitemaranhaotv\",\"https:\\\/\\\/www.instagram.com\\\/maranhao.tv\",\"https:\\\/\\\/www.threads.net\\\/@maranhao.tv\"]},{\"@type\":\"Person\",\"@id\":\"https:\\\/\\\/maranhaotv.com.br\\\/#\\\/schema\\\/person\\\/3d54238e86b20bb5c89ab2fdb8f8829a\",\"name\":\"maranhaotv\",\"image\":{\"@type\":\"ImageObject\",\"inLanguage\":\"pt-BR\",\"@id\":\"https:\\\/\\\/secure.gravatar.com\\\/avatar\\\/8fadbca458d4cb68b1dd399ae9a40618d747bb1af65ac9fad21c89220a143eb4?s=96&d=mm&r=g\",\"url\":\"https:\\\/\\\/secure.gravatar.com\\\/avatar\\\/8fadbca458d4cb68b1dd399ae9a40618d747bb1af65ac9fad21c89220a143eb4?s=96&d=mm&r=g\",\"contentUrl\":\"https:\\\/\\\/secure.gravatar.com\\\/avatar\\\/8fadbca458d4cb68b1dd399ae9a40618d747bb1af65ac9fad21c89220a143eb4?s=96&d=mm&r=g\",\"caption\":\"maranhaotv\"},\"sameAs\":[\"https:\\\/\\\/maranhaotv.com.br\\\/\"],\"url\":\"https:\\\/\\\/maranhaotv.com.br\\\/index.php\\\/author\\\/maranhaotv\\\/\"}]}<\/script>\n<!-- \/ Yoast SEO plugin. -->","yoast_head_json":{"title":"Morre Isabel, aos 62, \u00edcone do v\u00f4lei brasileiro e ativista - NOT\u00cdCIAS EM TEMPO REAL","robots":{"index":"index","follow":"follow","max-snippet":"max-snippet:-1","max-image-preview":"max-image-preview:large","max-video-preview":"max-video-preview:-1"},"canonical":"https:\/\/maranhaotv.com.br\/index.php\/2022\/11\/16\/morre-isabel-aos-62-icone-do-volei-brasileiro-e-ativista\/","og_locale":"pt_BR","og_type":"article","og_title":"Morre Isabel, aos 62, \u00edcone do v\u00f4lei brasileiro e ativista - NOT\u00cdCIAS EM TEMPO REAL","og_description":"Ex-atleta havia sido anunciada na segunda-feira (14) como integrante do grupo de transi\u00e7\u00e3o do governo Lula A jogadora de v\u00f4lei","og_url":"https:\/\/maranhaotv.com.br\/index.php\/2022\/11\/16\/morre-isabel-aos-62-icone-do-volei-brasileiro-e-ativista\/","og_site_name":"NOT\u00cdCIAS EM TEMPO REAL","article_publisher":"https:\/\/www.facebook.com\/maiobaotv","article_published_time":"2022-11-16T14:00:39+00:00","author":"maranhaotv","twitter_card":"summary_large_image","twitter_creator":"@sitemaranhaotv","twitter_site":"@sitemaranhaotv","twitter_misc":{"Escrito por":"maranhaotv","Est. tempo de leitura":"1 minuto"},"schema":{"@context":"https:\/\/schema.org","@graph":[{"@type":"Article","@id":"https:\/\/maranhaotv.com.br\/index.php\/2022\/11\/16\/morre-isabel-aos-62-icone-do-volei-brasileiro-e-ativista\/#article","isPartOf":{"@id":"https:\/\/maranhaotv.com.br\/index.php\/2022\/11\/16\/morre-isabel-aos-62-icone-do-volei-brasileiro-e-ativista\/"},"author":{"name":"maranhaotv","@id":"https:\/\/maranhaotv.com.br\/#\/schema\/person\/3d54238e86b20bb5c89ab2fdb8f8829a"},"headline":"Morre Isabel, aos 62, \u00edcone do v\u00f4lei brasileiro e ativista","datePublished":"2022-11-16T14:00:39+00:00","mainEntityOfPage":{"@id":"https:\/\/maranhaotv.com.br\/index.php\/2022\/11\/16\/morre-isabel-aos-62-icone-do-volei-brasileiro-e-ativista\/"},"wordCount":287,"commentCount":0,"publisher":{"@id":"https:\/\/maranhaotv.com.br\/#organization"},"image":{"@id":"https:\/\/maranhaotv.com.br\/index.php\/2022\/11\/16\/morre-isabel-aos-62-icone-do-volei-brasileiro-e-ativista\/#primaryimage"},"thumbnailUrl":"","articleSection":["not\u00edcias"],"inLanguage":"pt-BR","potentialAction":[{"@type":"CommentAction","name":"Comment","target":["https:\/\/maranhaotv.com.br\/index.php\/2022\/11\/16\/morre-isabel-aos-62-icone-do-volei-brasileiro-e-ativista\/#respond"]}]},{"@type":"WebPage","@id":"https:\/\/maranhaotv.com.br\/index.php\/2022\/11\/16\/morre-isabel-aos-62-icone-do-volei-brasileiro-e-ativista\/","url":"https:\/\/maranhaotv.com.br\/index.php\/2022\/11\/16\/morre-isabel-aos-62-icone-do-volei-brasileiro-e-ativista\/","name":"Morre Isabel, aos 62, \u00edcone do v\u00f4lei brasileiro e ativista - NOT\u00cdCIAS EM TEMPO REAL","isPartOf":{"@id":"https:\/\/maranhaotv.com.br\/#website"},"primaryImageOfPage":{"@id":"https:\/\/maranhaotv.com.br\/index.php\/2022\/11\/16\/morre-isabel-aos-62-icone-do-volei-brasileiro-e-ativista\/#primaryimage"},"image":{"@id":"https:\/\/maranhaotv.com.br\/index.php\/2022\/11\/16\/morre-isabel-aos-62-icone-do-volei-brasileiro-e-ativista\/#primaryimage"},"thumbnailUrl":"","datePublished":"2022-11-16T14:00:39+00:00","breadcrumb":{"@id":"https:\/\/maranhaotv.com.br\/index.php\/2022\/11\/16\/morre-isabel-aos-62-icone-do-volei-brasileiro-e-ativista\/#breadcrumb"},"inLanguage":"pt-BR","potentialAction":[{"@type":"ReadAction","target":["https:\/\/maranhaotv.com.br\/index.php\/2022\/11\/16\/morre-isabel-aos-62-icone-do-volei-brasileiro-e-ativista\/"]}]},{"@type":"ImageObject","inLanguage":"pt-BR","@id":"https:\/\/maranhaotv.com.br\/index.php\/2022\/11\/16\/morre-isabel-aos-62-icone-do-volei-brasileiro-e-ativista\/#primaryimage","url":"","contentUrl":""},{"@type":"BreadcrumbList","@id":"https:\/\/maranhaotv.com.br\/index.php\/2022\/11\/16\/morre-isabel-aos-62-icone-do-volei-brasileiro-e-ativista\/#breadcrumb","itemListElement":[{"@type":"ListItem","position":1,"name":"In\u00edcio","item":"https:\/\/maranhaotv.com.br\/"},{"@type":"ListItem","position":2,"name":"Morre Isabel, aos 62, \u00edcone do v\u00f4lei brasileiro e ativista"}]},{"@type":"WebSite","@id":"https:\/\/maranhaotv.com.br\/#website","url":"https:\/\/maranhaotv.com.br\/","name":"Maranh\u00e3oTV","description":"","publisher":{"@id":"https:\/\/maranhaotv.com.br\/#organization"},"potentialAction":[{"@type":"SearchAction","target":{"@type":"EntryPoint","urlTemplate":"https:\/\/maranhaotv.com.br\/?s={search_term_string}"},"query-input":{"@type":"PropertyValueSpecification","valueRequired":true,"valueName":"search_term_string"}}],"inLanguage":"pt-BR"},{"@type":"Organization","@id":"https:\/\/maranhaotv.com.br\/#organization","name":"Portal de Not\u00edcias","url":"https:\/\/maranhaotv.com.br\/","logo":{"@type":"ImageObject","inLanguage":"pt-BR","@id":"https:\/\/maranhaotv.com.br\/#\/schema\/logo\/image\/","url":"https:\/\/maranhaotv.com.br\/wp-content\/uploads\/2024\/05\/cropped-cropped-avatar-1.png","contentUrl":"https:\/\/maranhaotv.com.br\/wp-content\/uploads\/2024\/05\/cropped-cropped-avatar-1.png","width":792,"height":428,"caption":"Portal de Not\u00edcias"},"image":{"@id":"https:\/\/maranhaotv.com.br\/#\/schema\/logo\/image\/"},"sameAs":["https:\/\/www.facebook.com\/maiobaotv","https:\/\/x.com\/sitemaranhaotv","https:\/\/www.instagram.com\/maranhao.tv","https:\/\/www.threads.net\/@maranhao.tv"]},{"@type":"Person","@id":"https:\/\/maranhaotv.com.br\/#\/schema\/person\/3d54238e86b20bb5c89ab2fdb8f8829a","name":"maranhaotv","image":{"@type":"ImageObject","inLanguage":"pt-BR","@id":"https:\/\/secure.gravatar.com\/avatar\/8fadbca458d4cb68b1dd399ae9a40618d747bb1af65ac9fad21c89220a143eb4?s=96&d=mm&r=g","url":"https:\/\/secure.gravatar.com\/avatar\/8fadbca458d4cb68b1dd399ae9a40618d747bb1af65ac9fad21c89220a143eb4?s=96&d=mm&r=g","contentUrl":"https:\/\/secure.gravatar.com\/avatar\/8fadbca458d4cb68b1dd399ae9a40618d747bb1af65ac9fad21c89220a143eb4?s=96&d=mm&r=g","caption":"maranhaotv"},"sameAs":["https:\/\/maranhaotv.com.br\/"],"url":"https:\/\/maranhaotv.com.br\/index.php\/author\/maranhaotv\/"}]}},"jetpack_featured_media_url":"","jetpack_sharing_enabled":true,"_links":{"self":[{"href":"https:\/\/maranhaotv.com.br\/index.php\/wp-json\/wp\/v2\/posts\/29525","targetHints":{"allow":["GET"]}}],"collection":[{"href":"https:\/\/maranhaotv.com.br\/index.php\/wp-json\/wp\/v2\/posts"}],"about":[{"href":"https:\/\/maranhaotv.com.br\/index.php\/wp-json\/wp\/v2\/types\/post"}],"author":[{"embeddable":true,"href":"https:\/\/maranhaotv.com.br\/index.php\/wp-json\/wp\/v2\/users\/2"}],"replies":[{"embeddable":true,"href":"https:\/\/maranhaotv.com.br\/index.php\/wp-json\/wp\/v2\/comments?post=29525"}],"version-history":[{"count":0,"href":"https:\/\/maranhaotv.com.br\/index.php\/wp-json\/wp\/v2\/posts\/29525\/revisions"}],"wp:featuredmedia":[{"embeddable":true,"href":"https:\/\/maranhaotv.com.br\/index.php\/wp-json\/"}],"wp:attachment":[{"href":"https:\/\/maranhaotv.com.br\/index.php\/wp-json\/wp\/v2\/media?parent=29525"}],"wp:term":[{"taxonomy":"category","embeddable":true,"href":"https:\/\/maranhaotv.com.br\/index.php\/wp-json\/wp\/v2\/categories?post=29525"},{"taxonomy":"post_tag","embeddable":true,"href":"https:\/\/maranhaotv.com.br\/index.php\/wp-json\/wp\/v2\/tags?post=29525"}],"curies":[{"name":"wp","href":"https:\/\/api.w.org\/{rel}","templated":true}]}}