{"id":29534,"date":"2022-11-17T08:57:17","date_gmt":"2022-11-17T11:57:17","guid":{"rendered":"https:\/\/maranhaotv.com.br\/?p=29534"},"modified":"2022-11-17T08:57:17","modified_gmt":"2022-11-17T11:57:17","slug":"policia-federal-deflagra-operacao-em-cinco-prefeituras-do-maranhao","status":"publish","type":"post","link":"https:\/\/maranhaotv.com.br\/index.php\/2022\/11\/17\/policia-federal-deflagra-operacao-em-cinco-prefeituras-do-maranhao\/","title":{"rendered":"Pol\u00edcia Federal deflagra opera\u00e7\u00e3o em cinco prefeituras do Maranh\u00e3o"},"content":{"rendered":"\n<p><br>A Pol\u00edcia Federal, com a participa\u00e7\u00e3o da Controladoria-Geral da Uni\u00e3o, deflagrou na manh\u00e3 desta quinta-feira (17), a OPERA\u00c7\u00c3O ARRIVISMO, nos munic\u00edpios de S\u00e3o Lu\u00eds\/MA, Pedreiras\/MA, Bacabal\/MA, Timon\/MA e Teresina\/PI, com a finalidade de desarticular grupo criminoso que realizava a venda fict\u00edcia e superfaturada de produtos e insumos destinados ao combate \u00e0 pandemia da covid-19 no munic\u00edpio de Pedreiras\/MA.<br>A investiga\u00e7\u00e3o teve in\u00edcio a partir de informa\u00e7\u00f5es produzidas pela Central de Opera\u00e7\u00f5es Estaduais da Secretaria-Adjunta da Fazenda do Estado do Maranh\u00e3o. Informa\u00e7\u00f5es iniciais apontavam para suposta simula\u00e7\u00e3o e superfaturamento na venda de v\u00e1rios insumos e materiais que deveriam ser utilizados no combate \u00e0 pandemia, como aventais, m\u00e1scaras, ventilador eletr\u00f4nico e diversos litros de \u00e1lcool em gel.<br>Posteriormente, a pedido da Pol\u00edcia Federal, a Controladoria-Geral da Uni\u00e3o refor\u00e7ou os ind\u00edcios anteriores e trouxe elementos indicadores de fraudes em pelo menos sete processos de dispensa de licita\u00e7\u00e3o do munic\u00edpio de Pedreiras\/MA.<br>A partir dos dados fornecidas por esses \u00f3rg\u00e3os, a Pol\u00edcia Federal efetuou a an\u00e1lise de informa\u00e7\u00f5es financeiras suspeitas constantes em extratos banc\u00e1rios e confirmou movimenta\u00e7\u00f5es at\u00edpicas de pelo menos quatro empresas envolvidas, calculando preju\u00edzos aos cofres p\u00fablicos que chegam ao montante de R$ 706.678,34.<br>O modus operandi utilizado pelo grupo criminoso consistia em realizar a combina\u00e7\u00e3o e montagem de diversos processos de dispensa de licita\u00e7\u00e3o, muito comuns durante a pandemia de covid-19, a fim de justificar a contrata\u00e7\u00e3o de empresas espec\u00edficas, beneficiando empres\u00e1rios e servidores p\u00fablicos.<br>A Pol\u00edcia Federal cumpriu 20 mandados de busca e apreens\u00e3o e outras medidas diversas da pris\u00e3o decretadas para 17 alvos da opera\u00e7\u00e3o. Ao todo 66 policiais federais e 4 auditores da Controladoria-Geral da Uni\u00e3o\u00a0cumpriram as determina\u00e7\u00f5es judiciais expedidas pela 1a Vara Federal Criminal da SJMA, em decorr\u00eancia de representa\u00e7\u00e3o elaborada pela Pol\u00edcia Federal.<br>Se confirmadas as suspeitas, os investigados poder\u00e3o responder pelos crimes de fraude \u00e0 licita\u00e7\u00e3o (Art. 90, da Lei n.o 8.666\/93), peculato (Art. 312, do C\u00f3digo Penal), sonega\u00e7\u00e3o fiscal (Art. 1o, I e II, da Lei n.o 8.137\/1990), lavagem de capitais (Art. 1o, da Lei n.o 9.613\/1998) e associa\u00e7\u00e3o criminosa (Art. 288, C\u00f3digo Penal), com penas que somadas podem chegar a 34 anos de pris\u00e3o.<br>A justificativa para o nome arrivismo se baseia na qualidade de uma pessoa arrivista, que faz tudo para obter sucesso n\u00e3o se importando com as consequ\u00eancias de seus atos. S\u00e3o pessoas oportunistas, calculistas, ambiciosas e gananciosas. O nome foi escolhido devido ao fato de as fraudes ocorrerem durante o pico da pandemia da covid-19 no Brasil, o que gerou uma oportunidade para os criminosos.<\/p>\n","protected":false},"excerpt":{"rendered":"<p>A Pol\u00edcia Federal, com a participa\u00e7\u00e3o da Controladoria-Geral da Uni\u00e3o, deflagrou na manh\u00e3 desta quinta-feira (17), a OPERA\u00c7\u00c3O ARRIVISMO, nos<\/p>\n","protected":false},"author":2,"featured_media":29533,"comment_status":"open","ping_status":"open","sticky":false,"template":"","format":"standard","meta":{"colormag_page_container_layout":"default_layout","colormag_page_sidebar_layout":"default_layout","_jetpack_memberships_contains_paid_content":false,"footnotes":""},"categories":[3],"tags":[],"class_list":["post-29534","post","type-post","status-publish","format-standard","has-post-thumbnail","hentry","category-policial"],"magazineBlocksPostFeaturedMedia":{"thumbnail":false,"medium":false,"medium_large":false,"large":false,"1536x1536":false,"2048x2048":false,"colormag-highlighted-post":false,"colormag-featured-post-medium":false,"colormag-featured-post-small":false,"colormag-featured-image":false,"colormag-default-news":false,"colormag-featured-image-large":false},"magazineBlocksPostAuthor":{"name":"maranhaotv","avatar":"https:\/\/secure.gravatar.com\/avatar\/8fadbca458d4cb68b1dd399ae9a40618d747bb1af65ac9fad21c89220a143eb4?s=96&d=mm&r=g"},"magazineBlocksPostCommentsNumber":"0","magazineBlocksPostExcerpt":"A Pol\u00edcia Federal, com a participa\u00e7\u00e3o da Controladoria-Geral da Uni\u00e3o, deflagrou na manh\u00e3 desta quinta-feira (17), a OPERA\u00c7\u00c3O ARRIVISMO, nos","magazineBlocksPostCategories":["policial"],"magazineBlocksPostViewCount":179,"magazineBlocksPostReadTime":3,"magazine_blocks_featured_image_url":{"full":false,"medium":false,"thumbnail":false},"magazine_blocks_author":{"display_name":"maranhaotv","author_link":"https:\/\/maranhaotv.com.br\/index.php\/author\/maranhaotv\/"},"magazine_blocks_comment":0,"magazine_blocks_author_image":"https:\/\/secure.gravatar.com\/avatar\/8fadbca458d4cb68b1dd399ae9a40618d747bb1af65ac9fad21c89220a143eb4?s=96&d=mm&r=g","magazine_blocks_category":"<a href=\"#\" class=\"category-link category-link-3\">policial<\/a>","yoast_head":"<!-- This site is optimized with the Yoast SEO plugin v27.4 - https:\/\/yoast.com\/product\/yoast-seo-wordpress\/ -->\n<title>Pol\u00edcia Federal deflagra opera\u00e7\u00e3o em cinco prefeituras do Maranh\u00e3o - NOT\u00cdCIAS EM TEMPO REAL<\/title>\n<meta name=\"robots\" content=\"index, follow, max-snippet:-1, max-image-preview:large, max-video-preview:-1\" \/>\n<link rel=\"canonical\" href=\"https:\/\/maranhaotv.com.br\/index.php\/2022\/11\/17\/policia-federal-deflagra-operacao-em-cinco-prefeituras-do-maranhao\/\" \/>\n<meta property=\"og:locale\" content=\"pt_BR\" \/>\n<meta property=\"og:type\" content=\"article\" \/>\n<meta property=\"og:title\" content=\"Pol\u00edcia Federal deflagra opera\u00e7\u00e3o em cinco prefeituras do Maranh\u00e3o - NOT\u00cdCIAS EM TEMPO REAL\" \/>\n<meta property=\"og:description\" content=\"A Pol\u00edcia Federal, com a participa\u00e7\u00e3o da Controladoria-Geral da Uni\u00e3o, deflagrou na manh\u00e3 desta quinta-feira (17), a OPERA\u00c7\u00c3O ARRIVISMO, nos\" \/>\n<meta property=\"og:url\" content=\"https:\/\/maranhaotv.com.br\/index.php\/2022\/11\/17\/policia-federal-deflagra-operacao-em-cinco-prefeituras-do-maranhao\/\" \/>\n<meta property=\"og:site_name\" content=\"NOT\u00cdCIAS EM TEMPO REAL\" \/>\n<meta property=\"article:publisher\" content=\"https:\/\/www.facebook.com\/maiobaotv\" \/>\n<meta property=\"article:published_time\" content=\"2022-11-17T11:57:17+00:00\" \/>\n<meta name=\"author\" content=\"maranhaotv\" \/>\n<meta name=\"twitter:card\" content=\"summary_large_image\" \/>\n<meta name=\"twitter:creator\" content=\"@sitemaranhaotv\" \/>\n<meta name=\"twitter:site\" content=\"@sitemaranhaotv\" \/>\n<meta name=\"twitter:label1\" content=\"Escrito por\" \/>\n\t<meta name=\"twitter:data1\" content=\"maranhaotv\" \/>\n\t<meta name=\"twitter:label2\" content=\"Est. tempo de leitura\" \/>\n\t<meta name=\"twitter:data2\" content=\"2 minutos\" \/>\n<script type=\"application\/ld+json\" class=\"yoast-schema-graph\">{\"@context\":\"https:\\\/\\\/schema.org\",\"@graph\":[{\"@type\":\"Article\",\"@id\":\"https:\\\/\\\/maranhaotv.com.br\\\/index.php\\\/2022\\\/11\\\/17\\\/policia-federal-deflagra-operacao-em-cinco-prefeituras-do-maranhao\\\/#article\",\"isPartOf\":{\"@id\":\"https:\\\/\\\/maranhaotv.com.br\\\/index.php\\\/2022\\\/11\\\/17\\\/policia-federal-deflagra-operacao-em-cinco-prefeituras-do-maranhao\\\/\"},\"author\":{\"name\":\"maranhaotv\",\"@id\":\"https:\\\/\\\/maranhaotv.com.br\\\/#\\\/schema\\\/person\\\/3d54238e86b20bb5c89ab2fdb8f8829a\"},\"headline\":\"Pol\u00edcia Federal deflagra opera\u00e7\u00e3o em cinco prefeituras do Maranh\u00e3o\",\"datePublished\":\"2022-11-17T11:57:17+00:00\",\"mainEntityOfPage\":{\"@id\":\"https:\\\/\\\/maranhaotv.com.br\\\/index.php\\\/2022\\\/11\\\/17\\\/policia-federal-deflagra-operacao-em-cinco-prefeituras-do-maranhao\\\/\"},\"wordCount\":481,\"commentCount\":0,\"publisher\":{\"@id\":\"https:\\\/\\\/maranhaotv.com.br\\\/#organization\"},\"image\":{\"@id\":\"https:\\\/\\\/maranhaotv.com.br\\\/index.php\\\/2022\\\/11\\\/17\\\/policia-federal-deflagra-operacao-em-cinco-prefeituras-do-maranhao\\\/#primaryimage\"},\"thumbnailUrl\":\"\",\"articleSection\":[\"policial\"],\"inLanguage\":\"pt-BR\",\"potentialAction\":[{\"@type\":\"CommentAction\",\"name\":\"Comment\",\"target\":[\"https:\\\/\\\/maranhaotv.com.br\\\/index.php\\\/2022\\\/11\\\/17\\\/policia-federal-deflagra-operacao-em-cinco-prefeituras-do-maranhao\\\/#respond\"]}]},{\"@type\":\"WebPage\",\"@id\":\"https:\\\/\\\/maranhaotv.com.br\\\/index.php\\\/2022\\\/11\\\/17\\\/policia-federal-deflagra-operacao-em-cinco-prefeituras-do-maranhao\\\/\",\"url\":\"https:\\\/\\\/maranhaotv.com.br\\\/index.php\\\/2022\\\/11\\\/17\\\/policia-federal-deflagra-operacao-em-cinco-prefeituras-do-maranhao\\\/\",\"name\":\"Pol\u00edcia Federal deflagra opera\u00e7\u00e3o em cinco prefeituras do Maranh\u00e3o - NOT\u00cdCIAS EM TEMPO REAL\",\"isPartOf\":{\"@id\":\"https:\\\/\\\/maranhaotv.com.br\\\/#website\"},\"primaryImageOfPage\":{\"@id\":\"https:\\\/\\\/maranhaotv.com.br\\\/index.php\\\/2022\\\/11\\\/17\\\/policia-federal-deflagra-operacao-em-cinco-prefeituras-do-maranhao\\\/#primaryimage\"},\"image\":{\"@id\":\"https:\\\/\\\/maranhaotv.com.br\\\/index.php\\\/2022\\\/11\\\/17\\\/policia-federal-deflagra-operacao-em-cinco-prefeituras-do-maranhao\\\/#primaryimage\"},\"thumbnailUrl\":\"\",\"datePublished\":\"2022-11-17T11:57:17+00:00\",\"breadcrumb\":{\"@id\":\"https:\\\/\\\/maranhaotv.com.br\\\/index.php\\\/2022\\\/11\\\/17\\\/policia-federal-deflagra-operacao-em-cinco-prefeituras-do-maranhao\\\/#breadcrumb\"},\"inLanguage\":\"pt-BR\",\"potentialAction\":[{\"@type\":\"ReadAction\",\"target\":[\"https:\\\/\\\/maranhaotv.com.br\\\/index.php\\\/2022\\\/11\\\/17\\\/policia-federal-deflagra-operacao-em-cinco-prefeituras-do-maranhao\\\/\"]}]},{\"@type\":\"ImageObject\",\"inLanguage\":\"pt-BR\",\"@id\":\"https:\\\/\\\/maranhaotv.com.br\\\/index.php\\\/2022\\\/11\\\/17\\\/policia-federal-deflagra-operacao-em-cinco-prefeituras-do-maranhao\\\/#primaryimage\",\"url\":\"\",\"contentUrl\":\"\"},{\"@type\":\"BreadcrumbList\",\"@id\":\"https:\\\/\\\/maranhaotv.com.br\\\/index.php\\\/2022\\\/11\\\/17\\\/policia-federal-deflagra-operacao-em-cinco-prefeituras-do-maranhao\\\/#breadcrumb\",\"itemListElement\":[{\"@type\":\"ListItem\",\"position\":1,\"name\":\"In\u00edcio\",\"item\":\"https:\\\/\\\/maranhaotv.com.br\\\/\"},{\"@type\":\"ListItem\",\"position\":2,\"name\":\"Pol\u00edcia Federal deflagra opera\u00e7\u00e3o em cinco prefeituras do Maranh\u00e3o\"}]},{\"@type\":\"WebSite\",\"@id\":\"https:\\\/\\\/maranhaotv.com.br\\\/#website\",\"url\":\"https:\\\/\\\/maranhaotv.com.br\\\/\",\"name\":\"Maranh\u00e3oTV\",\"description\":\"\",\"publisher\":{\"@id\":\"https:\\\/\\\/maranhaotv.com.br\\\/#organization\"},\"potentialAction\":[{\"@type\":\"SearchAction\",\"target\":{\"@type\":\"EntryPoint\",\"urlTemplate\":\"https:\\\/\\\/maranhaotv.com.br\\\/?s={search_term_string}\"},\"query-input\":{\"@type\":\"PropertyValueSpecification\",\"valueRequired\":true,\"valueName\":\"search_term_string\"}}],\"inLanguage\":\"pt-BR\"},{\"@type\":\"Organization\",\"@id\":\"https:\\\/\\\/maranhaotv.com.br\\\/#organization\",\"name\":\"Portal de Not\u00edcias\",\"url\":\"https:\\\/\\\/maranhaotv.com.br\\\/\",\"logo\":{\"@type\":\"ImageObject\",\"inLanguage\":\"pt-BR\",\"@id\":\"https:\\\/\\\/maranhaotv.com.br\\\/#\\\/schema\\\/logo\\\/image\\\/\",\"url\":\"https:\\\/\\\/maranhaotv.com.br\\\/wp-content\\\/uploads\\\/2024\\\/05\\\/cropped-cropped-avatar-1.png\",\"contentUrl\":\"https:\\\/\\\/maranhaotv.com.br\\\/wp-content\\\/uploads\\\/2024\\\/05\\\/cropped-cropped-avatar-1.png\",\"width\":792,\"height\":428,\"caption\":\"Portal de Not\u00edcias\"},\"image\":{\"@id\":\"https:\\\/\\\/maranhaotv.com.br\\\/#\\\/schema\\\/logo\\\/image\\\/\"},\"sameAs\":[\"https:\\\/\\\/www.facebook.com\\\/maiobaotv\",\"https:\\\/\\\/x.com\\\/sitemaranhaotv\",\"https:\\\/\\\/www.instagram.com\\\/maranhao.tv\",\"https:\\\/\\\/www.threads.net\\\/@maranhao.tv\"]},{\"@type\":\"Person\",\"@id\":\"https:\\\/\\\/maranhaotv.com.br\\\/#\\\/schema\\\/person\\\/3d54238e86b20bb5c89ab2fdb8f8829a\",\"name\":\"maranhaotv\",\"image\":{\"@type\":\"ImageObject\",\"inLanguage\":\"pt-BR\",\"@id\":\"https:\\\/\\\/secure.gravatar.com\\\/avatar\\\/8fadbca458d4cb68b1dd399ae9a40618d747bb1af65ac9fad21c89220a143eb4?s=96&d=mm&r=g\",\"url\":\"https:\\\/\\\/secure.gravatar.com\\\/avatar\\\/8fadbca458d4cb68b1dd399ae9a40618d747bb1af65ac9fad21c89220a143eb4?s=96&d=mm&r=g\",\"contentUrl\":\"https:\\\/\\\/secure.gravatar.com\\\/avatar\\\/8fadbca458d4cb68b1dd399ae9a40618d747bb1af65ac9fad21c89220a143eb4?s=96&d=mm&r=g\",\"caption\":\"maranhaotv\"},\"sameAs\":[\"https:\\\/\\\/maranhaotv.com.br\\\/\"],\"url\":\"https:\\\/\\\/maranhaotv.com.br\\\/index.php\\\/author\\\/maranhaotv\\\/\"}]}<\/script>\n<!-- \/ Yoast SEO plugin. -->","yoast_head_json":{"title":"Pol\u00edcia Federal deflagra opera\u00e7\u00e3o em cinco prefeituras do Maranh\u00e3o - NOT\u00cdCIAS EM TEMPO REAL","robots":{"index":"index","follow":"follow","max-snippet":"max-snippet:-1","max-image-preview":"max-image-preview:large","max-video-preview":"max-video-preview:-1"},"canonical":"https:\/\/maranhaotv.com.br\/index.php\/2022\/11\/17\/policia-federal-deflagra-operacao-em-cinco-prefeituras-do-maranhao\/","og_locale":"pt_BR","og_type":"article","og_title":"Pol\u00edcia Federal deflagra opera\u00e7\u00e3o em cinco prefeituras do Maranh\u00e3o - NOT\u00cdCIAS EM TEMPO REAL","og_description":"A Pol\u00edcia Federal, com a participa\u00e7\u00e3o da Controladoria-Geral da Uni\u00e3o, deflagrou na manh\u00e3 desta quinta-feira (17), a OPERA\u00c7\u00c3O ARRIVISMO, nos","og_url":"https:\/\/maranhaotv.com.br\/index.php\/2022\/11\/17\/policia-federal-deflagra-operacao-em-cinco-prefeituras-do-maranhao\/","og_site_name":"NOT\u00cdCIAS EM TEMPO REAL","article_publisher":"https:\/\/www.facebook.com\/maiobaotv","article_published_time":"2022-11-17T11:57:17+00:00","author":"maranhaotv","twitter_card":"summary_large_image","twitter_creator":"@sitemaranhaotv","twitter_site":"@sitemaranhaotv","twitter_misc":{"Escrito por":"maranhaotv","Est. tempo de leitura":"2 minutos"},"schema":{"@context":"https:\/\/schema.org","@graph":[{"@type":"Article","@id":"https:\/\/maranhaotv.com.br\/index.php\/2022\/11\/17\/policia-federal-deflagra-operacao-em-cinco-prefeituras-do-maranhao\/#article","isPartOf":{"@id":"https:\/\/maranhaotv.com.br\/index.php\/2022\/11\/17\/policia-federal-deflagra-operacao-em-cinco-prefeituras-do-maranhao\/"},"author":{"name":"maranhaotv","@id":"https:\/\/maranhaotv.com.br\/#\/schema\/person\/3d54238e86b20bb5c89ab2fdb8f8829a"},"headline":"Pol\u00edcia Federal deflagra opera\u00e7\u00e3o em cinco prefeituras do Maranh\u00e3o","datePublished":"2022-11-17T11:57:17+00:00","mainEntityOfPage":{"@id":"https:\/\/maranhaotv.com.br\/index.php\/2022\/11\/17\/policia-federal-deflagra-operacao-em-cinco-prefeituras-do-maranhao\/"},"wordCount":481,"commentCount":0,"publisher":{"@id":"https:\/\/maranhaotv.com.br\/#organization"},"image":{"@id":"https:\/\/maranhaotv.com.br\/index.php\/2022\/11\/17\/policia-federal-deflagra-operacao-em-cinco-prefeituras-do-maranhao\/#primaryimage"},"thumbnailUrl":"","articleSection":["policial"],"inLanguage":"pt-BR","potentialAction":[{"@type":"CommentAction","name":"Comment","target":["https:\/\/maranhaotv.com.br\/index.php\/2022\/11\/17\/policia-federal-deflagra-operacao-em-cinco-prefeituras-do-maranhao\/#respond"]}]},{"@type":"WebPage","@id":"https:\/\/maranhaotv.com.br\/index.php\/2022\/11\/17\/policia-federal-deflagra-operacao-em-cinco-prefeituras-do-maranhao\/","url":"https:\/\/maranhaotv.com.br\/index.php\/2022\/11\/17\/policia-federal-deflagra-operacao-em-cinco-prefeituras-do-maranhao\/","name":"Pol\u00edcia Federal deflagra opera\u00e7\u00e3o em cinco prefeituras do Maranh\u00e3o - NOT\u00cdCIAS EM TEMPO REAL","isPartOf":{"@id":"https:\/\/maranhaotv.com.br\/#website"},"primaryImageOfPage":{"@id":"https:\/\/maranhaotv.com.br\/index.php\/2022\/11\/17\/policia-federal-deflagra-operacao-em-cinco-prefeituras-do-maranhao\/#primaryimage"},"image":{"@id":"https:\/\/maranhaotv.com.br\/index.php\/2022\/11\/17\/policia-federal-deflagra-operacao-em-cinco-prefeituras-do-maranhao\/#primaryimage"},"thumbnailUrl":"","datePublished":"2022-11-17T11:57:17+00:00","breadcrumb":{"@id":"https:\/\/maranhaotv.com.br\/index.php\/2022\/11\/17\/policia-federal-deflagra-operacao-em-cinco-prefeituras-do-maranhao\/#breadcrumb"},"inLanguage":"pt-BR","potentialAction":[{"@type":"ReadAction","target":["https:\/\/maranhaotv.com.br\/index.php\/2022\/11\/17\/policia-federal-deflagra-operacao-em-cinco-prefeituras-do-maranhao\/"]}]},{"@type":"ImageObject","inLanguage":"pt-BR","@id":"https:\/\/maranhaotv.com.br\/index.php\/2022\/11\/17\/policia-federal-deflagra-operacao-em-cinco-prefeituras-do-maranhao\/#primaryimage","url":"","contentUrl":""},{"@type":"BreadcrumbList","@id":"https:\/\/maranhaotv.com.br\/index.php\/2022\/11\/17\/policia-federal-deflagra-operacao-em-cinco-prefeituras-do-maranhao\/#breadcrumb","itemListElement":[{"@type":"ListItem","position":1,"name":"In\u00edcio","item":"https:\/\/maranhaotv.com.br\/"},{"@type":"ListItem","position":2,"name":"Pol\u00edcia Federal deflagra opera\u00e7\u00e3o em cinco prefeituras do Maranh\u00e3o"}]},{"@type":"WebSite","@id":"https:\/\/maranhaotv.com.br\/#website","url":"https:\/\/maranhaotv.com.br\/","name":"Maranh\u00e3oTV","description":"","publisher":{"@id":"https:\/\/maranhaotv.com.br\/#organization"},"potentialAction":[{"@type":"SearchAction","target":{"@type":"EntryPoint","urlTemplate":"https:\/\/maranhaotv.com.br\/?s={search_term_string}"},"query-input":{"@type":"PropertyValueSpecification","valueRequired":true,"valueName":"search_term_string"}}],"inLanguage":"pt-BR"},{"@type":"Organization","@id":"https:\/\/maranhaotv.com.br\/#organization","name":"Portal de Not\u00edcias","url":"https:\/\/maranhaotv.com.br\/","logo":{"@type":"ImageObject","inLanguage":"pt-BR","@id":"https:\/\/maranhaotv.com.br\/#\/schema\/logo\/image\/","url":"https:\/\/maranhaotv.com.br\/wp-content\/uploads\/2024\/05\/cropped-cropped-avatar-1.png","contentUrl":"https:\/\/maranhaotv.com.br\/wp-content\/uploads\/2024\/05\/cropped-cropped-avatar-1.png","width":792,"height":428,"caption":"Portal de Not\u00edcias"},"image":{"@id":"https:\/\/maranhaotv.com.br\/#\/schema\/logo\/image\/"},"sameAs":["https:\/\/www.facebook.com\/maiobaotv","https:\/\/x.com\/sitemaranhaotv","https:\/\/www.instagram.com\/maranhao.tv","https:\/\/www.threads.net\/@maranhao.tv"]},{"@type":"Person","@id":"https:\/\/maranhaotv.com.br\/#\/schema\/person\/3d54238e86b20bb5c89ab2fdb8f8829a","name":"maranhaotv","image":{"@type":"ImageObject","inLanguage":"pt-BR","@id":"https:\/\/secure.gravatar.com\/avatar\/8fadbca458d4cb68b1dd399ae9a40618d747bb1af65ac9fad21c89220a143eb4?s=96&d=mm&r=g","url":"https:\/\/secure.gravatar.com\/avatar\/8fadbca458d4cb68b1dd399ae9a40618d747bb1af65ac9fad21c89220a143eb4?s=96&d=mm&r=g","contentUrl":"https:\/\/secure.gravatar.com\/avatar\/8fadbca458d4cb68b1dd399ae9a40618d747bb1af65ac9fad21c89220a143eb4?s=96&d=mm&r=g","caption":"maranhaotv"},"sameAs":["https:\/\/maranhaotv.com.br\/"],"url":"https:\/\/maranhaotv.com.br\/index.php\/author\/maranhaotv\/"}]}},"jetpack_featured_media_url":"","jetpack_sharing_enabled":true,"_links":{"self":[{"href":"https:\/\/maranhaotv.com.br\/index.php\/wp-json\/wp\/v2\/posts\/29534","targetHints":{"allow":["GET"]}}],"collection":[{"href":"https:\/\/maranhaotv.com.br\/index.php\/wp-json\/wp\/v2\/posts"}],"about":[{"href":"https:\/\/maranhaotv.com.br\/index.php\/wp-json\/wp\/v2\/types\/post"}],"author":[{"embeddable":true,"href":"https:\/\/maranhaotv.com.br\/index.php\/wp-json\/wp\/v2\/users\/2"}],"replies":[{"embeddable":true,"href":"https:\/\/maranhaotv.com.br\/index.php\/wp-json\/wp\/v2\/comments?post=29534"}],"version-history":[{"count":0,"href":"https:\/\/maranhaotv.com.br\/index.php\/wp-json\/wp\/v2\/posts\/29534\/revisions"}],"wp:featuredmedia":[{"embeddable":true,"href":"https:\/\/maranhaotv.com.br\/index.php\/wp-json\/"}],"wp:attachment":[{"href":"https:\/\/maranhaotv.com.br\/index.php\/wp-json\/wp\/v2\/media?parent=29534"}],"wp:term":[{"taxonomy":"category","embeddable":true,"href":"https:\/\/maranhaotv.com.br\/index.php\/wp-json\/wp\/v2\/categories?post=29534"},{"taxonomy":"post_tag","embeddable":true,"href":"https:\/\/maranhaotv.com.br\/index.php\/wp-json\/wp\/v2\/tags?post=29534"}],"curies":[{"name":"wp","href":"https:\/\/api.w.org\/{rel}","templated":true}]}}