{"id":29537,"date":"2022-11-18T08:58:59","date_gmt":"2022-11-18T11:58:59","guid":{"rendered":"https:\/\/maranhaotv.com.br\/?p=29537"},"modified":"2022-11-18T08:58:59","modified_gmt":"2022-11-18T11:58:59","slug":"carlos-lula-cobra-prefeitos-de-sao-luis-e-imperatriz-gratuidade-no-transporte-durante-provas-do-enem","status":"publish","type":"post","link":"https:\/\/maranhaotv.com.br\/index.php\/2022\/11\/18\/carlos-lula-cobra-prefeitos-de-sao-luis-e-imperatriz-gratuidade-no-transporte-durante-provas-do-enem\/","title":{"rendered":"Carlos Lula cobra prefeitos de S\u00e3o Lu\u00eds e Imperatriz gratuidade no transporte durante provas do ENEM"},"content":{"rendered":"\n<p><br>No primeiro dia das provas do Exame Nacional de Ensino M\u00e9dio (ENEM), no \u00faltimo domingo, capitais &#8211; como Goi\u00e2nia &#8211; concederam gratuidade no transporte p\u00fablico aos candidatos. Em S\u00e3o Lu\u00eds, o deputado estadual eleito, Carlos Lula (PSB), criticou o prefeito Eduardo Braide por n\u00e3o conceder o benef\u00edcio que ajudaria cerca de 39 mil estudantes na capital maranhense. <br><br>\u201cA Prefeitura de S\u00e3o Lu\u00eds n\u00e3o ofereceu gratuidade no transporte p\u00fablico, na contram\u00e3o de tantas cidades que o fizeram. Se acertou nas elei\u00e7\u00f5es, nessa o prefeito errou. Espero que no pr\u00f3ximo domingo ele possa rever sua posi\u00e7\u00e3o\u201d, tuitou.<br><br>Nesta quinta-feira (17), o governador Carlos Brand\u00e3o (PSB) anunciou a gratuidade no transporte semiurbano nas duas maiores cidades do estado na conta oficial no Twitter.<br><br>\u201cAutorizei a gratuidade no transporte semiurbano na regi\u00e3o metropolitana de S\u00e3o Lu\u00eds e de Imperatriz, neste domingo (20), para os estudantes que far\u00e3o o Enem. O benef\u00edcio ser\u00e1 concedido no cart\u00e3o de estudante\u201d, escreveu.<br><br>Mesmo com a medida do Governo do Estado, as prefeituras das cidades de S\u00e3o Lu\u00eds e Imperatriz det\u00eam a maior frota de ve\u00edculos que realizam o transporte p\u00fablico dos estudantes nas duas cidades. At\u00e9 o momento, os prefeitos n\u00e3o se pronunciaram sobre o assunto e novamente foram cobrados por Carlos Lula, que tamb\u00e9m elogiou a medida anunciada por Brand\u00e3o.<br><br>\u201cMedida acertada e justa, Governador! Agora vamos aguardar os prefeitos de S\u00e3o Lu\u00eds e Imperatriz fazerem o mesmo\u201d, publicou.<\/p>\n","protected":false},"excerpt":{"rendered":"<p>No primeiro dia das provas do Exame Nacional de Ensino M\u00e9dio (ENEM), no \u00faltimo domingo, capitais &#8211; como Goi\u00e2nia &#8211;<\/p>\n","protected":false},"author":2,"featured_media":29536,"comment_status":"open","ping_status":"open","sticky":false,"template":"","format":"standard","meta":{"colormag_page_container_layout":"default_layout","colormag_page_sidebar_layout":"default_layout","_jetpack_memberships_contains_paid_content":false,"footnotes":""},"categories":[2],"tags":[],"class_list":["post-29537","post","type-post","status-publish","format-standard","has-post-thumbnail","hentry","category-noticias"],"magazineBlocksPostFeaturedMedia":{"thumbnail":false,"medium":false,"medium_large":false,"large":false,"1536x1536":false,"2048x2048":false,"colormag-highlighted-post":false,"colormag-featured-post-medium":false,"colormag-featured-post-small":false,"colormag-featured-image":false,"colormag-default-news":false,"colormag-featured-image-large":false},"magazineBlocksPostAuthor":{"name":"maranhaotv","avatar":"https:\/\/secure.gravatar.com\/avatar\/8fadbca458d4cb68b1dd399ae9a40618d747bb1af65ac9fad21c89220a143eb4?s=96&d=mm&r=g"},"magazineBlocksPostCommentsNumber":"0","magazineBlocksPostExcerpt":"No primeiro dia das provas do Exame Nacional de Ensino M\u00e9dio (ENEM), no \u00faltimo domingo, capitais &#8211; como Goi\u00e2nia &#8211;","magazineBlocksPostCategories":["not\u00edcias"],"magazineBlocksPostViewCount":137,"magazineBlocksPostReadTime":2,"magazine_blocks_featured_image_url":{"full":false,"medium":false,"thumbnail":false},"magazine_blocks_author":{"display_name":"maranhaotv","author_link":"https:\/\/maranhaotv.com.br\/index.php\/author\/maranhaotv\/"},"magazine_blocks_comment":0,"magazine_blocks_author_image":"https:\/\/secure.gravatar.com\/avatar\/8fadbca458d4cb68b1dd399ae9a40618d747bb1af65ac9fad21c89220a143eb4?s=96&d=mm&r=g","magazine_blocks_category":"<a href=\"#\" class=\"category-link category-link-2\">not\u00edcias<\/a>","yoast_head":"<!-- This site is optimized with the Yoast SEO plugin v27.4 - https:\/\/yoast.com\/product\/yoast-seo-wordpress\/ -->\n<title>Carlos Lula cobra prefeitos de S\u00e3o Lu\u00eds e Imperatriz gratuidade no transporte durante provas do ENEM - NOT\u00cdCIAS EM TEMPO REAL<\/title>\n<meta name=\"robots\" content=\"index, follow, max-snippet:-1, max-image-preview:large, max-video-preview:-1\" \/>\n<link rel=\"canonical\" href=\"https:\/\/maranhaotv.com.br\/index.php\/2022\/11\/18\/carlos-lula-cobra-prefeitos-de-sao-luis-e-imperatriz-gratuidade-no-transporte-durante-provas-do-enem\/\" \/>\n<meta property=\"og:locale\" content=\"pt_BR\" \/>\n<meta property=\"og:type\" content=\"article\" \/>\n<meta property=\"og:title\" content=\"Carlos Lula cobra prefeitos de S\u00e3o Lu\u00eds e Imperatriz gratuidade no transporte durante provas do ENEM - NOT\u00cdCIAS EM TEMPO REAL\" \/>\n<meta property=\"og:description\" content=\"No primeiro dia das provas do Exame Nacional de Ensino M\u00e9dio (ENEM), no \u00faltimo domingo, capitais &#8211; como Goi\u00e2nia &#8211;\" \/>\n<meta property=\"og:url\" content=\"https:\/\/maranhaotv.com.br\/index.php\/2022\/11\/18\/carlos-lula-cobra-prefeitos-de-sao-luis-e-imperatriz-gratuidade-no-transporte-durante-provas-do-enem\/\" \/>\n<meta property=\"og:site_name\" content=\"NOT\u00cdCIAS EM TEMPO REAL\" \/>\n<meta property=\"article:publisher\" content=\"https:\/\/www.facebook.com\/maiobaotv\" \/>\n<meta property=\"article:published_time\" content=\"2022-11-18T11:58:59+00:00\" \/>\n<meta name=\"author\" content=\"maranhaotv\" \/>\n<meta name=\"twitter:card\" content=\"summary_large_image\" \/>\n<meta name=\"twitter:creator\" content=\"@sitemaranhaotv\" \/>\n<meta name=\"twitter:site\" content=\"@sitemaranhaotv\" \/>\n<meta name=\"twitter:label1\" content=\"Escrito por\" \/>\n\t<meta name=\"twitter:data1\" content=\"maranhaotv\" \/>\n\t<meta name=\"twitter:label2\" content=\"Est. tempo de leitura\" \/>\n\t<meta name=\"twitter:data2\" content=\"1 minuto\" \/>\n<script type=\"application\/ld+json\" class=\"yoast-schema-graph\">{\"@context\":\"https:\\\/\\\/schema.org\",\"@graph\":[{\"@type\":\"Article\",\"@id\":\"https:\\\/\\\/maranhaotv.com.br\\\/index.php\\\/2022\\\/11\\\/18\\\/carlos-lula-cobra-prefeitos-de-sao-luis-e-imperatriz-gratuidade-no-transporte-durante-provas-do-enem\\\/#article\",\"isPartOf\":{\"@id\":\"https:\\\/\\\/maranhaotv.com.br\\\/index.php\\\/2022\\\/11\\\/18\\\/carlos-lula-cobra-prefeitos-de-sao-luis-e-imperatriz-gratuidade-no-transporte-durante-provas-do-enem\\\/\"},\"author\":{\"name\":\"maranhaotv\",\"@id\":\"https:\\\/\\\/maranhaotv.com.br\\\/#\\\/schema\\\/person\\\/3d54238e86b20bb5c89ab2fdb8f8829a\"},\"headline\":\"Carlos Lula cobra prefeitos de S\u00e3o Lu\u00eds e Imperatriz gratuidade no transporte durante provas do ENEM\",\"datePublished\":\"2022-11-18T11:58:59+00:00\",\"mainEntityOfPage\":{\"@id\":\"https:\\\/\\\/maranhaotv.com.br\\\/index.php\\\/2022\\\/11\\\/18\\\/carlos-lula-cobra-prefeitos-de-sao-luis-e-imperatriz-gratuidade-no-transporte-durante-provas-do-enem\\\/\"},\"wordCount\":279,\"commentCount\":0,\"publisher\":{\"@id\":\"https:\\\/\\\/maranhaotv.com.br\\\/#organization\"},\"image\":{\"@id\":\"https:\\\/\\\/maranhaotv.com.br\\\/index.php\\\/2022\\\/11\\\/18\\\/carlos-lula-cobra-prefeitos-de-sao-luis-e-imperatriz-gratuidade-no-transporte-durante-provas-do-enem\\\/#primaryimage\"},\"thumbnailUrl\":\"\",\"articleSection\":[\"not\u00edcias\"],\"inLanguage\":\"pt-BR\",\"potentialAction\":[{\"@type\":\"CommentAction\",\"name\":\"Comment\",\"target\":[\"https:\\\/\\\/maranhaotv.com.br\\\/index.php\\\/2022\\\/11\\\/18\\\/carlos-lula-cobra-prefeitos-de-sao-luis-e-imperatriz-gratuidade-no-transporte-durante-provas-do-enem\\\/#respond\"]}]},{\"@type\":\"WebPage\",\"@id\":\"https:\\\/\\\/maranhaotv.com.br\\\/index.php\\\/2022\\\/11\\\/18\\\/carlos-lula-cobra-prefeitos-de-sao-luis-e-imperatriz-gratuidade-no-transporte-durante-provas-do-enem\\\/\",\"url\":\"https:\\\/\\\/maranhaotv.com.br\\\/index.php\\\/2022\\\/11\\\/18\\\/carlos-lula-cobra-prefeitos-de-sao-luis-e-imperatriz-gratuidade-no-transporte-durante-provas-do-enem\\\/\",\"name\":\"Carlos Lula cobra prefeitos de S\u00e3o Lu\u00eds e Imperatriz gratuidade no transporte durante provas do ENEM - NOT\u00cdCIAS EM TEMPO REAL\",\"isPartOf\":{\"@id\":\"https:\\\/\\\/maranhaotv.com.br\\\/#website\"},\"primaryImageOfPage\":{\"@id\":\"https:\\\/\\\/maranhaotv.com.br\\\/index.php\\\/2022\\\/11\\\/18\\\/carlos-lula-cobra-prefeitos-de-sao-luis-e-imperatriz-gratuidade-no-transporte-durante-provas-do-enem\\\/#primaryimage\"},\"image\":{\"@id\":\"https:\\\/\\\/maranhaotv.com.br\\\/index.php\\\/2022\\\/11\\\/18\\\/carlos-lula-cobra-prefeitos-de-sao-luis-e-imperatriz-gratuidade-no-transporte-durante-provas-do-enem\\\/#primaryimage\"},\"thumbnailUrl\":\"\",\"datePublished\":\"2022-11-18T11:58:59+00:00\",\"breadcrumb\":{\"@id\":\"https:\\\/\\\/maranhaotv.com.br\\\/index.php\\\/2022\\\/11\\\/18\\\/carlos-lula-cobra-prefeitos-de-sao-luis-e-imperatriz-gratuidade-no-transporte-durante-provas-do-enem\\\/#breadcrumb\"},\"inLanguage\":\"pt-BR\",\"potentialAction\":[{\"@type\":\"ReadAction\",\"target\":[\"https:\\\/\\\/maranhaotv.com.br\\\/index.php\\\/2022\\\/11\\\/18\\\/carlos-lula-cobra-prefeitos-de-sao-luis-e-imperatriz-gratuidade-no-transporte-durante-provas-do-enem\\\/\"]}]},{\"@type\":\"ImageObject\",\"inLanguage\":\"pt-BR\",\"@id\":\"https:\\\/\\\/maranhaotv.com.br\\\/index.php\\\/2022\\\/11\\\/18\\\/carlos-lula-cobra-prefeitos-de-sao-luis-e-imperatriz-gratuidade-no-transporte-durante-provas-do-enem\\\/#primaryimage\",\"url\":\"\",\"contentUrl\":\"\"},{\"@type\":\"BreadcrumbList\",\"@id\":\"https:\\\/\\\/maranhaotv.com.br\\\/index.php\\\/2022\\\/11\\\/18\\\/carlos-lula-cobra-prefeitos-de-sao-luis-e-imperatriz-gratuidade-no-transporte-durante-provas-do-enem\\\/#breadcrumb\",\"itemListElement\":[{\"@type\":\"ListItem\",\"position\":1,\"name\":\"In\u00edcio\",\"item\":\"https:\\\/\\\/maranhaotv.com.br\\\/\"},{\"@type\":\"ListItem\",\"position\":2,\"name\":\"Carlos Lula cobra prefeitos de S\u00e3o Lu\u00eds e Imperatriz gratuidade no transporte durante provas do ENEM\"}]},{\"@type\":\"WebSite\",\"@id\":\"https:\\\/\\\/maranhaotv.com.br\\\/#website\",\"url\":\"https:\\\/\\\/maranhaotv.com.br\\\/\",\"name\":\"Maranh\u00e3oTV\",\"description\":\"\",\"publisher\":{\"@id\":\"https:\\\/\\\/maranhaotv.com.br\\\/#organization\"},\"potentialAction\":[{\"@type\":\"SearchAction\",\"target\":{\"@type\":\"EntryPoint\",\"urlTemplate\":\"https:\\\/\\\/maranhaotv.com.br\\\/?s={search_term_string}\"},\"query-input\":{\"@type\":\"PropertyValueSpecification\",\"valueRequired\":true,\"valueName\":\"search_term_string\"}}],\"inLanguage\":\"pt-BR\"},{\"@type\":\"Organization\",\"@id\":\"https:\\\/\\\/maranhaotv.com.br\\\/#organization\",\"name\":\"Portal de Not\u00edcias\",\"url\":\"https:\\\/\\\/maranhaotv.com.br\\\/\",\"logo\":{\"@type\":\"ImageObject\",\"inLanguage\":\"pt-BR\",\"@id\":\"https:\\\/\\\/maranhaotv.com.br\\\/#\\\/schema\\\/logo\\\/image\\\/\",\"url\":\"https:\\\/\\\/maranhaotv.com.br\\\/wp-content\\\/uploads\\\/2024\\\/05\\\/cropped-cropped-avatar-1.png\",\"contentUrl\":\"https:\\\/\\\/maranhaotv.com.br\\\/wp-content\\\/uploads\\\/2024\\\/05\\\/cropped-cropped-avatar-1.png\",\"width\":792,\"height\":428,\"caption\":\"Portal de Not\u00edcias\"},\"image\":{\"@id\":\"https:\\\/\\\/maranhaotv.com.br\\\/#\\\/schema\\\/logo\\\/image\\\/\"},\"sameAs\":[\"https:\\\/\\\/www.facebook.com\\\/maiobaotv\",\"https:\\\/\\\/x.com\\\/sitemaranhaotv\",\"https:\\\/\\\/www.instagram.com\\\/maranhao.tv\",\"https:\\\/\\\/www.threads.net\\\/@maranhao.tv\"]},{\"@type\":\"Person\",\"@id\":\"https:\\\/\\\/maranhaotv.com.br\\\/#\\\/schema\\\/person\\\/3d54238e86b20bb5c89ab2fdb8f8829a\",\"name\":\"maranhaotv\",\"image\":{\"@type\":\"ImageObject\",\"inLanguage\":\"pt-BR\",\"@id\":\"https:\\\/\\\/secure.gravatar.com\\\/avatar\\\/8fadbca458d4cb68b1dd399ae9a40618d747bb1af65ac9fad21c89220a143eb4?s=96&d=mm&r=g\",\"url\":\"https:\\\/\\\/secure.gravatar.com\\\/avatar\\\/8fadbca458d4cb68b1dd399ae9a40618d747bb1af65ac9fad21c89220a143eb4?s=96&d=mm&r=g\",\"contentUrl\":\"https:\\\/\\\/secure.gravatar.com\\\/avatar\\\/8fadbca458d4cb68b1dd399ae9a40618d747bb1af65ac9fad21c89220a143eb4?s=96&d=mm&r=g\",\"caption\":\"maranhaotv\"},\"sameAs\":[\"https:\\\/\\\/maranhaotv.com.br\\\/\"],\"url\":\"https:\\\/\\\/maranhaotv.com.br\\\/index.php\\\/author\\\/maranhaotv\\\/\"}]}<\/script>\n<!-- \/ Yoast SEO plugin. -->","yoast_head_json":{"title":"Carlos Lula cobra prefeitos de S\u00e3o Lu\u00eds e Imperatriz gratuidade no transporte durante provas do ENEM - NOT\u00cdCIAS EM TEMPO REAL","robots":{"index":"index","follow":"follow","max-snippet":"max-snippet:-1","max-image-preview":"max-image-preview:large","max-video-preview":"max-video-preview:-1"},"canonical":"https:\/\/maranhaotv.com.br\/index.php\/2022\/11\/18\/carlos-lula-cobra-prefeitos-de-sao-luis-e-imperatriz-gratuidade-no-transporte-durante-provas-do-enem\/","og_locale":"pt_BR","og_type":"article","og_title":"Carlos Lula cobra prefeitos de S\u00e3o Lu\u00eds e Imperatriz gratuidade no transporte durante provas do ENEM - NOT\u00cdCIAS EM TEMPO REAL","og_description":"No primeiro dia das provas do Exame Nacional de Ensino M\u00e9dio (ENEM), no \u00faltimo domingo, capitais &#8211; como Goi\u00e2nia &#8211;","og_url":"https:\/\/maranhaotv.com.br\/index.php\/2022\/11\/18\/carlos-lula-cobra-prefeitos-de-sao-luis-e-imperatriz-gratuidade-no-transporte-durante-provas-do-enem\/","og_site_name":"NOT\u00cdCIAS EM TEMPO REAL","article_publisher":"https:\/\/www.facebook.com\/maiobaotv","article_published_time":"2022-11-18T11:58:59+00:00","author":"maranhaotv","twitter_card":"summary_large_image","twitter_creator":"@sitemaranhaotv","twitter_site":"@sitemaranhaotv","twitter_misc":{"Escrito por":"maranhaotv","Est. tempo de leitura":"1 minuto"},"schema":{"@context":"https:\/\/schema.org","@graph":[{"@type":"Article","@id":"https:\/\/maranhaotv.com.br\/index.php\/2022\/11\/18\/carlos-lula-cobra-prefeitos-de-sao-luis-e-imperatriz-gratuidade-no-transporte-durante-provas-do-enem\/#article","isPartOf":{"@id":"https:\/\/maranhaotv.com.br\/index.php\/2022\/11\/18\/carlos-lula-cobra-prefeitos-de-sao-luis-e-imperatriz-gratuidade-no-transporte-durante-provas-do-enem\/"},"author":{"name":"maranhaotv","@id":"https:\/\/maranhaotv.com.br\/#\/schema\/person\/3d54238e86b20bb5c89ab2fdb8f8829a"},"headline":"Carlos Lula cobra prefeitos de S\u00e3o Lu\u00eds e Imperatriz gratuidade no transporte durante provas do ENEM","datePublished":"2022-11-18T11:58:59+00:00","mainEntityOfPage":{"@id":"https:\/\/maranhaotv.com.br\/index.php\/2022\/11\/18\/carlos-lula-cobra-prefeitos-de-sao-luis-e-imperatriz-gratuidade-no-transporte-durante-provas-do-enem\/"},"wordCount":279,"commentCount":0,"publisher":{"@id":"https:\/\/maranhaotv.com.br\/#organization"},"image":{"@id":"https:\/\/maranhaotv.com.br\/index.php\/2022\/11\/18\/carlos-lula-cobra-prefeitos-de-sao-luis-e-imperatriz-gratuidade-no-transporte-durante-provas-do-enem\/#primaryimage"},"thumbnailUrl":"","articleSection":["not\u00edcias"],"inLanguage":"pt-BR","potentialAction":[{"@type":"CommentAction","name":"Comment","target":["https:\/\/maranhaotv.com.br\/index.php\/2022\/11\/18\/carlos-lula-cobra-prefeitos-de-sao-luis-e-imperatriz-gratuidade-no-transporte-durante-provas-do-enem\/#respond"]}]},{"@type":"WebPage","@id":"https:\/\/maranhaotv.com.br\/index.php\/2022\/11\/18\/carlos-lula-cobra-prefeitos-de-sao-luis-e-imperatriz-gratuidade-no-transporte-durante-provas-do-enem\/","url":"https:\/\/maranhaotv.com.br\/index.php\/2022\/11\/18\/carlos-lula-cobra-prefeitos-de-sao-luis-e-imperatriz-gratuidade-no-transporte-durante-provas-do-enem\/","name":"Carlos Lula cobra prefeitos de S\u00e3o Lu\u00eds e Imperatriz gratuidade no transporte durante provas do ENEM - NOT\u00cdCIAS EM TEMPO REAL","isPartOf":{"@id":"https:\/\/maranhaotv.com.br\/#website"},"primaryImageOfPage":{"@id":"https:\/\/maranhaotv.com.br\/index.php\/2022\/11\/18\/carlos-lula-cobra-prefeitos-de-sao-luis-e-imperatriz-gratuidade-no-transporte-durante-provas-do-enem\/#primaryimage"},"image":{"@id":"https:\/\/maranhaotv.com.br\/index.php\/2022\/11\/18\/carlos-lula-cobra-prefeitos-de-sao-luis-e-imperatriz-gratuidade-no-transporte-durante-provas-do-enem\/#primaryimage"},"thumbnailUrl":"","datePublished":"2022-11-18T11:58:59+00:00","breadcrumb":{"@id":"https:\/\/maranhaotv.com.br\/index.php\/2022\/11\/18\/carlos-lula-cobra-prefeitos-de-sao-luis-e-imperatriz-gratuidade-no-transporte-durante-provas-do-enem\/#breadcrumb"},"inLanguage":"pt-BR","potentialAction":[{"@type":"ReadAction","target":["https:\/\/maranhaotv.com.br\/index.php\/2022\/11\/18\/carlos-lula-cobra-prefeitos-de-sao-luis-e-imperatriz-gratuidade-no-transporte-durante-provas-do-enem\/"]}]},{"@type":"ImageObject","inLanguage":"pt-BR","@id":"https:\/\/maranhaotv.com.br\/index.php\/2022\/11\/18\/carlos-lula-cobra-prefeitos-de-sao-luis-e-imperatriz-gratuidade-no-transporte-durante-provas-do-enem\/#primaryimage","url":"","contentUrl":""},{"@type":"BreadcrumbList","@id":"https:\/\/maranhaotv.com.br\/index.php\/2022\/11\/18\/carlos-lula-cobra-prefeitos-de-sao-luis-e-imperatriz-gratuidade-no-transporte-durante-provas-do-enem\/#breadcrumb","itemListElement":[{"@type":"ListItem","position":1,"name":"In\u00edcio","item":"https:\/\/maranhaotv.com.br\/"},{"@type":"ListItem","position":2,"name":"Carlos Lula cobra prefeitos de S\u00e3o Lu\u00eds e Imperatriz gratuidade no transporte durante provas do ENEM"}]},{"@type":"WebSite","@id":"https:\/\/maranhaotv.com.br\/#website","url":"https:\/\/maranhaotv.com.br\/","name":"Maranh\u00e3oTV","description":"","publisher":{"@id":"https:\/\/maranhaotv.com.br\/#organization"},"potentialAction":[{"@type":"SearchAction","target":{"@type":"EntryPoint","urlTemplate":"https:\/\/maranhaotv.com.br\/?s={search_term_string}"},"query-input":{"@type":"PropertyValueSpecification","valueRequired":true,"valueName":"search_term_string"}}],"inLanguage":"pt-BR"},{"@type":"Organization","@id":"https:\/\/maranhaotv.com.br\/#organization","name":"Portal de Not\u00edcias","url":"https:\/\/maranhaotv.com.br\/","logo":{"@type":"ImageObject","inLanguage":"pt-BR","@id":"https:\/\/maranhaotv.com.br\/#\/schema\/logo\/image\/","url":"https:\/\/maranhaotv.com.br\/wp-content\/uploads\/2024\/05\/cropped-cropped-avatar-1.png","contentUrl":"https:\/\/maranhaotv.com.br\/wp-content\/uploads\/2024\/05\/cropped-cropped-avatar-1.png","width":792,"height":428,"caption":"Portal de Not\u00edcias"},"image":{"@id":"https:\/\/maranhaotv.com.br\/#\/schema\/logo\/image\/"},"sameAs":["https:\/\/www.facebook.com\/maiobaotv","https:\/\/x.com\/sitemaranhaotv","https:\/\/www.instagram.com\/maranhao.tv","https:\/\/www.threads.net\/@maranhao.tv"]},{"@type":"Person","@id":"https:\/\/maranhaotv.com.br\/#\/schema\/person\/3d54238e86b20bb5c89ab2fdb8f8829a","name":"maranhaotv","image":{"@type":"ImageObject","inLanguage":"pt-BR","@id":"https:\/\/secure.gravatar.com\/avatar\/8fadbca458d4cb68b1dd399ae9a40618d747bb1af65ac9fad21c89220a143eb4?s=96&d=mm&r=g","url":"https:\/\/secure.gravatar.com\/avatar\/8fadbca458d4cb68b1dd399ae9a40618d747bb1af65ac9fad21c89220a143eb4?s=96&d=mm&r=g","contentUrl":"https:\/\/secure.gravatar.com\/avatar\/8fadbca458d4cb68b1dd399ae9a40618d747bb1af65ac9fad21c89220a143eb4?s=96&d=mm&r=g","caption":"maranhaotv"},"sameAs":["https:\/\/maranhaotv.com.br\/"],"url":"https:\/\/maranhaotv.com.br\/index.php\/author\/maranhaotv\/"}]}},"jetpack_featured_media_url":"","jetpack_sharing_enabled":true,"_links":{"self":[{"href":"https:\/\/maranhaotv.com.br\/index.php\/wp-json\/wp\/v2\/posts\/29537","targetHints":{"allow":["GET"]}}],"collection":[{"href":"https:\/\/maranhaotv.com.br\/index.php\/wp-json\/wp\/v2\/posts"}],"about":[{"href":"https:\/\/maranhaotv.com.br\/index.php\/wp-json\/wp\/v2\/types\/post"}],"author":[{"embeddable":true,"href":"https:\/\/maranhaotv.com.br\/index.php\/wp-json\/wp\/v2\/users\/2"}],"replies":[{"embeddable":true,"href":"https:\/\/maranhaotv.com.br\/index.php\/wp-json\/wp\/v2\/comments?post=29537"}],"version-history":[{"count":0,"href":"https:\/\/maranhaotv.com.br\/index.php\/wp-json\/wp\/v2\/posts\/29537\/revisions"}],"wp:featuredmedia":[{"embeddable":true,"href":"https:\/\/maranhaotv.com.br\/index.php\/wp-json\/"}],"wp:attachment":[{"href":"https:\/\/maranhaotv.com.br\/index.php\/wp-json\/wp\/v2\/media?parent=29537"}],"wp:term":[{"taxonomy":"category","embeddable":true,"href":"https:\/\/maranhaotv.com.br\/index.php\/wp-json\/wp\/v2\/categories?post=29537"},{"taxonomy":"post_tag","embeddable":true,"href":"https:\/\/maranhaotv.com.br\/index.php\/wp-json\/wp\/v2\/tags?post=29537"}],"curies":[{"name":"wp","href":"https:\/\/api.w.org\/{rel}","templated":true}]}}