{"id":29550,"date":"2022-11-21T14:50:36","date_gmt":"2022-11-21T17:50:36","guid":{"rendered":"https:\/\/maranhaotv.com.br\/?p=29550"},"modified":"2022-11-21T14:50:36","modified_gmt":"2022-11-21T17:50:36","slug":"crianca-de-4-anos-e-encontrada-morta-dentro-de-poco-com-sinais-de-violencia-sexual-em-viana","status":"publish","type":"post","link":"https:\/\/maranhaotv.com.br\/index.php\/2022\/11\/21\/crianca-de-4-anos-e-encontrada-morta-dentro-de-poco-com-sinais-de-violencia-sexual-em-viana\/","title":{"rendered":"Crian\u00e7a de 4 anos \u00e9 encontrada morta dentro de po\u00e7o com sinais de viol\u00eancia sexual em Viana"},"content":{"rendered":"\n<p>A pol\u00edcia investiga a morte de uma crian\u00e7a, de quatro anos de idade, que foi encontrada dentro de um po\u00e7o, no munic\u00edpio de Viana. A menina havia desaparecido por volta das 18h da \u00faltima sexta-feira (18) e foi encontrada cerca de tr\u00eas horas depois j\u00e1 sem vida.<br><br>Ela foi encaminhada ao Hospital Regional de Viana, onde os m\u00e9dicos constataram que a pequena Adylla Vit\u00f3ria Botelho Ribeiro tinha sinais de viol\u00eancia sexual. A suspeita \u00e9 de que ela tenha sido jogada dentro do po\u00e7o. O corpo foi encaminhado a S\u00e3o Lu\u00eds para a per\u00edcia.\u00a0<br><br>Nesta semana, a pol\u00edcia come\u00e7a a ouvir parentes e pessoas pr\u00f3ximas da v\u00edtima para tentar esclarecer o crime.<\/p>\n","protected":false},"excerpt":{"rendered":"<p>A pol\u00edcia investiga a morte de uma crian\u00e7a, de quatro anos de idade, que foi encontrada dentro de um po\u00e7o,<\/p>\n","protected":false},"author":2,"featured_media":29549,"comment_status":"open","ping_status":"open","sticky":false,"template":"","format":"standard","meta":{"colormag_page_container_layout":"default_layout","colormag_page_sidebar_layout":"default_layout","_jetpack_memberships_contains_paid_content":false,"footnotes":""},"categories":[3],"tags":[],"class_list":["post-29550","post","type-post","status-publish","format-standard","has-post-thumbnail","hentry","category-policial"],"magazineBlocksPostFeaturedMedia":{"thumbnail":false,"medium":false,"medium_large":false,"large":false,"1536x1536":false,"2048x2048":false,"colormag-highlighted-post":false,"colormag-featured-post-medium":false,"colormag-featured-post-small":false,"colormag-featured-image":false,"colormag-default-news":false,"colormag-featured-image-large":false},"magazineBlocksPostAuthor":{"name":"maranhaotv","avatar":"https:\/\/secure.gravatar.com\/avatar\/8fadbca458d4cb68b1dd399ae9a40618d747bb1af65ac9fad21c89220a143eb4?s=96&d=mm&r=g"},"magazineBlocksPostCommentsNumber":"0","magazineBlocksPostExcerpt":"A pol\u00edcia investiga a morte de uma crian\u00e7a, de quatro anos de idade, que foi encontrada dentro de um po\u00e7o,","magazineBlocksPostCategories":["policial"],"magazineBlocksPostViewCount":303,"magazineBlocksPostReadTime":1,"magazine_blocks_featured_image_url":{"full":false,"medium":false,"thumbnail":false},"magazine_blocks_author":{"display_name":"maranhaotv","author_link":"https:\/\/maranhaotv.com.br\/index.php\/author\/maranhaotv\/"},"magazine_blocks_comment":0,"magazine_blocks_author_image":"https:\/\/secure.gravatar.com\/avatar\/8fadbca458d4cb68b1dd399ae9a40618d747bb1af65ac9fad21c89220a143eb4?s=96&d=mm&r=g","magazine_blocks_category":"<a href=\"#\" class=\"category-link category-link-3\">policial<\/a>","yoast_head":"<!-- This site is optimized with the Yoast SEO plugin v27.4 - https:\/\/yoast.com\/product\/yoast-seo-wordpress\/ -->\n<title>Crian\u00e7a de 4 anos \u00e9 encontrada morta dentro de po\u00e7o com sinais de viol\u00eancia sexual em Viana - NOT\u00cdCIAS EM TEMPO REAL<\/title>\n<meta name=\"robots\" content=\"index, follow, max-snippet:-1, max-image-preview:large, max-video-preview:-1\" \/>\n<link rel=\"canonical\" href=\"https:\/\/maranhaotv.com.br\/index.php\/2022\/11\/21\/crianca-de-4-anos-e-encontrada-morta-dentro-de-poco-com-sinais-de-violencia-sexual-em-viana\/\" \/>\n<meta property=\"og:locale\" content=\"pt_BR\" \/>\n<meta property=\"og:type\" content=\"article\" \/>\n<meta property=\"og:title\" content=\"Crian\u00e7a de 4 anos \u00e9 encontrada morta dentro de po\u00e7o com sinais de viol\u00eancia sexual em Viana - NOT\u00cdCIAS EM TEMPO REAL\" \/>\n<meta property=\"og:description\" content=\"A pol\u00edcia investiga a morte de uma crian\u00e7a, de quatro anos de idade, que foi encontrada dentro de um po\u00e7o,\" \/>\n<meta property=\"og:url\" content=\"https:\/\/maranhaotv.com.br\/index.php\/2022\/11\/21\/crianca-de-4-anos-e-encontrada-morta-dentro-de-poco-com-sinais-de-violencia-sexual-em-viana\/\" \/>\n<meta property=\"og:site_name\" content=\"NOT\u00cdCIAS EM TEMPO REAL\" \/>\n<meta property=\"article:publisher\" content=\"https:\/\/www.facebook.com\/maiobaotv\" \/>\n<meta property=\"article:published_time\" content=\"2022-11-21T17:50:36+00:00\" \/>\n<meta name=\"author\" content=\"maranhaotv\" \/>\n<meta name=\"twitter:card\" content=\"summary_large_image\" \/>\n<meta name=\"twitter:creator\" content=\"@sitemaranhaotv\" \/>\n<meta name=\"twitter:site\" content=\"@sitemaranhaotv\" \/>\n<meta name=\"twitter:label1\" content=\"Escrito por\" \/>\n\t<meta name=\"twitter:data1\" content=\"maranhaotv\" \/>\n\t<meta name=\"twitter:label2\" content=\"Est. tempo de leitura\" \/>\n\t<meta name=\"twitter:data2\" content=\"1 minuto\" \/>\n<script type=\"application\/ld+json\" class=\"yoast-schema-graph\">{\"@context\":\"https:\\\/\\\/schema.org\",\"@graph\":[{\"@type\":\"Article\",\"@id\":\"https:\\\/\\\/maranhaotv.com.br\\\/index.php\\\/2022\\\/11\\\/21\\\/crianca-de-4-anos-e-encontrada-morta-dentro-de-poco-com-sinais-de-violencia-sexual-em-viana\\\/#article\",\"isPartOf\":{\"@id\":\"https:\\\/\\\/maranhaotv.com.br\\\/index.php\\\/2022\\\/11\\\/21\\\/crianca-de-4-anos-e-encontrada-morta-dentro-de-poco-com-sinais-de-violencia-sexual-em-viana\\\/\"},\"author\":{\"name\":\"maranhaotv\",\"@id\":\"https:\\\/\\\/maranhaotv.com.br\\\/#\\\/schema\\\/person\\\/3d54238e86b20bb5c89ab2fdb8f8829a\"},\"headline\":\"Crian\u00e7a de 4 anos \u00e9 encontrada morta dentro de po\u00e7o com sinais de viol\u00eancia sexual em Viana\",\"datePublished\":\"2022-11-21T17:50:36+00:00\",\"mainEntityOfPage\":{\"@id\":\"https:\\\/\\\/maranhaotv.com.br\\\/index.php\\\/2022\\\/11\\\/21\\\/crianca-de-4-anos-e-encontrada-morta-dentro-de-poco-com-sinais-de-violencia-sexual-em-viana\\\/\"},\"wordCount\":143,\"commentCount\":0,\"publisher\":{\"@id\":\"https:\\\/\\\/maranhaotv.com.br\\\/#organization\"},\"image\":{\"@id\":\"https:\\\/\\\/maranhaotv.com.br\\\/index.php\\\/2022\\\/11\\\/21\\\/crianca-de-4-anos-e-encontrada-morta-dentro-de-poco-com-sinais-de-violencia-sexual-em-viana\\\/#primaryimage\"},\"thumbnailUrl\":\"\",\"articleSection\":[\"policial\"],\"inLanguage\":\"pt-BR\",\"potentialAction\":[{\"@type\":\"CommentAction\",\"name\":\"Comment\",\"target\":[\"https:\\\/\\\/maranhaotv.com.br\\\/index.php\\\/2022\\\/11\\\/21\\\/crianca-de-4-anos-e-encontrada-morta-dentro-de-poco-com-sinais-de-violencia-sexual-em-viana\\\/#respond\"]}]},{\"@type\":\"WebPage\",\"@id\":\"https:\\\/\\\/maranhaotv.com.br\\\/index.php\\\/2022\\\/11\\\/21\\\/crianca-de-4-anos-e-encontrada-morta-dentro-de-poco-com-sinais-de-violencia-sexual-em-viana\\\/\",\"url\":\"https:\\\/\\\/maranhaotv.com.br\\\/index.php\\\/2022\\\/11\\\/21\\\/crianca-de-4-anos-e-encontrada-morta-dentro-de-poco-com-sinais-de-violencia-sexual-em-viana\\\/\",\"name\":\"Crian\u00e7a de 4 anos \u00e9 encontrada morta dentro de po\u00e7o com sinais de viol\u00eancia sexual em Viana - NOT\u00cdCIAS EM TEMPO REAL\",\"isPartOf\":{\"@id\":\"https:\\\/\\\/maranhaotv.com.br\\\/#website\"},\"primaryImageOfPage\":{\"@id\":\"https:\\\/\\\/maranhaotv.com.br\\\/index.php\\\/2022\\\/11\\\/21\\\/crianca-de-4-anos-e-encontrada-morta-dentro-de-poco-com-sinais-de-violencia-sexual-em-viana\\\/#primaryimage\"},\"image\":{\"@id\":\"https:\\\/\\\/maranhaotv.com.br\\\/index.php\\\/2022\\\/11\\\/21\\\/crianca-de-4-anos-e-encontrada-morta-dentro-de-poco-com-sinais-de-violencia-sexual-em-viana\\\/#primaryimage\"},\"thumbnailUrl\":\"\",\"datePublished\":\"2022-11-21T17:50:36+00:00\",\"breadcrumb\":{\"@id\":\"https:\\\/\\\/maranhaotv.com.br\\\/index.php\\\/2022\\\/11\\\/21\\\/crianca-de-4-anos-e-encontrada-morta-dentro-de-poco-com-sinais-de-violencia-sexual-em-viana\\\/#breadcrumb\"},\"inLanguage\":\"pt-BR\",\"potentialAction\":[{\"@type\":\"ReadAction\",\"target\":[\"https:\\\/\\\/maranhaotv.com.br\\\/index.php\\\/2022\\\/11\\\/21\\\/crianca-de-4-anos-e-encontrada-morta-dentro-de-poco-com-sinais-de-violencia-sexual-em-viana\\\/\"]}]},{\"@type\":\"ImageObject\",\"inLanguage\":\"pt-BR\",\"@id\":\"https:\\\/\\\/maranhaotv.com.br\\\/index.php\\\/2022\\\/11\\\/21\\\/crianca-de-4-anos-e-encontrada-morta-dentro-de-poco-com-sinais-de-violencia-sexual-em-viana\\\/#primaryimage\",\"url\":\"\",\"contentUrl\":\"\"},{\"@type\":\"BreadcrumbList\",\"@id\":\"https:\\\/\\\/maranhaotv.com.br\\\/index.php\\\/2022\\\/11\\\/21\\\/crianca-de-4-anos-e-encontrada-morta-dentro-de-poco-com-sinais-de-violencia-sexual-em-viana\\\/#breadcrumb\",\"itemListElement\":[{\"@type\":\"ListItem\",\"position\":1,\"name\":\"In\u00edcio\",\"item\":\"https:\\\/\\\/maranhaotv.com.br\\\/\"},{\"@type\":\"ListItem\",\"position\":2,\"name\":\"Crian\u00e7a de 4 anos \u00e9 encontrada morta dentro de po\u00e7o com sinais de viol\u00eancia sexual em Viana\"}]},{\"@type\":\"WebSite\",\"@id\":\"https:\\\/\\\/maranhaotv.com.br\\\/#website\",\"url\":\"https:\\\/\\\/maranhaotv.com.br\\\/\",\"name\":\"Maranh\u00e3oTV\",\"description\":\"\",\"publisher\":{\"@id\":\"https:\\\/\\\/maranhaotv.com.br\\\/#organization\"},\"potentialAction\":[{\"@type\":\"SearchAction\",\"target\":{\"@type\":\"EntryPoint\",\"urlTemplate\":\"https:\\\/\\\/maranhaotv.com.br\\\/?s={search_term_string}\"},\"query-input\":{\"@type\":\"PropertyValueSpecification\",\"valueRequired\":true,\"valueName\":\"search_term_string\"}}],\"inLanguage\":\"pt-BR\"},{\"@type\":\"Organization\",\"@id\":\"https:\\\/\\\/maranhaotv.com.br\\\/#organization\",\"name\":\"Portal de Not\u00edcias\",\"url\":\"https:\\\/\\\/maranhaotv.com.br\\\/\",\"logo\":{\"@type\":\"ImageObject\",\"inLanguage\":\"pt-BR\",\"@id\":\"https:\\\/\\\/maranhaotv.com.br\\\/#\\\/schema\\\/logo\\\/image\\\/\",\"url\":\"https:\\\/\\\/maranhaotv.com.br\\\/wp-content\\\/uploads\\\/2024\\\/05\\\/cropped-cropped-avatar-1.png\",\"contentUrl\":\"https:\\\/\\\/maranhaotv.com.br\\\/wp-content\\\/uploads\\\/2024\\\/05\\\/cropped-cropped-avatar-1.png\",\"width\":792,\"height\":428,\"caption\":\"Portal de Not\u00edcias\"},\"image\":{\"@id\":\"https:\\\/\\\/maranhaotv.com.br\\\/#\\\/schema\\\/logo\\\/image\\\/\"},\"sameAs\":[\"https:\\\/\\\/www.facebook.com\\\/maiobaotv\",\"https:\\\/\\\/x.com\\\/sitemaranhaotv\",\"https:\\\/\\\/www.instagram.com\\\/maranhao.tv\",\"https:\\\/\\\/www.threads.net\\\/@maranhao.tv\"]},{\"@type\":\"Person\",\"@id\":\"https:\\\/\\\/maranhaotv.com.br\\\/#\\\/schema\\\/person\\\/3d54238e86b20bb5c89ab2fdb8f8829a\",\"name\":\"maranhaotv\",\"image\":{\"@type\":\"ImageObject\",\"inLanguage\":\"pt-BR\",\"@id\":\"https:\\\/\\\/secure.gravatar.com\\\/avatar\\\/8fadbca458d4cb68b1dd399ae9a40618d747bb1af65ac9fad21c89220a143eb4?s=96&d=mm&r=g\",\"url\":\"https:\\\/\\\/secure.gravatar.com\\\/avatar\\\/8fadbca458d4cb68b1dd399ae9a40618d747bb1af65ac9fad21c89220a143eb4?s=96&d=mm&r=g\",\"contentUrl\":\"https:\\\/\\\/secure.gravatar.com\\\/avatar\\\/8fadbca458d4cb68b1dd399ae9a40618d747bb1af65ac9fad21c89220a143eb4?s=96&d=mm&r=g\",\"caption\":\"maranhaotv\"},\"sameAs\":[\"https:\\\/\\\/maranhaotv.com.br\\\/\"],\"url\":\"https:\\\/\\\/maranhaotv.com.br\\\/index.php\\\/author\\\/maranhaotv\\\/\"}]}<\/script>\n<!-- \/ Yoast SEO plugin. -->","yoast_head_json":{"title":"Crian\u00e7a de 4 anos \u00e9 encontrada morta dentro de po\u00e7o com sinais de viol\u00eancia sexual em Viana - NOT\u00cdCIAS EM TEMPO REAL","robots":{"index":"index","follow":"follow","max-snippet":"max-snippet:-1","max-image-preview":"max-image-preview:large","max-video-preview":"max-video-preview:-1"},"canonical":"https:\/\/maranhaotv.com.br\/index.php\/2022\/11\/21\/crianca-de-4-anos-e-encontrada-morta-dentro-de-poco-com-sinais-de-violencia-sexual-em-viana\/","og_locale":"pt_BR","og_type":"article","og_title":"Crian\u00e7a de 4 anos \u00e9 encontrada morta dentro de po\u00e7o com sinais de viol\u00eancia sexual em Viana - NOT\u00cdCIAS EM TEMPO REAL","og_description":"A pol\u00edcia investiga a morte de uma crian\u00e7a, de quatro anos de idade, que foi encontrada dentro de um po\u00e7o,","og_url":"https:\/\/maranhaotv.com.br\/index.php\/2022\/11\/21\/crianca-de-4-anos-e-encontrada-morta-dentro-de-poco-com-sinais-de-violencia-sexual-em-viana\/","og_site_name":"NOT\u00cdCIAS EM TEMPO REAL","article_publisher":"https:\/\/www.facebook.com\/maiobaotv","article_published_time":"2022-11-21T17:50:36+00:00","author":"maranhaotv","twitter_card":"summary_large_image","twitter_creator":"@sitemaranhaotv","twitter_site":"@sitemaranhaotv","twitter_misc":{"Escrito por":"maranhaotv","Est. tempo de leitura":"1 minuto"},"schema":{"@context":"https:\/\/schema.org","@graph":[{"@type":"Article","@id":"https:\/\/maranhaotv.com.br\/index.php\/2022\/11\/21\/crianca-de-4-anos-e-encontrada-morta-dentro-de-poco-com-sinais-de-violencia-sexual-em-viana\/#article","isPartOf":{"@id":"https:\/\/maranhaotv.com.br\/index.php\/2022\/11\/21\/crianca-de-4-anos-e-encontrada-morta-dentro-de-poco-com-sinais-de-violencia-sexual-em-viana\/"},"author":{"name":"maranhaotv","@id":"https:\/\/maranhaotv.com.br\/#\/schema\/person\/3d54238e86b20bb5c89ab2fdb8f8829a"},"headline":"Crian\u00e7a de 4 anos \u00e9 encontrada morta dentro de po\u00e7o com sinais de viol\u00eancia sexual em Viana","datePublished":"2022-11-21T17:50:36+00:00","mainEntityOfPage":{"@id":"https:\/\/maranhaotv.com.br\/index.php\/2022\/11\/21\/crianca-de-4-anos-e-encontrada-morta-dentro-de-poco-com-sinais-de-violencia-sexual-em-viana\/"},"wordCount":143,"commentCount":0,"publisher":{"@id":"https:\/\/maranhaotv.com.br\/#organization"},"image":{"@id":"https:\/\/maranhaotv.com.br\/index.php\/2022\/11\/21\/crianca-de-4-anos-e-encontrada-morta-dentro-de-poco-com-sinais-de-violencia-sexual-em-viana\/#primaryimage"},"thumbnailUrl":"","articleSection":["policial"],"inLanguage":"pt-BR","potentialAction":[{"@type":"CommentAction","name":"Comment","target":["https:\/\/maranhaotv.com.br\/index.php\/2022\/11\/21\/crianca-de-4-anos-e-encontrada-morta-dentro-de-poco-com-sinais-de-violencia-sexual-em-viana\/#respond"]}]},{"@type":"WebPage","@id":"https:\/\/maranhaotv.com.br\/index.php\/2022\/11\/21\/crianca-de-4-anos-e-encontrada-morta-dentro-de-poco-com-sinais-de-violencia-sexual-em-viana\/","url":"https:\/\/maranhaotv.com.br\/index.php\/2022\/11\/21\/crianca-de-4-anos-e-encontrada-morta-dentro-de-poco-com-sinais-de-violencia-sexual-em-viana\/","name":"Crian\u00e7a de 4 anos \u00e9 encontrada morta dentro de po\u00e7o com sinais de viol\u00eancia sexual em Viana - NOT\u00cdCIAS EM TEMPO REAL","isPartOf":{"@id":"https:\/\/maranhaotv.com.br\/#website"},"primaryImageOfPage":{"@id":"https:\/\/maranhaotv.com.br\/index.php\/2022\/11\/21\/crianca-de-4-anos-e-encontrada-morta-dentro-de-poco-com-sinais-de-violencia-sexual-em-viana\/#primaryimage"},"image":{"@id":"https:\/\/maranhaotv.com.br\/index.php\/2022\/11\/21\/crianca-de-4-anos-e-encontrada-morta-dentro-de-poco-com-sinais-de-violencia-sexual-em-viana\/#primaryimage"},"thumbnailUrl":"","datePublished":"2022-11-21T17:50:36+00:00","breadcrumb":{"@id":"https:\/\/maranhaotv.com.br\/index.php\/2022\/11\/21\/crianca-de-4-anos-e-encontrada-morta-dentro-de-poco-com-sinais-de-violencia-sexual-em-viana\/#breadcrumb"},"inLanguage":"pt-BR","potentialAction":[{"@type":"ReadAction","target":["https:\/\/maranhaotv.com.br\/index.php\/2022\/11\/21\/crianca-de-4-anos-e-encontrada-morta-dentro-de-poco-com-sinais-de-violencia-sexual-em-viana\/"]}]},{"@type":"ImageObject","inLanguage":"pt-BR","@id":"https:\/\/maranhaotv.com.br\/index.php\/2022\/11\/21\/crianca-de-4-anos-e-encontrada-morta-dentro-de-poco-com-sinais-de-violencia-sexual-em-viana\/#primaryimage","url":"","contentUrl":""},{"@type":"BreadcrumbList","@id":"https:\/\/maranhaotv.com.br\/index.php\/2022\/11\/21\/crianca-de-4-anos-e-encontrada-morta-dentro-de-poco-com-sinais-de-violencia-sexual-em-viana\/#breadcrumb","itemListElement":[{"@type":"ListItem","position":1,"name":"In\u00edcio","item":"https:\/\/maranhaotv.com.br\/"},{"@type":"ListItem","position":2,"name":"Crian\u00e7a de 4 anos \u00e9 encontrada morta dentro de po\u00e7o com sinais de viol\u00eancia sexual em Viana"}]},{"@type":"WebSite","@id":"https:\/\/maranhaotv.com.br\/#website","url":"https:\/\/maranhaotv.com.br\/","name":"Maranh\u00e3oTV","description":"","publisher":{"@id":"https:\/\/maranhaotv.com.br\/#organization"},"potentialAction":[{"@type":"SearchAction","target":{"@type":"EntryPoint","urlTemplate":"https:\/\/maranhaotv.com.br\/?s={search_term_string}"},"query-input":{"@type":"PropertyValueSpecification","valueRequired":true,"valueName":"search_term_string"}}],"inLanguage":"pt-BR"},{"@type":"Organization","@id":"https:\/\/maranhaotv.com.br\/#organization","name":"Portal de Not\u00edcias","url":"https:\/\/maranhaotv.com.br\/","logo":{"@type":"ImageObject","inLanguage":"pt-BR","@id":"https:\/\/maranhaotv.com.br\/#\/schema\/logo\/image\/","url":"https:\/\/maranhaotv.com.br\/wp-content\/uploads\/2024\/05\/cropped-cropped-avatar-1.png","contentUrl":"https:\/\/maranhaotv.com.br\/wp-content\/uploads\/2024\/05\/cropped-cropped-avatar-1.png","width":792,"height":428,"caption":"Portal de Not\u00edcias"},"image":{"@id":"https:\/\/maranhaotv.com.br\/#\/schema\/logo\/image\/"},"sameAs":["https:\/\/www.facebook.com\/maiobaotv","https:\/\/x.com\/sitemaranhaotv","https:\/\/www.instagram.com\/maranhao.tv","https:\/\/www.threads.net\/@maranhao.tv"]},{"@type":"Person","@id":"https:\/\/maranhaotv.com.br\/#\/schema\/person\/3d54238e86b20bb5c89ab2fdb8f8829a","name":"maranhaotv","image":{"@type":"ImageObject","inLanguage":"pt-BR","@id":"https:\/\/secure.gravatar.com\/avatar\/8fadbca458d4cb68b1dd399ae9a40618d747bb1af65ac9fad21c89220a143eb4?s=96&d=mm&r=g","url":"https:\/\/secure.gravatar.com\/avatar\/8fadbca458d4cb68b1dd399ae9a40618d747bb1af65ac9fad21c89220a143eb4?s=96&d=mm&r=g","contentUrl":"https:\/\/secure.gravatar.com\/avatar\/8fadbca458d4cb68b1dd399ae9a40618d747bb1af65ac9fad21c89220a143eb4?s=96&d=mm&r=g","caption":"maranhaotv"},"sameAs":["https:\/\/maranhaotv.com.br\/"],"url":"https:\/\/maranhaotv.com.br\/index.php\/author\/maranhaotv\/"}]}},"jetpack_featured_media_url":"","jetpack_sharing_enabled":true,"_links":{"self":[{"href":"https:\/\/maranhaotv.com.br\/index.php\/wp-json\/wp\/v2\/posts\/29550","targetHints":{"allow":["GET"]}}],"collection":[{"href":"https:\/\/maranhaotv.com.br\/index.php\/wp-json\/wp\/v2\/posts"}],"about":[{"href":"https:\/\/maranhaotv.com.br\/index.php\/wp-json\/wp\/v2\/types\/post"}],"author":[{"embeddable":true,"href":"https:\/\/maranhaotv.com.br\/index.php\/wp-json\/wp\/v2\/users\/2"}],"replies":[{"embeddable":true,"href":"https:\/\/maranhaotv.com.br\/index.php\/wp-json\/wp\/v2\/comments?post=29550"}],"version-history":[{"count":0,"href":"https:\/\/maranhaotv.com.br\/index.php\/wp-json\/wp\/v2\/posts\/29550\/revisions"}],"wp:featuredmedia":[{"embeddable":true,"href":"https:\/\/maranhaotv.com.br\/index.php\/wp-json\/"}],"wp:attachment":[{"href":"https:\/\/maranhaotv.com.br\/index.php\/wp-json\/wp\/v2\/media?parent=29550"}],"wp:term":[{"taxonomy":"category","embeddable":true,"href":"https:\/\/maranhaotv.com.br\/index.php\/wp-json\/wp\/v2\/categories?post=29550"},{"taxonomy":"post_tag","embeddable":true,"href":"https:\/\/maranhaotv.com.br\/index.php\/wp-json\/wp\/v2\/tags?post=29550"}],"curies":[{"name":"wp","href":"https:\/\/api.w.org\/{rel}","templated":true}]}}