{"id":29585,"date":"2022-11-24T07:53:37","date_gmt":"2022-11-24T10:53:37","guid":{"rendered":"https:\/\/maranhaotv.com.br\/?p=29585"},"modified":"2022-11-24T07:53:37","modified_gmt":"2022-11-24T10:53:37","slug":"turismo-e-destaque-em-roteiro-turistico-realizado-pela-prefeitura-de-paco-do-lumiar","status":"publish","type":"post","link":"https:\/\/maranhaotv.com.br\/index.php\/2022\/11\/24\/turismo-e-destaque-em-roteiro-turistico-realizado-pela-prefeitura-de-paco-do-lumiar\/","title":{"rendered":"Pa\u00e7o do Lumiar \u00e9 destaque em roteiro tur\u00edstico atraindo visitantes e novos investimentos"},"content":{"rendered":"\n<p><em>Passeio percorreu alguns dos principais pontos tur\u00edsticos do munic\u00edpio<\/em><\/p>\n\n\n\n<p><br>Um momento hist\u00f3rico para o turismo, com\u00e9rcio e gera\u00e7\u00e3o de renda no munic\u00edpio. Foi realizada na manh\u00e3 desta quarta-feira (23) um passeio tur\u00edstico promovido pela Prefeitura de Pa\u00e7o do Lumiar, em parceira com a inst\u00e2ncia de Governan\u00e7a do Polo S\u00e3o Lu\u00eds, e teve como objetivo divulgar e fortalecer a atividade tur\u00edstica no munic\u00edpio, por meio de parcerias com os demais munic\u00edpios da regi\u00e3o metropolitana e empresas de Turismo. Estiveram presentes diversas autoridades e representantes municipais como a Prefeita de Pa\u00e7o do Lumiar, Paula Azevedo (PCdoB), o secret\u00e1rio de turismo de Pa\u00e7o do Lumiar, Bin\u00e9 Amado, o secret\u00e1rio de turismo de S\u00e3o Lu\u00eds, Saulo Santos, o ex-ju\u00edz federal, Alberto Carlos Madeira, e representantes de ag\u00eancias de turismo do eixo Rio-S\u00e3o Paulo.<br><br>O passeio come\u00e7ou pela manh\u00e3, com a visita ao barrac\u00e3o e museu do Bumba meu Boi da Maioba, um dos mais antigos e tradicionais grupos culturais de Pa\u00e7o do Lumiar, com mais de 130 anos de hist\u00f3ria. No local os visitantes participaram da reabertura do barrac\u00e3o, com um caf\u00e9 da manh\u00e3 e muita dan\u00e7a ao som das matracas e dos pandeir\u00f5es do batalh\u00e3o pesado. Madrinha do boi  e entusiasta da manifesta\u00e7\u00e3o cultural, a prefeita Paula comemorou a reabertura do barrac\u00e3o e a realiza\u00e7\u00e3o do passeio:<br><br>&#8220;Eu estou muito feliz em ver que o resultado de nossos esfor\u00e7os est\u00e3o no rumo certo, hoje estamos aqui reunidos com representantes de v\u00e1rios munic\u00edpios, com o secret\u00e1rio de turismo de S\u00e3o Lu\u00eds e o secret\u00e1rio de turismo de Pa\u00e7o do Lumiar e tamb\u00e9m os agentes de turismo que vieram l\u00e1 de S\u00e3o Paulo para prestigiar nossas belezas. Al\u00e9m disso, hoje estamos participando dessa reinaugura\u00e7\u00e3o de um local hist\u00f3rico e cultural daqui do nosso munic\u00edpio, que sou muito orgulhosa de ser madrinha, que \u00e9 o bumba meu boi da Maioba&#8221;, finalizou a prefeita.<br><br>O secret\u00e1rio de ind\u00fastria, com\u00e9rcio e turismo de Pa\u00e7o do Lumiar, Bin\u00e9 Amado, enfatiza o trabalho elaborado na pasta para que o turismo do munic\u00edpio alavanque.<br>&#8220;Temos investido, junto a Inst\u00e2ncia de Governan\u00e7a, todo o trabalho para impulsionar o turismo da nossa cidade e colocando-o na rota do turismo. Pa\u00e7o do Lumiar tem muitas riquezas naturais que est\u00e3o dispon\u00edveis para serem exploradas pelos turistas&#8221;, ressaltou o secret\u00e1rio.<br><br>Prestigiador da cultura luminense e tamb\u00e9m presente na ocasi\u00e3o, o ex-ju\u00edz federal Alberto Carlos Madeira, se pronunciou sobre a realiza\u00e7\u00e3o do passeio:<br>&#8220;Pa\u00e7o do Lumiar tem uma voca\u00e7\u00e3o extraordinariamente forte para o turismo que \u00e9 precisamente a sua cultura, aqui est\u00e3o os grandes batalh\u00f5es do Bumba meu Boi de matraca e tamb\u00e9m a festa do Divino Esp\u00edrito Santo. Hoje n\u00f3s estamos vendo um marco hist\u00f3rico onde Pa\u00e7o do Lumiar passa a integrar o roteiro tur\u00edstico do estado do Maranh\u00e3o e tamb\u00e9m do nordeste do Brasil, onde quem vier ao estado saber\u00e1 que aqui temos uma grande densidade cultural e um povo acolhedor&#8221;, concluiu.<br><br>Ap\u00f3s a programa\u00e7\u00e3o na Maioba, o passeio seguiu para o porto do Timbuba onde foi servido um almo\u00e7o aos presentes e ap\u00f3s pela tarde. Em seguida, todos foram para um passeio n\u00e1utico pela orla do munic\u00edpio, mostrando a beleza das vegeta\u00e7\u00f5es e da fauna luminense e fechando com chave de ouro esse importante dia para o setor turistico municipal.<\/p>\n\n\n\n<figure class=\"wp-block-image\"><img decoding=\"async\" src=\"https:\/\/maranhaotv.com.br\/wp-content\/uploads\/2022\/11\/IMG-20221124-WA0129-1024x684.jpg\" alt=\"\" class=\"wp-image-29582\"\/><\/figure>\n\n\n\n<figure class=\"wp-block-image size-large\"><img decoding=\"async\" src=\"https:\/\/maranhaotv.com.br\/wp-content\/uploads\/2022\/11\/IMG-20221124-WA0128-1024x576.jpg\" alt=\"\" class=\"wp-image-29581\"\/><\/figure>\n\n\n\n<figure class=\"wp-block-image\"><img decoding=\"async\" src=\"https:\/\/maranhaotv.com.br\/wp-content\/uploads\/2022\/11\/IMG-20221124-WA0127-1024x576.jpg\" alt=\"\" class=\"wp-image-29583\"\/><\/figure>\n","protected":false},"excerpt":{"rendered":"<p>Passeio percorreu alguns dos principais pontos tur\u00edsticos do munic\u00edpio Um momento hist\u00f3rico para o turismo, com\u00e9rcio e gera\u00e7\u00e3o de renda<\/p>\n","protected":false},"author":2,"featured_media":29584,"comment_status":"open","ping_status":"open","sticky":false,"template":"","format":"standard","meta":{"colormag_page_container_layout":"default_layout","colormag_page_sidebar_layout":"default_layout","_jetpack_memberships_contains_paid_content":false,"footnotes":""},"categories":[30],"tags":[],"class_list":["post-29585","post","type-post","status-publish","format-standard","has-post-thumbnail","hentry","category-cultura"],"magazineBlocksPostFeaturedMedia":{"thumbnail":false,"medium":false,"medium_large":false,"large":false,"1536x1536":false,"2048x2048":false,"colormag-highlighted-post":false,"colormag-featured-post-medium":false,"colormag-featured-post-small":false,"colormag-featured-image":false,"colormag-default-news":false,"colormag-featured-image-large":false},"magazineBlocksPostAuthor":{"name":"maranhaotv","avatar":"https:\/\/secure.gravatar.com\/avatar\/8fadbca458d4cb68b1dd399ae9a40618d747bb1af65ac9fad21c89220a143eb4?s=96&d=mm&r=g"},"magazineBlocksPostCommentsNumber":"0","magazineBlocksPostExcerpt":"Passeio percorreu alguns dos principais pontos tur\u00edsticos do munic\u00edpio Um momento hist\u00f3rico para o turismo, com\u00e9rcio e gera\u00e7\u00e3o de renda","magazineBlocksPostCategories":["cultura"],"magazineBlocksPostViewCount":164,"magazineBlocksPostReadTime":4,"magazine_blocks_featured_image_url":{"full":false,"medium":false,"thumbnail":false},"magazine_blocks_author":{"display_name":"maranhaotv","author_link":"https:\/\/maranhaotv.com.br\/index.php\/author\/maranhaotv\/"},"magazine_blocks_comment":0,"magazine_blocks_author_image":"https:\/\/secure.gravatar.com\/avatar\/8fadbca458d4cb68b1dd399ae9a40618d747bb1af65ac9fad21c89220a143eb4?s=96&d=mm&r=g","magazine_blocks_category":"<a href=\"#\" class=\"category-link category-link-30\">cultura<\/a>","jetpack_featured_media_url":"","jetpack_sharing_enabled":true,"_links":{"self":[{"href":"https:\/\/maranhaotv.com.br\/index.php\/wp-json\/wp\/v2\/posts\/29585","targetHints":{"allow":["GET"]}}],"collection":[{"href":"https:\/\/maranhaotv.com.br\/index.php\/wp-json\/wp\/v2\/posts"}],"about":[{"href":"https:\/\/maranhaotv.com.br\/index.php\/wp-json\/wp\/v2\/types\/post"}],"author":[{"embeddable":true,"href":"https:\/\/maranhaotv.com.br\/index.php\/wp-json\/wp\/v2\/users\/2"}],"replies":[{"embeddable":true,"href":"https:\/\/maranhaotv.com.br\/index.php\/wp-json\/wp\/v2\/comments?post=29585"}],"version-history":[{"count":0,"href":"https:\/\/maranhaotv.com.br\/index.php\/wp-json\/wp\/v2\/posts\/29585\/revisions"}],"wp:featuredmedia":[{"embeddable":true,"href":"https:\/\/maranhaotv.com.br\/index.php\/wp-json\/"}],"wp:attachment":[{"href":"https:\/\/maranhaotv.com.br\/index.php\/wp-json\/wp\/v2\/media?parent=29585"}],"wp:term":[{"taxonomy":"category","embeddable":true,"href":"https:\/\/maranhaotv.com.br\/index.php\/wp-json\/wp\/v2\/categories?post=29585"},{"taxonomy":"post_tag","embeddable":true,"href":"https:\/\/maranhaotv.com.br\/index.php\/wp-json\/wp\/v2\/tags?post=29585"}],"curies":[{"name":"wp","href":"https:\/\/api.w.org\/{rel}","templated":true}]}}