{"id":29593,"date":"2022-11-26T09:37:11","date_gmt":"2022-11-26T12:37:11","guid":{"rendered":"https:\/\/maranhaotv.com.br\/?p=29593"},"modified":"2022-11-26T09:37:11","modified_gmt":"2022-11-26T12:37:11","slug":"viana-carrinho-trai-sua-base-na-camara-e-apoia-outro-nome-para-presidencia","status":"publish","type":"post","link":"https:\/\/maranhaotv.com.br\/index.php\/2022\/11\/26\/viana-carrinho-trai-sua-base-na-camara-e-apoia-outro-nome-para-presidencia\/","title":{"rendered":"Viana: Carrinho trai sua base na C\u00e2mara e apoia outro nome para Presid\u00eancia"},"content":{"rendered":"\n<p><br>A conta chega! Diz um dito popular, e, para o prefeito de Viana, Carrinho Cidreira,  a conta de suas trai\u00e7\u00f5es come\u00e7ar\u00e1 a chegar em breve.<\/p>\n\n\n\n<p>A elei\u00e7\u00e3o para a C\u00e2mara de vereadores tem movimentado o cen\u00e1rio pol\u00edtico do munic\u00edpio e, como todos sabem, as elei\u00e7\u00f5es municipais come\u00e7am assim que a do governo acaba.<br>A chapa que deveria compor a elei\u00e7\u00e3o e que at\u00e9 ent\u00e3o deveria ser a que o prefeito apoiaria, \u00e9 composta por Mark\u00e9lio  Varera na presid\u00eancia, seguindo por Jo\u00e3o de Marcos, Dorivan Mendon\u00e7a, Miss\u00f4 do Gale\u00e3o, Merval Costa. Entretanto, o t\u00edpico traidor, virou as costas para sua bae, que o ajudou a ser prefeito nesse mandato e decidiu apoiar a vereadora  Lauryfrancy,  que \u00e9 da base do ex-prefeito Magrado Barros. <\/p>\n\n\n\n<p>Ningu\u00e9m, at\u00e9 agora entendeu o ato desleal de Carrinho Cidreira,  que, certamente,  com essa decis\u00e3o, dever\u00e1 contar com uma oposi\u00e7\u00e3o acirrada pelo pr\u00f3ximo bi\u00eanio. J\u00e1 que sua antiga base, deve romper com ele, ap\u00f3s as elei\u00e7\u00f5es para a C\u00e2mara Municipal.<\/p>\n\n\n\n<figure class=\"wp-block-image size-large\"><img decoding=\"async\" src=\"https:\/\/maranhaotv.com.br\/wp-content\/uploads\/2022\/11\/FB_IMG_1669465734226-1024x772.jpg\" alt=\"\" class=\"wp-image-29591\"\/><figcaption class=\"wp-element-caption\">Vereador Mark\u00e9lio,  aliado incondicional,  agora tra\u00eddo por Carrinho <\/figcaption><\/figure>\n","protected":false},"excerpt":{"rendered":"<p>A conta chega! Diz um dito popular, e, para o prefeito de Viana, Carrinho Cidreira, a conta de suas trai\u00e7\u00f5es<\/p>\n","protected":false},"author":2,"featured_media":29592,"comment_status":"open","ping_status":"open","sticky":false,"template":"","format":"standard","meta":{"colormag_page_container_layout":"default_layout","colormag_page_sidebar_layout":"default_layout","_jetpack_memberships_contains_paid_content":false,"footnotes":""},"categories":[2],"tags":[],"class_list":["post-29593","post","type-post","status-publish","format-standard","has-post-thumbnail","hentry","category-noticias"],"magazineBlocksPostFeaturedMedia":{"thumbnail":false,"medium":false,"medium_large":false,"large":false,"1536x1536":false,"2048x2048":false,"colormag-highlighted-post":false,"colormag-featured-post-medium":false,"colormag-featured-post-small":false,"colormag-featured-image":false,"colormag-default-news":false,"colormag-featured-image-large":false},"magazineBlocksPostAuthor":{"name":"maranhaotv","avatar":"https:\/\/secure.gravatar.com\/avatar\/8fadbca458d4cb68b1dd399ae9a40618d747bb1af65ac9fad21c89220a143eb4?s=96&d=mm&r=g"},"magazineBlocksPostCommentsNumber":"0","magazineBlocksPostExcerpt":"A conta chega! Diz um dito popular, e, para o prefeito de Viana, Carrinho Cidreira, a conta de suas trai\u00e7\u00f5es","magazineBlocksPostCategories":["not\u00edcias"],"magazineBlocksPostViewCount":221,"magazineBlocksPostReadTime":1,"magazine_blocks_featured_image_url":{"full":false,"medium":false,"thumbnail":false},"magazine_blocks_author":{"display_name":"maranhaotv","author_link":"https:\/\/maranhaotv.com.br\/index.php\/author\/maranhaotv\/"},"magazine_blocks_comment":0,"magazine_blocks_author_image":"https:\/\/secure.gravatar.com\/avatar\/8fadbca458d4cb68b1dd399ae9a40618d747bb1af65ac9fad21c89220a143eb4?s=96&d=mm&r=g","magazine_blocks_category":"<a href=\"#\" class=\"category-link category-link-2\">not\u00edcias<\/a>","jetpack_featured_media_url":"","jetpack_sharing_enabled":true,"_links":{"self":[{"href":"https:\/\/maranhaotv.com.br\/index.php\/wp-json\/wp\/v2\/posts\/29593","targetHints":{"allow":["GET"]}}],"collection":[{"href":"https:\/\/maranhaotv.com.br\/index.php\/wp-json\/wp\/v2\/posts"}],"about":[{"href":"https:\/\/maranhaotv.com.br\/index.php\/wp-json\/wp\/v2\/types\/post"}],"author":[{"embeddable":true,"href":"https:\/\/maranhaotv.com.br\/index.php\/wp-json\/wp\/v2\/users\/2"}],"replies":[{"embeddable":true,"href":"https:\/\/maranhaotv.com.br\/index.php\/wp-json\/wp\/v2\/comments?post=29593"}],"version-history":[{"count":0,"href":"https:\/\/maranhaotv.com.br\/index.php\/wp-json\/wp\/v2\/posts\/29593\/revisions"}],"wp:featuredmedia":[{"embeddable":true,"href":"https:\/\/maranhaotv.com.br\/index.php\/wp-json\/"}],"wp:attachment":[{"href":"https:\/\/maranhaotv.com.br\/index.php\/wp-json\/wp\/v2\/media?parent=29593"}],"wp:term":[{"taxonomy":"category","embeddable":true,"href":"https:\/\/maranhaotv.com.br\/index.php\/wp-json\/wp\/v2\/categories?post=29593"},{"taxonomy":"post_tag","embeddable":true,"href":"https:\/\/maranhaotv.com.br\/index.php\/wp-json\/wp\/v2\/tags?post=29593"}],"curies":[{"name":"wp","href":"https:\/\/api.w.org\/{rel}","templated":true}]}}