{"id":29598,"date":"2022-11-27T19:20:14","date_gmt":"2022-11-27T22:20:14","guid":{"rendered":"https:\/\/maranhaotv.com.br\/?p=29598"},"modified":"2022-11-27T19:20:14","modified_gmt":"2022-11-27T22:20:14","slug":"gestao-paula-azevedo-inaugura-cartorio-de-registro-civil-em-maternidade-de-paco-do-lumiar","status":"publish","type":"post","link":"https:\/\/maranhaotv.com.br\/index.php\/2022\/11\/27\/gestao-paula-azevedo-inaugura-cartorio-de-registro-civil-em-maternidade-de-paco-do-lumiar\/","title":{"rendered":"Gest\u00e3o Paula Azevedo inaugura cart\u00f3rio de registro civil em maternidade de Pa\u00e7o do Lumiar"},"content":{"rendered":"\n<p><br><br>A gest\u00e3o da Prefeita Paula Azevedo que vem desde o come\u00e7o da sua gest\u00e3o inaugurando obras por todo o munic\u00edpio de Pa\u00e7o do Lumiar, em parceria com o governo de Carlos Brand\u00e3o, presenteou mais uma vez os luminenses com a instala\u00e7\u00e3o de um cart\u00f3rio de registro civil dentro da maternidade do munic\u00edpio. <br><br>Segundo a prefeita Paula Azevedo o objetivo \u00e9 facilitar o acesso da certid\u00e3o de nascimento para as m\u00e3es que tiverem seus filhos na maternidade. <br><br>\u201c\u00c9 mais um momento importante para a popula\u00e7\u00e3o luminense e em especial \u00e0s mam\u00e3es, que tem hoje uma maternidade humanizada, confort\u00e1vel, com seguran\u00e7a e com a garantia que elas poder\u00e3o ter seus beb\u00eas em terras luminenes. E agora al\u00e9m de ter esse beb\u00ea no munic\u00edpio, a m\u00e3e tamb\u00e9m j\u00e1 sair\u00e1 com a crian\u00e7a registrada\u201d, concluiu Paula Azevedo. <br><br>A instala\u00e7\u00e3o dos postos nas unidades hospitalares \u00e9 uma pol\u00edtica estadual de combate ao sub-registro civil de nascimento, em parceria com a Prefeitura de Pa\u00e7o do Lumiar, atrav\u00e9s da Secretaria Municipal de Sa\u00fade (SEMUS), Secretaria de Direitos Humanos (SEMDHU) e Secretaria Municipal de Desenvolvimento Social (SEMDES). <br><br>Os registros ser\u00e3o feitos com at\u00e9 30 dias do nascimento da crian\u00e7a, de segunda a sexta-feira, das 8h \u00e0s 17h, atrav\u00e9s da Declara\u00e7\u00e3o de Nascido Vivo (DNV) que \u00e9 emitido pelo hospital. A prefeita Paula Azevedo disse que o momento era de alegria por conseguir proporcionar mais conforto para as m\u00e3es do munic\u00edpio.    <br><br>A assessora t\u00e9cnica da Secretaria de Sa\u00fade do Estado do Maranh\u00e3o, Alana Cardoso, disse que a medida visa trazer mais acessibilidade para as m\u00e3es e garantir um direito b\u00e1sico de toda crian\u00e7a, evitando a subnotifica\u00e7\u00e3o de registros. <br><br>A Secret\u00e1ria Municipal de Sa\u00fade, Danielle Oliveira, falou da import\u00e2ncia que este cart\u00f3rio na maternidade trar\u00e1 para os luminenses. \u201cAgora aquela crian\u00e7a luminense ter\u00e1 seu registro garantido, pois acontece muito de crian\u00e7as de at\u00e9 4 anos n\u00e3o terem esse documento e isso \u00e9 grave. Acredito que facilitando esse servi\u00e7o isso n\u00e3o ir\u00e1 mais acontecer em Pa\u00e7o do Lumiar\u201d, frisou a secret\u00e1ria.  <br><br>Durante o momento houve a entrega simb\u00f3lica do primeiro registro de nascimento de uma crian\u00e7a nascida na maternidade, para o pai Leonardo Diniz, que agradeceu o servi\u00e7o prestado.<br><br>\u201cEsse trabalho veio em \u00f3timo momento, pois como a minha esposa est\u00e1 em repouso, eu iria ter que resolver todas essas quest\u00f5es, e agora com esse servi\u00e7o aqui mesmo na maternidade de Pa\u00e7o do Lumiar, j\u00e1 vai agilizar muita coisa para nossa fam\u00edlia\u201d, concluiu Leonardo Diniz.<\/p>\n\n\n\n<figure class=\"wp-block-image size-large\"><img decoding=\"async\" src=\"https:\/\/maranhaotv.com.br\/wp-content\/uploads\/2022\/11\/IMG-20221127-WA0502-1024x682.jpg\" alt=\"\" class=\"wp-image-29596\"\/><\/figure>\n\n\n\n<figure class=\"wp-block-image\"><img decoding=\"async\" src=\"https:\/\/maranhaotv.com.br\/wp-content\/uploads\/2022\/11\/IMG-20221127-WA0500-1024x682.jpg\" alt=\"\" class=\"wp-image-29595\"\/><\/figure>\n","protected":false},"excerpt":{"rendered":"<p>A gest\u00e3o da Prefeita Paula Azevedo que vem desde o come\u00e7o da sua gest\u00e3o inaugurando obras por todo o munic\u00edpio<\/p>\n","protected":false},"author":2,"featured_media":29597,"comment_status":"open","ping_status":"open","sticky":false,"template":"","format":"standard","meta":{"colormag_page_container_layout":"default_layout","colormag_page_sidebar_layout":"default_layout","_jetpack_memberships_contains_paid_content":false,"footnotes":""},"categories":[8],"tags":[],"class_list":["post-29598","post","type-post","status-publish","format-standard","has-post-thumbnail","hentry","category-servicos"],"magazineBlocksPostFeaturedMedia":{"thumbnail":false,"medium":false,"medium_large":false,"large":false,"1536x1536":false,"2048x2048":false,"colormag-highlighted-post":false,"colormag-featured-post-medium":false,"colormag-featured-post-small":false,"colormag-featured-image":false,"colormag-default-news":false,"colormag-featured-image-large":false},"magazineBlocksPostAuthor":{"name":"maranhaotv","avatar":"https:\/\/secure.gravatar.com\/avatar\/8fadbca458d4cb68b1dd399ae9a40618d747bb1af65ac9fad21c89220a143eb4?s=96&d=mm&r=g"},"magazineBlocksPostCommentsNumber":"0","magazineBlocksPostExcerpt":"A gest\u00e3o da Prefeita Paula Azevedo que vem desde o come\u00e7o da sua gest\u00e3o inaugurando obras por todo o munic\u00edpio","magazineBlocksPostCategories":["servi\u00e7os"],"magazineBlocksPostViewCount":161,"magazineBlocksPostReadTime":3,"magazine_blocks_featured_image_url":{"full":false,"medium":false,"thumbnail":false},"magazine_blocks_author":{"display_name":"maranhaotv","author_link":"https:\/\/maranhaotv.com.br\/index.php\/author\/maranhaotv\/"},"magazine_blocks_comment":0,"magazine_blocks_author_image":"https:\/\/secure.gravatar.com\/avatar\/8fadbca458d4cb68b1dd399ae9a40618d747bb1af65ac9fad21c89220a143eb4?s=96&d=mm&r=g","magazine_blocks_category":"<a href=\"#\" class=\"category-link category-link-8\">servi\u00e7os<\/a>","jetpack_featured_media_url":"","jetpack_sharing_enabled":true,"_links":{"self":[{"href":"https:\/\/maranhaotv.com.br\/index.php\/wp-json\/wp\/v2\/posts\/29598","targetHints":{"allow":["GET"]}}],"collection":[{"href":"https:\/\/maranhaotv.com.br\/index.php\/wp-json\/wp\/v2\/posts"}],"about":[{"href":"https:\/\/maranhaotv.com.br\/index.php\/wp-json\/wp\/v2\/types\/post"}],"author":[{"embeddable":true,"href":"https:\/\/maranhaotv.com.br\/index.php\/wp-json\/wp\/v2\/users\/2"}],"replies":[{"embeddable":true,"href":"https:\/\/maranhaotv.com.br\/index.php\/wp-json\/wp\/v2\/comments?post=29598"}],"version-history":[{"count":0,"href":"https:\/\/maranhaotv.com.br\/index.php\/wp-json\/wp\/v2\/posts\/29598\/revisions"}],"wp:featuredmedia":[{"embeddable":true,"href":"https:\/\/maranhaotv.com.br\/index.php\/wp-json\/"}],"wp:attachment":[{"href":"https:\/\/maranhaotv.com.br\/index.php\/wp-json\/wp\/v2\/media?parent=29598"}],"wp:term":[{"taxonomy":"category","embeddable":true,"href":"https:\/\/maranhaotv.com.br\/index.php\/wp-json\/wp\/v2\/categories?post=29598"},{"taxonomy":"post_tag","embeddable":true,"href":"https:\/\/maranhaotv.com.br\/index.php\/wp-json\/wp\/v2\/tags?post=29598"}],"curies":[{"name":"wp","href":"https:\/\/api.w.org\/{rel}","templated":true}]}}